{"id":67832,"date":"2024-10-28T17:36:32","date_gmt":"2024-10-28T14:36:32","guid":{"rendered":"https:\/\/kibrisdakik.com\/index.php\/2024\/10\/28\/cumhurbaskani-ersin-tatar-kibrisli-turk-sanatci-bahar-gokhani-kabul-etti\/"},"modified":"2024-10-28T17:36:32","modified_gmt":"2024-10-28T14:36:32","slug":"cumhurbaskani-ersin-tatar-kibrisli-turk-sanatci-bahar-gokhani-kabul-etti","status":"publish","type":"post","link":"https:\/\/kibrisdakik.com\/?p=67832","title":{"rendered":"Cumhurba\u015fkan\u0131 Ersin Tatar, K\u0131br\u0131sl\u0131 T\u00fcrk sanat\u00e7\u0131 Bahar G\u00f6khan\u2019\u0131 kabul etti"},"content":{"rendered":"<p> <br \/>\n<\/p>\n<div>\n<div class=\"mariselle-image-container center\">\n                <img loading=\"lazy\" decoding=\"async\" width=\"1600\" height=\"1066\" class=\"lazy-image\" alt=\"\" sizes=\"auto, (max-width: 1600px) 100vw, 1600px\" src=\"https:\/\/brtk.net\/wp-content\/uploads\/2024\/10\/28\/9899.jpg?ver=69524005bcde33ff6775dcae8af3799d\" srcset=\"https:\/\/brtk.net\/wp-content\/uploads\/2024\/10\/28\/9899.jpg?ver=69524005bcde33ff6775dcae8af3799d 1600w, https:\/\/brtk.net\/wp-content\/uploads\/2024\/10\/28\/9899-300x200.jpg?ver=69524005bcde33ff6775dcae8af3799d 300w, https:\/\/brtk.net\/wp-content\/uploads\/2024\/10\/28\/9899-1024x682.jpg?ver=69524005bcde33ff6775dcae8af3799d 1024w, https:\/\/brtk.net\/wp-content\/uploads\/2024\/10\/28\/9899-768x512.jpg?ver=bcbdf9aeea13f262bc29f0bd3ed79701 768w, https:\/\/brtk.net\/wp-content\/uploads\/2024\/10\/28\/9899-1536x1023.jpg?ver=bcbdf9aeea13f262bc29f0bd3ed79701 1536w\"\/>                            <\/div>\n<p>Cumhurba\u015fkan\u0131 <a href=\"https:\/\/brtk.net\/\" target=\"_blank\" rel=\"noopener\">Ersin <\/a><a href=\"https:\/\/brtk.net\/\"\/><a href=\"https:\/\/brtk.net\/\">Tatar<\/a>, \u0130talya\u2019da d\u00fczenlenen San Remo M\u00fczik Yar\u0131\u015fmas\u0131\u2019nda birincilik kazanan Bahar G\u00f6khan\u2019\u0131 kabul etti.<\/p>\n<p>Cumhurba\u015fkanl\u0131\u011f\u0131\u2019ndan verilen bilgiye g\u00f6re, Cumhurba\u015fkan\u0131 <a href=\"https:\/\/brtk.net\/\"\/><a href=\"https:\/\/brtk.net\/\">Tatar<\/a>, sanat\u00e7\u0131 Bahar G\u00f6khan\u2019\u0131 K\u0131br\u0131s T\u00fcrk m\u00fczik sanat\u0131na yapt\u0131\u011f\u0131 katk\u0131lar ve \u00fclkeyi ba\u015far\u0131yla temsil etmesi dolay\u0131s\u0131yla tebrik etti ve ba\u015far\u0131lar\u0131n\u0131n devam\u0131n\u0131 diledi.<\/p>\n<p>Bahar G\u00f6khan da, \u201cY\u0131llard\u0131r verdi\u011fim eme\u011fin kar\u015f\u0131l\u0131\u011f\u0131n\u0131 \u00fclkemi temsil ederek alm\u0131\u015f olmaktan b\u00fcy\u00fck gurur duyuyorum.\u201d dedi.<\/p>\n<p>Farkl\u0131 \u00fclkelerin sanat\u00e7\u0131lar\u0131n\u0131n kat\u0131ld\u0131\u011f\u0131 yar\u0131\u015fmada yer almaktan ve \u201cB\u00f6yle ya\u015fan\u0131r K\u0131br\u0131s\u2019ta bahar\u201d adl\u0131 \u015fark\u0131s\u0131yla yar\u0131\u015fmay\u0131 kazanmaktan onur duydu\u011funu s\u00f6yleyen G\u00f6khan, Cumhurba\u015fkan\u0131 <a href=\"https:\/\/brtk.net\/\"\/><a href=\"https:\/\/brtk.net\/\">Tatar<\/a>\u2019a verdi\u011fi destekten \u00f6t\u00fcr\u00fc te\u015fekk\u00fcrlerini sundu.<\/p>\n<\/p><\/div>\n<p><script async\n                    defer\n                    crossorigin=\"anonymous\"\n                    src=\"https:\/\/connect.facebook.net\/tr_TR\/sdk.js#xfbml=1&#038;version=v3.3\"\n            ><\/script><br \/>\n<br \/><br \/>\n<br \/><a href=\"https:\/\/brtk.net\/cumhurbaskani-ersin-tatar-kibrisli-turk-sanatci-bahar-gokhani-kabul-etti\/\">kpostasi <\/a><\/p>\n","protected":false},"excerpt":{"rendered":"<p>Cumhurba\u015fkan\u0131 Ersin Tatar, \u0130talya\u2019da d\u00fczenlenen San Remo M\u00fczik Yar\u0131\u015fmas\u0131\u2019nda birincilik kazanan Bahar G\u00f6khan\u2019\u0131 kabul etti. Cumhurba\u015fkanl\u0131\u011f\u0131\u2019ndan verilen bilgiye g\u00f6re, Cumhurba\u015fkan\u0131 Tatar, sanat\u00e7\u0131 Bahar G\u00f6khan\u2019\u0131 K\u0131br\u0131s T\u00fcrk m\u00fczik sanat\u0131na yapt\u0131\u011f\u0131 katk\u0131lar ve \u00fclkeyi ba\u015far\u0131yla temsil etmesi dolay\u0131s\u0131yla tebrik etti ve ba\u015far\u0131lar\u0131n\u0131n devam\u0131n\u0131 diledi. Bahar G\u00f6khan da, \u201cY\u0131llard\u0131r verdi\u011fim eme\u011fin kar\u015f\u0131l\u0131\u011f\u0131n\u0131 \u00fclkemi temsil ederek alm\u0131\u015f olmaktan b\u00fcy\u00fck<\/p>\n","protected":false},"author":1,"featured_media":67833,"comment_status":"open","ping_status":"open","sticky":false,"template":"","format":"standard","meta":{"footnotes":""},"categories":[1,81],"tags":[],"class_list":["post-67832","post","type-post","status-publish","format-standard","has-post-thumbnail","hentry","category-gundem","category-kibris"],"yoast_head":"<!-- This site is optimized with the Yoast SEO plugin v27.5 - https:\/\/yoast.com\/product\/yoast-seo-wordpress\/ -->\n<title>Cumhurba\u015fkan\u0131 Ersin Tatar, K\u0131br\u0131sl\u0131 T\u00fcrk sanat\u00e7\u0131 Bahar G\u00f6khan\u2019\u0131 kabul etti -<\/title>\n<meta name=\"robots\" content=\"index, follow, max-snippet:-1, max-image-preview:large, max-video-preview:-1\" \/>\n<link rel=\"canonical\" href=\"https:\/\/kibrisdakik.com\/?p=67832\" \/>\n<meta property=\"og:locale\" content=\"tr_TR\" \/>\n<meta property=\"og:type\" content=\"article\" \/>\n<meta property=\"og:title\" content=\"Cumhurba\u015fkan\u0131 Ersin Tatar, K\u0131br\u0131sl\u0131 T\u00fcrk sanat\u00e7\u0131 Bahar G\u00f6khan\u2019\u0131 kabul etti -\" \/>\n<meta property=\"og:description\" content=\"Cumhurba\u015fkan\u0131 Ersin Tatar, \u0130talya\u2019da d\u00fczenlenen San Remo M\u00fczik Yar\u0131\u015fmas\u0131\u2019nda birincilik kazanan Bahar G\u00f6khan\u2019\u0131 kabul etti. Cumhurba\u015fkanl\u0131\u011f\u0131\u2019ndan verilen bilgiye g\u00f6re, Cumhurba\u015fkan\u0131 Tatar, sanat\u00e7\u0131 Bahar G\u00f6khan\u2019\u0131 K\u0131br\u0131s T\u00fcrk m\u00fczik sanat\u0131na yapt\u0131\u011f\u0131 katk\u0131lar ve \u00fclkeyi ba\u015far\u0131yla temsil etmesi dolay\u0131s\u0131yla tebrik etti ve ba\u015far\u0131lar\u0131n\u0131n devam\u0131n\u0131 diledi. Bahar G\u00f6khan da, \u201cY\u0131llard\u0131r verdi\u011fim eme\u011fin kar\u015f\u0131l\u0131\u011f\u0131n\u0131 \u00fclkemi temsil ederek alm\u0131\u015f olmaktan b\u00fcy\u00fck\" \/>\n<meta property=\"og:url\" content=\"https:\/\/kibrisdakik.com\/?p=67832\" \/>\n<meta property=\"article:published_time\" content=\"2024-10-28T14:36:32+00:00\" \/>\n<meta property=\"og:image\" content=\"https:\/\/kibrisdakik.com\/wp-content\/uploads\/2024\/10\/9899-740x420.jpg\" \/>\n\t<meta property=\"og:image:width\" content=\"1600\" \/>\n\t<meta property=\"og:image:height\" content=\"1066\" \/>\n\t<meta property=\"og:image:type\" content=\"image\/jpeg\" \/>\n<meta name=\"author\" content=\"admin\" \/>\n<meta name=\"twitter:card\" content=\"summary_large_image\" \/>\n<meta name=\"twitter:label1\" content=\"Yazan:\" \/>\n\t<meta name=\"twitter:data1\" content=\"admin\" \/>\n\t<meta name=\"twitter:label2\" content=\"Tahmini okuma s\u00fcresi\" \/>\n\t<meta name=\"twitter:data2\" content=\"1 dakika\" \/>\n<script type=\"application\/ld+json\" class=\"yoast-schema-graph\">{\"@context\":\"https:\\\/\\\/schema.org\",\"@graph\":[{\"@type\":\"Article\",\"@id\":\"https:\\\/\\\/kibrisdakik.com\\\/?p=67832#article\",\"isPartOf\":{\"@id\":\"https:\\\/\\\/kibrisdakik.com\\\/?p=67832\"},\"author\":{\"name\":\"admin\",\"@id\":\"https:\\\/\\\/kibrisdakik.com\\\/#\\\/schema\\\/person\\\/9cd9d437bbb44f72b73ba127e06d8e79\"},\"headline\":\"Cumhurba\u015fkan\u0131 Ersin Tatar, K\u0131br\u0131sl\u0131 T\u00fcrk sanat\u00e7\u0131 Bahar G\u00f6khan\u2019\u0131 kabul etti\",\"datePublished\":\"2024-10-28T14:36:32+00:00\",\"mainEntityOfPage\":{\"@id\":\"https:\\\/\\\/kibrisdakik.com\\\/?p=67832\"},\"wordCount\":162,\"commentCount\":0,\"image\":{\"@id\":\"https:\\\/\\\/kibrisdakik.com\\\/?p=67832#primaryimage\"},\"thumbnailUrl\":\"https:\\\/\\\/kibrisdakik.com\\\/wp-content\\\/uploads\\\/2024\\\/10\\\/9899-740x420.jpg\",\"articleSection\":[\"G\u00fcndem\",\"K\u0131br\u0131s\"],\"inLanguage\":\"tr\",\"potentialAction\":[{\"@type\":\"CommentAction\",\"name\":\"Comment\",\"target\":[\"https:\\\/\\\/kibrisdakik.com\\\/?p=67832#respond\"]}]},{\"@type\":\"WebPage\",\"@id\":\"https:\\\/\\\/kibrisdakik.com\\\/?p=67832\",\"url\":\"https:\\\/\\\/kibrisdakik.com\\\/?p=67832\",\"name\":\"Cumhurba\u015fkan\u0131 Ersin Tatar, K\u0131br\u0131sl\u0131 T\u00fcrk sanat\u00e7\u0131 Bahar G\u00f6khan\u2019\u0131 kabul etti -\",\"isPartOf\":{\"@id\":\"https:\\\/\\\/kibrisdakik.com\\\/#website\"},\"primaryImageOfPage\":{\"@id\":\"https:\\\/\\\/kibrisdakik.com\\\/?p=67832#primaryimage\"},\"image\":{\"@id\":\"https:\\\/\\\/kibrisdakik.com\\\/?p=67832#primaryimage\"},\"thumbnailUrl\":\"https:\\\/\\\/kibrisdakik.com\\\/wp-content\\\/uploads\\\/2024\\\/10\\\/9899-740x420.jpg\",\"datePublished\":\"2024-10-28T14:36:32+00:00\",\"author\":{\"@id\":\"https:\\\/\\\/kibrisdakik.com\\\/#\\\/schema\\\/person\\\/9cd9d437bbb44f72b73ba127e06d8e79\"},\"breadcrumb\":{\"@id\":\"https:\\\/\\\/kibrisdakik.com\\\/?p=67832#breadcrumb\"},\"inLanguage\":\"tr\",\"potentialAction\":[{\"@type\":\"ReadAction\",\"target\":[\"https:\\\/\\\/kibrisdakik.com\\\/?p=67832\"]}]},{\"@type\":\"ImageObject\",\"inLanguage\":\"tr\",\"@id\":\"https:\\\/\\\/kibrisdakik.com\\\/?p=67832#primaryimage\",\"url\":\"https:\\\/\\\/kibrisdakik.com\\\/wp-content\\\/uploads\\\/2024\\\/10\\\/9899-740x420.jpg\",\"contentUrl\":\"https:\\\/\\\/kibrisdakik.com\\\/wp-content\\\/uploads\\\/2024\\\/10\\\/9899-740x420.jpg\",\"width\":1600,\"height\":1066},{\"@type\":\"BreadcrumbList\",\"@id\":\"https:\\\/\\\/kibrisdakik.com\\\/?p=67832#breadcrumb\",\"itemListElement\":[{\"@type\":\"ListItem\",\"position\":1,\"name\":\"Home\",\"item\":\"https:\\\/\\\/kibrisdakik.com\\\/\"},{\"@type\":\"ListItem\",\"position\":2,\"name\":\"Cumhurba\u015fkan\u0131 Ersin Tatar, K\u0131br\u0131sl\u0131 T\u00fcrk sanat\u00e7\u0131 Bahar G\u00f6khan\u2019\u0131 kabul etti\"}]},{\"@type\":\"WebSite\",\"@id\":\"https:\\\/\\\/kibrisdakik.com\\\/#website\",\"url\":\"https:\\\/\\\/kibrisdakik.com\\\/\",\"name\":\"\",\"description\":\"Tam vaktinde haber\",\"potentialAction\":[{\"@type\":\"SearchAction\",\"target\":{\"@type\":\"EntryPoint\",\"urlTemplate\":\"https:\\\/\\\/kibrisdakik.com\\\/?s={search_term_string}\"},\"query-input\":{\"@type\":\"PropertyValueSpecification\",\"valueRequired\":true,\"valueName\":\"search_term_string\"}}],\"inLanguage\":\"tr\"},{\"@type\":\"Person\",\"@id\":\"https:\\\/\\\/kibrisdakik.com\\\/#\\\/schema\\\/person\\\/9cd9d437bbb44f72b73ba127e06d8e79\",\"name\":\"admin\",\"image\":{\"@type\":\"ImageObject\",\"inLanguage\":\"tr\",\"@id\":\"https:\\\/\\\/secure.gravatar.com\\\/avatar\\\/ccc17943b9d660506c869530f897617f7cb1c21a4bf30023f252596d83e1f007?s=96&d=mm&r=g\",\"url\":\"https:\\\/\\\/secure.gravatar.com\\\/avatar\\\/ccc17943b9d660506c869530f897617f7cb1c21a4bf30023f252596d83e1f007?s=96&d=mm&r=g\",\"contentUrl\":\"https:\\\/\\\/secure.gravatar.com\\\/avatar\\\/ccc17943b9d660506c869530f897617f7cb1c21a4bf30023f252596d83e1f007?s=96&d=mm&r=g\",\"caption\":\"admin\"},\"sameAs\":[\"https:\\\/\\\/kibrisdakik.com\"],\"url\":\"https:\\\/\\\/kibrisdakik.com\\\/?author=1\"}]}<\/script>\n<!-- \/ Yoast SEO plugin. -->","yoast_head_json":{"title":"Cumhurba\u015fkan\u0131 Ersin Tatar, K\u0131br\u0131sl\u0131 T\u00fcrk sanat\u00e7\u0131 Bahar G\u00f6khan\u2019\u0131 kabul etti -","robots":{"index":"index","follow":"follow","max-snippet":"max-snippet:-1","max-image-preview":"max-image-preview:large","max-video-preview":"max-video-preview:-1"},"canonical":"https:\/\/kibrisdakik.com\/?p=67832","og_locale":"tr_TR","og_type":"article","og_title":"Cumhurba\u015fkan\u0131 Ersin Tatar, K\u0131br\u0131sl\u0131 T\u00fcrk sanat\u00e7\u0131 Bahar G\u00f6khan\u2019\u0131 kabul etti -","og_description":"Cumhurba\u015fkan\u0131 Ersin Tatar, \u0130talya\u2019da d\u00fczenlenen San Remo M\u00fczik Yar\u0131\u015fmas\u0131\u2019nda birincilik kazanan Bahar G\u00f6khan\u2019\u0131 kabul etti. Cumhurba\u015fkanl\u0131\u011f\u0131\u2019ndan verilen bilgiye g\u00f6re, Cumhurba\u015fkan\u0131 Tatar, sanat\u00e7\u0131 Bahar G\u00f6khan\u2019\u0131 K\u0131br\u0131s T\u00fcrk m\u00fczik sanat\u0131na yapt\u0131\u011f\u0131 katk\u0131lar ve \u00fclkeyi ba\u015far\u0131yla temsil etmesi dolay\u0131s\u0131yla tebrik etti ve ba\u015far\u0131lar\u0131n\u0131n devam\u0131n\u0131 diledi. Bahar G\u00f6khan da, \u201cY\u0131llard\u0131r verdi\u011fim eme\u011fin kar\u015f\u0131l\u0131\u011f\u0131n\u0131 \u00fclkemi temsil ederek alm\u0131\u015f olmaktan b\u00fcy\u00fck","og_url":"https:\/\/kibrisdakik.com\/?p=67832","article_published_time":"2024-10-28T14:36:32+00:00","og_image":[{"width":1600,"height":1066,"url":"https:\/\/kibrisdakik.com\/wp-content\/uploads\/2024\/10\/9899-740x420.jpg","type":"image\/jpeg"}],"author":"admin","twitter_card":"summary_large_image","twitter_misc":{"Yazan:":"admin","Tahmini okuma s\u00fcresi":"1 dakika"},"schema":{"@context":"https:\/\/schema.org","@graph":[{"@type":"Article","@id":"https:\/\/kibrisdakik.com\/?p=67832#article","isPartOf":{"@id":"https:\/\/kibrisdakik.com\/?p=67832"},"author":{"name":"admin","@id":"https:\/\/kibrisdakik.com\/#\/schema\/person\/9cd9d437bbb44f72b73ba127e06d8e79"},"headline":"Cumhurba\u015fkan\u0131 Ersin Tatar, K\u0131br\u0131sl\u0131 T\u00fcrk sanat\u00e7\u0131 Bahar G\u00f6khan\u2019\u0131 kabul etti","datePublished":"2024-10-28T14:36:32+00:00","mainEntityOfPage":{"@id":"https:\/\/kibrisdakik.com\/?p=67832"},"wordCount":162,"commentCount":0,"image":{"@id":"https:\/\/kibrisdakik.com\/?p=67832#primaryimage"},"thumbnailUrl":"https:\/\/kibrisdakik.com\/wp-content\/uploads\/2024\/10\/9899-740x420.jpg","articleSection":["G\u00fcndem","K\u0131br\u0131s"],"inLanguage":"tr","potentialAction":[{"@type":"CommentAction","name":"Comment","target":["https:\/\/kibrisdakik.com\/?p=67832#respond"]}]},{"@type":"WebPage","@id":"https:\/\/kibrisdakik.com\/?p=67832","url":"https:\/\/kibrisdakik.com\/?p=67832","name":"Cumhurba\u015fkan\u0131 Ersin Tatar, K\u0131br\u0131sl\u0131 T\u00fcrk sanat\u00e7\u0131 Bahar G\u00f6khan\u2019\u0131 kabul etti -","isPartOf":{"@id":"https:\/\/kibrisdakik.com\/#website"},"primaryImageOfPage":{"@id":"https:\/\/kibrisdakik.com\/?p=67832#primaryimage"},"image":{"@id":"https:\/\/kibrisdakik.com\/?p=67832#primaryimage"},"thumbnailUrl":"https:\/\/kibrisdakik.com\/wp-content\/uploads\/2024\/10\/9899-740x420.jpg","datePublished":"2024-10-28T14:36:32+00:00","author":{"@id":"https:\/\/kibrisdakik.com\/#\/schema\/person\/9cd9d437bbb44f72b73ba127e06d8e79"},"breadcrumb":{"@id":"https:\/\/kibrisdakik.com\/?p=67832#breadcrumb"},"inLanguage":"tr","potentialAction":[{"@type":"ReadAction","target":["https:\/\/kibrisdakik.com\/?p=67832"]}]},{"@type":"ImageObject","inLanguage":"tr","@id":"https:\/\/kibrisdakik.com\/?p=67832#primaryimage","url":"https:\/\/kibrisdakik.com\/wp-content\/uploads\/2024\/10\/9899-740x420.jpg","contentUrl":"https:\/\/kibrisdakik.com\/wp-content\/uploads\/2024\/10\/9899-740x420.jpg","width":1600,"height":1066},{"@type":"BreadcrumbList","@id":"https:\/\/kibrisdakik.com\/?p=67832#breadcrumb","itemListElement":[{"@type":"ListItem","position":1,"name":"Home","item":"https:\/\/kibrisdakik.com\/"},{"@type":"ListItem","position":2,"name":"Cumhurba\u015fkan\u0131 Ersin Tatar, K\u0131br\u0131sl\u0131 T\u00fcrk sanat\u00e7\u0131 Bahar G\u00f6khan\u2019\u0131 kabul etti"}]},{"@type":"WebSite","@id":"https:\/\/kibrisdakik.com\/#website","url":"https:\/\/kibrisdakik.com\/","name":"","description":"Tam vaktinde haber","potentialAction":[{"@type":"SearchAction","target":{"@type":"EntryPoint","urlTemplate":"https:\/\/kibrisdakik.com\/?s={search_term_string}"},"query-input":{"@type":"PropertyValueSpecification","valueRequired":true,"valueName":"search_term_string"}}],"inLanguage":"tr"},{"@type":"Person","@id":"https:\/\/kibrisdakik.com\/#\/schema\/person\/9cd9d437bbb44f72b73ba127e06d8e79","name":"admin","image":{"@type":"ImageObject","inLanguage":"tr","@id":"https:\/\/secure.gravatar.com\/avatar\/ccc17943b9d660506c869530f897617f7cb1c21a4bf30023f252596d83e1f007?s=96&d=mm&r=g","url":"https:\/\/secure.gravatar.com\/avatar\/ccc17943b9d660506c869530f897617f7cb1c21a4bf30023f252596d83e1f007?s=96&d=mm&r=g","contentUrl":"https:\/\/secure.gravatar.com\/avatar\/ccc17943b9d660506c869530f897617f7cb1c21a4bf30023f252596d83e1f007?s=96&d=mm&r=g","caption":"admin"},"sameAs":["https:\/\/kibrisdakik.com"],"url":"https:\/\/kibrisdakik.com\/?author=1"}]}},"_links":{"self":[{"href":"https:\/\/kibrisdakik.com\/index.php?rest_route=\/wp\/v2\/posts\/67832","targetHints":{"allow":["GET"]}}],"collection":[{"href":"https:\/\/kibrisdakik.com\/index.php?rest_route=\/wp\/v2\/posts"}],"about":[{"href":"https:\/\/kibrisdakik.com\/index.php?rest_route=\/wp\/v2\/types\/post"}],"author":[{"embeddable":true,"href":"https:\/\/kibrisdakik.com\/index.php?rest_route=\/wp\/v2\/users\/1"}],"replies":[{"embeddable":true,"href":"https:\/\/kibrisdakik.com\/index.php?rest_route=%2Fwp%2Fv2%2Fcomments&post=67832"}],"version-history":[{"count":0,"href":"https:\/\/kibrisdakik.com\/index.php?rest_route=\/wp\/v2\/posts\/67832\/revisions"}],"wp:featuredmedia":[{"embeddable":true,"href":"https:\/\/kibrisdakik.com\/index.php?rest_route=\/wp\/v2\/media\/67833"}],"wp:attachment":[{"href":"https:\/\/kibrisdakik.com\/index.php?rest_route=%2Fwp%2Fv2%2Fmedia&parent=67832"}],"wp:term":[{"taxonomy":"category","embeddable":true,"href":"https:\/\/kibrisdakik.com\/index.php?rest_route=%2Fwp%2Fv2%2Fcategories&post=67832"},{"taxonomy":"post_tag","embeddable":true,"href":"https:\/\/kibrisdakik.com\/index.php?rest_route=%2Fwp%2Fv2%2Ftags&post=67832"}],"curies":[{"name":"wp","href":"https:\/\/api.w.org\/{rel}","templated":true}]}}