{"id":67856,"date":"2024-10-28T20:57:31","date_gmt":"2024-10-28T17:57:31","guid":{"rendered":"https:\/\/kibrisdakik.com\/index.php\/2024\/10\/28\/ataoglucumhuriyetin-degerlerini-yasatmak-ve-gelecek-nesillere-en-guclu-miras-olarak-birakmak-en-buyuk-sorumlulugumuzdur\/"},"modified":"2024-10-28T20:57:31","modified_gmt":"2024-10-28T17:57:31","slug":"ataoglucumhuriyetin-degerlerini-yasatmak-ve-gelecek-nesillere-en-guclu-miras-olarak-birakmak-en-buyuk-sorumlulugumuzdur","status":"publish","type":"post","link":"https:\/\/kibrisdakik.com\/?p=67856","title":{"rendered":"Atao\u011flu:Cumhuriyetin de\u011ferlerini ya\u015fatmak ve gelecek nesillere en g\u00fc\u00e7l\u00fc miras olarak b\u0131rakmak en b\u00fcy\u00fck sorumlulu\u011fumuzdur"},"content":{"rendered":"<div>\n<div class=\"mariselle-image-container center\">\n                                            <\/div>\n<p>Ba\u015fbakan Yard\u0131mc\u0131s\u0131, Turizm, K\u00fclt\u00fcr, Gen\u00e7lik ve \u00c7evre Bakan\u0131, Demokrat Parti (DP) Genel Ba\u015fkan\u0131 Fikri Atao\u011flu, cumhuriyetin de\u011ferlerini ya\u015fatman\u0131n, onu daha ileriye ta\u015f\u0131man\u0131n ve gelecek nesillere en g\u00fc\u00e7l\u00fc miras olarak b\u0131rakman\u0131n en b\u00fcy\u00fck sorumluluklar\u0131 oldu\u011funu belirtti.<\/p>\n<p>Atao\u011flu, 29 Ekim Cumhuriyet Bayram\u0131\u2019n\u0131n 101\u2019inci y\u0131l d\u00f6n\u00fcm\u00fc dolay\u0131s\u0131yla mesaj yay\u0131mlad\u0131.<\/p>\n<p>Bu anlaml\u0131 g\u00fcnde T\u00fcrkiye Cumhuriyeti ile omuz omuza durman\u0131n ve cumhuriyet de\u011ferlerine sahip \u00e7\u0131kman\u0131n onurunu ya\u015fad\u0131klar\u0131n\u0131 vurgulayan Atao\u011flu mesaj\u0131nda \u015fu ifadelere yer verdi:<\/p>\n<p>\u201cT\u00fcrkiye Cumhuriyeti\u2019nin kurulmas\u0131ndan bu yana ge\u00e7en 101 y\u0131ll\u0131k s\u00fcre\u00e7te, k\u00f6klerimize ba\u011fl\u0131 kalarak \u00f6zg\u00fcrl\u00fck, ba\u011f\u0131ms\u0131zl\u0131k ve demokrasi yolunda at\u0131lan ad\u0131mlar\u0131 kararl\u0131l\u0131kla s\u00fcrd\u00fcrmeye devam ediyoruz. Mustafa Kemal Atat\u00fcrk\u2019\u00fcn \u00f6nderli\u011finde kurulan T\u00fcrkiye Cumhuriyeti, ba\u011f\u0131ms\u0131zl\u0131k m\u00fccadelesinin simgesi ve gelece\u011fe olan inanc\u0131n en g\u00fc\u00e7l\u00fc ifadesidir.<\/p>\n<p>Kuzey K\u0131br\u0131s T\u00fcrk Cumhuriyeti olarak bizler de bu anlaml\u0131 g\u00fcnde T\u00fcrkiye Cumhuriyeti ile omuz omuza durman\u0131n ve Cumhuriyet de\u011ferlerine sahip \u00e7\u0131kman\u0131n onurunu ya\u015f\u0131yoruz. Bug\u00fcn, bizleri bir araya getiren ortak de\u011ferler, \u00f6zg\u00fcrl\u00fck ve ba\u011f\u0131ms\u0131zl\u0131k idealleri, gelece\u011fimizi \u015fekillendirmede yolumuzu ayd\u0131nlatmaktad\u0131r. Yak\u0131lan ba\u011f\u0131ms\u0131zl\u0131k me\u015falesi, bug\u00fcn Kuzey K\u0131br\u0131s T\u00fcrk Cumhuriyeti\u2019nde de ayn\u0131 inan\u00e7la yanmaya devam etmektedir.<\/p>\n<p>Cumhuriyet; yaln\u0131zca bir y\u00f6netim \u015fekli de\u011fil, ayn\u0131 zamanda halk\u0131n h\u00fcrriyetine, \u00f6zg\u00fcrl\u00fc\u011f\u00fcne ve milli iradeye olan inanc\u0131n\u0131n sembol\u00fcd\u00fcr. KKTC olarak bizler de bu de\u011ferlerin savunucusu olmaktan gurur duyuyoruz. Cumhuriyetimizin de\u011ferlerini ya\u015fatmak, onu daha ileriye ta\u015f\u0131mak ve gelecek nesillere en g\u00fc\u00e7l\u00fc miras olarak b\u0131rakmak en b\u00fcy\u00fck sorumlulu\u011fumuzdur.<\/p>\n<p>Bu vesileyle, ba\u015fta T\u00fcrkiye Cumhuriyetinin kurucusu Gazi Mustafa Kemal Atat\u00fcrk ve silah arkada\u015flar\u0131 olmak \u00fczere, T\u00fcrkiye Cumhuriyeti\u2019nin ba\u011f\u0131ms\u0131zl\u0131\u011f\u0131 u\u011fruna can\u0131n\u0131 feda eden t\u00fcm \u015fehitlerimizi rahmet ve minnetle an\u0131yor. 29 Ekim Cumhuriyet Bayram\u0131n\u0131 y\u00fcrekten kutluyorum. Birlik, beraberlik ve karde\u015flik i\u00e7inde nice y\u0131llara\u201d<\/p>\n<\/p><\/div>\n<p><script async\n                    defer\n                    crossorigin=\"anonymous\"\n                    src=\"https:\/\/connect.facebook.net\/tr_TR\/sdk.js#xfbml=1&#038;version=v3.3\"\n            ><\/script><\/p>\n","protected":false},"excerpt":{"rendered":"<p>Ba\u015fbakan Yard\u0131mc\u0131s\u0131, Turizm, K\u00fclt\u00fcr, Gen\u00e7lik ve \u00c7evre Bakan\u0131, Demokrat Parti (DP) Genel Ba\u015fkan\u0131 Fikri Atao\u011flu, cumhuriyetin de\u011ferlerini ya\u015fatman\u0131n, onu daha ileriye ta\u015f\u0131man\u0131n ve gelecek nesillere en g\u00fc\u00e7l\u00fc miras olarak b\u0131rakman\u0131n en b\u00fcy\u00fck sorumluluklar\u0131 oldu\u011funu belirtti. Atao\u011flu, 29 Ekim Cumhuriyet Bayram\u0131\u2019n\u0131n 101\u2019inci y\u0131l d\u00f6n\u00fcm\u00fc dolay\u0131s\u0131yla mesaj yay\u0131mlad\u0131. Bu anlaml\u0131 g\u00fcnde T\u00fcrkiye Cumhuriyeti ile omuz omuza durman\u0131n<\/p>\n","protected":false},"author":1,"featured_media":67623,"comment_status":"open","ping_status":"open","sticky":false,"template":"","format":"standard","meta":{"footnotes":""},"categories":[81],"tags":[],"class_list":["post-67856","post","type-post","status-publish","format-standard","has-post-thumbnail","hentry","category-kibris"],"yoast_head":"<!-- This site is optimized with the Yoast SEO plugin v27.5 - https:\/\/yoast.com\/product\/yoast-seo-wordpress\/ -->\n<title>Atao\u011flu:Cumhuriyetin de\u011ferlerini ya\u015fatmak ve gelecek nesillere en g\u00fc\u00e7l\u00fc miras olarak b\u0131rakmak en b\u00fcy\u00fck sorumlulu\u011fumuzdur -<\/title>\n<meta name=\"robots\" content=\"index, follow, max-snippet:-1, max-image-preview:large, max-video-preview:-1\" \/>\n<link rel=\"canonical\" href=\"https:\/\/kibrisdakik.com\/?p=67856\" \/>\n<meta property=\"og:locale\" content=\"tr_TR\" \/>\n<meta property=\"og:type\" content=\"article\" \/>\n<meta property=\"og:title\" content=\"Atao\u011flu:Cumhuriyetin de\u011ferlerini ya\u015fatmak ve gelecek nesillere en g\u00fc\u00e7l\u00fc miras olarak b\u0131rakmak en b\u00fcy\u00fck sorumlulu\u011fumuzdur -\" \/>\n<meta property=\"og:description\" content=\"Ba\u015fbakan Yard\u0131mc\u0131s\u0131, Turizm, K\u00fclt\u00fcr, Gen\u00e7lik ve \u00c7evre Bakan\u0131, Demokrat Parti (DP) Genel Ba\u015fkan\u0131 Fikri Atao\u011flu, cumhuriyetin de\u011ferlerini ya\u015fatman\u0131n, onu daha ileriye ta\u015f\u0131man\u0131n ve gelecek nesillere en g\u00fc\u00e7l\u00fc miras olarak b\u0131rakman\u0131n en b\u00fcy\u00fck sorumluluklar\u0131 oldu\u011funu belirtti. Atao\u011flu, 29 Ekim Cumhuriyet Bayram\u0131\u2019n\u0131n 101\u2019inci y\u0131l d\u00f6n\u00fcm\u00fc dolay\u0131s\u0131yla mesaj yay\u0131mlad\u0131. Bu anlaml\u0131 g\u00fcnde T\u00fcrkiye Cumhuriyeti ile omuz omuza durman\u0131n\" \/>\n<meta property=\"og:url\" content=\"https:\/\/kibrisdakik.com\/?p=67856\" \/>\n<meta property=\"article:published_time\" content=\"2024-10-28T17:57:31+00:00\" \/>\n<meta property=\"og:image\" content=\"https:\/\/kibrisdakik.com\/wp-content\/uploads\/2024\/10\/ataoglu-scaled-740x420.jpg\" \/>\n\t<meta property=\"og:image:width\" content=\"2560\" \/>\n\t<meta property=\"og:image:height\" content=\"1707\" \/>\n\t<meta property=\"og:image:type\" content=\"image\/jpeg\" \/>\n<meta name=\"author\" content=\"admin\" \/>\n<meta name=\"twitter:card\" content=\"summary_large_image\" \/>\n<meta name=\"twitter:label1\" content=\"Yazan:\" \/>\n\t<meta name=\"twitter:data1\" content=\"admin\" \/>\n\t<meta name=\"twitter:label2\" content=\"Tahmini okuma s\u00fcresi\" \/>\n\t<meta name=\"twitter:data2\" content=\"2 dakika\" \/>\n<script type=\"application\/ld+json\" class=\"yoast-schema-graph\">{\"@context\":\"https:\\\/\\\/schema.org\",\"@graph\":[{\"@type\":\"Article\",\"@id\":\"https:\\\/\\\/kibrisdakik.com\\\/?p=67856#article\",\"isPartOf\":{\"@id\":\"https:\\\/\\\/kibrisdakik.com\\\/?p=67856\"},\"author\":{\"name\":\"admin\",\"@id\":\"https:\\\/\\\/kibrisdakik.com\\\/#\\\/schema\\\/person\\\/9cd9d437bbb44f72b73ba127e06d8e79\"},\"headline\":\"Atao\u011flu:Cumhuriyetin de\u011ferlerini ya\u015fatmak ve gelecek nesillere en g\u00fc\u00e7l\u00fc miras olarak b\u0131rakmak en b\u00fcy\u00fck sorumlulu\u011fumuzdur\",\"datePublished\":\"2024-10-28T17:57:31+00:00\",\"mainEntityOfPage\":{\"@id\":\"https:\\\/\\\/kibrisdakik.com\\\/?p=67856\"},\"wordCount\":404,\"commentCount\":0,\"image\":{\"@id\":\"https:\\\/\\\/kibrisdakik.com\\\/?p=67856#primaryimage\"},\"thumbnailUrl\":\"https:\\\/\\\/kibrisdakik.com\\\/wp-content\\\/uploads\\\/2024\\\/10\\\/ataoglu-scaled-740x420.jpg\",\"articleSection\":[\"K\u0131br\u0131s\"],\"inLanguage\":\"tr\",\"potentialAction\":[{\"@type\":\"CommentAction\",\"name\":\"Comment\",\"target\":[\"https:\\\/\\\/kibrisdakik.com\\\/?p=67856#respond\"]}]},{\"@type\":\"WebPage\",\"@id\":\"https:\\\/\\\/kibrisdakik.com\\\/?p=67856\",\"url\":\"https:\\\/\\\/kibrisdakik.com\\\/?p=67856\",\"name\":\"Atao\u011flu:Cumhuriyetin de\u011ferlerini ya\u015fatmak ve gelecek nesillere en g\u00fc\u00e7l\u00fc miras olarak b\u0131rakmak en b\u00fcy\u00fck sorumlulu\u011fumuzdur -\",\"isPartOf\":{\"@id\":\"https:\\\/\\\/kibrisdakik.com\\\/#website\"},\"primaryImageOfPage\":{\"@id\":\"https:\\\/\\\/kibrisdakik.com\\\/?p=67856#primaryimage\"},\"image\":{\"@id\":\"https:\\\/\\\/kibrisdakik.com\\\/?p=67856#primaryimage\"},\"thumbnailUrl\":\"https:\\\/\\\/kibrisdakik.com\\\/wp-content\\\/uploads\\\/2024\\\/10\\\/ataoglu-scaled-740x420.jpg\",\"datePublished\":\"2024-10-28T17:57:31+00:00\",\"author\":{\"@id\":\"https:\\\/\\\/kibrisdakik.com\\\/#\\\/schema\\\/person\\\/9cd9d437bbb44f72b73ba127e06d8e79\"},\"breadcrumb\":{\"@id\":\"https:\\\/\\\/kibrisdakik.com\\\/?p=67856#breadcrumb\"},\"inLanguage\":\"tr\",\"potentialAction\":[{\"@type\":\"ReadAction\",\"target\":[\"https:\\\/\\\/kibrisdakik.com\\\/?p=67856\"]}]},{\"@type\":\"ImageObject\",\"inLanguage\":\"tr\",\"@id\":\"https:\\\/\\\/kibrisdakik.com\\\/?p=67856#primaryimage\",\"url\":\"https:\\\/\\\/kibrisdakik.com\\\/wp-content\\\/uploads\\\/2024\\\/10\\\/ataoglu-scaled-740x420.jpg\",\"contentUrl\":\"https:\\\/\\\/kibrisdakik.com\\\/wp-content\\\/uploads\\\/2024\\\/10\\\/ataoglu-scaled-740x420.jpg\",\"width\":2560,\"height\":1707},{\"@type\":\"BreadcrumbList\",\"@id\":\"https:\\\/\\\/kibrisdakik.com\\\/?p=67856#breadcrumb\",\"itemListElement\":[{\"@type\":\"ListItem\",\"position\":1,\"name\":\"Home\",\"item\":\"https:\\\/\\\/kibrisdakik.com\\\/\"},{\"@type\":\"ListItem\",\"position\":2,\"name\":\"Atao\u011flu:Cumhuriyetin de\u011ferlerini ya\u015fatmak ve gelecek nesillere en g\u00fc\u00e7l\u00fc miras olarak b\u0131rakmak en b\u00fcy\u00fck sorumlulu\u011fumuzdur\"}]},{\"@type\":\"WebSite\",\"@id\":\"https:\\\/\\\/kibrisdakik.com\\\/#website\",\"url\":\"https:\\\/\\\/kibrisdakik.com\\\/\",\"name\":\"\",\"description\":\"Tam vaktinde haber\",\"potentialAction\":[{\"@type\":\"SearchAction\",\"target\":{\"@type\":\"EntryPoint\",\"urlTemplate\":\"https:\\\/\\\/kibrisdakik.com\\\/?s={search_term_string}\"},\"query-input\":{\"@type\":\"PropertyValueSpecification\",\"valueRequired\":true,\"valueName\":\"search_term_string\"}}],\"inLanguage\":\"tr\"},{\"@type\":\"Person\",\"@id\":\"https:\\\/\\\/kibrisdakik.com\\\/#\\\/schema\\\/person\\\/9cd9d437bbb44f72b73ba127e06d8e79\",\"name\":\"admin\",\"image\":{\"@type\":\"ImageObject\",\"inLanguage\":\"tr\",\"@id\":\"https:\\\/\\\/secure.gravatar.com\\\/avatar\\\/ccc17943b9d660506c869530f897617f7cb1c21a4bf30023f252596d83e1f007?s=96&d=mm&r=g\",\"url\":\"https:\\\/\\\/secure.gravatar.com\\\/avatar\\\/ccc17943b9d660506c869530f897617f7cb1c21a4bf30023f252596d83e1f007?s=96&d=mm&r=g\",\"contentUrl\":\"https:\\\/\\\/secure.gravatar.com\\\/avatar\\\/ccc17943b9d660506c869530f897617f7cb1c21a4bf30023f252596d83e1f007?s=96&d=mm&r=g\",\"caption\":\"admin\"},\"sameAs\":[\"https:\\\/\\\/kibrisdakik.com\"],\"url\":\"https:\\\/\\\/kibrisdakik.com\\\/?author=1\"}]}<\/script>\n<!-- \/ Yoast SEO plugin. -->","yoast_head_json":{"title":"Atao\u011flu:Cumhuriyetin de\u011ferlerini ya\u015fatmak ve gelecek nesillere en g\u00fc\u00e7l\u00fc miras olarak b\u0131rakmak en b\u00fcy\u00fck sorumlulu\u011fumuzdur -","robots":{"index":"index","follow":"follow","max-snippet":"max-snippet:-1","max-image-preview":"max-image-preview:large","max-video-preview":"max-video-preview:-1"},"canonical":"https:\/\/kibrisdakik.com\/?p=67856","og_locale":"tr_TR","og_type":"article","og_title":"Atao\u011flu:Cumhuriyetin de\u011ferlerini ya\u015fatmak ve gelecek nesillere en g\u00fc\u00e7l\u00fc miras olarak b\u0131rakmak en b\u00fcy\u00fck sorumlulu\u011fumuzdur -","og_description":"Ba\u015fbakan Yard\u0131mc\u0131s\u0131, Turizm, K\u00fclt\u00fcr, Gen\u00e7lik ve \u00c7evre Bakan\u0131, Demokrat Parti (DP) Genel Ba\u015fkan\u0131 Fikri Atao\u011flu, cumhuriyetin de\u011ferlerini ya\u015fatman\u0131n, onu daha ileriye ta\u015f\u0131man\u0131n ve gelecek nesillere en g\u00fc\u00e7l\u00fc miras olarak b\u0131rakman\u0131n en b\u00fcy\u00fck sorumluluklar\u0131 oldu\u011funu belirtti. Atao\u011flu, 29 Ekim Cumhuriyet Bayram\u0131\u2019n\u0131n 101\u2019inci y\u0131l d\u00f6n\u00fcm\u00fc dolay\u0131s\u0131yla mesaj yay\u0131mlad\u0131. Bu anlaml\u0131 g\u00fcnde T\u00fcrkiye Cumhuriyeti ile omuz omuza durman\u0131n","og_url":"https:\/\/kibrisdakik.com\/?p=67856","article_published_time":"2024-10-28T17:57:31+00:00","og_image":[{"width":2560,"height":1707,"url":"https:\/\/kibrisdakik.com\/wp-content\/uploads\/2024\/10\/ataoglu-scaled-740x420.jpg","type":"image\/jpeg"}],"author":"admin","twitter_card":"summary_large_image","twitter_misc":{"Yazan:":"admin","Tahmini okuma s\u00fcresi":"2 dakika"},"schema":{"@context":"https:\/\/schema.org","@graph":[{"@type":"Article","@id":"https:\/\/kibrisdakik.com\/?p=67856#article","isPartOf":{"@id":"https:\/\/kibrisdakik.com\/?p=67856"},"author":{"name":"admin","@id":"https:\/\/kibrisdakik.com\/#\/schema\/person\/9cd9d437bbb44f72b73ba127e06d8e79"},"headline":"Atao\u011flu:Cumhuriyetin de\u011ferlerini ya\u015fatmak ve gelecek nesillere en g\u00fc\u00e7l\u00fc miras olarak b\u0131rakmak en b\u00fcy\u00fck sorumlulu\u011fumuzdur","datePublished":"2024-10-28T17:57:31+00:00","mainEntityOfPage":{"@id":"https:\/\/kibrisdakik.com\/?p=67856"},"wordCount":404,"commentCount":0,"image":{"@id":"https:\/\/kibrisdakik.com\/?p=67856#primaryimage"},"thumbnailUrl":"https:\/\/kibrisdakik.com\/wp-content\/uploads\/2024\/10\/ataoglu-scaled-740x420.jpg","articleSection":["K\u0131br\u0131s"],"inLanguage":"tr","potentialAction":[{"@type":"CommentAction","name":"Comment","target":["https:\/\/kibrisdakik.com\/?p=67856#respond"]}]},{"@type":"WebPage","@id":"https:\/\/kibrisdakik.com\/?p=67856","url":"https:\/\/kibrisdakik.com\/?p=67856","name":"Atao\u011flu:Cumhuriyetin de\u011ferlerini ya\u015fatmak ve gelecek nesillere en g\u00fc\u00e7l\u00fc miras olarak b\u0131rakmak en b\u00fcy\u00fck sorumlulu\u011fumuzdur -","isPartOf":{"@id":"https:\/\/kibrisdakik.com\/#website"},"primaryImageOfPage":{"@id":"https:\/\/kibrisdakik.com\/?p=67856#primaryimage"},"image":{"@id":"https:\/\/kibrisdakik.com\/?p=67856#primaryimage"},"thumbnailUrl":"https:\/\/kibrisdakik.com\/wp-content\/uploads\/2024\/10\/ataoglu-scaled-740x420.jpg","datePublished":"2024-10-28T17:57:31+00:00","author":{"@id":"https:\/\/kibrisdakik.com\/#\/schema\/person\/9cd9d437bbb44f72b73ba127e06d8e79"},"breadcrumb":{"@id":"https:\/\/kibrisdakik.com\/?p=67856#breadcrumb"},"inLanguage":"tr","potentialAction":[{"@type":"ReadAction","target":["https:\/\/kibrisdakik.com\/?p=67856"]}]},{"@type":"ImageObject","inLanguage":"tr","@id":"https:\/\/kibrisdakik.com\/?p=67856#primaryimage","url":"https:\/\/kibrisdakik.com\/wp-content\/uploads\/2024\/10\/ataoglu-scaled-740x420.jpg","contentUrl":"https:\/\/kibrisdakik.com\/wp-content\/uploads\/2024\/10\/ataoglu-scaled-740x420.jpg","width":2560,"height":1707},{"@type":"BreadcrumbList","@id":"https:\/\/kibrisdakik.com\/?p=67856#breadcrumb","itemListElement":[{"@type":"ListItem","position":1,"name":"Home","item":"https:\/\/kibrisdakik.com\/"},{"@type":"ListItem","position":2,"name":"Atao\u011flu:Cumhuriyetin de\u011ferlerini ya\u015fatmak ve gelecek nesillere en g\u00fc\u00e7l\u00fc miras olarak b\u0131rakmak en b\u00fcy\u00fck sorumlulu\u011fumuzdur"}]},{"@type":"WebSite","@id":"https:\/\/kibrisdakik.com\/#website","url":"https:\/\/kibrisdakik.com\/","name":"","description":"Tam vaktinde haber","potentialAction":[{"@type":"SearchAction","target":{"@type":"EntryPoint","urlTemplate":"https:\/\/kibrisdakik.com\/?s={search_term_string}"},"query-input":{"@type":"PropertyValueSpecification","valueRequired":true,"valueName":"search_term_string"}}],"inLanguage":"tr"},{"@type":"Person","@id":"https:\/\/kibrisdakik.com\/#\/schema\/person\/9cd9d437bbb44f72b73ba127e06d8e79","name":"admin","image":{"@type":"ImageObject","inLanguage":"tr","@id":"https:\/\/secure.gravatar.com\/avatar\/ccc17943b9d660506c869530f897617f7cb1c21a4bf30023f252596d83e1f007?s=96&d=mm&r=g","url":"https:\/\/secure.gravatar.com\/avatar\/ccc17943b9d660506c869530f897617f7cb1c21a4bf30023f252596d83e1f007?s=96&d=mm&r=g","contentUrl":"https:\/\/secure.gravatar.com\/avatar\/ccc17943b9d660506c869530f897617f7cb1c21a4bf30023f252596d83e1f007?s=96&d=mm&r=g","caption":"admin"},"sameAs":["https:\/\/kibrisdakik.com"],"url":"https:\/\/kibrisdakik.com\/?author=1"}]}},"_links":{"self":[{"href":"https:\/\/kibrisdakik.com\/index.php?rest_route=\/wp\/v2\/posts\/67856","targetHints":{"allow":["GET"]}}],"collection":[{"href":"https:\/\/kibrisdakik.com\/index.php?rest_route=\/wp\/v2\/posts"}],"about":[{"href":"https:\/\/kibrisdakik.com\/index.php?rest_route=\/wp\/v2\/types\/post"}],"author":[{"embeddable":true,"href":"https:\/\/kibrisdakik.com\/index.php?rest_route=\/wp\/v2\/users\/1"}],"replies":[{"embeddable":true,"href":"https:\/\/kibrisdakik.com\/index.php?rest_route=%2Fwp%2Fv2%2Fcomments&post=67856"}],"version-history":[{"count":0,"href":"https:\/\/kibrisdakik.com\/index.php?rest_route=\/wp\/v2\/posts\/67856\/revisions"}],"wp:featuredmedia":[{"embeddable":true,"href":"https:\/\/kibrisdakik.com\/index.php?rest_route=\/wp\/v2\/media\/67623"}],"wp:attachment":[{"href":"https:\/\/kibrisdakik.com\/index.php?rest_route=%2Fwp%2Fv2%2Fmedia&parent=67856"}],"wp:term":[{"taxonomy":"category","embeddable":true,"href":"https:\/\/kibrisdakik.com\/index.php?rest_route=%2Fwp%2Fv2%2Fcategories&post=67856"},{"taxonomy":"post_tag","embeddable":true,"href":"https:\/\/kibrisdakik.com\/index.php?rest_route=%2Fwp%2Fv2%2Ftags&post=67856"}],"curies":[{"name":"wp","href":"https:\/\/api.w.org\/{rel}","templated":true}]}}