{"id":67903,"date":"2024-10-29T13:31:46","date_gmt":"2024-10-29T10:31:46","guid":{"rendered":"https:\/\/kibrisdakik.com\/index.php\/2024\/10\/29\/29-ekim-iskelede-torenlerle-kutlandi\/"},"modified":"2024-10-29T13:31:46","modified_gmt":"2024-10-29T10:31:46","slug":"29-ekim-iskelede-torenlerle-kutlandi","status":"publish","type":"post","link":"https:\/\/kibrisdakik.com\/?p=67903","title":{"rendered":"29 Ekim \u0130skele\u2019de t\u00f6renlerle kutland\u0131"},"content":{"rendered":"<div>\n<div class=\"mariselle-image-container center\">\n                                            <\/div>\n<p>\t29 Ekim Cumhuriyet Bayram\u0131\u2019n\u0131n 101. Y\u0131l co\u015fkusu t\u00fcm b\u00f6lgelerde oldu\u011fu gibi \u0130skele\u2019de de ya\u015fand\u0131.<br \/>Cumhuriyet\u2019in 101. Y\u0131l\u0131 nedeniyle \u0130skele\u2019de iki ayr\u0131 t\u00f6ren d\u00fczenlendi.<\/p>\n<p>Cumhuriyetin 101. Y\u0131l\u0131 \u0130skele\u2019de iki ayr\u0131 t\u00f6renle co\u015fkuyla kutland\u0131.<\/p>\n<p>\t\u0130skele Ecevit Meydan\u0131\u2019nda d\u00fczenlenen ilk t\u00f6ren \u00e7elenklerin Atat\u00fcrk B\u00fcst\u00fc\u2019ne konulmas\u0131yla ba\u015flad\u0131.<br \/>Sayg\u0131 duru\u015funda bulunulmas\u0131n\u0131n ard\u0131ndan t\u00f6ren \u0130stiklal Mar\u015f\u0131\u2019n\u0131n okunmas\u0131yla son buldu.<\/p>\n<p>\tT\u00f6renin ikinci b\u00f6l\u00fcm\u00fc protokole dair zevat\u0131n t\u00f6ren birlikleri ve halk\u0131n bayram\u0131n\u0131 kutlamas\u0131yla ba\u015flad\u0131.<br \/>Daha sonra G\u00fcvenlik Kuvvetleri Komutanl\u0131\u011f\u0131 Bando Konseri ger\u00e7ekle\u015ftirildi.<\/p>\n<p>\tT\u00f6rende g\u00fcn\u00fcn anlam ve \u00f6nemine ili\u015fkin bir konu\u015fma yapan Bekirpa\u015fa Lisesi \u00f6\u011fretmenlerinden Elif Ayd\u0131n Besimo\u011flu , 29 Ekim 1923 y\u0131l\u0131nda sadece saltanat\u0131n kald\u0131r\u0131larak Cumhuriyetin ilan\u0131 edilmedi\u011fini ayn\u0131 zamanda anlay\u0131\u015f ve ya\u015fam \u015feklinin de de\u011fi\u015ftirilerek, T\u00fcrk\u2019e en \u00e7ok yak\u0131\u015fan idare bi\u00e7iminin devlete egemen oldu\u011funu vurgulad\u0131.<\/p>\n<p>\tB\u00f6lge okul \u00f6\u011frencilerinin okuduklar\u0131 \u015fiirlerle devam eden \u0130skele\u2019deki t\u00f6ren \u0130skele Belediyesi Y\u0131ld\u0131zlar Halk Danslar\u0131 Toplulu\u011fu\u2019nun dans g\u00f6sterisi ile son buldu.<\/p>\n<\/p><\/div>\n<p><script async\n                    defer\n                    crossorigin=\"anonymous\"\n                    src=\"https:\/\/connect.facebook.net\/tr_TR\/sdk.js#xfbml=1&#038;version=v3.3\"\n            ><\/script><\/p>\n","protected":false},"excerpt":{"rendered":"<p>29 Ekim Cumhuriyet Bayram\u0131\u2019n\u0131n 101. Y\u0131l co\u015fkusu t\u00fcm b\u00f6lgelerde oldu\u011fu gibi \u0130skele\u2019de de ya\u015fand\u0131.Cumhuriyet\u2019in 101. Y\u0131l\u0131 nedeniyle \u0130skele\u2019de iki ayr\u0131 t\u00f6ren d\u00fczenlendi. Cumhuriyetin 101. Y\u0131l\u0131 \u0130skele\u2019de iki ayr\u0131 t\u00f6renle co\u015fkuyla kutland\u0131. \u0130skele Ecevit Meydan\u0131\u2019nda d\u00fczenlenen ilk t\u00f6ren \u00e7elenklerin Atat\u00fcrk B\u00fcst\u00fc\u2019ne konulmas\u0131yla ba\u015flad\u0131.Sayg\u0131 duru\u015funda bulunulmas\u0131n\u0131n ard\u0131ndan t\u00f6ren \u0130stiklal Mar\u015f\u0131\u2019n\u0131n okunmas\u0131yla son buldu. T\u00f6renin ikinci b\u00f6l\u00fcm\u00fc protokole<\/p>\n","protected":false},"author":1,"featured_media":67904,"comment_status":"open","ping_status":"open","sticky":false,"template":"","format":"standard","meta":{"footnotes":""},"categories":[81],"tags":[],"class_list":["post-67903","post","type-post","status-publish","format-standard","has-post-thumbnail","hentry","category-kibris"],"yoast_head":"<!-- This site is optimized with the Yoast SEO plugin v27.4 - https:\/\/yoast.com\/product\/yoast-seo-wordpress\/ -->\n<title>29 Ekim \u0130skele\u2019de t\u00f6renlerle kutland\u0131 -<\/title>\n<meta name=\"robots\" content=\"index, follow, max-snippet:-1, max-image-preview:large, max-video-preview:-1\" \/>\n<link rel=\"canonical\" href=\"https:\/\/kibrisdakik.com\/?p=67903\" \/>\n<meta property=\"og:locale\" content=\"tr_TR\" \/>\n<meta property=\"og:type\" content=\"article\" \/>\n<meta property=\"og:title\" content=\"29 Ekim \u0130skele\u2019de t\u00f6renlerle kutland\u0131 -\" \/>\n<meta property=\"og:description\" content=\"29 Ekim Cumhuriyet Bayram\u0131\u2019n\u0131n 101. Y\u0131l co\u015fkusu t\u00fcm b\u00f6lgelerde oldu\u011fu gibi \u0130skele\u2019de de ya\u015fand\u0131.Cumhuriyet\u2019in 101. Y\u0131l\u0131 nedeniyle \u0130skele\u2019de iki ayr\u0131 t\u00f6ren d\u00fczenlendi. Cumhuriyetin 101. Y\u0131l\u0131 \u0130skele\u2019de iki ayr\u0131 t\u00f6renle co\u015fkuyla kutland\u0131. \u0130skele Ecevit Meydan\u0131\u2019nda d\u00fczenlenen ilk t\u00f6ren \u00e7elenklerin Atat\u00fcrk B\u00fcst\u00fc\u2019ne konulmas\u0131yla ba\u015flad\u0131.Sayg\u0131 duru\u015funda bulunulmas\u0131n\u0131n ard\u0131ndan t\u00f6ren \u0130stiklal Mar\u015f\u0131\u2019n\u0131n okunmas\u0131yla son buldu. T\u00f6renin ikinci b\u00f6l\u00fcm\u00fc protokole\" \/>\n<meta property=\"og:url\" content=\"https:\/\/kibrisdakik.com\/?p=67903\" \/>\n<meta property=\"article:published_time\" content=\"2024-10-29T10:31:46+00:00\" \/>\n<meta property=\"og:image\" content=\"https:\/\/kibrisdakik.com\/wp-content\/uploads\/2024\/10\/isk-740x420.jpg\" \/>\n\t<meta property=\"og:image:width\" content=\"1587\" \/>\n\t<meta property=\"og:image:height\" content=\"1071\" \/>\n\t<meta property=\"og:image:type\" content=\"image\/jpeg\" \/>\n<meta name=\"author\" content=\"admin\" \/>\n<meta name=\"twitter:card\" content=\"summary_large_image\" \/>\n<meta name=\"twitter:label1\" content=\"Yazan:\" \/>\n\t<meta name=\"twitter:data1\" content=\"admin\" \/>\n\t<meta name=\"twitter:label2\" content=\"Tahmini okuma s\u00fcresi\" \/>\n\t<meta name=\"twitter:data2\" content=\"1 dakika\" \/>\n<script type=\"application\/ld+json\" class=\"yoast-schema-graph\">{\"@context\":\"https:\\\/\\\/schema.org\",\"@graph\":[{\"@type\":\"Article\",\"@id\":\"https:\\\/\\\/kibrisdakik.com\\\/?p=67903#article\",\"isPartOf\":{\"@id\":\"https:\\\/\\\/kibrisdakik.com\\\/?p=67903\"},\"author\":{\"name\":\"admin\",\"@id\":\"https:\\\/\\\/kibrisdakik.com\\\/#\\\/schema\\\/person\\\/9cd9d437bbb44f72b73ba127e06d8e79\"},\"headline\":\"29 Ekim \u0130skele\u2019de t\u00f6renlerle kutland\u0131\",\"datePublished\":\"2024-10-29T10:31:46+00:00\",\"mainEntityOfPage\":{\"@id\":\"https:\\\/\\\/kibrisdakik.com\\\/?p=67903\"},\"wordCount\":213,\"commentCount\":0,\"image\":{\"@id\":\"https:\\\/\\\/kibrisdakik.com\\\/?p=67903#primaryimage\"},\"thumbnailUrl\":\"https:\\\/\\\/kibrisdakik.com\\\/wp-content\\\/uploads\\\/2024\\\/10\\\/isk-740x420.jpg\",\"articleSection\":[\"K\u0131br\u0131s\"],\"inLanguage\":\"tr\",\"potentialAction\":[{\"@type\":\"CommentAction\",\"name\":\"Comment\",\"target\":[\"https:\\\/\\\/kibrisdakik.com\\\/?p=67903#respond\"]}]},{\"@type\":\"WebPage\",\"@id\":\"https:\\\/\\\/kibrisdakik.com\\\/?p=67903\",\"url\":\"https:\\\/\\\/kibrisdakik.com\\\/?p=67903\",\"name\":\"29 Ekim \u0130skele\u2019de t\u00f6renlerle kutland\u0131 -\",\"isPartOf\":{\"@id\":\"https:\\\/\\\/kibrisdakik.com\\\/#website\"},\"primaryImageOfPage\":{\"@id\":\"https:\\\/\\\/kibrisdakik.com\\\/?p=67903#primaryimage\"},\"image\":{\"@id\":\"https:\\\/\\\/kibrisdakik.com\\\/?p=67903#primaryimage\"},\"thumbnailUrl\":\"https:\\\/\\\/kibrisdakik.com\\\/wp-content\\\/uploads\\\/2024\\\/10\\\/isk-740x420.jpg\",\"datePublished\":\"2024-10-29T10:31:46+00:00\",\"author\":{\"@id\":\"https:\\\/\\\/kibrisdakik.com\\\/#\\\/schema\\\/person\\\/9cd9d437bbb44f72b73ba127e06d8e79\"},\"breadcrumb\":{\"@id\":\"https:\\\/\\\/kibrisdakik.com\\\/?p=67903#breadcrumb\"},\"inLanguage\":\"tr\",\"potentialAction\":[{\"@type\":\"ReadAction\",\"target\":[\"https:\\\/\\\/kibrisdakik.com\\\/?p=67903\"]}]},{\"@type\":\"ImageObject\",\"inLanguage\":\"tr\",\"@id\":\"https:\\\/\\\/kibrisdakik.com\\\/?p=67903#primaryimage\",\"url\":\"https:\\\/\\\/kibrisdakik.com\\\/wp-content\\\/uploads\\\/2024\\\/10\\\/isk-740x420.jpg\",\"contentUrl\":\"https:\\\/\\\/kibrisdakik.com\\\/wp-content\\\/uploads\\\/2024\\\/10\\\/isk-740x420.jpg\",\"width\":1587,\"height\":1071},{\"@type\":\"BreadcrumbList\",\"@id\":\"https:\\\/\\\/kibrisdakik.com\\\/?p=67903#breadcrumb\",\"itemListElement\":[{\"@type\":\"ListItem\",\"position\":1,\"name\":\"Home\",\"item\":\"https:\\\/\\\/kibrisdakik.com\\\/\"},{\"@type\":\"ListItem\",\"position\":2,\"name\":\"29 Ekim \u0130skele\u2019de t\u00f6renlerle kutland\u0131\"}]},{\"@type\":\"WebSite\",\"@id\":\"https:\\\/\\\/kibrisdakik.com\\\/#website\",\"url\":\"https:\\\/\\\/kibrisdakik.com\\\/\",\"name\":\"\",\"description\":\"Tam vaktinde haber\",\"potentialAction\":[{\"@type\":\"SearchAction\",\"target\":{\"@type\":\"EntryPoint\",\"urlTemplate\":\"https:\\\/\\\/kibrisdakik.com\\\/?s={search_term_string}\"},\"query-input\":{\"@type\":\"PropertyValueSpecification\",\"valueRequired\":true,\"valueName\":\"search_term_string\"}}],\"inLanguage\":\"tr\"},{\"@type\":\"Person\",\"@id\":\"https:\\\/\\\/kibrisdakik.com\\\/#\\\/schema\\\/person\\\/9cd9d437bbb44f72b73ba127e06d8e79\",\"name\":\"admin\",\"image\":{\"@type\":\"ImageObject\",\"inLanguage\":\"tr\",\"@id\":\"https:\\\/\\\/secure.gravatar.com\\\/avatar\\\/ccc17943b9d660506c869530f897617f7cb1c21a4bf30023f252596d83e1f007?s=96&d=mm&r=g\",\"url\":\"https:\\\/\\\/secure.gravatar.com\\\/avatar\\\/ccc17943b9d660506c869530f897617f7cb1c21a4bf30023f252596d83e1f007?s=96&d=mm&r=g\",\"contentUrl\":\"https:\\\/\\\/secure.gravatar.com\\\/avatar\\\/ccc17943b9d660506c869530f897617f7cb1c21a4bf30023f252596d83e1f007?s=96&d=mm&r=g\",\"caption\":\"admin\"},\"sameAs\":[\"https:\\\/\\\/kibrisdakik.com\"],\"url\":\"https:\\\/\\\/kibrisdakik.com\\\/?author=1\"}]}<\/script>\n<!-- \/ Yoast SEO plugin. -->","yoast_head_json":{"title":"29 Ekim \u0130skele\u2019de t\u00f6renlerle kutland\u0131 -","robots":{"index":"index","follow":"follow","max-snippet":"max-snippet:-1","max-image-preview":"max-image-preview:large","max-video-preview":"max-video-preview:-1"},"canonical":"https:\/\/kibrisdakik.com\/?p=67903","og_locale":"tr_TR","og_type":"article","og_title":"29 Ekim \u0130skele\u2019de t\u00f6renlerle kutland\u0131 -","og_description":"29 Ekim Cumhuriyet Bayram\u0131\u2019n\u0131n 101. Y\u0131l co\u015fkusu t\u00fcm b\u00f6lgelerde oldu\u011fu gibi \u0130skele\u2019de de ya\u015fand\u0131.Cumhuriyet\u2019in 101. Y\u0131l\u0131 nedeniyle \u0130skele\u2019de iki ayr\u0131 t\u00f6ren d\u00fczenlendi. Cumhuriyetin 101. Y\u0131l\u0131 \u0130skele\u2019de iki ayr\u0131 t\u00f6renle co\u015fkuyla kutland\u0131. \u0130skele Ecevit Meydan\u0131\u2019nda d\u00fczenlenen ilk t\u00f6ren \u00e7elenklerin Atat\u00fcrk B\u00fcst\u00fc\u2019ne konulmas\u0131yla ba\u015flad\u0131.Sayg\u0131 duru\u015funda bulunulmas\u0131n\u0131n ard\u0131ndan t\u00f6ren \u0130stiklal Mar\u015f\u0131\u2019n\u0131n okunmas\u0131yla son buldu. T\u00f6renin ikinci b\u00f6l\u00fcm\u00fc protokole","og_url":"https:\/\/kibrisdakik.com\/?p=67903","article_published_time":"2024-10-29T10:31:46+00:00","og_image":[{"width":1587,"height":1071,"url":"https:\/\/kibrisdakik.com\/wp-content\/uploads\/2024\/10\/isk-740x420.jpg","type":"image\/jpeg"}],"author":"admin","twitter_card":"summary_large_image","twitter_misc":{"Yazan:":"admin","Tahmini okuma s\u00fcresi":"1 dakika"},"schema":{"@context":"https:\/\/schema.org","@graph":[{"@type":"Article","@id":"https:\/\/kibrisdakik.com\/?p=67903#article","isPartOf":{"@id":"https:\/\/kibrisdakik.com\/?p=67903"},"author":{"name":"admin","@id":"https:\/\/kibrisdakik.com\/#\/schema\/person\/9cd9d437bbb44f72b73ba127e06d8e79"},"headline":"29 Ekim \u0130skele\u2019de t\u00f6renlerle kutland\u0131","datePublished":"2024-10-29T10:31:46+00:00","mainEntityOfPage":{"@id":"https:\/\/kibrisdakik.com\/?p=67903"},"wordCount":213,"commentCount":0,"image":{"@id":"https:\/\/kibrisdakik.com\/?p=67903#primaryimage"},"thumbnailUrl":"https:\/\/kibrisdakik.com\/wp-content\/uploads\/2024\/10\/isk-740x420.jpg","articleSection":["K\u0131br\u0131s"],"inLanguage":"tr","potentialAction":[{"@type":"CommentAction","name":"Comment","target":["https:\/\/kibrisdakik.com\/?p=67903#respond"]}]},{"@type":"WebPage","@id":"https:\/\/kibrisdakik.com\/?p=67903","url":"https:\/\/kibrisdakik.com\/?p=67903","name":"29 Ekim \u0130skele\u2019de t\u00f6renlerle kutland\u0131 -","isPartOf":{"@id":"https:\/\/kibrisdakik.com\/#website"},"primaryImageOfPage":{"@id":"https:\/\/kibrisdakik.com\/?p=67903#primaryimage"},"image":{"@id":"https:\/\/kibrisdakik.com\/?p=67903#primaryimage"},"thumbnailUrl":"https:\/\/kibrisdakik.com\/wp-content\/uploads\/2024\/10\/isk-740x420.jpg","datePublished":"2024-10-29T10:31:46+00:00","author":{"@id":"https:\/\/kibrisdakik.com\/#\/schema\/person\/9cd9d437bbb44f72b73ba127e06d8e79"},"breadcrumb":{"@id":"https:\/\/kibrisdakik.com\/?p=67903#breadcrumb"},"inLanguage":"tr","potentialAction":[{"@type":"ReadAction","target":["https:\/\/kibrisdakik.com\/?p=67903"]}]},{"@type":"ImageObject","inLanguage":"tr","@id":"https:\/\/kibrisdakik.com\/?p=67903#primaryimage","url":"https:\/\/kibrisdakik.com\/wp-content\/uploads\/2024\/10\/isk-740x420.jpg","contentUrl":"https:\/\/kibrisdakik.com\/wp-content\/uploads\/2024\/10\/isk-740x420.jpg","width":1587,"height":1071},{"@type":"BreadcrumbList","@id":"https:\/\/kibrisdakik.com\/?p=67903#breadcrumb","itemListElement":[{"@type":"ListItem","position":1,"name":"Home","item":"https:\/\/kibrisdakik.com\/"},{"@type":"ListItem","position":2,"name":"29 Ekim \u0130skele\u2019de t\u00f6renlerle kutland\u0131"}]},{"@type":"WebSite","@id":"https:\/\/kibrisdakik.com\/#website","url":"https:\/\/kibrisdakik.com\/","name":"","description":"Tam vaktinde haber","potentialAction":[{"@type":"SearchAction","target":{"@type":"EntryPoint","urlTemplate":"https:\/\/kibrisdakik.com\/?s={search_term_string}"},"query-input":{"@type":"PropertyValueSpecification","valueRequired":true,"valueName":"search_term_string"}}],"inLanguage":"tr"},{"@type":"Person","@id":"https:\/\/kibrisdakik.com\/#\/schema\/person\/9cd9d437bbb44f72b73ba127e06d8e79","name":"admin","image":{"@type":"ImageObject","inLanguage":"tr","@id":"https:\/\/secure.gravatar.com\/avatar\/ccc17943b9d660506c869530f897617f7cb1c21a4bf30023f252596d83e1f007?s=96&d=mm&r=g","url":"https:\/\/secure.gravatar.com\/avatar\/ccc17943b9d660506c869530f897617f7cb1c21a4bf30023f252596d83e1f007?s=96&d=mm&r=g","contentUrl":"https:\/\/secure.gravatar.com\/avatar\/ccc17943b9d660506c869530f897617f7cb1c21a4bf30023f252596d83e1f007?s=96&d=mm&r=g","caption":"admin"},"sameAs":["https:\/\/kibrisdakik.com"],"url":"https:\/\/kibrisdakik.com\/?author=1"}]}},"_links":{"self":[{"href":"https:\/\/kibrisdakik.com\/index.php?rest_route=\/wp\/v2\/posts\/67903","targetHints":{"allow":["GET"]}}],"collection":[{"href":"https:\/\/kibrisdakik.com\/index.php?rest_route=\/wp\/v2\/posts"}],"about":[{"href":"https:\/\/kibrisdakik.com\/index.php?rest_route=\/wp\/v2\/types\/post"}],"author":[{"embeddable":true,"href":"https:\/\/kibrisdakik.com\/index.php?rest_route=\/wp\/v2\/users\/1"}],"replies":[{"embeddable":true,"href":"https:\/\/kibrisdakik.com\/index.php?rest_route=%2Fwp%2Fv2%2Fcomments&post=67903"}],"version-history":[{"count":0,"href":"https:\/\/kibrisdakik.com\/index.php?rest_route=\/wp\/v2\/posts\/67903\/revisions"}],"wp:featuredmedia":[{"embeddable":true,"href":"https:\/\/kibrisdakik.com\/index.php?rest_route=\/wp\/v2\/media\/67904"}],"wp:attachment":[{"href":"https:\/\/kibrisdakik.com\/index.php?rest_route=%2Fwp%2Fv2%2Fmedia&parent=67903"}],"wp:term":[{"taxonomy":"category","embeddable":true,"href":"https:\/\/kibrisdakik.com\/index.php?rest_route=%2Fwp%2Fv2%2Fcategories&post=67903"},{"taxonomy":"post_tag","embeddable":true,"href":"https:\/\/kibrisdakik.com\/index.php?rest_route=%2Fwp%2Fv2%2Ftags&post=67903"}],"curies":[{"name":"wp","href":"https:\/\/api.w.org\/{rel}","templated":true}]}}