{"id":67912,"date":"2024-10-29T10:31:03","date_gmt":"2024-10-29T07:31:03","guid":{"rendered":"https:\/\/kibrisdakik.com\/index.php\/2024\/10\/29\/israilin-gazze-seridinin-kuzeyinde-bes-katli-bir-binaya-duzenledigi-saldirida-en-az-40-filistinli-oldu\/"},"modified":"2024-10-29T10:31:03","modified_gmt":"2024-10-29T07:31:03","slug":"israilin-gazze-seridinin-kuzeyinde-bes-katli-bir-binaya-duzenledigi-saldirida-en-az-40-filistinli-oldu","status":"publish","type":"post","link":"https:\/\/kibrisdakik.com\/?p=67912","title":{"rendered":"\u0130srail\u2019in Gazze \u015eeridi\u2019nin kuzeyinde be\u015f katl\u0131 bir binaya d\u00fczenledi\u011fi sald\u0131r\u0131da en az 40 Filistinli \u00f6ld\u00fc"},"content":{"rendered":"<p><\/p>\n<div>\n<div class=\"mariselle-image-container none\">\n                <img loading=\"lazy\" decoding=\"async\" width=\"864\" height=\"486\" class=\"lazy-image\" alt=\"\" sizes=\"auto, (max-width: 864px) 100vw, 864px\" src=\"https:\/\/brtk.net\/wp-content\/uploads\/2024\/10\/29\/gazze.jpg?ver=0f3b69360a731a42bada67a76e82e597\" srcset=\"https:\/\/brtk.net\/wp-content\/uploads\/2024\/10\/29\/gazze.jpg?ver=0f3b69360a731a42bada67a76e82e597 864w, https:\/\/brtk.net\/wp-content\/uploads\/2024\/10\/29\/gazze-300x169.jpg?ver=02cc42eb968e6e94509ded0c7fac29f2 300w, https:\/\/brtk.net\/wp-content\/uploads\/2024\/10\/29\/gazze-768x432.jpg?ver=02cc42eb968e6e94509ded0c7fac29f2 768w\"\/>                            <\/div>\n<p>\n\u0130srail ordusunun Gazze \u015eeridi\u2019nin kuzeyindeki Me\u015fru Beyt Lahiya b\u00f6lgesine d\u00fczenledi\u011fi sald\u0131r\u0131da en az 40 ki\u015fi hayat\u0131n\u0131 kaybetti.<\/p>\n<p>Yerel kaynaklardan al\u0131nan bilgiye g\u00f6re, \u0130srail ordusu Gazze \u015eeridi\u2019nin kuzeyindeki Me\u015fru Beyt Lahiya\u2019da be\u015f katl\u0131 bir binay\u0131 bombalad\u0131.<\/p>\n<p>Sald\u0131r\u0131da ilk belirlemelere g\u00f6re 40 ki\u015fi hayat\u0131n\u0131 kaybetti.<\/p>\n<\/p><\/div>\n<p><script async\n                    defer\n                    crossorigin=\"anonymous\"\n                    src=\"https:\/\/connect.facebook.net\/tr_TR\/sdk.js#xfbml=1&#038;version=v3.3\"\n            ><\/script><\/p>\n","protected":false},"excerpt":{"rendered":"<p>\u0130srail ordusunun Gazze \u015eeridi\u2019nin kuzeyindeki Me\u015fru Beyt Lahiya b\u00f6lgesine d\u00fczenledi\u011fi sald\u0131r\u0131da en az 40 ki\u015fi hayat\u0131n\u0131 kaybetti. Yerel kaynaklardan al\u0131nan bilgiye g\u00f6re, \u0130srail ordusu Gazze \u015eeridi\u2019nin kuzeyindeki Me\u015fru Beyt Lahiya\u2019da be\u015f katl\u0131 bir binay\u0131 bombalad\u0131. Sald\u0131r\u0131da ilk belirlemelere g\u00f6re 40 ki\u015fi hayat\u0131n\u0131 kaybetti.<\/p>\n","protected":false},"author":1,"featured_media":67913,"comment_status":"open","ping_status":"open","sticky":false,"template":"","format":"standard","meta":{"footnotes":""},"categories":[1],"tags":[],"class_list":["post-67912","post","type-post","status-publish","format-standard","has-post-thumbnail","hentry","category-gundem"],"yoast_head":"<!-- This site is optimized with the Yoast SEO plugin v27.5 - https:\/\/yoast.com\/product\/yoast-seo-wordpress\/ -->\n<title>\u0130srail\u2019in Gazze \u015eeridi\u2019nin kuzeyinde be\u015f katl\u0131 bir binaya d\u00fczenledi\u011fi sald\u0131r\u0131da en az 40 Filistinli \u00f6ld\u00fc -<\/title>\n<meta name=\"robots\" content=\"index, follow, max-snippet:-1, max-image-preview:large, max-video-preview:-1\" \/>\n<link rel=\"canonical\" href=\"https:\/\/kibrisdakik.com\/?p=67912\" \/>\n<meta property=\"og:locale\" content=\"tr_TR\" \/>\n<meta property=\"og:type\" content=\"article\" \/>\n<meta property=\"og:title\" content=\"\u0130srail\u2019in Gazze \u015eeridi\u2019nin kuzeyinde be\u015f katl\u0131 bir binaya d\u00fczenledi\u011fi sald\u0131r\u0131da en az 40 Filistinli \u00f6ld\u00fc -\" \/>\n<meta property=\"og:description\" content=\"\u0130srail ordusunun Gazze \u015eeridi\u2019nin kuzeyindeki Me\u015fru Beyt Lahiya b\u00f6lgesine d\u00fczenledi\u011fi sald\u0131r\u0131da en az 40 ki\u015fi hayat\u0131n\u0131 kaybetti. Yerel kaynaklardan al\u0131nan bilgiye g\u00f6re, \u0130srail ordusu Gazze \u015eeridi\u2019nin kuzeyindeki Me\u015fru Beyt Lahiya\u2019da be\u015f katl\u0131 bir binay\u0131 bombalad\u0131. Sald\u0131r\u0131da ilk belirlemelere g\u00f6re 40 ki\u015fi hayat\u0131n\u0131 kaybetti.\" \/>\n<meta property=\"og:url\" content=\"https:\/\/kibrisdakik.com\/?p=67912\" \/>\n<meta property=\"article:published_time\" content=\"2024-10-29T07:31:03+00:00\" \/>\n<meta property=\"og:image\" content=\"https:\/\/kibrisdakik.com\/wp-content\/uploads\/2024\/10\/gazze-740x420.jpg\" \/>\n\t<meta property=\"og:image:width\" content=\"864\" \/>\n\t<meta property=\"og:image:height\" content=\"486\" \/>\n\t<meta property=\"og:image:type\" content=\"image\/jpeg\" \/>\n<meta name=\"author\" content=\"admin\" \/>\n<meta name=\"twitter:card\" content=\"summary_large_image\" \/>\n<meta name=\"twitter:label1\" content=\"Yazan:\" \/>\n\t<meta name=\"twitter:data1\" content=\"admin\" \/>\n<script type=\"application\/ld+json\" class=\"yoast-schema-graph\">{\"@context\":\"https:\\\/\\\/schema.org\",\"@graph\":[{\"@type\":\"Article\",\"@id\":\"https:\\\/\\\/kibrisdakik.com\\\/?p=67912#article\",\"isPartOf\":{\"@id\":\"https:\\\/\\\/kibrisdakik.com\\\/?p=67912\"},\"author\":{\"name\":\"admin\",\"@id\":\"https:\\\/\\\/kibrisdakik.com\\\/#\\\/schema\\\/person\\\/9cd9d437bbb44f72b73ba127e06d8e79\"},\"headline\":\"\u0130srail\u2019in Gazze \u015eeridi\u2019nin kuzeyinde be\u015f katl\u0131 bir binaya d\u00fczenledi\u011fi sald\u0131r\u0131da en az 40 Filistinli \u00f6ld\u00fc\",\"datePublished\":\"2024-10-29T07:31:03+00:00\",\"mainEntityOfPage\":{\"@id\":\"https:\\\/\\\/kibrisdakik.com\\\/?p=67912\"},\"wordCount\":80,\"commentCount\":0,\"image\":{\"@id\":\"https:\\\/\\\/kibrisdakik.com\\\/?p=67912#primaryimage\"},\"thumbnailUrl\":\"https:\\\/\\\/kibrisdakik.com\\\/wp-content\\\/uploads\\\/2024\\\/10\\\/gazze-740x420.jpg\",\"articleSection\":[\"G\u00fcndem\"],\"inLanguage\":\"tr\",\"potentialAction\":[{\"@type\":\"CommentAction\",\"name\":\"Comment\",\"target\":[\"https:\\\/\\\/kibrisdakik.com\\\/?p=67912#respond\"]}]},{\"@type\":\"WebPage\",\"@id\":\"https:\\\/\\\/kibrisdakik.com\\\/?p=67912\",\"url\":\"https:\\\/\\\/kibrisdakik.com\\\/?p=67912\",\"name\":\"\u0130srail\u2019in Gazze \u015eeridi\u2019nin kuzeyinde be\u015f katl\u0131 bir binaya d\u00fczenledi\u011fi sald\u0131r\u0131da en az 40 Filistinli \u00f6ld\u00fc -\",\"isPartOf\":{\"@id\":\"https:\\\/\\\/kibrisdakik.com\\\/#website\"},\"primaryImageOfPage\":{\"@id\":\"https:\\\/\\\/kibrisdakik.com\\\/?p=67912#primaryimage\"},\"image\":{\"@id\":\"https:\\\/\\\/kibrisdakik.com\\\/?p=67912#primaryimage\"},\"thumbnailUrl\":\"https:\\\/\\\/kibrisdakik.com\\\/wp-content\\\/uploads\\\/2024\\\/10\\\/gazze-740x420.jpg\",\"datePublished\":\"2024-10-29T07:31:03+00:00\",\"author\":{\"@id\":\"https:\\\/\\\/kibrisdakik.com\\\/#\\\/schema\\\/person\\\/9cd9d437bbb44f72b73ba127e06d8e79\"},\"breadcrumb\":{\"@id\":\"https:\\\/\\\/kibrisdakik.com\\\/?p=67912#breadcrumb\"},\"inLanguage\":\"tr\",\"potentialAction\":[{\"@type\":\"ReadAction\",\"target\":[\"https:\\\/\\\/kibrisdakik.com\\\/?p=67912\"]}]},{\"@type\":\"ImageObject\",\"inLanguage\":\"tr\",\"@id\":\"https:\\\/\\\/kibrisdakik.com\\\/?p=67912#primaryimage\",\"url\":\"https:\\\/\\\/kibrisdakik.com\\\/wp-content\\\/uploads\\\/2024\\\/10\\\/gazze-740x420.jpg\",\"contentUrl\":\"https:\\\/\\\/kibrisdakik.com\\\/wp-content\\\/uploads\\\/2024\\\/10\\\/gazze-740x420.jpg\",\"width\":864,\"height\":486},{\"@type\":\"BreadcrumbList\",\"@id\":\"https:\\\/\\\/kibrisdakik.com\\\/?p=67912#breadcrumb\",\"itemListElement\":[{\"@type\":\"ListItem\",\"position\":1,\"name\":\"Home\",\"item\":\"https:\\\/\\\/kibrisdakik.com\\\/\"},{\"@type\":\"ListItem\",\"position\":2,\"name\":\"\u0130srail\u2019in Gazze \u015eeridi\u2019nin kuzeyinde be\u015f katl\u0131 bir binaya d\u00fczenledi\u011fi sald\u0131r\u0131da en az 40 Filistinli \u00f6ld\u00fc\"}]},{\"@type\":\"WebSite\",\"@id\":\"https:\\\/\\\/kibrisdakik.com\\\/#website\",\"url\":\"https:\\\/\\\/kibrisdakik.com\\\/\",\"name\":\"\",\"description\":\"Tam vaktinde haber\",\"potentialAction\":[{\"@type\":\"SearchAction\",\"target\":{\"@type\":\"EntryPoint\",\"urlTemplate\":\"https:\\\/\\\/kibrisdakik.com\\\/?s={search_term_string}\"},\"query-input\":{\"@type\":\"PropertyValueSpecification\",\"valueRequired\":true,\"valueName\":\"search_term_string\"}}],\"inLanguage\":\"tr\"},{\"@type\":\"Person\",\"@id\":\"https:\\\/\\\/kibrisdakik.com\\\/#\\\/schema\\\/person\\\/9cd9d437bbb44f72b73ba127e06d8e79\",\"name\":\"admin\",\"image\":{\"@type\":\"ImageObject\",\"inLanguage\":\"tr\",\"@id\":\"https:\\\/\\\/secure.gravatar.com\\\/avatar\\\/ccc17943b9d660506c869530f897617f7cb1c21a4bf30023f252596d83e1f007?s=96&d=mm&r=g\",\"url\":\"https:\\\/\\\/secure.gravatar.com\\\/avatar\\\/ccc17943b9d660506c869530f897617f7cb1c21a4bf30023f252596d83e1f007?s=96&d=mm&r=g\",\"contentUrl\":\"https:\\\/\\\/secure.gravatar.com\\\/avatar\\\/ccc17943b9d660506c869530f897617f7cb1c21a4bf30023f252596d83e1f007?s=96&d=mm&r=g\",\"caption\":\"admin\"},\"sameAs\":[\"https:\\\/\\\/kibrisdakik.com\"],\"url\":\"https:\\\/\\\/kibrisdakik.com\\\/?author=1\"}]}<\/script>\n<!-- \/ Yoast SEO plugin. -->","yoast_head_json":{"title":"\u0130srail\u2019in Gazze \u015eeridi\u2019nin kuzeyinde be\u015f katl\u0131 bir binaya d\u00fczenledi\u011fi sald\u0131r\u0131da en az 40 Filistinli \u00f6ld\u00fc -","robots":{"index":"index","follow":"follow","max-snippet":"max-snippet:-1","max-image-preview":"max-image-preview:large","max-video-preview":"max-video-preview:-1"},"canonical":"https:\/\/kibrisdakik.com\/?p=67912","og_locale":"tr_TR","og_type":"article","og_title":"\u0130srail\u2019in Gazze \u015eeridi\u2019nin kuzeyinde be\u015f katl\u0131 bir binaya d\u00fczenledi\u011fi sald\u0131r\u0131da en az 40 Filistinli \u00f6ld\u00fc -","og_description":"\u0130srail ordusunun Gazze \u015eeridi\u2019nin kuzeyindeki Me\u015fru Beyt Lahiya b\u00f6lgesine d\u00fczenledi\u011fi sald\u0131r\u0131da en az 40 ki\u015fi hayat\u0131n\u0131 kaybetti. Yerel kaynaklardan al\u0131nan bilgiye g\u00f6re, \u0130srail ordusu Gazze \u015eeridi\u2019nin kuzeyindeki Me\u015fru Beyt Lahiya\u2019da be\u015f katl\u0131 bir binay\u0131 bombalad\u0131. Sald\u0131r\u0131da ilk belirlemelere g\u00f6re 40 ki\u015fi hayat\u0131n\u0131 kaybetti.","og_url":"https:\/\/kibrisdakik.com\/?p=67912","article_published_time":"2024-10-29T07:31:03+00:00","og_image":[{"width":864,"height":486,"url":"https:\/\/kibrisdakik.com\/wp-content\/uploads\/2024\/10\/gazze-740x420.jpg","type":"image\/jpeg"}],"author":"admin","twitter_card":"summary_large_image","twitter_misc":{"Yazan:":"admin"},"schema":{"@context":"https:\/\/schema.org","@graph":[{"@type":"Article","@id":"https:\/\/kibrisdakik.com\/?p=67912#article","isPartOf":{"@id":"https:\/\/kibrisdakik.com\/?p=67912"},"author":{"name":"admin","@id":"https:\/\/kibrisdakik.com\/#\/schema\/person\/9cd9d437bbb44f72b73ba127e06d8e79"},"headline":"\u0130srail\u2019in Gazze \u015eeridi\u2019nin kuzeyinde be\u015f katl\u0131 bir binaya d\u00fczenledi\u011fi sald\u0131r\u0131da en az 40 Filistinli \u00f6ld\u00fc","datePublished":"2024-10-29T07:31:03+00:00","mainEntityOfPage":{"@id":"https:\/\/kibrisdakik.com\/?p=67912"},"wordCount":80,"commentCount":0,"image":{"@id":"https:\/\/kibrisdakik.com\/?p=67912#primaryimage"},"thumbnailUrl":"https:\/\/kibrisdakik.com\/wp-content\/uploads\/2024\/10\/gazze-740x420.jpg","articleSection":["G\u00fcndem"],"inLanguage":"tr","potentialAction":[{"@type":"CommentAction","name":"Comment","target":["https:\/\/kibrisdakik.com\/?p=67912#respond"]}]},{"@type":"WebPage","@id":"https:\/\/kibrisdakik.com\/?p=67912","url":"https:\/\/kibrisdakik.com\/?p=67912","name":"\u0130srail\u2019in Gazze \u015eeridi\u2019nin kuzeyinde be\u015f katl\u0131 bir binaya d\u00fczenledi\u011fi sald\u0131r\u0131da en az 40 Filistinli \u00f6ld\u00fc -","isPartOf":{"@id":"https:\/\/kibrisdakik.com\/#website"},"primaryImageOfPage":{"@id":"https:\/\/kibrisdakik.com\/?p=67912#primaryimage"},"image":{"@id":"https:\/\/kibrisdakik.com\/?p=67912#primaryimage"},"thumbnailUrl":"https:\/\/kibrisdakik.com\/wp-content\/uploads\/2024\/10\/gazze-740x420.jpg","datePublished":"2024-10-29T07:31:03+00:00","author":{"@id":"https:\/\/kibrisdakik.com\/#\/schema\/person\/9cd9d437bbb44f72b73ba127e06d8e79"},"breadcrumb":{"@id":"https:\/\/kibrisdakik.com\/?p=67912#breadcrumb"},"inLanguage":"tr","potentialAction":[{"@type":"ReadAction","target":["https:\/\/kibrisdakik.com\/?p=67912"]}]},{"@type":"ImageObject","inLanguage":"tr","@id":"https:\/\/kibrisdakik.com\/?p=67912#primaryimage","url":"https:\/\/kibrisdakik.com\/wp-content\/uploads\/2024\/10\/gazze-740x420.jpg","contentUrl":"https:\/\/kibrisdakik.com\/wp-content\/uploads\/2024\/10\/gazze-740x420.jpg","width":864,"height":486},{"@type":"BreadcrumbList","@id":"https:\/\/kibrisdakik.com\/?p=67912#breadcrumb","itemListElement":[{"@type":"ListItem","position":1,"name":"Home","item":"https:\/\/kibrisdakik.com\/"},{"@type":"ListItem","position":2,"name":"\u0130srail\u2019in Gazze \u015eeridi\u2019nin kuzeyinde be\u015f katl\u0131 bir binaya d\u00fczenledi\u011fi sald\u0131r\u0131da en az 40 Filistinli \u00f6ld\u00fc"}]},{"@type":"WebSite","@id":"https:\/\/kibrisdakik.com\/#website","url":"https:\/\/kibrisdakik.com\/","name":"","description":"Tam vaktinde haber","potentialAction":[{"@type":"SearchAction","target":{"@type":"EntryPoint","urlTemplate":"https:\/\/kibrisdakik.com\/?s={search_term_string}"},"query-input":{"@type":"PropertyValueSpecification","valueRequired":true,"valueName":"search_term_string"}}],"inLanguage":"tr"},{"@type":"Person","@id":"https:\/\/kibrisdakik.com\/#\/schema\/person\/9cd9d437bbb44f72b73ba127e06d8e79","name":"admin","image":{"@type":"ImageObject","inLanguage":"tr","@id":"https:\/\/secure.gravatar.com\/avatar\/ccc17943b9d660506c869530f897617f7cb1c21a4bf30023f252596d83e1f007?s=96&d=mm&r=g","url":"https:\/\/secure.gravatar.com\/avatar\/ccc17943b9d660506c869530f897617f7cb1c21a4bf30023f252596d83e1f007?s=96&d=mm&r=g","contentUrl":"https:\/\/secure.gravatar.com\/avatar\/ccc17943b9d660506c869530f897617f7cb1c21a4bf30023f252596d83e1f007?s=96&d=mm&r=g","caption":"admin"},"sameAs":["https:\/\/kibrisdakik.com"],"url":"https:\/\/kibrisdakik.com\/?author=1"}]}},"_links":{"self":[{"href":"https:\/\/kibrisdakik.com\/index.php?rest_route=\/wp\/v2\/posts\/67912","targetHints":{"allow":["GET"]}}],"collection":[{"href":"https:\/\/kibrisdakik.com\/index.php?rest_route=\/wp\/v2\/posts"}],"about":[{"href":"https:\/\/kibrisdakik.com\/index.php?rest_route=\/wp\/v2\/types\/post"}],"author":[{"embeddable":true,"href":"https:\/\/kibrisdakik.com\/index.php?rest_route=\/wp\/v2\/users\/1"}],"replies":[{"embeddable":true,"href":"https:\/\/kibrisdakik.com\/index.php?rest_route=%2Fwp%2Fv2%2Fcomments&post=67912"}],"version-history":[{"count":0,"href":"https:\/\/kibrisdakik.com\/index.php?rest_route=\/wp\/v2\/posts\/67912\/revisions"}],"wp:featuredmedia":[{"embeddable":true,"href":"https:\/\/kibrisdakik.com\/index.php?rest_route=\/wp\/v2\/media\/67913"}],"wp:attachment":[{"href":"https:\/\/kibrisdakik.com\/index.php?rest_route=%2Fwp%2Fv2%2Fmedia&parent=67912"}],"wp:term":[{"taxonomy":"category","embeddable":true,"href":"https:\/\/kibrisdakik.com\/index.php?rest_route=%2Fwp%2Fv2%2Fcategories&post=67912"},{"taxonomy":"post_tag","embeddable":true,"href":"https:\/\/kibrisdakik.com\/index.php?rest_route=%2Fwp%2Fv2%2Ftags&post=67912"}],"curies":[{"name":"wp","href":"https:\/\/api.w.org\/{rel}","templated":true}]}}