{"id":6793,"date":"2023-05-12T19:56:43","date_gmt":"2023-05-12T19:56:43","guid":{"rendered":"https:\/\/kibrisdakik.com\/index.php\/2023\/05\/12\/kktcnin-ii-girisimci-cocuklari-projesi-tamamlandi\/"},"modified":"2023-05-12T19:56:43","modified_gmt":"2023-05-12T19:56:43","slug":"kktcnin-ii-girisimci-cocuklari-projesi-tamamlandi","status":"publish","type":"post","link":"https:\/\/kibrisdakik.com\/?p=6793","title":{"rendered":"\u201cKKTC\u2019nin II. Giri\u015fimci \u00c7ocuklar\u0131 Projesi\u201d tamamland\u0131"},"content":{"rendered":"<p><\/p>\n<div>\n<div class=\"mariselle-image-container center\">\n                <img width=\"1920\" height=\"1080\" class=\"lazy-image\" alt=\"\" decoding=\"async\" loading=\"lazy\" sizes=\"auto, (max-width: 1920px) 100vw, 1920px\" src=\"https:\/\/brtk.net\/wp-content\/uploads\/2023\/05\/12\/elcilik-13-.jpg?ver=44f31624d0b9544053b15d087ba16b83\" srcset=\"https:\/\/brtk.net\/wp-content\/uploads\/2023\/05\/12\/elcilik-13-.jpg?ver=44f31624d0b9544053b15d087ba16b83 1920w, https:\/\/brtk.net\/wp-content\/uploads\/2023\/05\/12\/elcilik-13--300x169.jpg?ver=44f31624d0b9544053b15d087ba16b83 300w, https:\/\/brtk.net\/wp-content\/uploads\/2023\/05\/12\/elcilik-13--1024x576.jpg?ver=79a8d06a452580c5866358d54243184d 1024w, https:\/\/brtk.net\/wp-content\/uploads\/2023\/05\/12\/elcilik-13--768x432.jpg?ver=79a8d06a452580c5866358d54243184d 768w, https:\/\/brtk.net\/wp-content\/uploads\/2023\/05\/12\/elcilik-13--1536x864.jpg?ver=79a8d06a452580c5866358d54243184d 1536w\"\/>                            <\/div>\n<p>T\u00fcrkiye Cumhuriyeti Lefko\u015fa B\u00fcy\u00fckel\u00e7ili\u011fi Kalk\u0131nma ve Ekonomik \u0130\u015f Birli\u011fi (KE\u0130) Ofisi\u2019nin deste\u011fi ile K\u0131br\u0131s T\u00fcrk Giri\u015fimci Kad\u0131nlar Derne\u011fi (G\u0130KAD) ve Kuzey K\u0131br\u0131s Gen\u00e7 \u0130\u015f Adamlar\u0131 Derne\u011fi\u2019nin (G\u0130AD) birlikte y\u00fcr\u00fctt\u00fckleri \u201c<a href=\"https:\/\/brtk.net\/\"\/><a href=\"https:\/\/brtk.net\/\">KKTC<\/a>\u2018nin II. Giri\u015fimci \u00c7ocuklar\u0131 Projesi\u201d tamamland\u0131. Projenin kapan\u0131\u015f etkinli\u011fi \u0130skele Atat\u00fcrk K\u00fclt\u00fcr Merkezi\u2019nde ger\u00e7ekle\u015fti.<\/p>\n<p>Verilen bilgiye g\u00f6re, T\u00fcrkiye Cumhuriyeti Lefko\u015fa B\u00fcy\u00fckel\u00e7ili\u011fi Kalk\u0131nma ve Ekonomik \u0130\u015f Birli\u011fi (KE\u0130) Ofisi\u2019nin katk\u0131lar\u0131yla hayat bulan, Tang\u00fcl \u00c7a\u011f\u0131ner Vakf\u0131 ve Kuzey K\u0131br\u0131s Turkcell\u2019in de sponsor olarak destek verdi\u011fi projenin kapan\u0131\u015f etkinli\u011finde giri\u015fimci \u00e7ocuklar\u0131n proje sonu\u00e7lar\u0131n\u0131n sunumlar\u0131 ger\u00e7ekle\u015ftirildi. Etkinli\u011fe KE\u0130 Koordinat\u00f6r\u00fc \u00d6mer Cihan ve Milli E\u011fitim ve K\u00fclt\u00fcr Bakan\u0131 Naz\u0131m \u00c7avu\u015fo\u011flu\u2019nun yan\u0131 s\u0131ra Kuzey K\u0131br\u0131s Turkcell Genel M\u00fcd\u00fcr\u00fc Murat K\u00fc\u00e7\u00fck\u00f6zdemir, Anadolu \u00dcniversitesi \u0130\u0130BF \u0130\u015fletme B\u00f6l\u00fcm\u00fc \u00d6\u011fretim \u00dcyesi Prof. Dr. Mehmet Ba\u015faran ile G\u0130KAD, G\u0130AD ve Tang\u00fcl \u00c7a\u011f\u0131ner Vakf\u0131 temsilcileri kat\u0131ld\u0131. <\/p>\n<div class=\"mariselle-image-container center\">\n                <img width=\"1920\" height=\"1080\" class=\"lazy-image\" alt=\"\" decoding=\"async\" loading=\"lazy\" sizes=\"auto, (max-width: 1920px) 100vw, 1920px\" src=\"https:\/\/brtk.net\/wp-content\/uploads\/2023\/05\/12\/elcilik-15-.jpg?ver=72d4d8f7edce89af4bf9bba626ba1272\" srcset=\"https:\/\/brtk.net\/wp-content\/uploads\/2023\/05\/12\/elcilik-15-.jpg?ver=72d4d8f7edce89af4bf9bba626ba1272 1920w, https:\/\/brtk.net\/wp-content\/uploads\/2023\/05\/12\/elcilik-15--300x169.jpg?ver=72d4d8f7edce89af4bf9bba626ba1272 300w, https:\/\/brtk.net\/wp-content\/uploads\/2023\/05\/12\/elcilik-15--1024x576.jpg?ver=72d4d8f7edce89af4bf9bba626ba1272 1024w, https:\/\/brtk.net\/wp-content\/uploads\/2023\/05\/12\/elcilik-15--768x432.jpg?ver=72d4d8f7edce89af4bf9bba626ba1272 768w, https:\/\/brtk.net\/wp-content\/uploads\/2023\/05\/12\/elcilik-15--1536x864.jpg?ver=d3d59b71a7eb65ef368dec47a931a431 1536w\"\/>                            <\/div>\n<p>Proje, \u0130skele ve Karpaz b\u00f6lgelerinde yer alan Recep Tayyip Erdo\u011fan Ortaokulu, Erenk\u00f6y Lisesi, Polatpa\u015fa Lisesi, Bekirpa\u015fa Lisesi, Mehmet\u00e7ik Ortaokulu olmak \u00fczere 5 okulda uyguland\u0131. 70 \u00f6\u011frenci projeye d\u00e2hil edildi. Ders y\u0131l\u0131n\u0131n ilk yar\u0131s\u0131nda teori, ikinci yar\u0131s\u0131nda da uygulamal\u0131 olacak \u015fekilde icra edilen proje i\u00e7in gerekli olan t\u00fcm ara\u00e7 ve gere\u00e7ler G\u0130AD\/G\u0130KAD taraf\u0131ndan temin edildi. <\/p>\n<p><a href=\"https:\/\/brtk.net\/\"\/><a href=\"https:\/\/brtk.net\/\">KKTC<\/a> geneli k\u0131rsal b\u00f6lgelerdeki ortaokul d\u00fczeyinde e\u011fitim alan \u00f6\u011frencilere, giri\u015fimcilik kavram\u0131n\u0131 tan\u0131tmay\u0131 ve genel olarak giri\u015fimci d\u00fc\u015f\u00fcncenin temellerini \u00f6\u011fretmeyi ama\u00e7layan projenin, \u00f6\u011frencilerin hayal g\u00fcc\u00fc, analitik yakla\u015f\u0131m, planlama, problem \u00e7\u00f6zme, yenilik\u00e7ilik, risk alma ve sosyal ileti\u015fim gibi yeteneklerini geli\u015ftirmeyi hedefledi\u011fi kaydedilen a\u00e7\u0131klamada \u015funlar ifade edildi:<\/p>\n<p>\u201c<a href=\"https:\/\/brtk.net\/\"\/><a href=\"https:\/\/brtk.net\/\">KKTC<\/a>\u2018nin II. Giri\u015fimci \u00c7ocuklar\u0131 Projesi\u2019nin ba\u015far\u0131l\u0131 bir \u015fekilde tamamlanmas\u0131, Kuzey K\u0131br\u0131s T\u00fcrk Cumhuriyeti\u2019nde giri\u015fimcilik alan\u0131nda yap\u0131lan \u00e7al\u0131\u015fmalar\u0131n ve e\u011fitim programlar\u0131n\u0131n \u00f6nemini bir kez daha vurgulad\u0131. Projenin gelecekte de devam etmesi ve daha geni\u015f bir \u00f6\u011frenci kitlesine ula\u015fmas\u0131 umulmaktad\u0131r.\u201d<\/p>\n<\/p><\/div>\n<p><script async\n                    defer\n                    crossorigin=\"anonymous\"\n                    src=\"https:\/\/connect.facebook.net\/tr_TR\/sdk.js#xfbml=1&#038;version=v3.3\"\n            ><\/script><\/p>\n","protected":false},"excerpt":{"rendered":"<p>T\u00fcrkiye Cumhuriyeti Lefko\u015fa B\u00fcy\u00fckel\u00e7ili\u011fi Kalk\u0131nma ve Ekonomik \u0130\u015f Birli\u011fi (KE\u0130) Ofisi\u2019nin deste\u011fi ile K\u0131br\u0131s T\u00fcrk Giri\u015fimci Kad\u0131nlar Derne\u011fi (G\u0130KAD) ve Kuzey K\u0131br\u0131s Gen\u00e7 \u0130\u015f Adamlar\u0131 Derne\u011fi\u2019nin (G\u0130AD) birlikte y\u00fcr\u00fctt\u00fckleri \u201cKKTC\u2018nin II. Giri\u015fimci \u00c7ocuklar\u0131 Projesi\u201d tamamland\u0131. Projenin kapan\u0131\u015f etkinli\u011fi \u0130skele Atat\u00fcrk K\u00fclt\u00fcr Merkezi\u2019nde ger\u00e7ekle\u015fti. Verilen bilgiye g\u00f6re, T\u00fcrkiye Cumhuriyeti Lefko\u015fa B\u00fcy\u00fckel\u00e7ili\u011fi Kalk\u0131nma ve Ekonomik \u0130\u015f Birli\u011fi<\/p>\n","protected":false},"author":1,"featured_media":6794,"comment_status":"open","ping_status":"open","sticky":false,"template":"","format":"standard","meta":{"footnotes":""},"categories":[1],"tags":[],"class_list":["post-6793","post","type-post","status-publish","format-standard","has-post-thumbnail","hentry","category-gundem"],"yoast_head":"<!-- This site is optimized with the Yoast SEO plugin v27.5 - https:\/\/yoast.com\/product\/yoast-seo-wordpress\/ -->\n<title>\u201cKKTC\u2019nin II. Giri\u015fimci \u00c7ocuklar\u0131 Projesi\u201d tamamland\u0131 -<\/title>\n<meta name=\"robots\" content=\"index, follow, max-snippet:-1, max-image-preview:large, max-video-preview:-1\" \/>\n<link rel=\"canonical\" href=\"https:\/\/kibrisdakik.com\/?p=6793\" \/>\n<meta property=\"og:locale\" content=\"tr_TR\" \/>\n<meta property=\"og:type\" content=\"article\" \/>\n<meta property=\"og:title\" content=\"\u201cKKTC\u2019nin II. Giri\u015fimci \u00c7ocuklar\u0131 Projesi\u201d tamamland\u0131 -\" \/>\n<meta property=\"og:description\" content=\"T\u00fcrkiye Cumhuriyeti Lefko\u015fa B\u00fcy\u00fckel\u00e7ili\u011fi Kalk\u0131nma ve Ekonomik \u0130\u015f Birli\u011fi (KE\u0130) Ofisi\u2019nin deste\u011fi ile K\u0131br\u0131s T\u00fcrk Giri\u015fimci Kad\u0131nlar Derne\u011fi (G\u0130KAD) ve Kuzey K\u0131br\u0131s Gen\u00e7 \u0130\u015f Adamlar\u0131 Derne\u011fi\u2019nin (G\u0130AD) birlikte y\u00fcr\u00fctt\u00fckleri \u201cKKTC\u2018nin II. Giri\u015fimci \u00c7ocuklar\u0131 Projesi\u201d tamamland\u0131. Projenin kapan\u0131\u015f etkinli\u011fi \u0130skele Atat\u00fcrk K\u00fclt\u00fcr Merkezi\u2019nde ger\u00e7ekle\u015fti. Verilen bilgiye g\u00f6re, T\u00fcrkiye Cumhuriyeti Lefko\u015fa B\u00fcy\u00fckel\u00e7ili\u011fi Kalk\u0131nma ve Ekonomik \u0130\u015f Birli\u011fi\" \/>\n<meta property=\"og:url\" content=\"https:\/\/kibrisdakik.com\/?p=6793\" \/>\n<meta property=\"article:published_time\" content=\"2023-05-12T19:56:43+00:00\" \/>\n<meta property=\"og:image\" content=\"https:\/\/kibrisdakik.com\/wp-content\/uploads\/2023\/05\/elcilik-13--740x420.jpg\" \/>\n\t<meta property=\"og:image:width\" content=\"1920\" \/>\n\t<meta property=\"og:image:height\" content=\"1080\" \/>\n\t<meta property=\"og:image:type\" content=\"image\/jpeg\" \/>\n<meta name=\"author\" content=\"admin\" \/>\n<meta name=\"twitter:card\" content=\"summary_large_image\" \/>\n<meta name=\"twitter:label1\" content=\"Yazan:\" \/>\n\t<meta name=\"twitter:data1\" content=\"admin\" \/>\n\t<meta name=\"twitter:label2\" content=\"Tahmini okuma s\u00fcresi\" \/>\n\t<meta name=\"twitter:data2\" content=\"2 dakika\" \/>\n<script type=\"application\/ld+json\" class=\"yoast-schema-graph\">{\"@context\":\"https:\\\/\\\/schema.org\",\"@graph\":[{\"@type\":\"Article\",\"@id\":\"https:\\\/\\\/kibrisdakik.com\\\/?p=6793#article\",\"isPartOf\":{\"@id\":\"https:\\\/\\\/kibrisdakik.com\\\/?p=6793\"},\"author\":{\"name\":\"admin\",\"@id\":\"https:\\\/\\\/kibrisdakik.com\\\/#\\\/schema\\\/person\\\/9cd9d437bbb44f72b73ba127e06d8e79\"},\"headline\":\"\u201cKKTC\u2019nin II. Giri\u015fimci \u00c7ocuklar\u0131 Projesi\u201d tamamland\u0131\",\"datePublished\":\"2023-05-12T19:56:43+00:00\",\"mainEntityOfPage\":{\"@id\":\"https:\\\/\\\/kibrisdakik.com\\\/?p=6793\"},\"wordCount\":403,\"commentCount\":0,\"image\":{\"@id\":\"https:\\\/\\\/kibrisdakik.com\\\/?p=6793#primaryimage\"},\"thumbnailUrl\":\"https:\\\/\\\/kibrisdakik.com\\\/wp-content\\\/uploads\\\/2023\\\/05\\\/elcilik-13--740x420.jpg\",\"articleSection\":[\"G\u00fcndem\"],\"inLanguage\":\"tr\",\"potentialAction\":[{\"@type\":\"CommentAction\",\"name\":\"Comment\",\"target\":[\"https:\\\/\\\/kibrisdakik.com\\\/?p=6793#respond\"]}]},{\"@type\":\"WebPage\",\"@id\":\"https:\\\/\\\/kibrisdakik.com\\\/?p=6793\",\"url\":\"https:\\\/\\\/kibrisdakik.com\\\/?p=6793\",\"name\":\"\u201cKKTC\u2019nin II. Giri\u015fimci \u00c7ocuklar\u0131 Projesi\u201d tamamland\u0131 -\",\"isPartOf\":{\"@id\":\"https:\\\/\\\/kibrisdakik.com\\\/#website\"},\"primaryImageOfPage\":{\"@id\":\"https:\\\/\\\/kibrisdakik.com\\\/?p=6793#primaryimage\"},\"image\":{\"@id\":\"https:\\\/\\\/kibrisdakik.com\\\/?p=6793#primaryimage\"},\"thumbnailUrl\":\"https:\\\/\\\/kibrisdakik.com\\\/wp-content\\\/uploads\\\/2023\\\/05\\\/elcilik-13--740x420.jpg\",\"datePublished\":\"2023-05-12T19:56:43+00:00\",\"author\":{\"@id\":\"https:\\\/\\\/kibrisdakik.com\\\/#\\\/schema\\\/person\\\/9cd9d437bbb44f72b73ba127e06d8e79\"},\"breadcrumb\":{\"@id\":\"https:\\\/\\\/kibrisdakik.com\\\/?p=6793#breadcrumb\"},\"inLanguage\":\"tr\",\"potentialAction\":[{\"@type\":\"ReadAction\",\"target\":[\"https:\\\/\\\/kibrisdakik.com\\\/?p=6793\"]}]},{\"@type\":\"ImageObject\",\"inLanguage\":\"tr\",\"@id\":\"https:\\\/\\\/kibrisdakik.com\\\/?p=6793#primaryimage\",\"url\":\"https:\\\/\\\/kibrisdakik.com\\\/wp-content\\\/uploads\\\/2023\\\/05\\\/elcilik-13--740x420.jpg\",\"contentUrl\":\"https:\\\/\\\/kibrisdakik.com\\\/wp-content\\\/uploads\\\/2023\\\/05\\\/elcilik-13--740x420.jpg\",\"width\":1920,\"height\":1080},{\"@type\":\"BreadcrumbList\",\"@id\":\"https:\\\/\\\/kibrisdakik.com\\\/?p=6793#breadcrumb\",\"itemListElement\":[{\"@type\":\"ListItem\",\"position\":1,\"name\":\"Home\",\"item\":\"https:\\\/\\\/kibrisdakik.com\\\/\"},{\"@type\":\"ListItem\",\"position\":2,\"name\":\"\u201cKKTC\u2019nin II. Giri\u015fimci \u00c7ocuklar\u0131 Projesi\u201d tamamland\u0131\"}]},{\"@type\":\"WebSite\",\"@id\":\"https:\\\/\\\/kibrisdakik.com\\\/#website\",\"url\":\"https:\\\/\\\/kibrisdakik.com\\\/\",\"name\":\"\",\"description\":\"Tam vaktinde haber\",\"potentialAction\":[{\"@type\":\"SearchAction\",\"target\":{\"@type\":\"EntryPoint\",\"urlTemplate\":\"https:\\\/\\\/kibrisdakik.com\\\/?s={search_term_string}\"},\"query-input\":{\"@type\":\"PropertyValueSpecification\",\"valueRequired\":true,\"valueName\":\"search_term_string\"}}],\"inLanguage\":\"tr\"},{\"@type\":\"Person\",\"@id\":\"https:\\\/\\\/kibrisdakik.com\\\/#\\\/schema\\\/person\\\/9cd9d437bbb44f72b73ba127e06d8e79\",\"name\":\"admin\",\"image\":{\"@type\":\"ImageObject\",\"inLanguage\":\"tr\",\"@id\":\"https:\\\/\\\/secure.gravatar.com\\\/avatar\\\/ccc17943b9d660506c869530f897617f7cb1c21a4bf30023f252596d83e1f007?s=96&d=mm&r=g\",\"url\":\"https:\\\/\\\/secure.gravatar.com\\\/avatar\\\/ccc17943b9d660506c869530f897617f7cb1c21a4bf30023f252596d83e1f007?s=96&d=mm&r=g\",\"contentUrl\":\"https:\\\/\\\/secure.gravatar.com\\\/avatar\\\/ccc17943b9d660506c869530f897617f7cb1c21a4bf30023f252596d83e1f007?s=96&d=mm&r=g\",\"caption\":\"admin\"},\"sameAs\":[\"https:\\\/\\\/kibrisdakik.com\"],\"url\":\"https:\\\/\\\/kibrisdakik.com\\\/?author=1\"}]}<\/script>\n<!-- \/ Yoast SEO plugin. -->","yoast_head_json":{"title":"\u201cKKTC\u2019nin II. Giri\u015fimci \u00c7ocuklar\u0131 Projesi\u201d tamamland\u0131 -","robots":{"index":"index","follow":"follow","max-snippet":"max-snippet:-1","max-image-preview":"max-image-preview:large","max-video-preview":"max-video-preview:-1"},"canonical":"https:\/\/kibrisdakik.com\/?p=6793","og_locale":"tr_TR","og_type":"article","og_title":"\u201cKKTC\u2019nin II. Giri\u015fimci \u00c7ocuklar\u0131 Projesi\u201d tamamland\u0131 -","og_description":"T\u00fcrkiye Cumhuriyeti Lefko\u015fa B\u00fcy\u00fckel\u00e7ili\u011fi Kalk\u0131nma ve Ekonomik \u0130\u015f Birli\u011fi (KE\u0130) Ofisi\u2019nin deste\u011fi ile K\u0131br\u0131s T\u00fcrk Giri\u015fimci Kad\u0131nlar Derne\u011fi (G\u0130KAD) ve Kuzey K\u0131br\u0131s Gen\u00e7 \u0130\u015f Adamlar\u0131 Derne\u011fi\u2019nin (G\u0130AD) birlikte y\u00fcr\u00fctt\u00fckleri \u201cKKTC\u2018nin II. Giri\u015fimci \u00c7ocuklar\u0131 Projesi\u201d tamamland\u0131. Projenin kapan\u0131\u015f etkinli\u011fi \u0130skele Atat\u00fcrk K\u00fclt\u00fcr Merkezi\u2019nde ger\u00e7ekle\u015fti. Verilen bilgiye g\u00f6re, T\u00fcrkiye Cumhuriyeti Lefko\u015fa B\u00fcy\u00fckel\u00e7ili\u011fi Kalk\u0131nma ve Ekonomik \u0130\u015f Birli\u011fi","og_url":"https:\/\/kibrisdakik.com\/?p=6793","article_published_time":"2023-05-12T19:56:43+00:00","og_image":[{"width":1920,"height":1080,"url":"https:\/\/kibrisdakik.com\/wp-content\/uploads\/2023\/05\/elcilik-13--740x420.jpg","type":"image\/jpeg"}],"author":"admin","twitter_card":"summary_large_image","twitter_misc":{"Yazan:":"admin","Tahmini okuma s\u00fcresi":"2 dakika"},"schema":{"@context":"https:\/\/schema.org","@graph":[{"@type":"Article","@id":"https:\/\/kibrisdakik.com\/?p=6793#article","isPartOf":{"@id":"https:\/\/kibrisdakik.com\/?p=6793"},"author":{"name":"admin","@id":"https:\/\/kibrisdakik.com\/#\/schema\/person\/9cd9d437bbb44f72b73ba127e06d8e79"},"headline":"\u201cKKTC\u2019nin II. Giri\u015fimci \u00c7ocuklar\u0131 Projesi\u201d tamamland\u0131","datePublished":"2023-05-12T19:56:43+00:00","mainEntityOfPage":{"@id":"https:\/\/kibrisdakik.com\/?p=6793"},"wordCount":403,"commentCount":0,"image":{"@id":"https:\/\/kibrisdakik.com\/?p=6793#primaryimage"},"thumbnailUrl":"https:\/\/kibrisdakik.com\/wp-content\/uploads\/2023\/05\/elcilik-13--740x420.jpg","articleSection":["G\u00fcndem"],"inLanguage":"tr","potentialAction":[{"@type":"CommentAction","name":"Comment","target":["https:\/\/kibrisdakik.com\/?p=6793#respond"]}]},{"@type":"WebPage","@id":"https:\/\/kibrisdakik.com\/?p=6793","url":"https:\/\/kibrisdakik.com\/?p=6793","name":"\u201cKKTC\u2019nin II. Giri\u015fimci \u00c7ocuklar\u0131 Projesi\u201d tamamland\u0131 -","isPartOf":{"@id":"https:\/\/kibrisdakik.com\/#website"},"primaryImageOfPage":{"@id":"https:\/\/kibrisdakik.com\/?p=6793#primaryimage"},"image":{"@id":"https:\/\/kibrisdakik.com\/?p=6793#primaryimage"},"thumbnailUrl":"https:\/\/kibrisdakik.com\/wp-content\/uploads\/2023\/05\/elcilik-13--740x420.jpg","datePublished":"2023-05-12T19:56:43+00:00","author":{"@id":"https:\/\/kibrisdakik.com\/#\/schema\/person\/9cd9d437bbb44f72b73ba127e06d8e79"},"breadcrumb":{"@id":"https:\/\/kibrisdakik.com\/?p=6793#breadcrumb"},"inLanguage":"tr","potentialAction":[{"@type":"ReadAction","target":["https:\/\/kibrisdakik.com\/?p=6793"]}]},{"@type":"ImageObject","inLanguage":"tr","@id":"https:\/\/kibrisdakik.com\/?p=6793#primaryimage","url":"https:\/\/kibrisdakik.com\/wp-content\/uploads\/2023\/05\/elcilik-13--740x420.jpg","contentUrl":"https:\/\/kibrisdakik.com\/wp-content\/uploads\/2023\/05\/elcilik-13--740x420.jpg","width":1920,"height":1080},{"@type":"BreadcrumbList","@id":"https:\/\/kibrisdakik.com\/?p=6793#breadcrumb","itemListElement":[{"@type":"ListItem","position":1,"name":"Home","item":"https:\/\/kibrisdakik.com\/"},{"@type":"ListItem","position":2,"name":"\u201cKKTC\u2019nin II. Giri\u015fimci \u00c7ocuklar\u0131 Projesi\u201d tamamland\u0131"}]},{"@type":"WebSite","@id":"https:\/\/kibrisdakik.com\/#website","url":"https:\/\/kibrisdakik.com\/","name":"","description":"Tam vaktinde haber","potentialAction":[{"@type":"SearchAction","target":{"@type":"EntryPoint","urlTemplate":"https:\/\/kibrisdakik.com\/?s={search_term_string}"},"query-input":{"@type":"PropertyValueSpecification","valueRequired":true,"valueName":"search_term_string"}}],"inLanguage":"tr"},{"@type":"Person","@id":"https:\/\/kibrisdakik.com\/#\/schema\/person\/9cd9d437bbb44f72b73ba127e06d8e79","name":"admin","image":{"@type":"ImageObject","inLanguage":"tr","@id":"https:\/\/secure.gravatar.com\/avatar\/ccc17943b9d660506c869530f897617f7cb1c21a4bf30023f252596d83e1f007?s=96&d=mm&r=g","url":"https:\/\/secure.gravatar.com\/avatar\/ccc17943b9d660506c869530f897617f7cb1c21a4bf30023f252596d83e1f007?s=96&d=mm&r=g","contentUrl":"https:\/\/secure.gravatar.com\/avatar\/ccc17943b9d660506c869530f897617f7cb1c21a4bf30023f252596d83e1f007?s=96&d=mm&r=g","caption":"admin"},"sameAs":["https:\/\/kibrisdakik.com"],"url":"https:\/\/kibrisdakik.com\/?author=1"}]}},"_links":{"self":[{"href":"https:\/\/kibrisdakik.com\/index.php?rest_route=\/wp\/v2\/posts\/6793","targetHints":{"allow":["GET"]}}],"collection":[{"href":"https:\/\/kibrisdakik.com\/index.php?rest_route=\/wp\/v2\/posts"}],"about":[{"href":"https:\/\/kibrisdakik.com\/index.php?rest_route=\/wp\/v2\/types\/post"}],"author":[{"embeddable":true,"href":"https:\/\/kibrisdakik.com\/index.php?rest_route=\/wp\/v2\/users\/1"}],"replies":[{"embeddable":true,"href":"https:\/\/kibrisdakik.com\/index.php?rest_route=%2Fwp%2Fv2%2Fcomments&post=6793"}],"version-history":[{"count":0,"href":"https:\/\/kibrisdakik.com\/index.php?rest_route=\/wp\/v2\/posts\/6793\/revisions"}],"wp:featuredmedia":[{"embeddable":true,"href":"https:\/\/kibrisdakik.com\/index.php?rest_route=\/wp\/v2\/media\/6794"}],"wp:attachment":[{"href":"https:\/\/kibrisdakik.com\/index.php?rest_route=%2Fwp%2Fv2%2Fmedia&parent=6793"}],"wp:term":[{"taxonomy":"category","embeddable":true,"href":"https:\/\/kibrisdakik.com\/index.php?rest_route=%2Fwp%2Fv2%2Fcategories&post=6793"},{"taxonomy":"post_tag","embeddable":true,"href":"https:\/\/kibrisdakik.com\/index.php?rest_route=%2Fwp%2Fv2%2Ftags&post=6793"}],"curies":[{"name":"wp","href":"https:\/\/api.w.org\/{rel}","templated":true}]}}