{"id":6795,"date":"2023-05-12T20:57:22","date_gmt":"2023-05-12T20:57:22","guid":{"rendered":"https:\/\/kibrisdakik.com\/index.php\/2023\/05\/12\/ktos-ve-ktoeos-milli-egitim-bakanligi-onunde-eylem-yapti\/"},"modified":"2023-05-12T20:57:22","modified_gmt":"2023-05-12T20:57:22","slug":"ktos-ve-ktoeos-milli-egitim-bakanligi-onunde-eylem-yapti","status":"publish","type":"post","link":"https:\/\/kibrisdakik.com\/?p=6795","title":{"rendered":"KT\u00d6S ve KTOE\u00d6S Milli E\u011fitim Bakanl\u0131\u011f\u0131 \u00f6n\u00fcnde eylem yapt\u0131"},"content":{"rendered":"<p><\/p>\n<div>\n<div class=\"mariselle-image-container center\">\n                <img width=\"1600\" height=\"1200\" class=\"lazy-image\" alt=\"\" decoding=\"async\" loading=\"lazy\" sizes=\"auto, (max-width: 1600px) 100vw, 1600px\" src=\"https:\/\/brtk.net\/wp-content\/uploads\/2023\/05\/12\/ktos3.jpeg?ver=6d2dc1bb6ebe5ae9f97231e0a2a1a70e\" srcset=\"https:\/\/brtk.net\/wp-content\/uploads\/2023\/05\/12\/ktos3.jpeg?ver=6d2dc1bb6ebe5ae9f97231e0a2a1a70e 1600w, https:\/\/brtk.net\/wp-content\/uploads\/2023\/05\/12\/ktos3-300x225.jpeg?ver=6d2dc1bb6ebe5ae9f97231e0a2a1a70e 300w, https:\/\/brtk.net\/wp-content\/uploads\/2023\/05\/12\/ktos3-1024x768.jpeg?ver=c670093bfcd0ebf5486bb93bd39ff5b9 1024w, https:\/\/brtk.net\/wp-content\/uploads\/2023\/05\/12\/ktos3-768x576.jpeg?ver=c670093bfcd0ebf5486bb93bd39ff5b9 768w, https:\/\/brtk.net\/wp-content\/uploads\/2023\/05\/12\/ktos3-1536x1152.jpeg?ver=3091e2f049fa280597282ab15dac39da 1536w\"\/>                            <\/div>\n<p>\u0130ki \u00f6\u011fretmen sendikas\u0131n\u0131n y\u00f6netim kurullar\u0131, \u00d6\u011fretmenler De\u011fi\u015fiklik Yasa Tasar\u0131s\u0131\u2019n\u0131n yeniden ilgili Meclis Komitesinin g\u00fcndemine al\u0131nmas\u0131 gerek\u00e7esiyle Milli E\u011fitim Bakanl\u0131\u011f\u0131 \u00f6n\u00fcnde eylem yapt\u0131.<\/p>\n<p>Eyleme ili\u015fkin a\u00e7\u0131klama yapan K\u0131br\u0131s T\u00fcrk \u00d6\u011fretmenler Sendikas\u0131 Genel Sekreteri Burak Mavi\u015f, e\u011fitimde, \u00f6\u011fretmenlerin \u00e7al\u0131\u015fma ko\u015fullar\u0131, okullarda bina g\u00fcvenli\u011fi gibi bir\u00e7ok sorunlar\u0131n bulundu\u011funu, ancak Milli E\u011fitim Bakan\u0131\u2019n\u0131n bu sorunlara \u00e7\u00f6z\u00fcm bulmayarak, \u00f6\u011fretmenlerin \u00f6zl\u00fck haklar\u0131n\u0131 hedef ald\u0131\u011f\u0131n\u0131 savundu.<\/p>\n<p>Mavi\u015f, \u00d6\u011fretmenler De\u011fi\u015fiklik Yasa Tasar\u0131s\u0131\u2019n\u0131n geri \u00e7ekilmesini, 2 \u00f6\u011fretmen sendikas\u0131 ile \u00e7al\u0131\u015fma yap\u0131lmas\u0131n\u0131, Teknik Komite\u2019nin \u00e7al\u0131\u015ft\u0131r\u0131lmas\u0131n\u0131 ve e\u011fitim sisteminin birlikte d\u00fczenlenmesini istedi.<\/p>\n<p>K\u0131br\u0131s T\u00fcrk Orta E\u011fitim \u00d6\u011fretmenler Sendikas\u0131 Ba\u015fkan\u0131 Selma Eylem de, e\u011fitimde bir\u00e7ok sorun bulundu\u011funu ancak Bakanl\u0131\u011f\u0131n, e\u011fitimin niteli\u011fi ile de\u011fil, s\u00fcresi ile ilgilendi\u011fini ifade etti.<\/p>\n<p>\u00d6\u011fretmen haklar\u0131n\u0131n sald\u0131r\u0131ya u\u011frad\u0131\u011f\u0131n\u0131 \u00f6ne s\u00fcrerek \u201cdayatmay\u0131 kabul etmeyiz\u201d diyen Eylem, sorunlar\u0131n \u00e7\u00f6z\u00fcm\u00fc y\u00f6n\u00fcnde birlikte hareket etmeye ve destek vermeye haz\u0131r olduklar\u0131n\u0131 belirtti.<\/p>\n<\/p><\/div>\n<p><script async\n                    defer\n                    crossorigin=\"anonymous\"\n                    src=\"https:\/\/connect.facebook.net\/tr_TR\/sdk.js#xfbml=1&#038;version=v3.3\"\n            ><\/script><\/p>\n","protected":false},"excerpt":{"rendered":"<p>\u0130ki \u00f6\u011fretmen sendikas\u0131n\u0131n y\u00f6netim kurullar\u0131, \u00d6\u011fretmenler De\u011fi\u015fiklik Yasa Tasar\u0131s\u0131\u2019n\u0131n yeniden ilgili Meclis Komitesinin g\u00fcndemine al\u0131nmas\u0131 gerek\u00e7esiyle Milli E\u011fitim Bakanl\u0131\u011f\u0131 \u00f6n\u00fcnde eylem yapt\u0131. Eyleme ili\u015fkin a\u00e7\u0131klama yapan K\u0131br\u0131s T\u00fcrk \u00d6\u011fretmenler Sendikas\u0131 Genel Sekreteri Burak Mavi\u015f, e\u011fitimde, \u00f6\u011fretmenlerin \u00e7al\u0131\u015fma ko\u015fullar\u0131, okullarda bina g\u00fcvenli\u011fi gibi bir\u00e7ok sorunlar\u0131n bulundu\u011funu, ancak Milli E\u011fitim Bakan\u0131\u2019n\u0131n bu sorunlara \u00e7\u00f6z\u00fcm bulmayarak, \u00f6\u011fretmenlerin \u00f6zl\u00fck<\/p>\n","protected":false},"author":1,"featured_media":6796,"comment_status":"open","ping_status":"open","sticky":false,"template":"","format":"standard","meta":{"footnotes":""},"categories":[1],"tags":[],"class_list":["post-6795","post","type-post","status-publish","format-standard","has-post-thumbnail","hentry","category-gundem"],"yoast_head":"<!-- This site is optimized with the Yoast SEO plugin v27.5 - https:\/\/yoast.com\/product\/yoast-seo-wordpress\/ -->\n<title>KT\u00d6S ve KTOE\u00d6S Milli E\u011fitim Bakanl\u0131\u011f\u0131 \u00f6n\u00fcnde eylem yapt\u0131 -<\/title>\n<meta name=\"robots\" content=\"index, follow, max-snippet:-1, max-image-preview:large, max-video-preview:-1\" \/>\n<link rel=\"canonical\" href=\"https:\/\/kibrisdakik.com\/?p=6795\" \/>\n<meta property=\"og:locale\" content=\"tr_TR\" \/>\n<meta property=\"og:type\" content=\"article\" \/>\n<meta property=\"og:title\" content=\"KT\u00d6S ve KTOE\u00d6S Milli E\u011fitim Bakanl\u0131\u011f\u0131 \u00f6n\u00fcnde eylem yapt\u0131 -\" \/>\n<meta property=\"og:description\" content=\"\u0130ki \u00f6\u011fretmen sendikas\u0131n\u0131n y\u00f6netim kurullar\u0131, \u00d6\u011fretmenler De\u011fi\u015fiklik Yasa Tasar\u0131s\u0131\u2019n\u0131n yeniden ilgili Meclis Komitesinin g\u00fcndemine al\u0131nmas\u0131 gerek\u00e7esiyle Milli E\u011fitim Bakanl\u0131\u011f\u0131 \u00f6n\u00fcnde eylem yapt\u0131. Eyleme ili\u015fkin a\u00e7\u0131klama yapan K\u0131br\u0131s T\u00fcrk \u00d6\u011fretmenler Sendikas\u0131 Genel Sekreteri Burak Mavi\u015f, e\u011fitimde, \u00f6\u011fretmenlerin \u00e7al\u0131\u015fma ko\u015fullar\u0131, okullarda bina g\u00fcvenli\u011fi gibi bir\u00e7ok sorunlar\u0131n bulundu\u011funu, ancak Milli E\u011fitim Bakan\u0131\u2019n\u0131n bu sorunlara \u00e7\u00f6z\u00fcm bulmayarak, \u00f6\u011fretmenlerin \u00f6zl\u00fck\" \/>\n<meta property=\"og:url\" content=\"https:\/\/kibrisdakik.com\/?p=6795\" \/>\n<meta property=\"article:published_time\" content=\"2023-05-12T20:57:22+00:00\" \/>\n<meta property=\"og:image\" content=\"https:\/\/kibrisdakik.com\/wp-content\/uploads\/2023\/05\/ktos3-740x420.jpeg\" \/>\n\t<meta property=\"og:image:width\" content=\"1600\" \/>\n\t<meta property=\"og:image:height\" content=\"1200\" \/>\n\t<meta property=\"og:image:type\" content=\"image\/jpeg\" \/>\n<meta name=\"author\" content=\"admin\" \/>\n<meta name=\"twitter:card\" content=\"summary_large_image\" \/>\n<meta name=\"twitter:label1\" content=\"Yazan:\" \/>\n\t<meta name=\"twitter:data1\" content=\"admin\" \/>\n\t<meta name=\"twitter:label2\" content=\"Tahmini okuma s\u00fcresi\" \/>\n\t<meta name=\"twitter:data2\" content=\"1 dakika\" \/>\n<script type=\"application\/ld+json\" class=\"yoast-schema-graph\">{\"@context\":\"https:\\\/\\\/schema.org\",\"@graph\":[{\"@type\":\"Article\",\"@id\":\"https:\\\/\\\/kibrisdakik.com\\\/?p=6795#article\",\"isPartOf\":{\"@id\":\"https:\\\/\\\/kibrisdakik.com\\\/?p=6795\"},\"author\":{\"name\":\"admin\",\"@id\":\"https:\\\/\\\/kibrisdakik.com\\\/#\\\/schema\\\/person\\\/9cd9d437bbb44f72b73ba127e06d8e79\"},\"headline\":\"KT\u00d6S ve KTOE\u00d6S Milli E\u011fitim Bakanl\u0131\u011f\u0131 \u00f6n\u00fcnde eylem yapt\u0131\",\"datePublished\":\"2023-05-12T20:57:22+00:00\",\"mainEntityOfPage\":{\"@id\":\"https:\\\/\\\/kibrisdakik.com\\\/?p=6795\"},\"wordCount\":216,\"commentCount\":0,\"image\":{\"@id\":\"https:\\\/\\\/kibrisdakik.com\\\/?p=6795#primaryimage\"},\"thumbnailUrl\":\"https:\\\/\\\/kibrisdakik.com\\\/wp-content\\\/uploads\\\/2023\\\/05\\\/ktos3-740x420.jpeg\",\"articleSection\":[\"G\u00fcndem\"],\"inLanguage\":\"tr\",\"potentialAction\":[{\"@type\":\"CommentAction\",\"name\":\"Comment\",\"target\":[\"https:\\\/\\\/kibrisdakik.com\\\/?p=6795#respond\"]}]},{\"@type\":\"WebPage\",\"@id\":\"https:\\\/\\\/kibrisdakik.com\\\/?p=6795\",\"url\":\"https:\\\/\\\/kibrisdakik.com\\\/?p=6795\",\"name\":\"KT\u00d6S ve KTOE\u00d6S Milli E\u011fitim Bakanl\u0131\u011f\u0131 \u00f6n\u00fcnde eylem yapt\u0131 -\",\"isPartOf\":{\"@id\":\"https:\\\/\\\/kibrisdakik.com\\\/#website\"},\"primaryImageOfPage\":{\"@id\":\"https:\\\/\\\/kibrisdakik.com\\\/?p=6795#primaryimage\"},\"image\":{\"@id\":\"https:\\\/\\\/kibrisdakik.com\\\/?p=6795#primaryimage\"},\"thumbnailUrl\":\"https:\\\/\\\/kibrisdakik.com\\\/wp-content\\\/uploads\\\/2023\\\/05\\\/ktos3-740x420.jpeg\",\"datePublished\":\"2023-05-12T20:57:22+00:00\",\"author\":{\"@id\":\"https:\\\/\\\/kibrisdakik.com\\\/#\\\/schema\\\/person\\\/9cd9d437bbb44f72b73ba127e06d8e79\"},\"breadcrumb\":{\"@id\":\"https:\\\/\\\/kibrisdakik.com\\\/?p=6795#breadcrumb\"},\"inLanguage\":\"tr\",\"potentialAction\":[{\"@type\":\"ReadAction\",\"target\":[\"https:\\\/\\\/kibrisdakik.com\\\/?p=6795\"]}]},{\"@type\":\"ImageObject\",\"inLanguage\":\"tr\",\"@id\":\"https:\\\/\\\/kibrisdakik.com\\\/?p=6795#primaryimage\",\"url\":\"https:\\\/\\\/kibrisdakik.com\\\/wp-content\\\/uploads\\\/2023\\\/05\\\/ktos3-740x420.jpeg\",\"contentUrl\":\"https:\\\/\\\/kibrisdakik.com\\\/wp-content\\\/uploads\\\/2023\\\/05\\\/ktos3-740x420.jpeg\",\"width\":1600,\"height\":1200},{\"@type\":\"BreadcrumbList\",\"@id\":\"https:\\\/\\\/kibrisdakik.com\\\/?p=6795#breadcrumb\",\"itemListElement\":[{\"@type\":\"ListItem\",\"position\":1,\"name\":\"Home\",\"item\":\"https:\\\/\\\/kibrisdakik.com\\\/\"},{\"@type\":\"ListItem\",\"position\":2,\"name\":\"KT\u00d6S ve KTOE\u00d6S Milli E\u011fitim Bakanl\u0131\u011f\u0131 \u00f6n\u00fcnde eylem yapt\u0131\"}]},{\"@type\":\"WebSite\",\"@id\":\"https:\\\/\\\/kibrisdakik.com\\\/#website\",\"url\":\"https:\\\/\\\/kibrisdakik.com\\\/\",\"name\":\"\",\"description\":\"Tam vaktinde haber\",\"potentialAction\":[{\"@type\":\"SearchAction\",\"target\":{\"@type\":\"EntryPoint\",\"urlTemplate\":\"https:\\\/\\\/kibrisdakik.com\\\/?s={search_term_string}\"},\"query-input\":{\"@type\":\"PropertyValueSpecification\",\"valueRequired\":true,\"valueName\":\"search_term_string\"}}],\"inLanguage\":\"tr\"},{\"@type\":\"Person\",\"@id\":\"https:\\\/\\\/kibrisdakik.com\\\/#\\\/schema\\\/person\\\/9cd9d437bbb44f72b73ba127e06d8e79\",\"name\":\"admin\",\"image\":{\"@type\":\"ImageObject\",\"inLanguage\":\"tr\",\"@id\":\"https:\\\/\\\/secure.gravatar.com\\\/avatar\\\/ccc17943b9d660506c869530f897617f7cb1c21a4bf30023f252596d83e1f007?s=96&d=mm&r=g\",\"url\":\"https:\\\/\\\/secure.gravatar.com\\\/avatar\\\/ccc17943b9d660506c869530f897617f7cb1c21a4bf30023f252596d83e1f007?s=96&d=mm&r=g\",\"contentUrl\":\"https:\\\/\\\/secure.gravatar.com\\\/avatar\\\/ccc17943b9d660506c869530f897617f7cb1c21a4bf30023f252596d83e1f007?s=96&d=mm&r=g\",\"caption\":\"admin\"},\"sameAs\":[\"https:\\\/\\\/kibrisdakik.com\"],\"url\":\"https:\\\/\\\/kibrisdakik.com\\\/?author=1\"}]}<\/script>\n<!-- \/ Yoast SEO plugin. -->","yoast_head_json":{"title":"KT\u00d6S ve KTOE\u00d6S Milli E\u011fitim Bakanl\u0131\u011f\u0131 \u00f6n\u00fcnde eylem yapt\u0131 -","robots":{"index":"index","follow":"follow","max-snippet":"max-snippet:-1","max-image-preview":"max-image-preview:large","max-video-preview":"max-video-preview:-1"},"canonical":"https:\/\/kibrisdakik.com\/?p=6795","og_locale":"tr_TR","og_type":"article","og_title":"KT\u00d6S ve KTOE\u00d6S Milli E\u011fitim Bakanl\u0131\u011f\u0131 \u00f6n\u00fcnde eylem yapt\u0131 -","og_description":"\u0130ki \u00f6\u011fretmen sendikas\u0131n\u0131n y\u00f6netim kurullar\u0131, \u00d6\u011fretmenler De\u011fi\u015fiklik Yasa Tasar\u0131s\u0131\u2019n\u0131n yeniden ilgili Meclis Komitesinin g\u00fcndemine al\u0131nmas\u0131 gerek\u00e7esiyle Milli E\u011fitim Bakanl\u0131\u011f\u0131 \u00f6n\u00fcnde eylem yapt\u0131. Eyleme ili\u015fkin a\u00e7\u0131klama yapan K\u0131br\u0131s T\u00fcrk \u00d6\u011fretmenler Sendikas\u0131 Genel Sekreteri Burak Mavi\u015f, e\u011fitimde, \u00f6\u011fretmenlerin \u00e7al\u0131\u015fma ko\u015fullar\u0131, okullarda bina g\u00fcvenli\u011fi gibi bir\u00e7ok sorunlar\u0131n bulundu\u011funu, ancak Milli E\u011fitim Bakan\u0131\u2019n\u0131n bu sorunlara \u00e7\u00f6z\u00fcm bulmayarak, \u00f6\u011fretmenlerin \u00f6zl\u00fck","og_url":"https:\/\/kibrisdakik.com\/?p=6795","article_published_time":"2023-05-12T20:57:22+00:00","og_image":[{"width":1600,"height":1200,"url":"https:\/\/kibrisdakik.com\/wp-content\/uploads\/2023\/05\/ktos3-740x420.jpeg","type":"image\/jpeg"}],"author":"admin","twitter_card":"summary_large_image","twitter_misc":{"Yazan:":"admin","Tahmini okuma s\u00fcresi":"1 dakika"},"schema":{"@context":"https:\/\/schema.org","@graph":[{"@type":"Article","@id":"https:\/\/kibrisdakik.com\/?p=6795#article","isPartOf":{"@id":"https:\/\/kibrisdakik.com\/?p=6795"},"author":{"name":"admin","@id":"https:\/\/kibrisdakik.com\/#\/schema\/person\/9cd9d437bbb44f72b73ba127e06d8e79"},"headline":"KT\u00d6S ve KTOE\u00d6S Milli E\u011fitim Bakanl\u0131\u011f\u0131 \u00f6n\u00fcnde eylem yapt\u0131","datePublished":"2023-05-12T20:57:22+00:00","mainEntityOfPage":{"@id":"https:\/\/kibrisdakik.com\/?p=6795"},"wordCount":216,"commentCount":0,"image":{"@id":"https:\/\/kibrisdakik.com\/?p=6795#primaryimage"},"thumbnailUrl":"https:\/\/kibrisdakik.com\/wp-content\/uploads\/2023\/05\/ktos3-740x420.jpeg","articleSection":["G\u00fcndem"],"inLanguage":"tr","potentialAction":[{"@type":"CommentAction","name":"Comment","target":["https:\/\/kibrisdakik.com\/?p=6795#respond"]}]},{"@type":"WebPage","@id":"https:\/\/kibrisdakik.com\/?p=6795","url":"https:\/\/kibrisdakik.com\/?p=6795","name":"KT\u00d6S ve KTOE\u00d6S Milli E\u011fitim Bakanl\u0131\u011f\u0131 \u00f6n\u00fcnde eylem yapt\u0131 -","isPartOf":{"@id":"https:\/\/kibrisdakik.com\/#website"},"primaryImageOfPage":{"@id":"https:\/\/kibrisdakik.com\/?p=6795#primaryimage"},"image":{"@id":"https:\/\/kibrisdakik.com\/?p=6795#primaryimage"},"thumbnailUrl":"https:\/\/kibrisdakik.com\/wp-content\/uploads\/2023\/05\/ktos3-740x420.jpeg","datePublished":"2023-05-12T20:57:22+00:00","author":{"@id":"https:\/\/kibrisdakik.com\/#\/schema\/person\/9cd9d437bbb44f72b73ba127e06d8e79"},"breadcrumb":{"@id":"https:\/\/kibrisdakik.com\/?p=6795#breadcrumb"},"inLanguage":"tr","potentialAction":[{"@type":"ReadAction","target":["https:\/\/kibrisdakik.com\/?p=6795"]}]},{"@type":"ImageObject","inLanguage":"tr","@id":"https:\/\/kibrisdakik.com\/?p=6795#primaryimage","url":"https:\/\/kibrisdakik.com\/wp-content\/uploads\/2023\/05\/ktos3-740x420.jpeg","contentUrl":"https:\/\/kibrisdakik.com\/wp-content\/uploads\/2023\/05\/ktos3-740x420.jpeg","width":1600,"height":1200},{"@type":"BreadcrumbList","@id":"https:\/\/kibrisdakik.com\/?p=6795#breadcrumb","itemListElement":[{"@type":"ListItem","position":1,"name":"Home","item":"https:\/\/kibrisdakik.com\/"},{"@type":"ListItem","position":2,"name":"KT\u00d6S ve KTOE\u00d6S Milli E\u011fitim Bakanl\u0131\u011f\u0131 \u00f6n\u00fcnde eylem yapt\u0131"}]},{"@type":"WebSite","@id":"https:\/\/kibrisdakik.com\/#website","url":"https:\/\/kibrisdakik.com\/","name":"","description":"Tam vaktinde haber","potentialAction":[{"@type":"SearchAction","target":{"@type":"EntryPoint","urlTemplate":"https:\/\/kibrisdakik.com\/?s={search_term_string}"},"query-input":{"@type":"PropertyValueSpecification","valueRequired":true,"valueName":"search_term_string"}}],"inLanguage":"tr"},{"@type":"Person","@id":"https:\/\/kibrisdakik.com\/#\/schema\/person\/9cd9d437bbb44f72b73ba127e06d8e79","name":"admin","image":{"@type":"ImageObject","inLanguage":"tr","@id":"https:\/\/secure.gravatar.com\/avatar\/ccc17943b9d660506c869530f897617f7cb1c21a4bf30023f252596d83e1f007?s=96&d=mm&r=g","url":"https:\/\/secure.gravatar.com\/avatar\/ccc17943b9d660506c869530f897617f7cb1c21a4bf30023f252596d83e1f007?s=96&d=mm&r=g","contentUrl":"https:\/\/secure.gravatar.com\/avatar\/ccc17943b9d660506c869530f897617f7cb1c21a4bf30023f252596d83e1f007?s=96&d=mm&r=g","caption":"admin"},"sameAs":["https:\/\/kibrisdakik.com"],"url":"https:\/\/kibrisdakik.com\/?author=1"}]}},"_links":{"self":[{"href":"https:\/\/kibrisdakik.com\/index.php?rest_route=\/wp\/v2\/posts\/6795","targetHints":{"allow":["GET"]}}],"collection":[{"href":"https:\/\/kibrisdakik.com\/index.php?rest_route=\/wp\/v2\/posts"}],"about":[{"href":"https:\/\/kibrisdakik.com\/index.php?rest_route=\/wp\/v2\/types\/post"}],"author":[{"embeddable":true,"href":"https:\/\/kibrisdakik.com\/index.php?rest_route=\/wp\/v2\/users\/1"}],"replies":[{"embeddable":true,"href":"https:\/\/kibrisdakik.com\/index.php?rest_route=%2Fwp%2Fv2%2Fcomments&post=6795"}],"version-history":[{"count":0,"href":"https:\/\/kibrisdakik.com\/index.php?rest_route=\/wp\/v2\/posts\/6795\/revisions"}],"wp:featuredmedia":[{"embeddable":true,"href":"https:\/\/kibrisdakik.com\/index.php?rest_route=\/wp\/v2\/media\/6796"}],"wp:attachment":[{"href":"https:\/\/kibrisdakik.com\/index.php?rest_route=%2Fwp%2Fv2%2Fmedia&parent=6795"}],"wp:term":[{"taxonomy":"category","embeddable":true,"href":"https:\/\/kibrisdakik.com\/index.php?rest_route=%2Fwp%2Fv2%2Fcategories&post=6795"},{"taxonomy":"post_tag","embeddable":true,"href":"https:\/\/kibrisdakik.com\/index.php?rest_route=%2Fwp%2Fv2%2Ftags&post=6795"}],"curies":[{"name":"wp","href":"https:\/\/api.w.org\/{rel}","templated":true}]}}