{"id":6805,"date":"2023-05-13T07:11:21","date_gmt":"2023-05-13T07:11:21","guid":{"rendered":"https:\/\/kibrisdakik.com\/index.php\/2023\/05\/13\/cumhurbaskani-ersin-tatardan-anneler-gunu-mesaji\/"},"modified":"2023-05-13T07:11:21","modified_gmt":"2023-05-13T07:11:21","slug":"cumhurbaskani-ersin-tatardan-anneler-gunu-mesaji","status":"publish","type":"post","link":"https:\/\/kibrisdakik.com\/?p=6805","title":{"rendered":"Cumhurba\u015fkan\u0131 Ersin Tatar\u2019dan \u201cAnneler G\u00fcn\u00fc\u201d mesaj\u0131"},"content":{"rendered":"<p><\/p>\n<div>\n<div class=\"mariselle-image-container center\">\n                <img width=\"1536\" height=\"900\" class=\"lazy-image\" alt=\"\" decoding=\"async\" loading=\"lazy\" sizes=\"auto, (max-width: 1536px) 100vw, 1536px\" src=\"https:\/\/brtk.net\/wp-content\/uploads\/2023\/01\/16\/ersin-tatar-YAZI-YAZARKEN-1536x900-1.jpeg?ver=907acafea3c6ebb02be600659a5d47e9\" srcset=\"https:\/\/brtk.net\/wp-content\/uploads\/2023\/01\/16\/ersin-tatar-YAZI-YAZARKEN-1536x900-1.jpeg?ver=907acafea3c6ebb02be600659a5d47e9 1536w, https:\/\/brtk.net\/wp-content\/uploads\/2023\/01\/16\/ersin-tatar-YAZI-YAZARKEN-1536x900-1-300x176.jpeg?ver=8f053bddbb1bd5912db5cf013d270459 300w, https:\/\/brtk.net\/wp-content\/uploads\/2023\/01\/16\/ersin-tatar-YAZI-YAZARKEN-1536x900-1-1024x600.jpeg?ver=2b5a2d732ed5a1cb86932c4613f2620a 1024w, https:\/\/brtk.net\/wp-content\/uploads\/2023\/01\/16\/ersin-tatar-YAZI-YAZARKEN-1536x900-1-768x450.jpeg?ver=2b5a2d732ed5a1cb86932c4613f2620a 768w, https:\/\/brtk.net\/wp-content\/uploads\/2023\/01\/16\/ersin-tatar-YAZI-YAZARKEN-1536x900-1-379x222.jpeg?ver=88b0be597889fff4aa756b6da4a73bcd 379w\"\/>                            <\/div>\n<p>Cumhurba\u015fkan\u0131 <a href=\"https:\/\/brtk.net\/\" target=\"_blank\" rel=\"noopener\">Ersin <\/a><a href=\"https:\/\/brtk.net\/\">Tatar<\/a>, Anneler G\u00fcn\u00fc dolay\u0131s\u0131yla mesaj yay\u0131mlad\u0131.<\/p>\n<p><a href=\"https:\/\/brtk.net\/\">Tatar<\/a> mesaj\u0131nda \u015funlar\u0131 kaydetti: <\/p>\n<p>\u201cBu sene, hepimiz i\u00e7in kutsal bir g\u00fcn olan ve en de\u011ferli varl\u0131\u011f\u0131m\u0131z annelerimizin \u00f6nemini en derinden idrak etti\u011fimiz Anneler G\u00fcn\u00fc\u2019n\u00fc, \u015fubat ay\u0131nda ya\u015fanan deprem felaketinin a\u00e7t\u0131\u011f\u0131 yaralar\u0131 sarmaya \u00e7al\u0131\u015ft\u0131\u011f\u0131m\u0131z bir d\u00f6nemde, buruk bir \u015fekilde idrak ediyoruz.<br \/>Deprem felaketinde en \u00e7ok etkilenenlerden olan annelerimiz, tarih boyunca g\u00f6sterdi\u011fi \u00fcst\u00fcn fedak\u00e2rl\u0131k ve cesareti, deprem felaketi sonras\u0131 da sergileyerek hepimize \u00f6rnek olmaya ve g\u00fc\u00e7 vermeye devam etmektedir.<\/p>\n<p>K\u0131br\u0131s T\u00fcrk halk\u0131n\u0131n toplumsal varolu\u015f m\u00fccadelesinden bug\u00fcne; sosyal, siyasal ve ekonomik ya\u015fam\u0131n her basama\u011f\u0131nda, bilgi birikimi, vizyonu, cesaret ve al\u0131n teriyle b\u00fct\u00fcn d\u00fcnyaya \u00f6rnek olmu\u015f K\u0131br\u0131s T\u00fcrk kad\u0131n\u0131, anne ve bilgeli\u011fiyle \u00f6ne \u00e7\u0131km\u0131\u015f bir toplum ferdi olarak inan\u0131yorum ki gelecekte de dayan\u0131\u015fman\u0131n ve cesaretin sembol\u00fc olmaya devam edecek; halk\u0131m\u0131z\u0131n \u00e7a\u011fda\u015f norm ve de\u011ferlerle ya\u015famas\u0131na, devletimizin ilelebet payidar kalmas\u0131na \u00f6nc\u00fc olmay\u0131 s\u00fcrd\u00fcrecektir.<\/p>\n<p>Halk\u0131 ayakta tutan, \u00e7ocuklar\u0131m\u0131z\u0131n sosyal, psikolojik geli\u015fimi ve aile kavram\u0131n\u0131n en hayati \u00f6gesi olan annelerimizin varl\u0131\u011f\u0131; etik de\u011ferlere ba\u011fl\u0131, yetkin, yurdunu seven nesillerimizin sa\u011fl\u0131kl\u0131 geli\u015fiminin ve g\u00fc\u00e7l\u00fc toplumun teminat\u0131 olmaya devam edecektir.<br \/>Bu duygularla ba\u015fta \u015fehit annelerinin olmak \u00fczere, \u015fubat ay\u0131nda meydana gelen depremde yitirdi\u011fimiz Melekler Tak\u0131m\u0131 ve di\u011fer yurtta\u015flar\u0131m\u0131z\u0131n anneleri ile b\u00fct\u00fcn annelerimize en derin sayg\u0131 ve sevgilerimi sunuyor; vefak\u00e2r ve cefak\u00e2r annelerimizin de\u011ferini, y\u0131l\u0131n her g\u00fcn\u00fc hat\u0131rlaman\u0131n \u00f6neminin alt\u0131n\u0131 \u00e7izerken, hayatta olmayan b\u00fct\u00fcn annelerimize Allah\u2019tan rahmet diliyorum.Annelerimizin Anneler G\u00fcn\u00fc kutlu ve mutlu olsun.\u2019<\/p>\n<\/p><\/div>\n<p><script async\n                    defer\n                    crossorigin=\"anonymous\"\n                    src=\"https:\/\/connect.facebook.net\/tr_TR\/sdk.js#xfbml=1&#038;version=v3.3\"\n            ><\/script><\/p>\n","protected":false},"excerpt":{"rendered":"<p>Cumhurba\u015fkan\u0131 Ersin Tatar, Anneler G\u00fcn\u00fc dolay\u0131s\u0131yla mesaj yay\u0131mlad\u0131. Tatar mesaj\u0131nda \u015funlar\u0131 kaydetti: \u201cBu sene, hepimiz i\u00e7in kutsal bir g\u00fcn olan ve en de\u011ferli varl\u0131\u011f\u0131m\u0131z annelerimizin \u00f6nemini en derinden idrak etti\u011fimiz Anneler G\u00fcn\u00fc\u2019n\u00fc, \u015fubat ay\u0131nda ya\u015fanan deprem felaketinin a\u00e7t\u0131\u011f\u0131 yaralar\u0131 sarmaya \u00e7al\u0131\u015ft\u0131\u011f\u0131m\u0131z bir d\u00f6nemde, buruk bir \u015fekilde idrak ediyoruz.Deprem felaketinde en \u00e7ok etkilenenlerden olan annelerimiz, tarih<\/p>\n","protected":false},"author":1,"featured_media":2767,"comment_status":"open","ping_status":"open","sticky":false,"template":"","format":"standard","meta":{"footnotes":""},"categories":[1],"tags":[],"class_list":["post-6805","post","type-post","status-publish","format-standard","has-post-thumbnail","hentry","category-gundem"],"yoast_head":"<!-- This site is optimized with the Yoast SEO plugin v27.5 - https:\/\/yoast.com\/product\/yoast-seo-wordpress\/ -->\n<title>Cumhurba\u015fkan\u0131 Ersin Tatar\u2019dan \u201cAnneler G\u00fcn\u00fc\u201d mesaj\u0131 -<\/title>\n<meta name=\"robots\" content=\"index, follow, max-snippet:-1, max-image-preview:large, max-video-preview:-1\" \/>\n<link rel=\"canonical\" href=\"https:\/\/kibrisdakik.com\/?p=6805\" \/>\n<meta property=\"og:locale\" content=\"tr_TR\" \/>\n<meta property=\"og:type\" content=\"article\" \/>\n<meta property=\"og:title\" content=\"Cumhurba\u015fkan\u0131 Ersin Tatar\u2019dan \u201cAnneler G\u00fcn\u00fc\u201d mesaj\u0131 -\" \/>\n<meta property=\"og:description\" content=\"Cumhurba\u015fkan\u0131 Ersin Tatar, Anneler G\u00fcn\u00fc dolay\u0131s\u0131yla mesaj yay\u0131mlad\u0131. Tatar mesaj\u0131nda \u015funlar\u0131 kaydetti: \u201cBu sene, hepimiz i\u00e7in kutsal bir g\u00fcn olan ve en de\u011ferli varl\u0131\u011f\u0131m\u0131z annelerimizin \u00f6nemini en derinden idrak etti\u011fimiz Anneler G\u00fcn\u00fc\u2019n\u00fc, \u015fubat ay\u0131nda ya\u015fanan deprem felaketinin a\u00e7t\u0131\u011f\u0131 yaralar\u0131 sarmaya \u00e7al\u0131\u015ft\u0131\u011f\u0131m\u0131z bir d\u00f6nemde, buruk bir \u015fekilde idrak ediyoruz.Deprem felaketinde en \u00e7ok etkilenenlerden olan annelerimiz, tarih\" \/>\n<meta property=\"og:url\" content=\"https:\/\/kibrisdakik.com\/?p=6805\" \/>\n<meta property=\"article:published_time\" content=\"2023-05-13T07:11:21+00:00\" \/>\n<meta property=\"og:image\" content=\"https:\/\/kibrisdakik.com\/wp-content\/uploads\/2023\/03\/ersin-tatar-YAZI-YAZARKEN-1536x900-1-740x420.jpeg\" \/>\n\t<meta property=\"og:image:width\" content=\"1536\" \/>\n\t<meta property=\"og:image:height\" content=\"900\" \/>\n\t<meta property=\"og:image:type\" content=\"image\/jpeg\" \/>\n<meta name=\"author\" content=\"admin\" \/>\n<meta name=\"twitter:card\" content=\"summary_large_image\" \/>\n<meta name=\"twitter:label1\" content=\"Yazan:\" \/>\n\t<meta name=\"twitter:data1\" content=\"admin\" \/>\n\t<meta name=\"twitter:label2\" content=\"Tahmini okuma s\u00fcresi\" \/>\n\t<meta name=\"twitter:data2\" content=\"2 dakika\" \/>\n<script type=\"application\/ld+json\" class=\"yoast-schema-graph\">{\"@context\":\"https:\\\/\\\/schema.org\",\"@graph\":[{\"@type\":\"Article\",\"@id\":\"https:\\\/\\\/kibrisdakik.com\\\/?p=6805#article\",\"isPartOf\":{\"@id\":\"https:\\\/\\\/kibrisdakik.com\\\/?p=6805\"},\"author\":{\"name\":\"admin\",\"@id\":\"https:\\\/\\\/kibrisdakik.com\\\/#\\\/schema\\\/person\\\/9cd9d437bbb44f72b73ba127e06d8e79\"},\"headline\":\"Cumhurba\u015fkan\u0131 Ersin Tatar\u2019dan \u201cAnneler G\u00fcn\u00fc\u201d mesaj\u0131\",\"datePublished\":\"2023-05-13T07:11:21+00:00\",\"mainEntityOfPage\":{\"@id\":\"https:\\\/\\\/kibrisdakik.com\\\/?p=6805\"},\"wordCount\":325,\"commentCount\":0,\"image\":{\"@id\":\"https:\\\/\\\/kibrisdakik.com\\\/?p=6805#primaryimage\"},\"thumbnailUrl\":\"https:\\\/\\\/kibrisdakik.com\\\/wp-content\\\/uploads\\\/2023\\\/03\\\/ersin-tatar-YAZI-YAZARKEN-1536x900-1-740x420.jpeg\",\"articleSection\":[\"G\u00fcndem\"],\"inLanguage\":\"tr\",\"potentialAction\":[{\"@type\":\"CommentAction\",\"name\":\"Comment\",\"target\":[\"https:\\\/\\\/kibrisdakik.com\\\/?p=6805#respond\"]}]},{\"@type\":\"WebPage\",\"@id\":\"https:\\\/\\\/kibrisdakik.com\\\/?p=6805\",\"url\":\"https:\\\/\\\/kibrisdakik.com\\\/?p=6805\",\"name\":\"Cumhurba\u015fkan\u0131 Ersin Tatar\u2019dan \u201cAnneler G\u00fcn\u00fc\u201d mesaj\u0131 -\",\"isPartOf\":{\"@id\":\"https:\\\/\\\/kibrisdakik.com\\\/#website\"},\"primaryImageOfPage\":{\"@id\":\"https:\\\/\\\/kibrisdakik.com\\\/?p=6805#primaryimage\"},\"image\":{\"@id\":\"https:\\\/\\\/kibrisdakik.com\\\/?p=6805#primaryimage\"},\"thumbnailUrl\":\"https:\\\/\\\/kibrisdakik.com\\\/wp-content\\\/uploads\\\/2023\\\/03\\\/ersin-tatar-YAZI-YAZARKEN-1536x900-1-740x420.jpeg\",\"datePublished\":\"2023-05-13T07:11:21+00:00\",\"author\":{\"@id\":\"https:\\\/\\\/kibrisdakik.com\\\/#\\\/schema\\\/person\\\/9cd9d437bbb44f72b73ba127e06d8e79\"},\"breadcrumb\":{\"@id\":\"https:\\\/\\\/kibrisdakik.com\\\/?p=6805#breadcrumb\"},\"inLanguage\":\"tr\",\"potentialAction\":[{\"@type\":\"ReadAction\",\"target\":[\"https:\\\/\\\/kibrisdakik.com\\\/?p=6805\"]}]},{\"@type\":\"ImageObject\",\"inLanguage\":\"tr\",\"@id\":\"https:\\\/\\\/kibrisdakik.com\\\/?p=6805#primaryimage\",\"url\":\"https:\\\/\\\/kibrisdakik.com\\\/wp-content\\\/uploads\\\/2023\\\/03\\\/ersin-tatar-YAZI-YAZARKEN-1536x900-1-740x420.jpeg\",\"contentUrl\":\"https:\\\/\\\/kibrisdakik.com\\\/wp-content\\\/uploads\\\/2023\\\/03\\\/ersin-tatar-YAZI-YAZARKEN-1536x900-1-740x420.jpeg\",\"width\":1536,\"height\":900},{\"@type\":\"BreadcrumbList\",\"@id\":\"https:\\\/\\\/kibrisdakik.com\\\/?p=6805#breadcrumb\",\"itemListElement\":[{\"@type\":\"ListItem\",\"position\":1,\"name\":\"Home\",\"item\":\"https:\\\/\\\/kibrisdakik.com\\\/\"},{\"@type\":\"ListItem\",\"position\":2,\"name\":\"Cumhurba\u015fkan\u0131 Ersin Tatar\u2019dan \u201cAnneler G\u00fcn\u00fc\u201d mesaj\u0131\"}]},{\"@type\":\"WebSite\",\"@id\":\"https:\\\/\\\/kibrisdakik.com\\\/#website\",\"url\":\"https:\\\/\\\/kibrisdakik.com\\\/\",\"name\":\"\",\"description\":\"Tam vaktinde haber\",\"potentialAction\":[{\"@type\":\"SearchAction\",\"target\":{\"@type\":\"EntryPoint\",\"urlTemplate\":\"https:\\\/\\\/kibrisdakik.com\\\/?s={search_term_string}\"},\"query-input\":{\"@type\":\"PropertyValueSpecification\",\"valueRequired\":true,\"valueName\":\"search_term_string\"}}],\"inLanguage\":\"tr\"},{\"@type\":\"Person\",\"@id\":\"https:\\\/\\\/kibrisdakik.com\\\/#\\\/schema\\\/person\\\/9cd9d437bbb44f72b73ba127e06d8e79\",\"name\":\"admin\",\"image\":{\"@type\":\"ImageObject\",\"inLanguage\":\"tr\",\"@id\":\"https:\\\/\\\/secure.gravatar.com\\\/avatar\\\/ccc17943b9d660506c869530f897617f7cb1c21a4bf30023f252596d83e1f007?s=96&d=mm&r=g\",\"url\":\"https:\\\/\\\/secure.gravatar.com\\\/avatar\\\/ccc17943b9d660506c869530f897617f7cb1c21a4bf30023f252596d83e1f007?s=96&d=mm&r=g\",\"contentUrl\":\"https:\\\/\\\/secure.gravatar.com\\\/avatar\\\/ccc17943b9d660506c869530f897617f7cb1c21a4bf30023f252596d83e1f007?s=96&d=mm&r=g\",\"caption\":\"admin\"},\"sameAs\":[\"https:\\\/\\\/kibrisdakik.com\"],\"url\":\"https:\\\/\\\/kibrisdakik.com\\\/?author=1\"}]}<\/script>\n<!-- \/ Yoast SEO plugin. -->","yoast_head_json":{"title":"Cumhurba\u015fkan\u0131 Ersin Tatar\u2019dan \u201cAnneler G\u00fcn\u00fc\u201d mesaj\u0131 -","robots":{"index":"index","follow":"follow","max-snippet":"max-snippet:-1","max-image-preview":"max-image-preview:large","max-video-preview":"max-video-preview:-1"},"canonical":"https:\/\/kibrisdakik.com\/?p=6805","og_locale":"tr_TR","og_type":"article","og_title":"Cumhurba\u015fkan\u0131 Ersin Tatar\u2019dan \u201cAnneler G\u00fcn\u00fc\u201d mesaj\u0131 -","og_description":"Cumhurba\u015fkan\u0131 Ersin Tatar, Anneler G\u00fcn\u00fc dolay\u0131s\u0131yla mesaj yay\u0131mlad\u0131. Tatar mesaj\u0131nda \u015funlar\u0131 kaydetti: \u201cBu sene, hepimiz i\u00e7in kutsal bir g\u00fcn olan ve en de\u011ferli varl\u0131\u011f\u0131m\u0131z annelerimizin \u00f6nemini en derinden idrak etti\u011fimiz Anneler G\u00fcn\u00fc\u2019n\u00fc, \u015fubat ay\u0131nda ya\u015fanan deprem felaketinin a\u00e7t\u0131\u011f\u0131 yaralar\u0131 sarmaya \u00e7al\u0131\u015ft\u0131\u011f\u0131m\u0131z bir d\u00f6nemde, buruk bir \u015fekilde idrak ediyoruz.Deprem felaketinde en \u00e7ok etkilenenlerden olan annelerimiz, tarih","og_url":"https:\/\/kibrisdakik.com\/?p=6805","article_published_time":"2023-05-13T07:11:21+00:00","og_image":[{"width":1536,"height":900,"url":"https:\/\/kibrisdakik.com\/wp-content\/uploads\/2023\/03\/ersin-tatar-YAZI-YAZARKEN-1536x900-1-740x420.jpeg","type":"image\/jpeg"}],"author":"admin","twitter_card":"summary_large_image","twitter_misc":{"Yazan:":"admin","Tahmini okuma s\u00fcresi":"2 dakika"},"schema":{"@context":"https:\/\/schema.org","@graph":[{"@type":"Article","@id":"https:\/\/kibrisdakik.com\/?p=6805#article","isPartOf":{"@id":"https:\/\/kibrisdakik.com\/?p=6805"},"author":{"name":"admin","@id":"https:\/\/kibrisdakik.com\/#\/schema\/person\/9cd9d437bbb44f72b73ba127e06d8e79"},"headline":"Cumhurba\u015fkan\u0131 Ersin Tatar\u2019dan \u201cAnneler G\u00fcn\u00fc\u201d mesaj\u0131","datePublished":"2023-05-13T07:11:21+00:00","mainEntityOfPage":{"@id":"https:\/\/kibrisdakik.com\/?p=6805"},"wordCount":325,"commentCount":0,"image":{"@id":"https:\/\/kibrisdakik.com\/?p=6805#primaryimage"},"thumbnailUrl":"https:\/\/kibrisdakik.com\/wp-content\/uploads\/2023\/03\/ersin-tatar-YAZI-YAZARKEN-1536x900-1-740x420.jpeg","articleSection":["G\u00fcndem"],"inLanguage":"tr","potentialAction":[{"@type":"CommentAction","name":"Comment","target":["https:\/\/kibrisdakik.com\/?p=6805#respond"]}]},{"@type":"WebPage","@id":"https:\/\/kibrisdakik.com\/?p=6805","url":"https:\/\/kibrisdakik.com\/?p=6805","name":"Cumhurba\u015fkan\u0131 Ersin Tatar\u2019dan \u201cAnneler G\u00fcn\u00fc\u201d mesaj\u0131 -","isPartOf":{"@id":"https:\/\/kibrisdakik.com\/#website"},"primaryImageOfPage":{"@id":"https:\/\/kibrisdakik.com\/?p=6805#primaryimage"},"image":{"@id":"https:\/\/kibrisdakik.com\/?p=6805#primaryimage"},"thumbnailUrl":"https:\/\/kibrisdakik.com\/wp-content\/uploads\/2023\/03\/ersin-tatar-YAZI-YAZARKEN-1536x900-1-740x420.jpeg","datePublished":"2023-05-13T07:11:21+00:00","author":{"@id":"https:\/\/kibrisdakik.com\/#\/schema\/person\/9cd9d437bbb44f72b73ba127e06d8e79"},"breadcrumb":{"@id":"https:\/\/kibrisdakik.com\/?p=6805#breadcrumb"},"inLanguage":"tr","potentialAction":[{"@type":"ReadAction","target":["https:\/\/kibrisdakik.com\/?p=6805"]}]},{"@type":"ImageObject","inLanguage":"tr","@id":"https:\/\/kibrisdakik.com\/?p=6805#primaryimage","url":"https:\/\/kibrisdakik.com\/wp-content\/uploads\/2023\/03\/ersin-tatar-YAZI-YAZARKEN-1536x900-1-740x420.jpeg","contentUrl":"https:\/\/kibrisdakik.com\/wp-content\/uploads\/2023\/03\/ersin-tatar-YAZI-YAZARKEN-1536x900-1-740x420.jpeg","width":1536,"height":900},{"@type":"BreadcrumbList","@id":"https:\/\/kibrisdakik.com\/?p=6805#breadcrumb","itemListElement":[{"@type":"ListItem","position":1,"name":"Home","item":"https:\/\/kibrisdakik.com\/"},{"@type":"ListItem","position":2,"name":"Cumhurba\u015fkan\u0131 Ersin Tatar\u2019dan \u201cAnneler G\u00fcn\u00fc\u201d mesaj\u0131"}]},{"@type":"WebSite","@id":"https:\/\/kibrisdakik.com\/#website","url":"https:\/\/kibrisdakik.com\/","name":"","description":"Tam vaktinde haber","potentialAction":[{"@type":"SearchAction","target":{"@type":"EntryPoint","urlTemplate":"https:\/\/kibrisdakik.com\/?s={search_term_string}"},"query-input":{"@type":"PropertyValueSpecification","valueRequired":true,"valueName":"search_term_string"}}],"inLanguage":"tr"},{"@type":"Person","@id":"https:\/\/kibrisdakik.com\/#\/schema\/person\/9cd9d437bbb44f72b73ba127e06d8e79","name":"admin","image":{"@type":"ImageObject","inLanguage":"tr","@id":"https:\/\/secure.gravatar.com\/avatar\/ccc17943b9d660506c869530f897617f7cb1c21a4bf30023f252596d83e1f007?s=96&d=mm&r=g","url":"https:\/\/secure.gravatar.com\/avatar\/ccc17943b9d660506c869530f897617f7cb1c21a4bf30023f252596d83e1f007?s=96&d=mm&r=g","contentUrl":"https:\/\/secure.gravatar.com\/avatar\/ccc17943b9d660506c869530f897617f7cb1c21a4bf30023f252596d83e1f007?s=96&d=mm&r=g","caption":"admin"},"sameAs":["https:\/\/kibrisdakik.com"],"url":"https:\/\/kibrisdakik.com\/?author=1"}]}},"_links":{"self":[{"href":"https:\/\/kibrisdakik.com\/index.php?rest_route=\/wp\/v2\/posts\/6805","targetHints":{"allow":["GET"]}}],"collection":[{"href":"https:\/\/kibrisdakik.com\/index.php?rest_route=\/wp\/v2\/posts"}],"about":[{"href":"https:\/\/kibrisdakik.com\/index.php?rest_route=\/wp\/v2\/types\/post"}],"author":[{"embeddable":true,"href":"https:\/\/kibrisdakik.com\/index.php?rest_route=\/wp\/v2\/users\/1"}],"replies":[{"embeddable":true,"href":"https:\/\/kibrisdakik.com\/index.php?rest_route=%2Fwp%2Fv2%2Fcomments&post=6805"}],"version-history":[{"count":0,"href":"https:\/\/kibrisdakik.com\/index.php?rest_route=\/wp\/v2\/posts\/6805\/revisions"}],"wp:featuredmedia":[{"embeddable":true,"href":"https:\/\/kibrisdakik.com\/index.php?rest_route=\/wp\/v2\/media\/2767"}],"wp:attachment":[{"href":"https:\/\/kibrisdakik.com\/index.php?rest_route=%2Fwp%2Fv2%2Fmedia&parent=6805"}],"wp:term":[{"taxonomy":"category","embeddable":true,"href":"https:\/\/kibrisdakik.com\/index.php?rest_route=%2Fwp%2Fv2%2Fcategories&post=6805"},{"taxonomy":"post_tag","embeddable":true,"href":"https:\/\/kibrisdakik.com\/index.php?rest_route=%2Fwp%2Fv2%2Ftags&post=6805"}],"curies":[{"name":"wp","href":"https:\/\/api.w.org\/{rel}","templated":true}]}}