{"id":6808,"date":"2023-05-13T09:15:20","date_gmt":"2023-05-13T09:15:20","guid":{"rendered":"https:\/\/kibrisdakik.com\/index.php\/2023\/05\/13\/giad-is-aglarini-gelistirme-etkinligi-duzenledi\/"},"modified":"2023-05-13T09:15:20","modified_gmt":"2023-05-13T09:15:20","slug":"giad-is-aglarini-gelistirme-etkinligi-duzenledi","status":"publish","type":"post","link":"https:\/\/kibrisdakik.com\/?p=6808","title":{"rendered":"G\u0130AD \u201c\u0130\u015f A\u011flar\u0131n\u0131 Geli\u015ftirme\u201d etkinli\u011fi d\u00fczenledi"},"content":{"rendered":"<p><\/p>\n<div>\n<div class=\"mariselle-image-container none\">\n                <img width=\"2000\" height=\"1333\" class=\"lazy-image\" alt=\"\" decoding=\"async\" loading=\"lazy\" sizes=\"auto, (max-width: 2000px) 100vw, 2000px\" src=\"https:\/\/brtk.net\/wp-content\/uploads\/2023\/05\/13\/giad-1-.jpg?ver=81a2247c0b53f82021187fd2ce0af811\" srcset=\"https:\/\/brtk.net\/wp-content\/uploads\/2023\/05\/13\/giad-1-.jpg?ver=81a2247c0b53f82021187fd2ce0af811 2000w, https:\/\/brtk.net\/wp-content\/uploads\/2023\/05\/13\/giad-1--300x200.jpg?ver=81a2247c0b53f82021187fd2ce0af811 300w, https:\/\/brtk.net\/wp-content\/uploads\/2023\/05\/13\/giad-1--1024x682.jpg?ver=81a2247c0b53f82021187fd2ce0af811 1024w, https:\/\/brtk.net\/wp-content\/uploads\/2023\/05\/13\/giad-1--768x512.jpg?ver=81a2247c0b53f82021187fd2ce0af811 768w, https:\/\/brtk.net\/wp-content\/uploads\/2023\/05\/13\/giad-1--1536x1024.jpg?ver=29156f6b594d948844ea39346e878c4a 1536w\"\/>                            <\/div>\n<p style=\"font-weight: 300;\">Kuzey K\u0131br\u0131s Gen\u00e7 \u0130\u015f Adamlar\u0131 Derne\u011fi (G\u0130AD), \u201c\u0130\u015f A\u011flar\u0131n\u0131 Geli\u015ftirme\u201d etkinli\u011fi d\u00fczenledi.<\/p>\n<p style=\"font-weight: 300;\">Dernek a\u00e7\u0131klamas\u0131na g\u00f6re Per\u015fembe g\u00fcn\u00fc d\u00fczenlenen etkinlik Pia Bella Otel\u2019de yer ald\u0131.<\/p>\n<p style=\"font-weight: 300;\">Kuzey K\u0131br\u0131s\u2019taki i\u015f insanlar\u0131 aras\u0131ndaki i\u015f birli\u011fini art\u0131rmak amac\u0131yla d\u00fczenlenen etkinli\u011fe G\u0130AD \u00fcyelerinin yan\u0131nda gen\u00e7 i\u015f insanlar\u0131 ve KTTO Kad\u0131n Giri\u015fimciler Konseyi (KGK) \u00fcyeleri kat\u0131ld\u0131.<\/p>\n<p style=\"font-weight: 300;\">Etkinli\u011fin a\u00e7\u0131l\u0131\u015f konu\u015fmas\u0131nda G\u0130AD Ba\u015fkan\u0131 Orhan Gavani i\u00e7 ticaretin \u00f6nemini vurgulad\u0131.<\/p>\n<p style=\"font-weight: 300;\">KGK Ba\u015fkan\u0131 Meryem \u00c7erkez G\u00fcrt\u00fcn\u00e7 ise konu\u015fmas\u0131nda, KGK ekibi ad\u0131na etkinlikte bulunmaktan duydu\u011fu mutlu\u011fu ve ilerleyen g\u00fcnlerde G\u0130AD ile yap\u0131lacak i\u015f birlikleri i\u00e7in heyecan duyduklar\u0131n\u0131 belirtti.<\/p>\n<p style=\"font-weight: 300;\">Pia Bella Hotel\u2019in sponsorlu\u011funda ger\u00e7ekle\u015fen etkinlikte Telsim Vodafone ekibinden Kurumsal Pazarlama M\u00fcd\u00fcr\u00fc \u00d6zg\u00fcr \u00c7akmak 4.5G hizmeti kapsam\u0131nda i\u015f insanlar\u0131 i\u00e7in olu\u015facak uygulama ve \u00e7\u00f6z\u00fcm \u00f6nerileri hakk\u0131nda bilgilendirme sunumu yapt\u0131.<\/p>\n<p style=\"font-weight: 300;\">G\u0130AD Asba\u015fkan\u0131 Gizem Muhtaro\u011flu\u2019nun ger\u00e7ekle\u015ftirdi\u011fi, G\u0130AD\u2019\u0131n 23. D\u00f6nemi boyunca faaliyetleri ve hedefledi\u011fi projeleri ile ilgili sunumun ard\u0131ndan, etkinli\u011fe kat\u0131lan t\u00fcm kat\u0131l\u0131mc\u0131lara 2 dakika boyunca i\u015fletmelerini tan\u0131tma f\u0131rsat\u0131 verildi.<\/p>\n<p style=\"font-weight: 300;\">50\u2019nin \u00fczerinde i\u015f insan\u0131n\u0131n bir araya geldi\u011fi etkinlik, kokteylle son buldu.<\/p>\n<p>TAK\/<a href=\"https:\/\/brtk.net\/\">BRT<\/a><\/p>\n<\/p><\/div>\n<p><script async\n                    defer\n                    crossorigin=\"anonymous\"\n                    src=\"https:\/\/connect.facebook.net\/tr_TR\/sdk.js#xfbml=1&#038;version=v3.3\"\n            ><\/script><\/p>\n","protected":false},"excerpt":{"rendered":"<p>Kuzey K\u0131br\u0131s Gen\u00e7 \u0130\u015f Adamlar\u0131 Derne\u011fi (G\u0130AD), \u201c\u0130\u015f A\u011flar\u0131n\u0131 Geli\u015ftirme\u201d etkinli\u011fi d\u00fczenledi. Dernek a\u00e7\u0131klamas\u0131na g\u00f6re Per\u015fembe g\u00fcn\u00fc d\u00fczenlenen etkinlik Pia Bella Otel\u2019de yer ald\u0131. Kuzey K\u0131br\u0131s\u2019taki i\u015f insanlar\u0131 aras\u0131ndaki i\u015f birli\u011fini art\u0131rmak amac\u0131yla d\u00fczenlenen etkinli\u011fe G\u0130AD \u00fcyelerinin yan\u0131nda gen\u00e7 i\u015f insanlar\u0131 ve KTTO Kad\u0131n Giri\u015fimciler Konseyi (KGK) \u00fcyeleri kat\u0131ld\u0131. Etkinli\u011fin a\u00e7\u0131l\u0131\u015f konu\u015fmas\u0131nda G\u0130AD Ba\u015fkan\u0131 Orhan<\/p>\n","protected":false},"author":1,"featured_media":6809,"comment_status":"open","ping_status":"open","sticky":false,"template":"","format":"standard","meta":{"footnotes":""},"categories":[1],"tags":[],"class_list":["post-6808","post","type-post","status-publish","format-standard","has-post-thumbnail","hentry","category-gundem"],"yoast_head":"<!-- This site is optimized with the Yoast SEO plugin v27.5 - https:\/\/yoast.com\/product\/yoast-seo-wordpress\/ -->\n<title>G\u0130AD \u201c\u0130\u015f A\u011flar\u0131n\u0131 Geli\u015ftirme\u201d etkinli\u011fi d\u00fczenledi -<\/title>\n<meta name=\"robots\" content=\"index, follow, max-snippet:-1, max-image-preview:large, max-video-preview:-1\" \/>\n<link rel=\"canonical\" href=\"https:\/\/kibrisdakik.com\/?p=6808\" \/>\n<meta property=\"og:locale\" content=\"tr_TR\" \/>\n<meta property=\"og:type\" content=\"article\" \/>\n<meta property=\"og:title\" content=\"G\u0130AD \u201c\u0130\u015f A\u011flar\u0131n\u0131 Geli\u015ftirme\u201d etkinli\u011fi d\u00fczenledi -\" \/>\n<meta property=\"og:description\" content=\"Kuzey K\u0131br\u0131s Gen\u00e7 \u0130\u015f Adamlar\u0131 Derne\u011fi (G\u0130AD), \u201c\u0130\u015f A\u011flar\u0131n\u0131 Geli\u015ftirme\u201d etkinli\u011fi d\u00fczenledi. Dernek a\u00e7\u0131klamas\u0131na g\u00f6re Per\u015fembe g\u00fcn\u00fc d\u00fczenlenen etkinlik Pia Bella Otel\u2019de yer ald\u0131. Kuzey K\u0131br\u0131s\u2019taki i\u015f insanlar\u0131 aras\u0131ndaki i\u015f birli\u011fini art\u0131rmak amac\u0131yla d\u00fczenlenen etkinli\u011fe G\u0130AD \u00fcyelerinin yan\u0131nda gen\u00e7 i\u015f insanlar\u0131 ve KTTO Kad\u0131n Giri\u015fimciler Konseyi (KGK) \u00fcyeleri kat\u0131ld\u0131. Etkinli\u011fin a\u00e7\u0131l\u0131\u015f konu\u015fmas\u0131nda G\u0130AD Ba\u015fkan\u0131 Orhan\" \/>\n<meta property=\"og:url\" content=\"https:\/\/kibrisdakik.com\/?p=6808\" \/>\n<meta property=\"article:published_time\" content=\"2023-05-13T09:15:20+00:00\" \/>\n<meta property=\"og:image\" content=\"https:\/\/kibrisdakik.com\/wp-content\/uploads\/2023\/05\/giad-1--740x420.jpg\" \/>\n\t<meta property=\"og:image:width\" content=\"2000\" \/>\n\t<meta property=\"og:image:height\" content=\"1333\" \/>\n\t<meta property=\"og:image:type\" content=\"image\/jpeg\" \/>\n<meta name=\"author\" content=\"admin\" \/>\n<meta name=\"twitter:card\" content=\"summary_large_image\" \/>\n<meta name=\"twitter:label1\" content=\"Yazan:\" \/>\n\t<meta name=\"twitter:data1\" content=\"admin\" \/>\n\t<meta name=\"twitter:label2\" content=\"Tahmini okuma s\u00fcresi\" \/>\n\t<meta name=\"twitter:data2\" content=\"1 dakika\" \/>\n<script type=\"application\/ld+json\" class=\"yoast-schema-graph\">{\"@context\":\"https:\\\/\\\/schema.org\",\"@graph\":[{\"@type\":\"Article\",\"@id\":\"https:\\\/\\\/kibrisdakik.com\\\/?p=6808#article\",\"isPartOf\":{\"@id\":\"https:\\\/\\\/kibrisdakik.com\\\/?p=6808\"},\"author\":{\"name\":\"admin\",\"@id\":\"https:\\\/\\\/kibrisdakik.com\\\/#\\\/schema\\\/person\\\/9cd9d437bbb44f72b73ba127e06d8e79\"},\"headline\":\"G\u0130AD \u201c\u0130\u015f A\u011flar\u0131n\u0131 Geli\u015ftirme\u201d etkinli\u011fi d\u00fczenledi\",\"datePublished\":\"2023-05-13T09:15:20+00:00\",\"mainEntityOfPage\":{\"@id\":\"https:\\\/\\\/kibrisdakik.com\\\/?p=6808\"},\"wordCount\":248,\"commentCount\":0,\"image\":{\"@id\":\"https:\\\/\\\/kibrisdakik.com\\\/?p=6808#primaryimage\"},\"thumbnailUrl\":\"https:\\\/\\\/kibrisdakik.com\\\/wp-content\\\/uploads\\\/2023\\\/05\\\/giad-1--740x420.jpg\",\"articleSection\":[\"G\u00fcndem\"],\"inLanguage\":\"tr\",\"potentialAction\":[{\"@type\":\"CommentAction\",\"name\":\"Comment\",\"target\":[\"https:\\\/\\\/kibrisdakik.com\\\/?p=6808#respond\"]}]},{\"@type\":\"WebPage\",\"@id\":\"https:\\\/\\\/kibrisdakik.com\\\/?p=6808\",\"url\":\"https:\\\/\\\/kibrisdakik.com\\\/?p=6808\",\"name\":\"G\u0130AD \u201c\u0130\u015f A\u011flar\u0131n\u0131 Geli\u015ftirme\u201d etkinli\u011fi d\u00fczenledi -\",\"isPartOf\":{\"@id\":\"https:\\\/\\\/kibrisdakik.com\\\/#website\"},\"primaryImageOfPage\":{\"@id\":\"https:\\\/\\\/kibrisdakik.com\\\/?p=6808#primaryimage\"},\"image\":{\"@id\":\"https:\\\/\\\/kibrisdakik.com\\\/?p=6808#primaryimage\"},\"thumbnailUrl\":\"https:\\\/\\\/kibrisdakik.com\\\/wp-content\\\/uploads\\\/2023\\\/05\\\/giad-1--740x420.jpg\",\"datePublished\":\"2023-05-13T09:15:20+00:00\",\"author\":{\"@id\":\"https:\\\/\\\/kibrisdakik.com\\\/#\\\/schema\\\/person\\\/9cd9d437bbb44f72b73ba127e06d8e79\"},\"breadcrumb\":{\"@id\":\"https:\\\/\\\/kibrisdakik.com\\\/?p=6808#breadcrumb\"},\"inLanguage\":\"tr\",\"potentialAction\":[{\"@type\":\"ReadAction\",\"target\":[\"https:\\\/\\\/kibrisdakik.com\\\/?p=6808\"]}]},{\"@type\":\"ImageObject\",\"inLanguage\":\"tr\",\"@id\":\"https:\\\/\\\/kibrisdakik.com\\\/?p=6808#primaryimage\",\"url\":\"https:\\\/\\\/kibrisdakik.com\\\/wp-content\\\/uploads\\\/2023\\\/05\\\/giad-1--740x420.jpg\",\"contentUrl\":\"https:\\\/\\\/kibrisdakik.com\\\/wp-content\\\/uploads\\\/2023\\\/05\\\/giad-1--740x420.jpg\",\"width\":2000,\"height\":1333},{\"@type\":\"BreadcrumbList\",\"@id\":\"https:\\\/\\\/kibrisdakik.com\\\/?p=6808#breadcrumb\",\"itemListElement\":[{\"@type\":\"ListItem\",\"position\":1,\"name\":\"Home\",\"item\":\"https:\\\/\\\/kibrisdakik.com\\\/\"},{\"@type\":\"ListItem\",\"position\":2,\"name\":\"G\u0130AD \u201c\u0130\u015f A\u011flar\u0131n\u0131 Geli\u015ftirme\u201d etkinli\u011fi d\u00fczenledi\"}]},{\"@type\":\"WebSite\",\"@id\":\"https:\\\/\\\/kibrisdakik.com\\\/#website\",\"url\":\"https:\\\/\\\/kibrisdakik.com\\\/\",\"name\":\"\",\"description\":\"Tam vaktinde haber\",\"potentialAction\":[{\"@type\":\"SearchAction\",\"target\":{\"@type\":\"EntryPoint\",\"urlTemplate\":\"https:\\\/\\\/kibrisdakik.com\\\/?s={search_term_string}\"},\"query-input\":{\"@type\":\"PropertyValueSpecification\",\"valueRequired\":true,\"valueName\":\"search_term_string\"}}],\"inLanguage\":\"tr\"},{\"@type\":\"Person\",\"@id\":\"https:\\\/\\\/kibrisdakik.com\\\/#\\\/schema\\\/person\\\/9cd9d437bbb44f72b73ba127e06d8e79\",\"name\":\"admin\",\"image\":{\"@type\":\"ImageObject\",\"inLanguage\":\"tr\",\"@id\":\"https:\\\/\\\/secure.gravatar.com\\\/avatar\\\/ccc17943b9d660506c869530f897617f7cb1c21a4bf30023f252596d83e1f007?s=96&d=mm&r=g\",\"url\":\"https:\\\/\\\/secure.gravatar.com\\\/avatar\\\/ccc17943b9d660506c869530f897617f7cb1c21a4bf30023f252596d83e1f007?s=96&d=mm&r=g\",\"contentUrl\":\"https:\\\/\\\/secure.gravatar.com\\\/avatar\\\/ccc17943b9d660506c869530f897617f7cb1c21a4bf30023f252596d83e1f007?s=96&d=mm&r=g\",\"caption\":\"admin\"},\"sameAs\":[\"https:\\\/\\\/kibrisdakik.com\"],\"url\":\"https:\\\/\\\/kibrisdakik.com\\\/?author=1\"}]}<\/script>\n<!-- \/ Yoast SEO plugin. -->","yoast_head_json":{"title":"G\u0130AD \u201c\u0130\u015f A\u011flar\u0131n\u0131 Geli\u015ftirme\u201d etkinli\u011fi d\u00fczenledi -","robots":{"index":"index","follow":"follow","max-snippet":"max-snippet:-1","max-image-preview":"max-image-preview:large","max-video-preview":"max-video-preview:-1"},"canonical":"https:\/\/kibrisdakik.com\/?p=6808","og_locale":"tr_TR","og_type":"article","og_title":"G\u0130AD \u201c\u0130\u015f A\u011flar\u0131n\u0131 Geli\u015ftirme\u201d etkinli\u011fi d\u00fczenledi -","og_description":"Kuzey K\u0131br\u0131s Gen\u00e7 \u0130\u015f Adamlar\u0131 Derne\u011fi (G\u0130AD), \u201c\u0130\u015f A\u011flar\u0131n\u0131 Geli\u015ftirme\u201d etkinli\u011fi d\u00fczenledi. Dernek a\u00e7\u0131klamas\u0131na g\u00f6re Per\u015fembe g\u00fcn\u00fc d\u00fczenlenen etkinlik Pia Bella Otel\u2019de yer ald\u0131. Kuzey K\u0131br\u0131s\u2019taki i\u015f insanlar\u0131 aras\u0131ndaki i\u015f birli\u011fini art\u0131rmak amac\u0131yla d\u00fczenlenen etkinli\u011fe G\u0130AD \u00fcyelerinin yan\u0131nda gen\u00e7 i\u015f insanlar\u0131 ve KTTO Kad\u0131n Giri\u015fimciler Konseyi (KGK) \u00fcyeleri kat\u0131ld\u0131. Etkinli\u011fin a\u00e7\u0131l\u0131\u015f konu\u015fmas\u0131nda G\u0130AD Ba\u015fkan\u0131 Orhan","og_url":"https:\/\/kibrisdakik.com\/?p=6808","article_published_time":"2023-05-13T09:15:20+00:00","og_image":[{"width":2000,"height":1333,"url":"https:\/\/kibrisdakik.com\/wp-content\/uploads\/2023\/05\/giad-1--740x420.jpg","type":"image\/jpeg"}],"author":"admin","twitter_card":"summary_large_image","twitter_misc":{"Yazan:":"admin","Tahmini okuma s\u00fcresi":"1 dakika"},"schema":{"@context":"https:\/\/schema.org","@graph":[{"@type":"Article","@id":"https:\/\/kibrisdakik.com\/?p=6808#article","isPartOf":{"@id":"https:\/\/kibrisdakik.com\/?p=6808"},"author":{"name":"admin","@id":"https:\/\/kibrisdakik.com\/#\/schema\/person\/9cd9d437bbb44f72b73ba127e06d8e79"},"headline":"G\u0130AD \u201c\u0130\u015f A\u011flar\u0131n\u0131 Geli\u015ftirme\u201d etkinli\u011fi d\u00fczenledi","datePublished":"2023-05-13T09:15:20+00:00","mainEntityOfPage":{"@id":"https:\/\/kibrisdakik.com\/?p=6808"},"wordCount":248,"commentCount":0,"image":{"@id":"https:\/\/kibrisdakik.com\/?p=6808#primaryimage"},"thumbnailUrl":"https:\/\/kibrisdakik.com\/wp-content\/uploads\/2023\/05\/giad-1--740x420.jpg","articleSection":["G\u00fcndem"],"inLanguage":"tr","potentialAction":[{"@type":"CommentAction","name":"Comment","target":["https:\/\/kibrisdakik.com\/?p=6808#respond"]}]},{"@type":"WebPage","@id":"https:\/\/kibrisdakik.com\/?p=6808","url":"https:\/\/kibrisdakik.com\/?p=6808","name":"G\u0130AD \u201c\u0130\u015f A\u011flar\u0131n\u0131 Geli\u015ftirme\u201d etkinli\u011fi d\u00fczenledi -","isPartOf":{"@id":"https:\/\/kibrisdakik.com\/#website"},"primaryImageOfPage":{"@id":"https:\/\/kibrisdakik.com\/?p=6808#primaryimage"},"image":{"@id":"https:\/\/kibrisdakik.com\/?p=6808#primaryimage"},"thumbnailUrl":"https:\/\/kibrisdakik.com\/wp-content\/uploads\/2023\/05\/giad-1--740x420.jpg","datePublished":"2023-05-13T09:15:20+00:00","author":{"@id":"https:\/\/kibrisdakik.com\/#\/schema\/person\/9cd9d437bbb44f72b73ba127e06d8e79"},"breadcrumb":{"@id":"https:\/\/kibrisdakik.com\/?p=6808#breadcrumb"},"inLanguage":"tr","potentialAction":[{"@type":"ReadAction","target":["https:\/\/kibrisdakik.com\/?p=6808"]}]},{"@type":"ImageObject","inLanguage":"tr","@id":"https:\/\/kibrisdakik.com\/?p=6808#primaryimage","url":"https:\/\/kibrisdakik.com\/wp-content\/uploads\/2023\/05\/giad-1--740x420.jpg","contentUrl":"https:\/\/kibrisdakik.com\/wp-content\/uploads\/2023\/05\/giad-1--740x420.jpg","width":2000,"height":1333},{"@type":"BreadcrumbList","@id":"https:\/\/kibrisdakik.com\/?p=6808#breadcrumb","itemListElement":[{"@type":"ListItem","position":1,"name":"Home","item":"https:\/\/kibrisdakik.com\/"},{"@type":"ListItem","position":2,"name":"G\u0130AD \u201c\u0130\u015f A\u011flar\u0131n\u0131 Geli\u015ftirme\u201d etkinli\u011fi d\u00fczenledi"}]},{"@type":"WebSite","@id":"https:\/\/kibrisdakik.com\/#website","url":"https:\/\/kibrisdakik.com\/","name":"","description":"Tam vaktinde haber","potentialAction":[{"@type":"SearchAction","target":{"@type":"EntryPoint","urlTemplate":"https:\/\/kibrisdakik.com\/?s={search_term_string}"},"query-input":{"@type":"PropertyValueSpecification","valueRequired":true,"valueName":"search_term_string"}}],"inLanguage":"tr"},{"@type":"Person","@id":"https:\/\/kibrisdakik.com\/#\/schema\/person\/9cd9d437bbb44f72b73ba127e06d8e79","name":"admin","image":{"@type":"ImageObject","inLanguage":"tr","@id":"https:\/\/secure.gravatar.com\/avatar\/ccc17943b9d660506c869530f897617f7cb1c21a4bf30023f252596d83e1f007?s=96&d=mm&r=g","url":"https:\/\/secure.gravatar.com\/avatar\/ccc17943b9d660506c869530f897617f7cb1c21a4bf30023f252596d83e1f007?s=96&d=mm&r=g","contentUrl":"https:\/\/secure.gravatar.com\/avatar\/ccc17943b9d660506c869530f897617f7cb1c21a4bf30023f252596d83e1f007?s=96&d=mm&r=g","caption":"admin"},"sameAs":["https:\/\/kibrisdakik.com"],"url":"https:\/\/kibrisdakik.com\/?author=1"}]}},"_links":{"self":[{"href":"https:\/\/kibrisdakik.com\/index.php?rest_route=\/wp\/v2\/posts\/6808","targetHints":{"allow":["GET"]}}],"collection":[{"href":"https:\/\/kibrisdakik.com\/index.php?rest_route=\/wp\/v2\/posts"}],"about":[{"href":"https:\/\/kibrisdakik.com\/index.php?rest_route=\/wp\/v2\/types\/post"}],"author":[{"embeddable":true,"href":"https:\/\/kibrisdakik.com\/index.php?rest_route=\/wp\/v2\/users\/1"}],"replies":[{"embeddable":true,"href":"https:\/\/kibrisdakik.com\/index.php?rest_route=%2Fwp%2Fv2%2Fcomments&post=6808"}],"version-history":[{"count":0,"href":"https:\/\/kibrisdakik.com\/index.php?rest_route=\/wp\/v2\/posts\/6808\/revisions"}],"wp:featuredmedia":[{"embeddable":true,"href":"https:\/\/kibrisdakik.com\/index.php?rest_route=\/wp\/v2\/media\/6809"}],"wp:attachment":[{"href":"https:\/\/kibrisdakik.com\/index.php?rest_route=%2Fwp%2Fv2%2Fmedia&parent=6808"}],"wp:term":[{"taxonomy":"category","embeddable":true,"href":"https:\/\/kibrisdakik.com\/index.php?rest_route=%2Fwp%2Fv2%2Fcategories&post=6808"},{"taxonomy":"post_tag","embeddable":true,"href":"https:\/\/kibrisdakik.com\/index.php?rest_route=%2Fwp%2Fv2%2Ftags&post=6808"}],"curies":[{"name":"wp","href":"https:\/\/api.w.org\/{rel}","templated":true}]}}