{"id":68080,"date":"2024-10-31T19:28:44","date_gmt":"2024-10-31T16:28:44","guid":{"rendered":"https:\/\/kibrisdakik.com\/index.php\/2024\/10\/31\/kurtulmustan-kibris-aciklamasi-tum-uluslararasi-platformlarda-kibris-turklerinin-mucadelesini-net-sekilde-ifade-ettik\/"},"modified":"2024-10-31T19:28:44","modified_gmt":"2024-10-31T16:28:44","slug":"kurtulmustan-kibris-aciklamasi-tum-uluslararasi-platformlarda-kibris-turklerinin-mucadelesini-net-sekilde-ifade-ettik","status":"publish","type":"post","link":"https:\/\/kibrisdakik.com\/?p=68080","title":{"rendered":"Kurtulmu\u015f\u2019tan K\u0131br\u0131s a\u00e7\u0131klamas\u0131  \u201cT\u00fcm uluslararas\u0131 platformlarda, K\u0131br\u0131s T\u00fcrklerinin m\u00fccadelesini net \u015fekilde ifade ettik\u201d"},"content":{"rendered":"<p><\/p>\n<div>\n<div class=\"mariselle-image-container center\">\n                <img loading=\"lazy\" decoding=\"async\" width=\"971\" height=\"551\" class=\"lazy-image\" alt=\"\" sizes=\"auto, (max-width: 971px) 100vw, 971px\" src=\"https:\/\/brtk.net\/wp-content\/uploads\/2024\/10\/31\/v2numankurtulmu_1721459352.jpg?ver=7b4af51e001022771ad93cd15e551d92\" srcset=\"https:\/\/brtk.net\/wp-content\/uploads\/2024\/10\/31\/v2numankurtulmu_1721459352.jpg?ver=7b4af51e001022771ad93cd15e551d92 971w, https:\/\/brtk.net\/wp-content\/uploads\/2024\/10\/31\/v2numankurtulmu_1721459352-300x170.jpg?ver=04dfa2acd40d2161e958f43255bf5e1e 300w, https:\/\/brtk.net\/wp-content\/uploads\/2024\/10\/31\/v2numankurtulmu_1721459352-768x436.jpg?ver=04dfa2acd40d2161e958f43255bf5e1e 768w\"\/>                            <\/div>\n<p>T\u00fcrkiye B\u00fcy\u00fck Millet Meclisi Ba\u015fkan\u0131 Numan Kurtulmu\u015f, t\u00fcm uluslararas\u0131 platformlarda, K\u0131br\u0131s T\u00fcrklerinin m\u00fccadelesini net \u015fekilde ifade ettiklerini vurgulad\u0131.<\/p>\n<p>T\u00fcrkiye B\u00fcy\u00fck Millet Meclisi Ba\u015fkan\u0131 Numan Kurtulmu\u015f, TBMM Plan ve B\u00fct\u00e7e Komisyonu\u2019nda, Meclis Ba\u015fkanl\u0131\u011f\u0131\u2019n\u0131n 2025 y\u0131l\u0131 b\u00fct\u00e7esinin sunumunda K\u0131br\u0131s konusunda da de\u011ferlendirmelerde bulundu.<br \/>Numan Kurtulmu\u015f, t\u00fcm uluslararas\u0131 platformlarda, K\u0131br\u0131s T\u00fcrklerinin m\u00fccadelesini net \u015fekilde ifade ettiklerini belirterek, T\u00fcrkiye B\u00fcy\u00fck Millet Meclisi\u2019nin milletin itibar\u0131n\u0131, hakk\u0131n\u0131 ve hukukunu kararl\u0131l\u0131kla savundu\u011funu s\u00f6yledi.<\/p>\n<p>Kurtulmu\u015f, uluslararas\u0131 sahada insanl\u0131k vicdan\u0131n\u0131n sesi olmaya gayret ettiklerine de dikkati \u00e7ekerek, T\u00fcrkiye\u2019nin sadece b\u00f6lgesel de\u011fil, ayn\u0131 zamanda k\u00fcresel bar\u0131\u015f\u0131n temini i\u00e7in de katk\u0131 sa\u011flad\u0131\u011f\u0131n\u0131 kaydetti.<\/p>\n<\/p><\/div>\n<p><script async\n                    defer\n                    crossorigin=\"anonymous\"\n                    src=\"https:\/\/connect.facebook.net\/tr_TR\/sdk.js#xfbml=1&#038;version=v3.3\"\n            ><\/script><\/p>\n","protected":false},"excerpt":{"rendered":"<p>T\u00fcrkiye B\u00fcy\u00fck Millet Meclisi Ba\u015fkan\u0131 Numan Kurtulmu\u015f, t\u00fcm uluslararas\u0131 platformlarda, K\u0131br\u0131s T\u00fcrklerinin m\u00fccadelesini net \u015fekilde ifade ettiklerini vurgulad\u0131. T\u00fcrkiye B\u00fcy\u00fck Millet Meclisi Ba\u015fkan\u0131 Numan Kurtulmu\u015f, TBMM Plan ve B\u00fct\u00e7e Komisyonu\u2019nda, Meclis Ba\u015fkanl\u0131\u011f\u0131\u2019n\u0131n 2025 y\u0131l\u0131 b\u00fct\u00e7esinin sunumunda K\u0131br\u0131s konusunda da de\u011ferlendirmelerde bulundu.Numan Kurtulmu\u015f, t\u00fcm uluslararas\u0131 platformlarda, K\u0131br\u0131s T\u00fcrklerinin m\u00fccadelesini net \u015fekilde ifade ettiklerini belirterek, T\u00fcrkiye B\u00fcy\u00fck<\/p>\n","protected":false},"author":1,"featured_media":68081,"comment_status":"open","ping_status":"open","sticky":false,"template":"","format":"standard","meta":{"footnotes":""},"categories":[86],"tags":[],"class_list":["post-68080","post","type-post","status-publish","format-standard","has-post-thumbnail","hentry","category-turkiye"],"yoast_head":"<!-- This site is optimized with the Yoast SEO plugin v27.5 - https:\/\/yoast.com\/product\/yoast-seo-wordpress\/ -->\n<title>Kurtulmu\u015f\u2019tan K\u0131br\u0131s a\u00e7\u0131klamas\u0131 \u201cT\u00fcm uluslararas\u0131 platformlarda, K\u0131br\u0131s T\u00fcrklerinin m\u00fccadelesini net \u015fekilde ifade ettik\u201d -<\/title>\n<meta name=\"robots\" content=\"index, follow, max-snippet:-1, max-image-preview:large, max-video-preview:-1\" \/>\n<link rel=\"canonical\" href=\"https:\/\/kibrisdakik.com\/?p=68080\" \/>\n<meta property=\"og:locale\" content=\"tr_TR\" \/>\n<meta property=\"og:type\" content=\"article\" \/>\n<meta property=\"og:title\" content=\"Kurtulmu\u015f\u2019tan K\u0131br\u0131s a\u00e7\u0131klamas\u0131 \u201cT\u00fcm uluslararas\u0131 platformlarda, K\u0131br\u0131s T\u00fcrklerinin m\u00fccadelesini net \u015fekilde ifade ettik\u201d -\" \/>\n<meta property=\"og:description\" content=\"T\u00fcrkiye B\u00fcy\u00fck Millet Meclisi Ba\u015fkan\u0131 Numan Kurtulmu\u015f, t\u00fcm uluslararas\u0131 platformlarda, K\u0131br\u0131s T\u00fcrklerinin m\u00fccadelesini net \u015fekilde ifade ettiklerini vurgulad\u0131. T\u00fcrkiye B\u00fcy\u00fck Millet Meclisi Ba\u015fkan\u0131 Numan Kurtulmu\u015f, TBMM Plan ve B\u00fct\u00e7e Komisyonu\u2019nda, Meclis Ba\u015fkanl\u0131\u011f\u0131\u2019n\u0131n 2025 y\u0131l\u0131 b\u00fct\u00e7esinin sunumunda K\u0131br\u0131s konusunda da de\u011ferlendirmelerde bulundu.Numan Kurtulmu\u015f, t\u00fcm uluslararas\u0131 platformlarda, K\u0131br\u0131s T\u00fcrklerinin m\u00fccadelesini net \u015fekilde ifade ettiklerini belirterek, T\u00fcrkiye B\u00fcy\u00fck\" \/>\n<meta property=\"og:url\" content=\"https:\/\/kibrisdakik.com\/?p=68080\" \/>\n<meta property=\"article:published_time\" content=\"2024-10-31T16:28:44+00:00\" \/>\n<meta property=\"og:image\" content=\"https:\/\/kibrisdakik.com\/wp-content\/uploads\/2024\/10\/v2numankurtulmu_1721459352-740x420.jpg\" \/>\n\t<meta property=\"og:image:width\" content=\"971\" \/>\n\t<meta property=\"og:image:height\" content=\"551\" \/>\n\t<meta property=\"og:image:type\" content=\"image\/jpeg\" \/>\n<meta name=\"author\" content=\"admin\" \/>\n<meta name=\"twitter:card\" content=\"summary_large_image\" \/>\n<meta name=\"twitter:label1\" content=\"Yazan:\" \/>\n\t<meta name=\"twitter:data1\" content=\"admin\" \/>\n\t<meta name=\"twitter:label2\" content=\"Tahmini okuma s\u00fcresi\" \/>\n\t<meta name=\"twitter:data2\" content=\"1 dakika\" \/>\n<script type=\"application\/ld+json\" class=\"yoast-schema-graph\">{\"@context\":\"https:\\\/\\\/schema.org\",\"@graph\":[{\"@type\":\"Article\",\"@id\":\"https:\\\/\\\/kibrisdakik.com\\\/?p=68080#article\",\"isPartOf\":{\"@id\":\"https:\\\/\\\/kibrisdakik.com\\\/?p=68080\"},\"author\":{\"name\":\"admin\",\"@id\":\"https:\\\/\\\/kibrisdakik.com\\\/#\\\/schema\\\/person\\\/9cd9d437bbb44f72b73ba127e06d8e79\"},\"headline\":\"Kurtulmu\u015f\u2019tan K\u0131br\u0131s a\u00e7\u0131klamas\u0131 \u201cT\u00fcm uluslararas\u0131 platformlarda, K\u0131br\u0131s T\u00fcrklerinin m\u00fccadelesini net \u015fekilde ifade ettik\u201d\",\"datePublished\":\"2024-10-31T16:28:44+00:00\",\"mainEntityOfPage\":{\"@id\":\"https:\\\/\\\/kibrisdakik.com\\\/?p=68080\"},\"wordCount\":165,\"commentCount\":0,\"image\":{\"@id\":\"https:\\\/\\\/kibrisdakik.com\\\/?p=68080#primaryimage\"},\"thumbnailUrl\":\"https:\\\/\\\/kibrisdakik.com\\\/wp-content\\\/uploads\\\/2024\\\/10\\\/v2numankurtulmu_1721459352-740x420.jpg\",\"articleSection\":[\"T\u00fcrkiye\"],\"inLanguage\":\"tr\",\"potentialAction\":[{\"@type\":\"CommentAction\",\"name\":\"Comment\",\"target\":[\"https:\\\/\\\/kibrisdakik.com\\\/?p=68080#respond\"]}]},{\"@type\":\"WebPage\",\"@id\":\"https:\\\/\\\/kibrisdakik.com\\\/?p=68080\",\"url\":\"https:\\\/\\\/kibrisdakik.com\\\/?p=68080\",\"name\":\"Kurtulmu\u015f\u2019tan K\u0131br\u0131s a\u00e7\u0131klamas\u0131 \u201cT\u00fcm uluslararas\u0131 platformlarda, K\u0131br\u0131s T\u00fcrklerinin m\u00fccadelesini net \u015fekilde ifade ettik\u201d -\",\"isPartOf\":{\"@id\":\"https:\\\/\\\/kibrisdakik.com\\\/#website\"},\"primaryImageOfPage\":{\"@id\":\"https:\\\/\\\/kibrisdakik.com\\\/?p=68080#primaryimage\"},\"image\":{\"@id\":\"https:\\\/\\\/kibrisdakik.com\\\/?p=68080#primaryimage\"},\"thumbnailUrl\":\"https:\\\/\\\/kibrisdakik.com\\\/wp-content\\\/uploads\\\/2024\\\/10\\\/v2numankurtulmu_1721459352-740x420.jpg\",\"datePublished\":\"2024-10-31T16:28:44+00:00\",\"author\":{\"@id\":\"https:\\\/\\\/kibrisdakik.com\\\/#\\\/schema\\\/person\\\/9cd9d437bbb44f72b73ba127e06d8e79\"},\"breadcrumb\":{\"@id\":\"https:\\\/\\\/kibrisdakik.com\\\/?p=68080#breadcrumb\"},\"inLanguage\":\"tr\",\"potentialAction\":[{\"@type\":\"ReadAction\",\"target\":[\"https:\\\/\\\/kibrisdakik.com\\\/?p=68080\"]}]},{\"@type\":\"ImageObject\",\"inLanguage\":\"tr\",\"@id\":\"https:\\\/\\\/kibrisdakik.com\\\/?p=68080#primaryimage\",\"url\":\"https:\\\/\\\/kibrisdakik.com\\\/wp-content\\\/uploads\\\/2024\\\/10\\\/v2numankurtulmu_1721459352-740x420.jpg\",\"contentUrl\":\"https:\\\/\\\/kibrisdakik.com\\\/wp-content\\\/uploads\\\/2024\\\/10\\\/v2numankurtulmu_1721459352-740x420.jpg\",\"width\":971,\"height\":551},{\"@type\":\"BreadcrumbList\",\"@id\":\"https:\\\/\\\/kibrisdakik.com\\\/?p=68080#breadcrumb\",\"itemListElement\":[{\"@type\":\"ListItem\",\"position\":1,\"name\":\"Home\",\"item\":\"https:\\\/\\\/kibrisdakik.com\\\/\"},{\"@type\":\"ListItem\",\"position\":2,\"name\":\"Kurtulmu\u015f\u2019tan K\u0131br\u0131s a\u00e7\u0131klamas\u0131 \u201cT\u00fcm uluslararas\u0131 platformlarda, K\u0131br\u0131s T\u00fcrklerinin m\u00fccadelesini net \u015fekilde ifade ettik\u201d\"}]},{\"@type\":\"WebSite\",\"@id\":\"https:\\\/\\\/kibrisdakik.com\\\/#website\",\"url\":\"https:\\\/\\\/kibrisdakik.com\\\/\",\"name\":\"\",\"description\":\"Tam vaktinde haber\",\"potentialAction\":[{\"@type\":\"SearchAction\",\"target\":{\"@type\":\"EntryPoint\",\"urlTemplate\":\"https:\\\/\\\/kibrisdakik.com\\\/?s={search_term_string}\"},\"query-input\":{\"@type\":\"PropertyValueSpecification\",\"valueRequired\":true,\"valueName\":\"search_term_string\"}}],\"inLanguage\":\"tr\"},{\"@type\":\"Person\",\"@id\":\"https:\\\/\\\/kibrisdakik.com\\\/#\\\/schema\\\/person\\\/9cd9d437bbb44f72b73ba127e06d8e79\",\"name\":\"admin\",\"image\":{\"@type\":\"ImageObject\",\"inLanguage\":\"tr\",\"@id\":\"https:\\\/\\\/secure.gravatar.com\\\/avatar\\\/ccc17943b9d660506c869530f897617f7cb1c21a4bf30023f252596d83e1f007?s=96&d=mm&r=g\",\"url\":\"https:\\\/\\\/secure.gravatar.com\\\/avatar\\\/ccc17943b9d660506c869530f897617f7cb1c21a4bf30023f252596d83e1f007?s=96&d=mm&r=g\",\"contentUrl\":\"https:\\\/\\\/secure.gravatar.com\\\/avatar\\\/ccc17943b9d660506c869530f897617f7cb1c21a4bf30023f252596d83e1f007?s=96&d=mm&r=g\",\"caption\":\"admin\"},\"sameAs\":[\"https:\\\/\\\/kibrisdakik.com\"],\"url\":\"https:\\\/\\\/kibrisdakik.com\\\/?author=1\"}]}<\/script>\n<!-- \/ Yoast SEO plugin. -->","yoast_head_json":{"title":"Kurtulmu\u015f\u2019tan K\u0131br\u0131s a\u00e7\u0131klamas\u0131 \u201cT\u00fcm uluslararas\u0131 platformlarda, K\u0131br\u0131s T\u00fcrklerinin m\u00fccadelesini net \u015fekilde ifade ettik\u201d -","robots":{"index":"index","follow":"follow","max-snippet":"max-snippet:-1","max-image-preview":"max-image-preview:large","max-video-preview":"max-video-preview:-1"},"canonical":"https:\/\/kibrisdakik.com\/?p=68080","og_locale":"tr_TR","og_type":"article","og_title":"Kurtulmu\u015f\u2019tan K\u0131br\u0131s a\u00e7\u0131klamas\u0131 \u201cT\u00fcm uluslararas\u0131 platformlarda, K\u0131br\u0131s T\u00fcrklerinin m\u00fccadelesini net \u015fekilde ifade ettik\u201d -","og_description":"T\u00fcrkiye B\u00fcy\u00fck Millet Meclisi Ba\u015fkan\u0131 Numan Kurtulmu\u015f, t\u00fcm uluslararas\u0131 platformlarda, K\u0131br\u0131s T\u00fcrklerinin m\u00fccadelesini net \u015fekilde ifade ettiklerini vurgulad\u0131. T\u00fcrkiye B\u00fcy\u00fck Millet Meclisi Ba\u015fkan\u0131 Numan Kurtulmu\u015f, TBMM Plan ve B\u00fct\u00e7e Komisyonu\u2019nda, Meclis Ba\u015fkanl\u0131\u011f\u0131\u2019n\u0131n 2025 y\u0131l\u0131 b\u00fct\u00e7esinin sunumunda K\u0131br\u0131s konusunda da de\u011ferlendirmelerde bulundu.Numan Kurtulmu\u015f, t\u00fcm uluslararas\u0131 platformlarda, K\u0131br\u0131s T\u00fcrklerinin m\u00fccadelesini net \u015fekilde ifade ettiklerini belirterek, T\u00fcrkiye B\u00fcy\u00fck","og_url":"https:\/\/kibrisdakik.com\/?p=68080","article_published_time":"2024-10-31T16:28:44+00:00","og_image":[{"width":971,"height":551,"url":"https:\/\/kibrisdakik.com\/wp-content\/uploads\/2024\/10\/v2numankurtulmu_1721459352-740x420.jpg","type":"image\/jpeg"}],"author":"admin","twitter_card":"summary_large_image","twitter_misc":{"Yazan:":"admin","Tahmini okuma s\u00fcresi":"1 dakika"},"schema":{"@context":"https:\/\/schema.org","@graph":[{"@type":"Article","@id":"https:\/\/kibrisdakik.com\/?p=68080#article","isPartOf":{"@id":"https:\/\/kibrisdakik.com\/?p=68080"},"author":{"name":"admin","@id":"https:\/\/kibrisdakik.com\/#\/schema\/person\/9cd9d437bbb44f72b73ba127e06d8e79"},"headline":"Kurtulmu\u015f\u2019tan K\u0131br\u0131s a\u00e7\u0131klamas\u0131 \u201cT\u00fcm uluslararas\u0131 platformlarda, K\u0131br\u0131s T\u00fcrklerinin m\u00fccadelesini net \u015fekilde ifade ettik\u201d","datePublished":"2024-10-31T16:28:44+00:00","mainEntityOfPage":{"@id":"https:\/\/kibrisdakik.com\/?p=68080"},"wordCount":165,"commentCount":0,"image":{"@id":"https:\/\/kibrisdakik.com\/?p=68080#primaryimage"},"thumbnailUrl":"https:\/\/kibrisdakik.com\/wp-content\/uploads\/2024\/10\/v2numankurtulmu_1721459352-740x420.jpg","articleSection":["T\u00fcrkiye"],"inLanguage":"tr","potentialAction":[{"@type":"CommentAction","name":"Comment","target":["https:\/\/kibrisdakik.com\/?p=68080#respond"]}]},{"@type":"WebPage","@id":"https:\/\/kibrisdakik.com\/?p=68080","url":"https:\/\/kibrisdakik.com\/?p=68080","name":"Kurtulmu\u015f\u2019tan K\u0131br\u0131s a\u00e7\u0131klamas\u0131 \u201cT\u00fcm uluslararas\u0131 platformlarda, K\u0131br\u0131s T\u00fcrklerinin m\u00fccadelesini net \u015fekilde ifade ettik\u201d -","isPartOf":{"@id":"https:\/\/kibrisdakik.com\/#website"},"primaryImageOfPage":{"@id":"https:\/\/kibrisdakik.com\/?p=68080#primaryimage"},"image":{"@id":"https:\/\/kibrisdakik.com\/?p=68080#primaryimage"},"thumbnailUrl":"https:\/\/kibrisdakik.com\/wp-content\/uploads\/2024\/10\/v2numankurtulmu_1721459352-740x420.jpg","datePublished":"2024-10-31T16:28:44+00:00","author":{"@id":"https:\/\/kibrisdakik.com\/#\/schema\/person\/9cd9d437bbb44f72b73ba127e06d8e79"},"breadcrumb":{"@id":"https:\/\/kibrisdakik.com\/?p=68080#breadcrumb"},"inLanguage":"tr","potentialAction":[{"@type":"ReadAction","target":["https:\/\/kibrisdakik.com\/?p=68080"]}]},{"@type":"ImageObject","inLanguage":"tr","@id":"https:\/\/kibrisdakik.com\/?p=68080#primaryimage","url":"https:\/\/kibrisdakik.com\/wp-content\/uploads\/2024\/10\/v2numankurtulmu_1721459352-740x420.jpg","contentUrl":"https:\/\/kibrisdakik.com\/wp-content\/uploads\/2024\/10\/v2numankurtulmu_1721459352-740x420.jpg","width":971,"height":551},{"@type":"BreadcrumbList","@id":"https:\/\/kibrisdakik.com\/?p=68080#breadcrumb","itemListElement":[{"@type":"ListItem","position":1,"name":"Home","item":"https:\/\/kibrisdakik.com\/"},{"@type":"ListItem","position":2,"name":"Kurtulmu\u015f\u2019tan K\u0131br\u0131s a\u00e7\u0131klamas\u0131 \u201cT\u00fcm uluslararas\u0131 platformlarda, K\u0131br\u0131s T\u00fcrklerinin m\u00fccadelesini net \u015fekilde ifade ettik\u201d"}]},{"@type":"WebSite","@id":"https:\/\/kibrisdakik.com\/#website","url":"https:\/\/kibrisdakik.com\/","name":"","description":"Tam vaktinde haber","potentialAction":[{"@type":"SearchAction","target":{"@type":"EntryPoint","urlTemplate":"https:\/\/kibrisdakik.com\/?s={search_term_string}"},"query-input":{"@type":"PropertyValueSpecification","valueRequired":true,"valueName":"search_term_string"}}],"inLanguage":"tr"},{"@type":"Person","@id":"https:\/\/kibrisdakik.com\/#\/schema\/person\/9cd9d437bbb44f72b73ba127e06d8e79","name":"admin","image":{"@type":"ImageObject","inLanguage":"tr","@id":"https:\/\/secure.gravatar.com\/avatar\/ccc17943b9d660506c869530f897617f7cb1c21a4bf30023f252596d83e1f007?s=96&d=mm&r=g","url":"https:\/\/secure.gravatar.com\/avatar\/ccc17943b9d660506c869530f897617f7cb1c21a4bf30023f252596d83e1f007?s=96&d=mm&r=g","contentUrl":"https:\/\/secure.gravatar.com\/avatar\/ccc17943b9d660506c869530f897617f7cb1c21a4bf30023f252596d83e1f007?s=96&d=mm&r=g","caption":"admin"},"sameAs":["https:\/\/kibrisdakik.com"],"url":"https:\/\/kibrisdakik.com\/?author=1"}]}},"_links":{"self":[{"href":"https:\/\/kibrisdakik.com\/index.php?rest_route=\/wp\/v2\/posts\/68080","targetHints":{"allow":["GET"]}}],"collection":[{"href":"https:\/\/kibrisdakik.com\/index.php?rest_route=\/wp\/v2\/posts"}],"about":[{"href":"https:\/\/kibrisdakik.com\/index.php?rest_route=\/wp\/v2\/types\/post"}],"author":[{"embeddable":true,"href":"https:\/\/kibrisdakik.com\/index.php?rest_route=\/wp\/v2\/users\/1"}],"replies":[{"embeddable":true,"href":"https:\/\/kibrisdakik.com\/index.php?rest_route=%2Fwp%2Fv2%2Fcomments&post=68080"}],"version-history":[{"count":0,"href":"https:\/\/kibrisdakik.com\/index.php?rest_route=\/wp\/v2\/posts\/68080\/revisions"}],"wp:featuredmedia":[{"embeddable":true,"href":"https:\/\/kibrisdakik.com\/index.php?rest_route=\/wp\/v2\/media\/68081"}],"wp:attachment":[{"href":"https:\/\/kibrisdakik.com\/index.php?rest_route=%2Fwp%2Fv2%2Fmedia&parent=68080"}],"wp:term":[{"taxonomy":"category","embeddable":true,"href":"https:\/\/kibrisdakik.com\/index.php?rest_route=%2Fwp%2Fv2%2Fcategories&post=68080"},{"taxonomy":"post_tag","embeddable":true,"href":"https:\/\/kibrisdakik.com\/index.php?rest_route=%2Fwp%2Fv2%2Ftags&post=68080"}],"curies":[{"name":"wp","href":"https:\/\/api.w.org\/{rel}","templated":true}]}}