{"id":68125,"date":"2024-11-01T12:16:29","date_gmt":"2024-11-01T09:16:29","guid":{"rendered":"https:\/\/kibrisdakik.com\/index.php\/2024\/11\/01\/675-tl-uzeri-elektrik-borcu-olan-abonelerin-elektrikleri-sali-gunu-kesilecek\/"},"modified":"2024-11-01T12:16:29","modified_gmt":"2024-11-01T09:16:29","slug":"675-tl-uzeri-elektrik-borcu-olan-abonelerin-elektrikleri-sali-gunu-kesilecek","status":"publish","type":"post","link":"https:\/\/kibrisdakik.com\/?p=68125","title":{"rendered":"675 TL \u00fczeri elektrik borcu olan abonelerin elektrikleri sal\u0131 g\u00fcn\u00fc kesilecek"},"content":{"rendered":"<div>\n<div class=\"mariselle-image-container center\">\n                                            <\/div>\n<p>K\u0131br\u0131s T\u00fcrk Elektrik Kurumu (K\u0131b-Tek), Ekim 2024 d\u00f6nemi ve \u00f6ncesi 675 TL \u00fczeri borcu olan abonelerin elektriklerinin 5 Kas\u0131m Sal\u0131 g\u00fcn\u00fc kesilece\u011fini duyurdu.<\/p>\n<p>K\u0131b-Tek\u2019ten yap\u0131lan yaz\u0131l\u0131 a\u00e7\u0131klamada, \u201cKurum alacaklar\u0131n\u0131n tahsili konusunda, Son \u00f6deme tarihi dolmu\u015f (Ekim 2024 d\u00f6nemi ve \u00f6ncesi) ve \u00f6denmemi\u015f (675 TL \u00fczeri) bor\u00e7lar ile birlikte Kurumumuz ile yap\u0131lan yasal s\u00f6zle\u015fmeler  ve taksitlendirilmi\u015f hesaplar\u0131n \u00f6denmemi\u015f taksit borcu gerili\u011fi olan t\u00fcm \u00f6zel ve t\u00fczel abonelerin elektrikleri 5 Kas\u0131m 2024 Sal\u0131 g\u00fcn\u00fc kesilecektir. Abonelerimizin ma\u011fdur olmamas\u0131 ad\u0131na gerekli \u00f6demelerini yapmalar\u0131n\u0131 \u00f6nemle rica olunur.\u201d denildi.<\/p>\n<\/p><\/div>\n<p><script async\n                    defer\n                    crossorigin=\"anonymous\"\n                    src=\"https:\/\/connect.facebook.net\/tr_TR\/sdk.js#xfbml=1&#038;version=v3.3\"\n            ><\/script><\/p>\n","protected":false},"excerpt":{"rendered":"<p>K\u0131br\u0131s T\u00fcrk Elektrik Kurumu (K\u0131b-Tek), Ekim 2024 d\u00f6nemi ve \u00f6ncesi 675 TL \u00fczeri borcu olan abonelerin elektriklerinin 5 Kas\u0131m Sal\u0131 g\u00fcn\u00fc kesilece\u011fini duyurdu. K\u0131b-Tek\u2019ten yap\u0131lan yaz\u0131l\u0131 a\u00e7\u0131klamada, \u201cKurum alacaklar\u0131n\u0131n tahsili konusunda, Son \u00f6deme tarihi dolmu\u015f (Ekim 2024 d\u00f6nemi ve \u00f6ncesi) ve \u00f6denmemi\u015f (675 TL \u00fczeri) bor\u00e7lar ile birlikte Kurumumuz ile yap\u0131lan yasal s\u00f6zle\u015fmeler ve taksitlendirilmi\u015f<\/p>\n","protected":false},"author":1,"featured_media":38349,"comment_status":"open","ping_status":"open","sticky":false,"template":"","format":"standard","meta":{"footnotes":""},"categories":[81],"tags":[],"class_list":["post-68125","post","type-post","status-publish","format-standard","has-post-thumbnail","hentry","category-kibris"],"yoast_head":"<!-- This site is optimized with the Yoast SEO plugin v27.5 - https:\/\/yoast.com\/product\/yoast-seo-wordpress\/ -->\n<title>675 TL \u00fczeri elektrik borcu olan abonelerin elektrikleri sal\u0131 g\u00fcn\u00fc kesilecek -<\/title>\n<meta name=\"robots\" content=\"index, follow, max-snippet:-1, max-image-preview:large, max-video-preview:-1\" \/>\n<link rel=\"canonical\" href=\"https:\/\/kibrisdakik.com\/?p=68125\" \/>\n<meta property=\"og:locale\" content=\"tr_TR\" \/>\n<meta property=\"og:type\" content=\"article\" \/>\n<meta property=\"og:title\" content=\"675 TL \u00fczeri elektrik borcu olan abonelerin elektrikleri sal\u0131 g\u00fcn\u00fc kesilecek -\" \/>\n<meta property=\"og:description\" content=\"K\u0131br\u0131s T\u00fcrk Elektrik Kurumu (K\u0131b-Tek), Ekim 2024 d\u00f6nemi ve \u00f6ncesi 675 TL \u00fczeri borcu olan abonelerin elektriklerinin 5 Kas\u0131m Sal\u0131 g\u00fcn\u00fc kesilece\u011fini duyurdu. K\u0131b-Tek\u2019ten yap\u0131lan yaz\u0131l\u0131 a\u00e7\u0131klamada, \u201cKurum alacaklar\u0131n\u0131n tahsili konusunda, Son \u00f6deme tarihi dolmu\u015f (Ekim 2024 d\u00f6nemi ve \u00f6ncesi) ve \u00f6denmemi\u015f (675 TL \u00fczeri) bor\u00e7lar ile birlikte Kurumumuz ile yap\u0131lan yasal s\u00f6zle\u015fmeler ve taksitlendirilmi\u015f\" \/>\n<meta property=\"og:url\" content=\"https:\/\/kibrisdakik.com\/?p=68125\" \/>\n<meta property=\"article:published_time\" content=\"2024-11-01T09:16:29+00:00\" \/>\n<meta property=\"og:image\" content=\"https:\/\/kibrisdakik.com\/wp-content\/uploads\/2024\/04\/fatura-elektrik-kibtek.webp-740x420.webp\" \/>\n\t<meta property=\"og:image:width\" content=\"1280\" \/>\n\t<meta property=\"og:image:height\" content=\"720\" \/>\n\t<meta property=\"og:image:type\" content=\"image\/webp\" \/>\n<meta name=\"author\" content=\"admin\" \/>\n<meta name=\"twitter:card\" content=\"summary_large_image\" \/>\n<meta name=\"twitter:label1\" content=\"Yazan:\" \/>\n\t<meta name=\"twitter:data1\" content=\"admin\" \/>\n\t<meta name=\"twitter:label2\" content=\"Tahmini okuma s\u00fcresi\" \/>\n\t<meta name=\"twitter:data2\" content=\"1 dakika\" \/>\n<script type=\"application\/ld+json\" class=\"yoast-schema-graph\">{\"@context\":\"https:\\\/\\\/schema.org\",\"@graph\":[{\"@type\":\"Article\",\"@id\":\"https:\\\/\\\/kibrisdakik.com\\\/?p=68125#article\",\"isPartOf\":{\"@id\":\"https:\\\/\\\/kibrisdakik.com\\\/?p=68125\"},\"author\":{\"name\":\"admin\",\"@id\":\"https:\\\/\\\/kibrisdakik.com\\\/#\\\/schema\\\/person\\\/9cd9d437bbb44f72b73ba127e06d8e79\"},\"headline\":\"675 TL \u00fczeri elektrik borcu olan abonelerin elektrikleri sal\u0131 g\u00fcn\u00fc kesilecek\",\"datePublished\":\"2024-11-01T09:16:29+00:00\",\"mainEntityOfPage\":{\"@id\":\"https:\\\/\\\/kibrisdakik.com\\\/?p=68125\"},\"wordCount\":117,\"commentCount\":0,\"image\":{\"@id\":\"https:\\\/\\\/kibrisdakik.com\\\/?p=68125#primaryimage\"},\"thumbnailUrl\":\"https:\\\/\\\/kibrisdakik.com\\\/wp-content\\\/uploads\\\/2024\\\/04\\\/fatura-elektrik-kibtek.webp-740x420.webp\",\"articleSection\":[\"K\u0131br\u0131s\"],\"inLanguage\":\"tr\",\"potentialAction\":[{\"@type\":\"CommentAction\",\"name\":\"Comment\",\"target\":[\"https:\\\/\\\/kibrisdakik.com\\\/?p=68125#respond\"]}]},{\"@type\":\"WebPage\",\"@id\":\"https:\\\/\\\/kibrisdakik.com\\\/?p=68125\",\"url\":\"https:\\\/\\\/kibrisdakik.com\\\/?p=68125\",\"name\":\"675 TL \u00fczeri elektrik borcu olan abonelerin elektrikleri sal\u0131 g\u00fcn\u00fc kesilecek -\",\"isPartOf\":{\"@id\":\"https:\\\/\\\/kibrisdakik.com\\\/#website\"},\"primaryImageOfPage\":{\"@id\":\"https:\\\/\\\/kibrisdakik.com\\\/?p=68125#primaryimage\"},\"image\":{\"@id\":\"https:\\\/\\\/kibrisdakik.com\\\/?p=68125#primaryimage\"},\"thumbnailUrl\":\"https:\\\/\\\/kibrisdakik.com\\\/wp-content\\\/uploads\\\/2024\\\/04\\\/fatura-elektrik-kibtek.webp-740x420.webp\",\"datePublished\":\"2024-11-01T09:16:29+00:00\",\"author\":{\"@id\":\"https:\\\/\\\/kibrisdakik.com\\\/#\\\/schema\\\/person\\\/9cd9d437bbb44f72b73ba127e06d8e79\"},\"breadcrumb\":{\"@id\":\"https:\\\/\\\/kibrisdakik.com\\\/?p=68125#breadcrumb\"},\"inLanguage\":\"tr\",\"potentialAction\":[{\"@type\":\"ReadAction\",\"target\":[\"https:\\\/\\\/kibrisdakik.com\\\/?p=68125\"]}]},{\"@type\":\"ImageObject\",\"inLanguage\":\"tr\",\"@id\":\"https:\\\/\\\/kibrisdakik.com\\\/?p=68125#primaryimage\",\"url\":\"https:\\\/\\\/kibrisdakik.com\\\/wp-content\\\/uploads\\\/2024\\\/04\\\/fatura-elektrik-kibtek.webp-740x420.webp\",\"contentUrl\":\"https:\\\/\\\/kibrisdakik.com\\\/wp-content\\\/uploads\\\/2024\\\/04\\\/fatura-elektrik-kibtek.webp-740x420.webp\",\"width\":1280,\"height\":720},{\"@type\":\"BreadcrumbList\",\"@id\":\"https:\\\/\\\/kibrisdakik.com\\\/?p=68125#breadcrumb\",\"itemListElement\":[{\"@type\":\"ListItem\",\"position\":1,\"name\":\"Home\",\"item\":\"https:\\\/\\\/kibrisdakik.com\\\/\"},{\"@type\":\"ListItem\",\"position\":2,\"name\":\"675 TL \u00fczeri elektrik borcu olan abonelerin elektrikleri sal\u0131 g\u00fcn\u00fc kesilecek\"}]},{\"@type\":\"WebSite\",\"@id\":\"https:\\\/\\\/kibrisdakik.com\\\/#website\",\"url\":\"https:\\\/\\\/kibrisdakik.com\\\/\",\"name\":\"\",\"description\":\"Tam vaktinde haber\",\"potentialAction\":[{\"@type\":\"SearchAction\",\"target\":{\"@type\":\"EntryPoint\",\"urlTemplate\":\"https:\\\/\\\/kibrisdakik.com\\\/?s={search_term_string}\"},\"query-input\":{\"@type\":\"PropertyValueSpecification\",\"valueRequired\":true,\"valueName\":\"search_term_string\"}}],\"inLanguage\":\"tr\"},{\"@type\":\"Person\",\"@id\":\"https:\\\/\\\/kibrisdakik.com\\\/#\\\/schema\\\/person\\\/9cd9d437bbb44f72b73ba127e06d8e79\",\"name\":\"admin\",\"image\":{\"@type\":\"ImageObject\",\"inLanguage\":\"tr\",\"@id\":\"https:\\\/\\\/secure.gravatar.com\\\/avatar\\\/ccc17943b9d660506c869530f897617f7cb1c21a4bf30023f252596d83e1f007?s=96&d=mm&r=g\",\"url\":\"https:\\\/\\\/secure.gravatar.com\\\/avatar\\\/ccc17943b9d660506c869530f897617f7cb1c21a4bf30023f252596d83e1f007?s=96&d=mm&r=g\",\"contentUrl\":\"https:\\\/\\\/secure.gravatar.com\\\/avatar\\\/ccc17943b9d660506c869530f897617f7cb1c21a4bf30023f252596d83e1f007?s=96&d=mm&r=g\",\"caption\":\"admin\"},\"sameAs\":[\"https:\\\/\\\/kibrisdakik.com\"],\"url\":\"https:\\\/\\\/kibrisdakik.com\\\/?author=1\"}]}<\/script>\n<!-- \/ Yoast SEO plugin. -->","yoast_head_json":{"title":"675 TL \u00fczeri elektrik borcu olan abonelerin elektrikleri sal\u0131 g\u00fcn\u00fc kesilecek -","robots":{"index":"index","follow":"follow","max-snippet":"max-snippet:-1","max-image-preview":"max-image-preview:large","max-video-preview":"max-video-preview:-1"},"canonical":"https:\/\/kibrisdakik.com\/?p=68125","og_locale":"tr_TR","og_type":"article","og_title":"675 TL \u00fczeri elektrik borcu olan abonelerin elektrikleri sal\u0131 g\u00fcn\u00fc kesilecek -","og_description":"K\u0131br\u0131s T\u00fcrk Elektrik Kurumu (K\u0131b-Tek), Ekim 2024 d\u00f6nemi ve \u00f6ncesi 675 TL \u00fczeri borcu olan abonelerin elektriklerinin 5 Kas\u0131m Sal\u0131 g\u00fcn\u00fc kesilece\u011fini duyurdu. K\u0131b-Tek\u2019ten yap\u0131lan yaz\u0131l\u0131 a\u00e7\u0131klamada, \u201cKurum alacaklar\u0131n\u0131n tahsili konusunda, Son \u00f6deme tarihi dolmu\u015f (Ekim 2024 d\u00f6nemi ve \u00f6ncesi) ve \u00f6denmemi\u015f (675 TL \u00fczeri) bor\u00e7lar ile birlikte Kurumumuz ile yap\u0131lan yasal s\u00f6zle\u015fmeler ve taksitlendirilmi\u015f","og_url":"https:\/\/kibrisdakik.com\/?p=68125","article_published_time":"2024-11-01T09:16:29+00:00","og_image":[{"width":1280,"height":720,"url":"https:\/\/kibrisdakik.com\/wp-content\/uploads\/2024\/04\/fatura-elektrik-kibtek.webp-740x420.webp","type":"image\/webp"}],"author":"admin","twitter_card":"summary_large_image","twitter_misc":{"Yazan:":"admin","Tahmini okuma s\u00fcresi":"1 dakika"},"schema":{"@context":"https:\/\/schema.org","@graph":[{"@type":"Article","@id":"https:\/\/kibrisdakik.com\/?p=68125#article","isPartOf":{"@id":"https:\/\/kibrisdakik.com\/?p=68125"},"author":{"name":"admin","@id":"https:\/\/kibrisdakik.com\/#\/schema\/person\/9cd9d437bbb44f72b73ba127e06d8e79"},"headline":"675 TL \u00fczeri elektrik borcu olan abonelerin elektrikleri sal\u0131 g\u00fcn\u00fc kesilecek","datePublished":"2024-11-01T09:16:29+00:00","mainEntityOfPage":{"@id":"https:\/\/kibrisdakik.com\/?p=68125"},"wordCount":117,"commentCount":0,"image":{"@id":"https:\/\/kibrisdakik.com\/?p=68125#primaryimage"},"thumbnailUrl":"https:\/\/kibrisdakik.com\/wp-content\/uploads\/2024\/04\/fatura-elektrik-kibtek.webp-740x420.webp","articleSection":["K\u0131br\u0131s"],"inLanguage":"tr","potentialAction":[{"@type":"CommentAction","name":"Comment","target":["https:\/\/kibrisdakik.com\/?p=68125#respond"]}]},{"@type":"WebPage","@id":"https:\/\/kibrisdakik.com\/?p=68125","url":"https:\/\/kibrisdakik.com\/?p=68125","name":"675 TL \u00fczeri elektrik borcu olan abonelerin elektrikleri sal\u0131 g\u00fcn\u00fc kesilecek -","isPartOf":{"@id":"https:\/\/kibrisdakik.com\/#website"},"primaryImageOfPage":{"@id":"https:\/\/kibrisdakik.com\/?p=68125#primaryimage"},"image":{"@id":"https:\/\/kibrisdakik.com\/?p=68125#primaryimage"},"thumbnailUrl":"https:\/\/kibrisdakik.com\/wp-content\/uploads\/2024\/04\/fatura-elektrik-kibtek.webp-740x420.webp","datePublished":"2024-11-01T09:16:29+00:00","author":{"@id":"https:\/\/kibrisdakik.com\/#\/schema\/person\/9cd9d437bbb44f72b73ba127e06d8e79"},"breadcrumb":{"@id":"https:\/\/kibrisdakik.com\/?p=68125#breadcrumb"},"inLanguage":"tr","potentialAction":[{"@type":"ReadAction","target":["https:\/\/kibrisdakik.com\/?p=68125"]}]},{"@type":"ImageObject","inLanguage":"tr","@id":"https:\/\/kibrisdakik.com\/?p=68125#primaryimage","url":"https:\/\/kibrisdakik.com\/wp-content\/uploads\/2024\/04\/fatura-elektrik-kibtek.webp-740x420.webp","contentUrl":"https:\/\/kibrisdakik.com\/wp-content\/uploads\/2024\/04\/fatura-elektrik-kibtek.webp-740x420.webp","width":1280,"height":720},{"@type":"BreadcrumbList","@id":"https:\/\/kibrisdakik.com\/?p=68125#breadcrumb","itemListElement":[{"@type":"ListItem","position":1,"name":"Home","item":"https:\/\/kibrisdakik.com\/"},{"@type":"ListItem","position":2,"name":"675 TL \u00fczeri elektrik borcu olan abonelerin elektrikleri sal\u0131 g\u00fcn\u00fc kesilecek"}]},{"@type":"WebSite","@id":"https:\/\/kibrisdakik.com\/#website","url":"https:\/\/kibrisdakik.com\/","name":"","description":"Tam vaktinde haber","potentialAction":[{"@type":"SearchAction","target":{"@type":"EntryPoint","urlTemplate":"https:\/\/kibrisdakik.com\/?s={search_term_string}"},"query-input":{"@type":"PropertyValueSpecification","valueRequired":true,"valueName":"search_term_string"}}],"inLanguage":"tr"},{"@type":"Person","@id":"https:\/\/kibrisdakik.com\/#\/schema\/person\/9cd9d437bbb44f72b73ba127e06d8e79","name":"admin","image":{"@type":"ImageObject","inLanguage":"tr","@id":"https:\/\/secure.gravatar.com\/avatar\/ccc17943b9d660506c869530f897617f7cb1c21a4bf30023f252596d83e1f007?s=96&d=mm&r=g","url":"https:\/\/secure.gravatar.com\/avatar\/ccc17943b9d660506c869530f897617f7cb1c21a4bf30023f252596d83e1f007?s=96&d=mm&r=g","contentUrl":"https:\/\/secure.gravatar.com\/avatar\/ccc17943b9d660506c869530f897617f7cb1c21a4bf30023f252596d83e1f007?s=96&d=mm&r=g","caption":"admin"},"sameAs":["https:\/\/kibrisdakik.com"],"url":"https:\/\/kibrisdakik.com\/?author=1"}]}},"_links":{"self":[{"href":"https:\/\/kibrisdakik.com\/index.php?rest_route=\/wp\/v2\/posts\/68125","targetHints":{"allow":["GET"]}}],"collection":[{"href":"https:\/\/kibrisdakik.com\/index.php?rest_route=\/wp\/v2\/posts"}],"about":[{"href":"https:\/\/kibrisdakik.com\/index.php?rest_route=\/wp\/v2\/types\/post"}],"author":[{"embeddable":true,"href":"https:\/\/kibrisdakik.com\/index.php?rest_route=\/wp\/v2\/users\/1"}],"replies":[{"embeddable":true,"href":"https:\/\/kibrisdakik.com\/index.php?rest_route=%2Fwp%2Fv2%2Fcomments&post=68125"}],"version-history":[{"count":0,"href":"https:\/\/kibrisdakik.com\/index.php?rest_route=\/wp\/v2\/posts\/68125\/revisions"}],"wp:featuredmedia":[{"embeddable":true,"href":"https:\/\/kibrisdakik.com\/index.php?rest_route=\/wp\/v2\/media\/38349"}],"wp:attachment":[{"href":"https:\/\/kibrisdakik.com\/index.php?rest_route=%2Fwp%2Fv2%2Fmedia&parent=68125"}],"wp:term":[{"taxonomy":"category","embeddable":true,"href":"https:\/\/kibrisdakik.com\/index.php?rest_route=%2Fwp%2Fv2%2Fcategories&post=68125"},{"taxonomy":"post_tag","embeddable":true,"href":"https:\/\/kibrisdakik.com\/index.php?rest_route=%2Fwp%2Fv2%2Ftags&post=68125"}],"curies":[{"name":"wp","href":"https:\/\/api.w.org\/{rel}","templated":true}]}}