{"id":6816,"date":"2023-05-13T10:16:22","date_gmt":"2023-05-13T10:16:22","guid":{"rendered":"https:\/\/kibrisdakik.com\/index.php\/2023\/05\/13\/maliye-bakani-sandan-anneler-gunu-mesaji\/"},"modified":"2023-05-13T10:16:22","modified_gmt":"2023-05-13T10:16:22","slug":"maliye-bakani-sandan-anneler-gunu-mesaji","status":"publish","type":"post","link":"https:\/\/kibrisdakik.com\/?p=6816","title":{"rendered":"Maliye Bakan\u0131 \u015ean\u2019dan Anneler G\u00fcn\u00fc mesaj\u0131"},"content":{"rendered":"<p><\/p>\n<div>\n<div class=\"mariselle-image-container center\">\n                <img width=\"1907\" height=\"1039\" class=\"lazy-image\" alt=\"\" decoding=\"async\" loading=\"lazy\" sizes=\"auto, (max-width: 1907px) 100vw, 1907px\" src=\"https:\/\/brtk.net\/wp-content\/uploads\/2023\/05\/10\/alisan-san.jpg?ver=1c5be886e20be65a1a6d4250cd02a4aa\" srcset=\"https:\/\/brtk.net\/wp-content\/uploads\/2023\/05\/10\/alisan-san.jpg?ver=1c5be886e20be65a1a6d4250cd02a4aa 1907w, https:\/\/brtk.net\/wp-content\/uploads\/2023\/05\/10\/alisan-san-300x163.jpg?ver=1c5be886e20be65a1a6d4250cd02a4aa 300w, https:\/\/brtk.net\/wp-content\/uploads\/2023\/05\/10\/alisan-san-1024x558.jpg?ver=1c5be886e20be65a1a6d4250cd02a4aa 1024w, https:\/\/brtk.net\/wp-content\/uploads\/2023\/05\/10\/alisan-san-768x418.jpg?ver=ea4c16236da086367179664c4457596a 768w, https:\/\/brtk.net\/wp-content\/uploads\/2023\/05\/10\/alisan-san-1536x837.jpg?ver=ea4c16236da086367179664c4457596a 1536w\"\/>                            <\/div>\n<p>Maliye Bakan\u0131 Ali\u015fan \u015ean, anneli\u011fin \u015fefkat ve merhametin v\u00fccut bulmu\u015f hali, hayattaki en masum ve en g\u00fczel duygu oldu\u011funu kaydetti.<\/p>\n<p>\u015ean, \u201cAnneler G\u00fcn\u00fc\u201dn\u00fc dolay\u0131s\u0131yla mesaj yay\u0131mlad\u0131.<\/p>\n<p>Maliye Bakan\u0131 \u015ean\u2019\u0131n mesaj\u0131 \u015f\u00f6yle:<\/p>\n<p>\u201c\u0130yili\u011fin, \u015fefkatin, fedak\u00e2rl\u0131\u011f\u0131n, merhametin ve ko\u015fulsuz sevginin kayna\u011f\u0131 annelerimiz, toplumu ayd\u0131nl\u0131k gelece\u011fe ta\u015f\u0131yan, sa\u011fl\u0131kl\u0131 nesillerin yeti\u015ftirilmesinde b\u00fcy\u00fck bir sorumluluk \u00fcstlenerek, aile ve toplum hayat\u0131n\u0131n temel dire\u011fini olu\u015fturmaktad\u0131r.<\/p>\n<p>Hayat\u0131m\u0131z\u0131n her an\u0131nda, bizi ko\u015fulsuz seven, \u015fefkat ve merhametin v\u00fccut bulmu\u015f hali annelik, hi\u00e7 \u015f\u00fcphesiz hayattaki en masum ve en g\u00fczel duygudur.<\/p>\n<p>Bu duygu ve d\u00fc\u015f\u00fcncelerle, bizimle a\u011flay\u0131p, bizimle g\u00fclen, bizim i\u00e7in endi\u015felenen, hayat\u0131m\u0131za y\u00f6n veren, dualar\u0131yla her daim bizimle olan, \u015eehitler ve \u015eampiyon Meleklerimizin anneleri ba\u015fta olmak \u00fczere, t\u00fcm annelerimizin, Anneler G\u00fcn\u00fc\u2019n\u00fc kutluyor, sayg\u0131 ve \u015f\u00fckranlar\u0131m\u0131 sunuyor, hayatta olmayan annelerimizi de rahmetle an\u0131yorum.\u201d<\/p>\n<\/p><\/div>\n<p><script async\n                    defer\n                    crossorigin=\"anonymous\"\n                    src=\"https:\/\/connect.facebook.net\/tr_TR\/sdk.js#xfbml=1&#038;version=v3.3\"\n            ><\/script><\/p>\n","protected":false},"excerpt":{"rendered":"<p>Maliye Bakan\u0131 Ali\u015fan \u015ean, anneli\u011fin \u015fefkat ve merhametin v\u00fccut bulmu\u015f hali, hayattaki en masum ve en g\u00fczel duygu oldu\u011funu kaydetti. \u015ean, \u201cAnneler G\u00fcn\u00fc\u201dn\u00fc dolay\u0131s\u0131yla mesaj yay\u0131mlad\u0131. Maliye Bakan\u0131 \u015ean\u2019\u0131n mesaj\u0131 \u015f\u00f6yle: \u201c\u0130yili\u011fin, \u015fefkatin, fedak\u00e2rl\u0131\u011f\u0131n, merhametin ve ko\u015fulsuz sevginin kayna\u011f\u0131 annelerimiz, toplumu ayd\u0131nl\u0131k gelece\u011fe ta\u015f\u0131yan, sa\u011fl\u0131kl\u0131 nesillerin yeti\u015ftirilmesinde b\u00fcy\u00fck bir sorumluluk \u00fcstlenerek, aile ve toplum hayat\u0131n\u0131n<\/p>\n","protected":false},"author":1,"featured_media":6630,"comment_status":"open","ping_status":"open","sticky":false,"template":"","format":"standard","meta":{"footnotes":""},"categories":[1],"tags":[],"class_list":["post-6816","post","type-post","status-publish","format-standard","has-post-thumbnail","hentry","category-gundem"],"yoast_head":"<!-- This site is optimized with the Yoast SEO plugin v27.5 - https:\/\/yoast.com\/product\/yoast-seo-wordpress\/ -->\n<title>Maliye Bakan\u0131 \u015ean\u2019dan Anneler G\u00fcn\u00fc mesaj\u0131 -<\/title>\n<meta name=\"robots\" content=\"index, follow, max-snippet:-1, max-image-preview:large, max-video-preview:-1\" \/>\n<link rel=\"canonical\" href=\"https:\/\/kibrisdakik.com\/?p=6816\" \/>\n<meta property=\"og:locale\" content=\"tr_TR\" \/>\n<meta property=\"og:type\" content=\"article\" \/>\n<meta property=\"og:title\" content=\"Maliye Bakan\u0131 \u015ean\u2019dan Anneler G\u00fcn\u00fc mesaj\u0131 -\" \/>\n<meta property=\"og:description\" content=\"Maliye Bakan\u0131 Ali\u015fan \u015ean, anneli\u011fin \u015fefkat ve merhametin v\u00fccut bulmu\u015f hali, hayattaki en masum ve en g\u00fczel duygu oldu\u011funu kaydetti. \u015ean, \u201cAnneler G\u00fcn\u00fc\u201dn\u00fc dolay\u0131s\u0131yla mesaj yay\u0131mlad\u0131. Maliye Bakan\u0131 \u015ean\u2019\u0131n mesaj\u0131 \u015f\u00f6yle: \u201c\u0130yili\u011fin, \u015fefkatin, fedak\u00e2rl\u0131\u011f\u0131n, merhametin ve ko\u015fulsuz sevginin kayna\u011f\u0131 annelerimiz, toplumu ayd\u0131nl\u0131k gelece\u011fe ta\u015f\u0131yan, sa\u011fl\u0131kl\u0131 nesillerin yeti\u015ftirilmesinde b\u00fcy\u00fck bir sorumluluk \u00fcstlenerek, aile ve toplum hayat\u0131n\u0131n\" \/>\n<meta property=\"og:url\" content=\"https:\/\/kibrisdakik.com\/?p=6816\" \/>\n<meta property=\"article:published_time\" content=\"2023-05-13T10:16:22+00:00\" \/>\n<meta property=\"og:image\" content=\"https:\/\/kibrisdakik.com\/wp-content\/uploads\/2023\/05\/alisan-san-740x420.jpg\" \/>\n\t<meta property=\"og:image:width\" content=\"1907\" \/>\n\t<meta property=\"og:image:height\" content=\"1039\" \/>\n\t<meta property=\"og:image:type\" content=\"image\/jpeg\" \/>\n<meta name=\"author\" content=\"admin\" \/>\n<meta name=\"twitter:card\" content=\"summary_large_image\" \/>\n<meta name=\"twitter:label1\" content=\"Yazan:\" \/>\n\t<meta name=\"twitter:data1\" content=\"admin\" \/>\n\t<meta name=\"twitter:label2\" content=\"Tahmini okuma s\u00fcresi\" \/>\n\t<meta name=\"twitter:data2\" content=\"1 dakika\" \/>\n<script type=\"application\/ld+json\" class=\"yoast-schema-graph\">{\"@context\":\"https:\\\/\\\/schema.org\",\"@graph\":[{\"@type\":\"Article\",\"@id\":\"https:\\\/\\\/kibrisdakik.com\\\/?p=6816#article\",\"isPartOf\":{\"@id\":\"https:\\\/\\\/kibrisdakik.com\\\/?p=6816\"},\"author\":{\"name\":\"admin\",\"@id\":\"https:\\\/\\\/kibrisdakik.com\\\/#\\\/schema\\\/person\\\/9cd9d437bbb44f72b73ba127e06d8e79\"},\"headline\":\"Maliye Bakan\u0131 \u015ean\u2019dan Anneler G\u00fcn\u00fc mesaj\u0131\",\"datePublished\":\"2023-05-13T10:16:22+00:00\",\"mainEntityOfPage\":{\"@id\":\"https:\\\/\\\/kibrisdakik.com\\\/?p=6816\"},\"wordCount\":182,\"commentCount\":0,\"image\":{\"@id\":\"https:\\\/\\\/kibrisdakik.com\\\/?p=6816#primaryimage\"},\"thumbnailUrl\":\"https:\\\/\\\/kibrisdakik.com\\\/wp-content\\\/uploads\\\/2023\\\/05\\\/alisan-san-740x420.jpg\",\"articleSection\":[\"G\u00fcndem\"],\"inLanguage\":\"tr\",\"potentialAction\":[{\"@type\":\"CommentAction\",\"name\":\"Comment\",\"target\":[\"https:\\\/\\\/kibrisdakik.com\\\/?p=6816#respond\"]}]},{\"@type\":\"WebPage\",\"@id\":\"https:\\\/\\\/kibrisdakik.com\\\/?p=6816\",\"url\":\"https:\\\/\\\/kibrisdakik.com\\\/?p=6816\",\"name\":\"Maliye Bakan\u0131 \u015ean\u2019dan Anneler G\u00fcn\u00fc mesaj\u0131 -\",\"isPartOf\":{\"@id\":\"https:\\\/\\\/kibrisdakik.com\\\/#website\"},\"primaryImageOfPage\":{\"@id\":\"https:\\\/\\\/kibrisdakik.com\\\/?p=6816#primaryimage\"},\"image\":{\"@id\":\"https:\\\/\\\/kibrisdakik.com\\\/?p=6816#primaryimage\"},\"thumbnailUrl\":\"https:\\\/\\\/kibrisdakik.com\\\/wp-content\\\/uploads\\\/2023\\\/05\\\/alisan-san-740x420.jpg\",\"datePublished\":\"2023-05-13T10:16:22+00:00\",\"author\":{\"@id\":\"https:\\\/\\\/kibrisdakik.com\\\/#\\\/schema\\\/person\\\/9cd9d437bbb44f72b73ba127e06d8e79\"},\"breadcrumb\":{\"@id\":\"https:\\\/\\\/kibrisdakik.com\\\/?p=6816#breadcrumb\"},\"inLanguage\":\"tr\",\"potentialAction\":[{\"@type\":\"ReadAction\",\"target\":[\"https:\\\/\\\/kibrisdakik.com\\\/?p=6816\"]}]},{\"@type\":\"ImageObject\",\"inLanguage\":\"tr\",\"@id\":\"https:\\\/\\\/kibrisdakik.com\\\/?p=6816#primaryimage\",\"url\":\"https:\\\/\\\/kibrisdakik.com\\\/wp-content\\\/uploads\\\/2023\\\/05\\\/alisan-san-740x420.jpg\",\"contentUrl\":\"https:\\\/\\\/kibrisdakik.com\\\/wp-content\\\/uploads\\\/2023\\\/05\\\/alisan-san-740x420.jpg\",\"width\":1907,\"height\":1039},{\"@type\":\"BreadcrumbList\",\"@id\":\"https:\\\/\\\/kibrisdakik.com\\\/?p=6816#breadcrumb\",\"itemListElement\":[{\"@type\":\"ListItem\",\"position\":1,\"name\":\"Home\",\"item\":\"https:\\\/\\\/kibrisdakik.com\\\/\"},{\"@type\":\"ListItem\",\"position\":2,\"name\":\"Maliye Bakan\u0131 \u015ean\u2019dan Anneler G\u00fcn\u00fc mesaj\u0131\"}]},{\"@type\":\"WebSite\",\"@id\":\"https:\\\/\\\/kibrisdakik.com\\\/#website\",\"url\":\"https:\\\/\\\/kibrisdakik.com\\\/\",\"name\":\"\",\"description\":\"Tam vaktinde haber\",\"potentialAction\":[{\"@type\":\"SearchAction\",\"target\":{\"@type\":\"EntryPoint\",\"urlTemplate\":\"https:\\\/\\\/kibrisdakik.com\\\/?s={search_term_string}\"},\"query-input\":{\"@type\":\"PropertyValueSpecification\",\"valueRequired\":true,\"valueName\":\"search_term_string\"}}],\"inLanguage\":\"tr\"},{\"@type\":\"Person\",\"@id\":\"https:\\\/\\\/kibrisdakik.com\\\/#\\\/schema\\\/person\\\/9cd9d437bbb44f72b73ba127e06d8e79\",\"name\":\"admin\",\"image\":{\"@type\":\"ImageObject\",\"inLanguage\":\"tr\",\"@id\":\"https:\\\/\\\/secure.gravatar.com\\\/avatar\\\/ccc17943b9d660506c869530f897617f7cb1c21a4bf30023f252596d83e1f007?s=96&d=mm&r=g\",\"url\":\"https:\\\/\\\/secure.gravatar.com\\\/avatar\\\/ccc17943b9d660506c869530f897617f7cb1c21a4bf30023f252596d83e1f007?s=96&d=mm&r=g\",\"contentUrl\":\"https:\\\/\\\/secure.gravatar.com\\\/avatar\\\/ccc17943b9d660506c869530f897617f7cb1c21a4bf30023f252596d83e1f007?s=96&d=mm&r=g\",\"caption\":\"admin\"},\"sameAs\":[\"https:\\\/\\\/kibrisdakik.com\"],\"url\":\"https:\\\/\\\/kibrisdakik.com\\\/?author=1\"}]}<\/script>\n<!-- \/ Yoast SEO plugin. -->","yoast_head_json":{"title":"Maliye Bakan\u0131 \u015ean\u2019dan Anneler G\u00fcn\u00fc mesaj\u0131 -","robots":{"index":"index","follow":"follow","max-snippet":"max-snippet:-1","max-image-preview":"max-image-preview:large","max-video-preview":"max-video-preview:-1"},"canonical":"https:\/\/kibrisdakik.com\/?p=6816","og_locale":"tr_TR","og_type":"article","og_title":"Maliye Bakan\u0131 \u015ean\u2019dan Anneler G\u00fcn\u00fc mesaj\u0131 -","og_description":"Maliye Bakan\u0131 Ali\u015fan \u015ean, anneli\u011fin \u015fefkat ve merhametin v\u00fccut bulmu\u015f hali, hayattaki en masum ve en g\u00fczel duygu oldu\u011funu kaydetti. \u015ean, \u201cAnneler G\u00fcn\u00fc\u201dn\u00fc dolay\u0131s\u0131yla mesaj yay\u0131mlad\u0131. Maliye Bakan\u0131 \u015ean\u2019\u0131n mesaj\u0131 \u015f\u00f6yle: \u201c\u0130yili\u011fin, \u015fefkatin, fedak\u00e2rl\u0131\u011f\u0131n, merhametin ve ko\u015fulsuz sevginin kayna\u011f\u0131 annelerimiz, toplumu ayd\u0131nl\u0131k gelece\u011fe ta\u015f\u0131yan, sa\u011fl\u0131kl\u0131 nesillerin yeti\u015ftirilmesinde b\u00fcy\u00fck bir sorumluluk \u00fcstlenerek, aile ve toplum hayat\u0131n\u0131n","og_url":"https:\/\/kibrisdakik.com\/?p=6816","article_published_time":"2023-05-13T10:16:22+00:00","og_image":[{"width":1907,"height":1039,"url":"https:\/\/kibrisdakik.com\/wp-content\/uploads\/2023\/05\/alisan-san-740x420.jpg","type":"image\/jpeg"}],"author":"admin","twitter_card":"summary_large_image","twitter_misc":{"Yazan:":"admin","Tahmini okuma s\u00fcresi":"1 dakika"},"schema":{"@context":"https:\/\/schema.org","@graph":[{"@type":"Article","@id":"https:\/\/kibrisdakik.com\/?p=6816#article","isPartOf":{"@id":"https:\/\/kibrisdakik.com\/?p=6816"},"author":{"name":"admin","@id":"https:\/\/kibrisdakik.com\/#\/schema\/person\/9cd9d437bbb44f72b73ba127e06d8e79"},"headline":"Maliye Bakan\u0131 \u015ean\u2019dan Anneler G\u00fcn\u00fc mesaj\u0131","datePublished":"2023-05-13T10:16:22+00:00","mainEntityOfPage":{"@id":"https:\/\/kibrisdakik.com\/?p=6816"},"wordCount":182,"commentCount":0,"image":{"@id":"https:\/\/kibrisdakik.com\/?p=6816#primaryimage"},"thumbnailUrl":"https:\/\/kibrisdakik.com\/wp-content\/uploads\/2023\/05\/alisan-san-740x420.jpg","articleSection":["G\u00fcndem"],"inLanguage":"tr","potentialAction":[{"@type":"CommentAction","name":"Comment","target":["https:\/\/kibrisdakik.com\/?p=6816#respond"]}]},{"@type":"WebPage","@id":"https:\/\/kibrisdakik.com\/?p=6816","url":"https:\/\/kibrisdakik.com\/?p=6816","name":"Maliye Bakan\u0131 \u015ean\u2019dan Anneler G\u00fcn\u00fc mesaj\u0131 -","isPartOf":{"@id":"https:\/\/kibrisdakik.com\/#website"},"primaryImageOfPage":{"@id":"https:\/\/kibrisdakik.com\/?p=6816#primaryimage"},"image":{"@id":"https:\/\/kibrisdakik.com\/?p=6816#primaryimage"},"thumbnailUrl":"https:\/\/kibrisdakik.com\/wp-content\/uploads\/2023\/05\/alisan-san-740x420.jpg","datePublished":"2023-05-13T10:16:22+00:00","author":{"@id":"https:\/\/kibrisdakik.com\/#\/schema\/person\/9cd9d437bbb44f72b73ba127e06d8e79"},"breadcrumb":{"@id":"https:\/\/kibrisdakik.com\/?p=6816#breadcrumb"},"inLanguage":"tr","potentialAction":[{"@type":"ReadAction","target":["https:\/\/kibrisdakik.com\/?p=6816"]}]},{"@type":"ImageObject","inLanguage":"tr","@id":"https:\/\/kibrisdakik.com\/?p=6816#primaryimage","url":"https:\/\/kibrisdakik.com\/wp-content\/uploads\/2023\/05\/alisan-san-740x420.jpg","contentUrl":"https:\/\/kibrisdakik.com\/wp-content\/uploads\/2023\/05\/alisan-san-740x420.jpg","width":1907,"height":1039},{"@type":"BreadcrumbList","@id":"https:\/\/kibrisdakik.com\/?p=6816#breadcrumb","itemListElement":[{"@type":"ListItem","position":1,"name":"Home","item":"https:\/\/kibrisdakik.com\/"},{"@type":"ListItem","position":2,"name":"Maliye Bakan\u0131 \u015ean\u2019dan Anneler G\u00fcn\u00fc mesaj\u0131"}]},{"@type":"WebSite","@id":"https:\/\/kibrisdakik.com\/#website","url":"https:\/\/kibrisdakik.com\/","name":"","description":"Tam vaktinde haber","potentialAction":[{"@type":"SearchAction","target":{"@type":"EntryPoint","urlTemplate":"https:\/\/kibrisdakik.com\/?s={search_term_string}"},"query-input":{"@type":"PropertyValueSpecification","valueRequired":true,"valueName":"search_term_string"}}],"inLanguage":"tr"},{"@type":"Person","@id":"https:\/\/kibrisdakik.com\/#\/schema\/person\/9cd9d437bbb44f72b73ba127e06d8e79","name":"admin","image":{"@type":"ImageObject","inLanguage":"tr","@id":"https:\/\/secure.gravatar.com\/avatar\/ccc17943b9d660506c869530f897617f7cb1c21a4bf30023f252596d83e1f007?s=96&d=mm&r=g","url":"https:\/\/secure.gravatar.com\/avatar\/ccc17943b9d660506c869530f897617f7cb1c21a4bf30023f252596d83e1f007?s=96&d=mm&r=g","contentUrl":"https:\/\/secure.gravatar.com\/avatar\/ccc17943b9d660506c869530f897617f7cb1c21a4bf30023f252596d83e1f007?s=96&d=mm&r=g","caption":"admin"},"sameAs":["https:\/\/kibrisdakik.com"],"url":"https:\/\/kibrisdakik.com\/?author=1"}]}},"_links":{"self":[{"href":"https:\/\/kibrisdakik.com\/index.php?rest_route=\/wp\/v2\/posts\/6816","targetHints":{"allow":["GET"]}}],"collection":[{"href":"https:\/\/kibrisdakik.com\/index.php?rest_route=\/wp\/v2\/posts"}],"about":[{"href":"https:\/\/kibrisdakik.com\/index.php?rest_route=\/wp\/v2\/types\/post"}],"author":[{"embeddable":true,"href":"https:\/\/kibrisdakik.com\/index.php?rest_route=\/wp\/v2\/users\/1"}],"replies":[{"embeddable":true,"href":"https:\/\/kibrisdakik.com\/index.php?rest_route=%2Fwp%2Fv2%2Fcomments&post=6816"}],"version-history":[{"count":0,"href":"https:\/\/kibrisdakik.com\/index.php?rest_route=\/wp\/v2\/posts\/6816\/revisions"}],"wp:featuredmedia":[{"embeddable":true,"href":"https:\/\/kibrisdakik.com\/index.php?rest_route=\/wp\/v2\/media\/6630"}],"wp:attachment":[{"href":"https:\/\/kibrisdakik.com\/index.php?rest_route=%2Fwp%2Fv2%2Fmedia&parent=6816"}],"wp:term":[{"taxonomy":"category","embeddable":true,"href":"https:\/\/kibrisdakik.com\/index.php?rest_route=%2Fwp%2Fv2%2Fcategories&post=6816"},{"taxonomy":"post_tag","embeddable":true,"href":"https:\/\/kibrisdakik.com\/index.php?rest_route=%2Fwp%2Fv2%2Ftags&post=6816"}],"curies":[{"name":"wp","href":"https:\/\/api.w.org\/{rel}","templated":true}]}}