{"id":68213,"date":"2024-11-02T16:09:31","date_gmt":"2024-11-02T13:09:31","guid":{"rendered":"https:\/\/kibrisdakik.com\/index.php\/2024\/11\/02\/lefke-hurma-festivali-yarin-yapiliyor\/"},"modified":"2024-11-02T16:09:31","modified_gmt":"2024-11-02T13:09:31","slug":"lefke-hurma-festivali-yarin-yapiliyor","status":"publish","type":"post","link":"https:\/\/kibrisdakik.com\/?p=68213","title":{"rendered":"Lefke Hurma Festivali yar\u0131n yap\u0131l\u0131yor"},"content":{"rendered":"<p> <br \/>\n<\/p>\n<div>\n<div class=\"mariselle-image-container center\">\n                <img loading=\"lazy\" decoding=\"async\" width=\"1080\" height=\"810\" class=\"lazy-image\" alt=\"\" sizes=\"auto, (max-width: 1080px) 100vw, 1080px\" src=\"https:\/\/brtk.net\/wp-content\/uploads\/2024\/11\/02\/lefke-hurma-festivali-yarin-5.jpg?ver=f91c0459752ec1dc35ababa328af488d\" srcset=\"https:\/\/brtk.net\/wp-content\/uploads\/2024\/11\/02\/lefke-hurma-festivali-yarin-5.jpg?ver=f91c0459752ec1dc35ababa328af488d 1080w, https:\/\/brtk.net\/wp-content\/uploads\/2024\/11\/02\/lefke-hurma-festivali-yarin-5-300x225.jpg?ver=835659b639983aa3f3143ee3aad9721b 300w, https:\/\/brtk.net\/wp-content\/uploads\/2024\/11\/02\/lefke-hurma-festivali-yarin-5-1024x768.jpg?ver=835659b639983aa3f3143ee3aad9721b 1024w, https:\/\/brtk.net\/wp-content\/uploads\/2024\/11\/02\/lefke-hurma-festivali-yarin-5-768x576.jpg?ver=835659b639983aa3f3143ee3aad9721b 768w\"\/>                            <\/div>\n<p>\nLefke Belediyesi ve Lefke Turizm Derne\u011fi i\u015f birli\u011finde d\u00fczenlenen \u201c15. Lefke Hurma Festivali\u201d yar\u0131n yap\u0131l\u0131yor.<\/p>\n<p>K\u0131br\u0131s\u2019\u0131n hurmas\u0131yla \u00fcnl\u00fc kenti Lefke\u2019deki Festival, Lefke \u00c7ar\u015f\u0131 merkezinde 09.30- 18.00 saatleri aras\u0131nda d\u00fczenlenecek.<\/p>\n<p>Festivalle ilgili a\u00e7\u0131klamada, festivalin \u201chalk\u0131n festivali\u201d oldu\u011fu vurgulanarak, a\u00e7\u0131l\u0131\u015f\u0131n\u0131n siyasiler taraf\u0131ndan de\u011fil halk taraf\u0131ndan yap\u0131ld\u0131\u011f\u0131, bu sene de, \u201cK\u0131br\u0131s K\u00fclt\u00fcr El\u00e7ileri\u201d taraf\u0131ndan a\u00e7\u0131laca\u011f\u0131 belirtildi.<\/p>\n<p>Kat\u0131l\u0131mc\u0131lar g\u00fcn boyu m\u00fczik ve halk danslar\u0131 performanslar\u0131n\u0131n yan\u0131nda, k\u00fclt\u00fcrel \u00fcretimleri ve \u00fcr\u00fcnlerini g\u00f6rme imkan\u0131na sahip olacak. Festival kapsam\u0131nda bu y\u0131l ilk kez k\u00fclt\u00fcrel uygulamalar\u0131n yer alaca\u011f\u0131 \u201cK\u00fclt\u00fcr Soka\u011f\u0131\u201d etkinli\u011fi de d\u00fczenlenek.<\/p>\n<p>Festival\u2019de ayr\u0131ca \u201cHurmadan el sanatlar\u0131, da\u011farc\u0131k yap\u0131m\u0131, paluze- sucuk yap\u0131m\u0131, iskemle \u00f6r\u00fcc\u00fcl\u00fc\u011f\u00fc, kalbur ve elek yap\u0131m\u0131, K\u0131br\u0131s muhallebisi yap\u0131m\u0131, ah\u015fap yap\u0131m\u0131, seramik yap\u0131m\u0131, Lefkara ve \u0130pek Koza i\u015fi, topuz ve \u00e7al\u0131 s\u00fcp\u00fcrgesi yap\u0131m\u0131, pastelli, gullirikya, hurma pekmezi ve gollifa ikram\u0131\u201d yer alacak. <\/p>\n<p>Festival\u2019de hurma temal\u0131 yar\u0131\u015fma ve rehber e\u015fli\u011finde \u00fccretsiz Cittaslow Lefke Yava\u015f y\u00fcr\u00fcy\u00fc\u015f\u00fc, G\u00fczelyurt Klasik Ara\u00e7lar Derne\u011fi ve Lefke \u0130l\u00e7esi klasik araba sahipleri i\u015f birli\u011finde klasik araba sergisi, Festival alan\u0131nda \u00e7ekilecek foto\u011fraflardan olu\u015facak foto\u011fraf ve en yarat\u0131c\u0131 stant yar\u0131\u015fmas\u0131 da yap\u0131lacak.<\/p>\n<p>Festival kapsam\u0131nda Akt\u00fcrk Pilanc\u0131\u2019n\u0131n \u201cOrman\u0131n \u00c7ocuklar\u0131 Muflon Sergisi\u201d isimli foto\u011fraf sergisi de Lefke Turizm Derne\u011fi binas\u0131nda yer alacak.<\/p>\n<\/p><\/div>\n<p><script async\n                    defer\n                    crossorigin=\"anonymous\"\n                    src=\"https:\/\/connect.facebook.net\/tr_TR\/sdk.js#xfbml=1&#038;version=v3.3\"\n            ><\/script><br \/>\n<br \/><br \/>\n<br \/><a href=\"https:\/\/brtk.net\/lefke-hurma-festivali-yarin-yapiliyor\/\">kpostasi <\/a><\/p>\n","protected":false},"excerpt":{"rendered":"<p>Lefke Belediyesi ve Lefke Turizm Derne\u011fi i\u015f birli\u011finde d\u00fczenlenen \u201c15. Lefke Hurma Festivali\u201d yar\u0131n yap\u0131l\u0131yor. K\u0131br\u0131s\u2019\u0131n hurmas\u0131yla \u00fcnl\u00fc kenti Lefke\u2019deki Festival, Lefke \u00c7ar\u015f\u0131 merkezinde 09.30- 18.00 saatleri aras\u0131nda d\u00fczenlenecek. Festivalle ilgili a\u00e7\u0131klamada, festivalin \u201chalk\u0131n festivali\u201d oldu\u011fu vurgulanarak, a\u00e7\u0131l\u0131\u015f\u0131n\u0131n siyasiler taraf\u0131ndan de\u011fil halk taraf\u0131ndan yap\u0131ld\u0131\u011f\u0131, bu sene de, \u201cK\u0131br\u0131s K\u00fclt\u00fcr El\u00e7ileri\u201d taraf\u0131ndan a\u00e7\u0131laca\u011f\u0131 belirtildi. Kat\u0131l\u0131mc\u0131lar g\u00fcn<\/p>\n","protected":false},"author":1,"featured_media":68214,"comment_status":"open","ping_status":"open","sticky":false,"template":"","format":"standard","meta":{"footnotes":""},"categories":[1,81],"tags":[],"class_list":["post-68213","post","type-post","status-publish","format-standard","has-post-thumbnail","hentry","category-gundem","category-kibris"],"yoast_head":"<!-- This site is optimized with the Yoast SEO plugin v27.5 - https:\/\/yoast.com\/product\/yoast-seo-wordpress\/ -->\n<title>Lefke Hurma Festivali yar\u0131n yap\u0131l\u0131yor -<\/title>\n<meta name=\"robots\" content=\"index, follow, max-snippet:-1, max-image-preview:large, max-video-preview:-1\" \/>\n<link rel=\"canonical\" href=\"https:\/\/kibrisdakik.com\/?p=68213\" \/>\n<meta property=\"og:locale\" content=\"tr_TR\" \/>\n<meta property=\"og:type\" content=\"article\" \/>\n<meta property=\"og:title\" content=\"Lefke Hurma Festivali yar\u0131n yap\u0131l\u0131yor -\" \/>\n<meta property=\"og:description\" content=\"Lefke Belediyesi ve Lefke Turizm Derne\u011fi i\u015f birli\u011finde d\u00fczenlenen \u201c15. Lefke Hurma Festivali\u201d yar\u0131n yap\u0131l\u0131yor. K\u0131br\u0131s\u2019\u0131n hurmas\u0131yla \u00fcnl\u00fc kenti Lefke\u2019deki Festival, Lefke \u00c7ar\u015f\u0131 merkezinde 09.30- 18.00 saatleri aras\u0131nda d\u00fczenlenecek. Festivalle ilgili a\u00e7\u0131klamada, festivalin \u201chalk\u0131n festivali\u201d oldu\u011fu vurgulanarak, a\u00e7\u0131l\u0131\u015f\u0131n\u0131n siyasiler taraf\u0131ndan de\u011fil halk taraf\u0131ndan yap\u0131ld\u0131\u011f\u0131, bu sene de, \u201cK\u0131br\u0131s K\u00fclt\u00fcr El\u00e7ileri\u201d taraf\u0131ndan a\u00e7\u0131laca\u011f\u0131 belirtildi. Kat\u0131l\u0131mc\u0131lar g\u00fcn\" \/>\n<meta property=\"og:url\" content=\"https:\/\/kibrisdakik.com\/?p=68213\" \/>\n<meta property=\"article:published_time\" content=\"2024-11-02T13:09:31+00:00\" \/>\n<meta property=\"og:image\" content=\"https:\/\/kibrisdakik.com\/wp-content\/uploads\/2024\/11\/lefke-hurma-festivali-yarin-5-740x420.jpg\" \/>\n\t<meta property=\"og:image:width\" content=\"1080\" \/>\n\t<meta property=\"og:image:height\" content=\"810\" \/>\n\t<meta property=\"og:image:type\" content=\"image\/jpeg\" \/>\n<meta name=\"author\" content=\"admin\" \/>\n<meta name=\"twitter:card\" content=\"summary_large_image\" \/>\n<meta name=\"twitter:label1\" content=\"Yazan:\" \/>\n\t<meta name=\"twitter:data1\" content=\"admin\" \/>\n\t<meta name=\"twitter:label2\" content=\"Tahmini okuma s\u00fcresi\" \/>\n\t<meta name=\"twitter:data2\" content=\"1 dakika\" \/>\n<script type=\"application\/ld+json\" class=\"yoast-schema-graph\">{\"@context\":\"https:\\\/\\\/schema.org\",\"@graph\":[{\"@type\":\"Article\",\"@id\":\"https:\\\/\\\/kibrisdakik.com\\\/?p=68213#article\",\"isPartOf\":{\"@id\":\"https:\\\/\\\/kibrisdakik.com\\\/?p=68213\"},\"author\":{\"name\":\"admin\",\"@id\":\"https:\\\/\\\/kibrisdakik.com\\\/#\\\/schema\\\/person\\\/9cd9d437bbb44f72b73ba127e06d8e79\"},\"headline\":\"Lefke Hurma Festivali yar\u0131n yap\u0131l\u0131yor\",\"datePublished\":\"2024-11-02T13:09:31+00:00\",\"mainEntityOfPage\":{\"@id\":\"https:\\\/\\\/kibrisdakik.com\\\/?p=68213\"},\"wordCount\":291,\"commentCount\":0,\"image\":{\"@id\":\"https:\\\/\\\/kibrisdakik.com\\\/?p=68213#primaryimage\"},\"thumbnailUrl\":\"https:\\\/\\\/kibrisdakik.com\\\/wp-content\\\/uploads\\\/2024\\\/11\\\/lefke-hurma-festivali-yarin-5-740x420.jpg\",\"articleSection\":[\"G\u00fcndem\",\"K\u0131br\u0131s\"],\"inLanguage\":\"tr\",\"potentialAction\":[{\"@type\":\"CommentAction\",\"name\":\"Comment\",\"target\":[\"https:\\\/\\\/kibrisdakik.com\\\/?p=68213#respond\"]}]},{\"@type\":\"WebPage\",\"@id\":\"https:\\\/\\\/kibrisdakik.com\\\/?p=68213\",\"url\":\"https:\\\/\\\/kibrisdakik.com\\\/?p=68213\",\"name\":\"Lefke Hurma Festivali yar\u0131n yap\u0131l\u0131yor -\",\"isPartOf\":{\"@id\":\"https:\\\/\\\/kibrisdakik.com\\\/#website\"},\"primaryImageOfPage\":{\"@id\":\"https:\\\/\\\/kibrisdakik.com\\\/?p=68213#primaryimage\"},\"image\":{\"@id\":\"https:\\\/\\\/kibrisdakik.com\\\/?p=68213#primaryimage\"},\"thumbnailUrl\":\"https:\\\/\\\/kibrisdakik.com\\\/wp-content\\\/uploads\\\/2024\\\/11\\\/lefke-hurma-festivali-yarin-5-740x420.jpg\",\"datePublished\":\"2024-11-02T13:09:31+00:00\",\"author\":{\"@id\":\"https:\\\/\\\/kibrisdakik.com\\\/#\\\/schema\\\/person\\\/9cd9d437bbb44f72b73ba127e06d8e79\"},\"breadcrumb\":{\"@id\":\"https:\\\/\\\/kibrisdakik.com\\\/?p=68213#breadcrumb\"},\"inLanguage\":\"tr\",\"potentialAction\":[{\"@type\":\"ReadAction\",\"target\":[\"https:\\\/\\\/kibrisdakik.com\\\/?p=68213\"]}]},{\"@type\":\"ImageObject\",\"inLanguage\":\"tr\",\"@id\":\"https:\\\/\\\/kibrisdakik.com\\\/?p=68213#primaryimage\",\"url\":\"https:\\\/\\\/kibrisdakik.com\\\/wp-content\\\/uploads\\\/2024\\\/11\\\/lefke-hurma-festivali-yarin-5-740x420.jpg\",\"contentUrl\":\"https:\\\/\\\/kibrisdakik.com\\\/wp-content\\\/uploads\\\/2024\\\/11\\\/lefke-hurma-festivali-yarin-5-740x420.jpg\",\"width\":1080,\"height\":810},{\"@type\":\"BreadcrumbList\",\"@id\":\"https:\\\/\\\/kibrisdakik.com\\\/?p=68213#breadcrumb\",\"itemListElement\":[{\"@type\":\"ListItem\",\"position\":1,\"name\":\"Home\",\"item\":\"https:\\\/\\\/kibrisdakik.com\\\/\"},{\"@type\":\"ListItem\",\"position\":2,\"name\":\"Lefke Hurma Festivali yar\u0131n yap\u0131l\u0131yor\"}]},{\"@type\":\"WebSite\",\"@id\":\"https:\\\/\\\/kibrisdakik.com\\\/#website\",\"url\":\"https:\\\/\\\/kibrisdakik.com\\\/\",\"name\":\"\",\"description\":\"Tam vaktinde haber\",\"potentialAction\":[{\"@type\":\"SearchAction\",\"target\":{\"@type\":\"EntryPoint\",\"urlTemplate\":\"https:\\\/\\\/kibrisdakik.com\\\/?s={search_term_string}\"},\"query-input\":{\"@type\":\"PropertyValueSpecification\",\"valueRequired\":true,\"valueName\":\"search_term_string\"}}],\"inLanguage\":\"tr\"},{\"@type\":\"Person\",\"@id\":\"https:\\\/\\\/kibrisdakik.com\\\/#\\\/schema\\\/person\\\/9cd9d437bbb44f72b73ba127e06d8e79\",\"name\":\"admin\",\"image\":{\"@type\":\"ImageObject\",\"inLanguage\":\"tr\",\"@id\":\"https:\\\/\\\/secure.gravatar.com\\\/avatar\\\/ccc17943b9d660506c869530f897617f7cb1c21a4bf30023f252596d83e1f007?s=96&d=mm&r=g\",\"url\":\"https:\\\/\\\/secure.gravatar.com\\\/avatar\\\/ccc17943b9d660506c869530f897617f7cb1c21a4bf30023f252596d83e1f007?s=96&d=mm&r=g\",\"contentUrl\":\"https:\\\/\\\/secure.gravatar.com\\\/avatar\\\/ccc17943b9d660506c869530f897617f7cb1c21a4bf30023f252596d83e1f007?s=96&d=mm&r=g\",\"caption\":\"admin\"},\"sameAs\":[\"https:\\\/\\\/kibrisdakik.com\"],\"url\":\"https:\\\/\\\/kibrisdakik.com\\\/?author=1\"}]}<\/script>\n<!-- \/ Yoast SEO plugin. -->","yoast_head_json":{"title":"Lefke Hurma Festivali yar\u0131n yap\u0131l\u0131yor -","robots":{"index":"index","follow":"follow","max-snippet":"max-snippet:-1","max-image-preview":"max-image-preview:large","max-video-preview":"max-video-preview:-1"},"canonical":"https:\/\/kibrisdakik.com\/?p=68213","og_locale":"tr_TR","og_type":"article","og_title":"Lefke Hurma Festivali yar\u0131n yap\u0131l\u0131yor -","og_description":"Lefke Belediyesi ve Lefke Turizm Derne\u011fi i\u015f birli\u011finde d\u00fczenlenen \u201c15. Lefke Hurma Festivali\u201d yar\u0131n yap\u0131l\u0131yor. K\u0131br\u0131s\u2019\u0131n hurmas\u0131yla \u00fcnl\u00fc kenti Lefke\u2019deki Festival, Lefke \u00c7ar\u015f\u0131 merkezinde 09.30- 18.00 saatleri aras\u0131nda d\u00fczenlenecek. Festivalle ilgili a\u00e7\u0131klamada, festivalin \u201chalk\u0131n festivali\u201d oldu\u011fu vurgulanarak, a\u00e7\u0131l\u0131\u015f\u0131n\u0131n siyasiler taraf\u0131ndan de\u011fil halk taraf\u0131ndan yap\u0131ld\u0131\u011f\u0131, bu sene de, \u201cK\u0131br\u0131s K\u00fclt\u00fcr El\u00e7ileri\u201d taraf\u0131ndan a\u00e7\u0131laca\u011f\u0131 belirtildi. Kat\u0131l\u0131mc\u0131lar g\u00fcn","og_url":"https:\/\/kibrisdakik.com\/?p=68213","article_published_time":"2024-11-02T13:09:31+00:00","og_image":[{"width":1080,"height":810,"url":"https:\/\/kibrisdakik.com\/wp-content\/uploads\/2024\/11\/lefke-hurma-festivali-yarin-5-740x420.jpg","type":"image\/jpeg"}],"author":"admin","twitter_card":"summary_large_image","twitter_misc":{"Yazan:":"admin","Tahmini okuma s\u00fcresi":"1 dakika"},"schema":{"@context":"https:\/\/schema.org","@graph":[{"@type":"Article","@id":"https:\/\/kibrisdakik.com\/?p=68213#article","isPartOf":{"@id":"https:\/\/kibrisdakik.com\/?p=68213"},"author":{"name":"admin","@id":"https:\/\/kibrisdakik.com\/#\/schema\/person\/9cd9d437bbb44f72b73ba127e06d8e79"},"headline":"Lefke Hurma Festivali yar\u0131n yap\u0131l\u0131yor","datePublished":"2024-11-02T13:09:31+00:00","mainEntityOfPage":{"@id":"https:\/\/kibrisdakik.com\/?p=68213"},"wordCount":291,"commentCount":0,"image":{"@id":"https:\/\/kibrisdakik.com\/?p=68213#primaryimage"},"thumbnailUrl":"https:\/\/kibrisdakik.com\/wp-content\/uploads\/2024\/11\/lefke-hurma-festivali-yarin-5-740x420.jpg","articleSection":["G\u00fcndem","K\u0131br\u0131s"],"inLanguage":"tr","potentialAction":[{"@type":"CommentAction","name":"Comment","target":["https:\/\/kibrisdakik.com\/?p=68213#respond"]}]},{"@type":"WebPage","@id":"https:\/\/kibrisdakik.com\/?p=68213","url":"https:\/\/kibrisdakik.com\/?p=68213","name":"Lefke Hurma Festivali yar\u0131n yap\u0131l\u0131yor -","isPartOf":{"@id":"https:\/\/kibrisdakik.com\/#website"},"primaryImageOfPage":{"@id":"https:\/\/kibrisdakik.com\/?p=68213#primaryimage"},"image":{"@id":"https:\/\/kibrisdakik.com\/?p=68213#primaryimage"},"thumbnailUrl":"https:\/\/kibrisdakik.com\/wp-content\/uploads\/2024\/11\/lefke-hurma-festivali-yarin-5-740x420.jpg","datePublished":"2024-11-02T13:09:31+00:00","author":{"@id":"https:\/\/kibrisdakik.com\/#\/schema\/person\/9cd9d437bbb44f72b73ba127e06d8e79"},"breadcrumb":{"@id":"https:\/\/kibrisdakik.com\/?p=68213#breadcrumb"},"inLanguage":"tr","potentialAction":[{"@type":"ReadAction","target":["https:\/\/kibrisdakik.com\/?p=68213"]}]},{"@type":"ImageObject","inLanguage":"tr","@id":"https:\/\/kibrisdakik.com\/?p=68213#primaryimage","url":"https:\/\/kibrisdakik.com\/wp-content\/uploads\/2024\/11\/lefke-hurma-festivali-yarin-5-740x420.jpg","contentUrl":"https:\/\/kibrisdakik.com\/wp-content\/uploads\/2024\/11\/lefke-hurma-festivali-yarin-5-740x420.jpg","width":1080,"height":810},{"@type":"BreadcrumbList","@id":"https:\/\/kibrisdakik.com\/?p=68213#breadcrumb","itemListElement":[{"@type":"ListItem","position":1,"name":"Home","item":"https:\/\/kibrisdakik.com\/"},{"@type":"ListItem","position":2,"name":"Lefke Hurma Festivali yar\u0131n yap\u0131l\u0131yor"}]},{"@type":"WebSite","@id":"https:\/\/kibrisdakik.com\/#website","url":"https:\/\/kibrisdakik.com\/","name":"","description":"Tam vaktinde haber","potentialAction":[{"@type":"SearchAction","target":{"@type":"EntryPoint","urlTemplate":"https:\/\/kibrisdakik.com\/?s={search_term_string}"},"query-input":{"@type":"PropertyValueSpecification","valueRequired":true,"valueName":"search_term_string"}}],"inLanguage":"tr"},{"@type":"Person","@id":"https:\/\/kibrisdakik.com\/#\/schema\/person\/9cd9d437bbb44f72b73ba127e06d8e79","name":"admin","image":{"@type":"ImageObject","inLanguage":"tr","@id":"https:\/\/secure.gravatar.com\/avatar\/ccc17943b9d660506c869530f897617f7cb1c21a4bf30023f252596d83e1f007?s=96&d=mm&r=g","url":"https:\/\/secure.gravatar.com\/avatar\/ccc17943b9d660506c869530f897617f7cb1c21a4bf30023f252596d83e1f007?s=96&d=mm&r=g","contentUrl":"https:\/\/secure.gravatar.com\/avatar\/ccc17943b9d660506c869530f897617f7cb1c21a4bf30023f252596d83e1f007?s=96&d=mm&r=g","caption":"admin"},"sameAs":["https:\/\/kibrisdakik.com"],"url":"https:\/\/kibrisdakik.com\/?author=1"}]}},"_links":{"self":[{"href":"https:\/\/kibrisdakik.com\/index.php?rest_route=\/wp\/v2\/posts\/68213","targetHints":{"allow":["GET"]}}],"collection":[{"href":"https:\/\/kibrisdakik.com\/index.php?rest_route=\/wp\/v2\/posts"}],"about":[{"href":"https:\/\/kibrisdakik.com\/index.php?rest_route=\/wp\/v2\/types\/post"}],"author":[{"embeddable":true,"href":"https:\/\/kibrisdakik.com\/index.php?rest_route=\/wp\/v2\/users\/1"}],"replies":[{"embeddable":true,"href":"https:\/\/kibrisdakik.com\/index.php?rest_route=%2Fwp%2Fv2%2Fcomments&post=68213"}],"version-history":[{"count":0,"href":"https:\/\/kibrisdakik.com\/index.php?rest_route=\/wp\/v2\/posts\/68213\/revisions"}],"wp:featuredmedia":[{"embeddable":true,"href":"https:\/\/kibrisdakik.com\/index.php?rest_route=\/wp\/v2\/media\/68214"}],"wp:attachment":[{"href":"https:\/\/kibrisdakik.com\/index.php?rest_route=%2Fwp%2Fv2%2Fmedia&parent=68213"}],"wp:term":[{"taxonomy":"category","embeddable":true,"href":"https:\/\/kibrisdakik.com\/index.php?rest_route=%2Fwp%2Fv2%2Fcategories&post=68213"},{"taxonomy":"post_tag","embeddable":true,"href":"https:\/\/kibrisdakik.com\/index.php?rest_route=%2Fwp%2Fv2%2Ftags&post=68213"}],"curies":[{"name":"wp","href":"https:\/\/api.w.org\/{rel}","templated":true}]}}