{"id":68237,"date":"2024-11-02T09:26:55","date_gmt":"2024-11-02T06:26:55","guid":{"rendered":"https:\/\/kibrisdakik.com\/index.php\/2024\/11\/02\/ingiltere-bm-guvenlik-konseyinin-donem-baskanligini-devraldi\/"},"modified":"2024-11-02T09:26:55","modified_gmt":"2024-11-02T06:26:55","slug":"ingiltere-bm-guvenlik-konseyinin-donem-baskanligini-devraldi","status":"publish","type":"post","link":"https:\/\/kibrisdakik.com\/?p=68237","title":{"rendered":"\u0130ngiltere, BM G\u00fcvenlik Konseyi\u2019nin d\u00f6nem ba\u015fkanl\u0131\u011f\u0131n\u0131 devrald\u0131"},"content":{"rendered":"<p><\/p>\n<div>\n<div class=\"mariselle-image-container center\">\n                <img loading=\"lazy\" decoding=\"async\" width=\"800\" height=\"450\" class=\"lazy-image\" alt=\"\" sizes=\"auto, (max-width: 800px) 100vw, 800px\" src=\"https:\/\/brtk.net\/wp-content\/uploads\/2024\/11\/02\/bm-birlesmis-milletler-reu-2038136_1.jpg?ver=47693744e3bf025462c5d706cfe0cc43\" srcset=\"https:\/\/brtk.net\/wp-content\/uploads\/2024\/11\/02\/bm-birlesmis-milletler-reu-2038136_1.jpg?ver=47693744e3bf025462c5d706cfe0cc43 800w, https:\/\/brtk.net\/wp-content\/uploads\/2024\/11\/02\/bm-birlesmis-milletler-reu-2038136_1-300x169.jpg?ver=47693744e3bf025462c5d706cfe0cc43 300w, https:\/\/brtk.net\/wp-content\/uploads\/2024\/11\/02\/bm-birlesmis-milletler-reu-2038136_1-768x432.jpg?ver=47693744e3bf025462c5d706cfe0cc43 768w\"\/>                            <\/div>\n<p>\u0130ngiltere, Birle\u015fmi\u015f Milletler G\u00fcvenlik Konseyi\u2019nin (BMGK) d\u00f6nem ba\u015fkanl\u0131\u011f\u0131n\u0131 \u0130svi\u00e7re\u2019den devrald\u0131.<\/p>\n<p>\u0130ngiltere\u2019nin BM Daimi Temsilcisi Barbara Woodward, \u00fclkesinin ekim ay\u0131 BMGK d\u00f6nem ba\u015fkanl\u0131\u011f\u0131 g\u00fcndemine ili\u015fkin bas\u0131n toplant\u0131s\u0131 d\u00fczenledi.<\/p>\n<p>\u0130ngiltere\u2019nin \u00e7ok zor bir s\u00fcre\u00e7te d\u00f6nem ba\u015fkanl\u0131\u011f\u0131n\u0131 \u0130svi\u00e7re\u2019den devrald\u0131\u011f\u0131n\u0131 dile getiren Woodward, \u201c\u0130kinci D\u00fcnya Sava\u015f\u0131\u2019n\u0131n ard\u0131ndan en fazla ihtilaf\u0131n ya\u015fand\u0131\u011f\u0131 bir d\u00f6nemden ge\u00e7iyoruz.\u201d de\u011ferlendirmesinde bulundu.<\/p>\n<p>Woodward, d\u00f6nem ba\u015fkanl\u0131\u011f\u0131 boyunca \u0130ngiltere\u2019nin Orta Do\u011fu, Rusya-Ukrayna Sava\u015f\u0131 ve Sudan\u2019a odaklanaca\u011f\u0131n\u0131 bildirdi.<\/p>\n<p>Orta Do\u011fu\u2019da daha fazla gerginli\u011fin artmas\u0131n\u0131n kimsenin \u00e7\u0131kar\u0131na olmad\u0131\u011f\u0131n\u0131 s\u00f6yleyen Woodward, bu konunun d\u00f6nem ba\u015fkanl\u0131\u011f\u0131 boyunca g\u00fcndemde olaca\u011f\u0131n\u0131 s\u00f6yledi.<\/p>\n<p>Woodward, \u201c\u00d6l\u00fcm ve kaos olunca, Devlet Ba\u015fkan\u0131 (Vladimir) Putin\u2019i \u00e7ok uzakta aramaya gerek yok\u201d ifadesini kullanarak, \u0130ngiltere\u2019nin Rusya\u2019n\u0131n dezenformasyon ve su\u00e7lar\u0131n\u0131 dile getirmeye devam edece\u011fini belirtti.<\/p>\n<p>Rusya\u2019n\u0131n BM Daimi Temsilcili\u011fi\u2019nin, \u0130ngiltere\u2019nin Ukrayna toplant\u0131s\u0131 talep etti\u011fi i\u00e7in \u201cayl\u0131k program\u0131na\u201d onay vermedi\u011fini de bildiren Woodward, kendilerinin yap\u0131c\u0131 ve etkili tutum sergilemeye devam edece\u011fini kaydetti.<\/p>\n<p>Sudan konusunda ise bir taslak haz\u0131rl\u0131\u011f\u0131 yapt\u0131klar\u0131n\u0131 aktaran Woodward, \u00fclkedeki insani durumun \u00e7ok k\u00f6t\u00fc oldu\u011funu ve diyalog masas\u0131na d\u00f6n\u00fclmesi gerekti\u011fini vurgulad\u0131.<\/p>\n<p><strong>\u201cSadece Filistinlilerin de\u011fil, hepimizin BM\u2019ye ihtiyac\u0131 var\u201d<\/strong><br \/>D\u00fcnya genelinde 339 milyon ki\u015finin BM ve ortaklar\u0131n\u0131n sa\u011flad\u0131\u011f\u0131 insani yard\u0131ma muhta\u00e7 oldu\u011funun alt\u0131n\u0131 \u00e7izen Woodward, BM\u2019nin d\u00fcnyan\u0131n bir\u00e7ok yerinde aktif oldu\u011funu ancak \u00f6zellikle halihaz\u0131rda Filistinliler i\u00e7in b\u00fcy\u00fck \u00f6nem ta\u015f\u0131d\u0131\u011f\u0131n\u0131 ifade etti.<\/p>\n<p>BM Yak\u0131n Do\u011fu\u2019daki Filistinli M\u00fcltecilere Yard\u0131m ve Bay\u0131nd\u0131rl\u0131k Ajans\u0131n\u0131n (UNRWA) alternatifi bulunmad\u0131\u011f\u0131n\u0131 ve \u0130srail\u2019in Ajansa y\u00f6nelik yasas\u0131n\u0131n \u201cyanl\u0131\u015f\u201d oldu\u011funu kaydeden Woodward, \u201cSadece Filistinlilerin de\u011fil, hepimizin BM\u2019ye ihtiyac\u0131 var.\u201d diye konu\u015ftu.<\/p>\n<p>BMGK d\u00f6nem ba\u015fkanl\u0131\u011f\u0131, aral\u0131k ay\u0131nda ABD\u2019ye ge\u00e7ecek.<\/p>\n<\/p><\/div>\n<p><script async\n                    defer\n                    crossorigin=\"anonymous\"\n                    src=\"https:\/\/connect.facebook.net\/tr_TR\/sdk.js#xfbml=1&#038;version=v3.3\"\n            ><\/script><\/p>\n","protected":false},"excerpt":{"rendered":"<p>\u0130ngiltere, Birle\u015fmi\u015f Milletler G\u00fcvenlik Konseyi\u2019nin (BMGK) d\u00f6nem ba\u015fkanl\u0131\u011f\u0131n\u0131 \u0130svi\u00e7re\u2019den devrald\u0131. \u0130ngiltere\u2019nin BM Daimi Temsilcisi Barbara Woodward, \u00fclkesinin ekim ay\u0131 BMGK d\u00f6nem ba\u015fkanl\u0131\u011f\u0131 g\u00fcndemine ili\u015fkin bas\u0131n toplant\u0131s\u0131 d\u00fczenledi. \u0130ngiltere\u2019nin \u00e7ok zor bir s\u00fcre\u00e7te d\u00f6nem ba\u015fkanl\u0131\u011f\u0131n\u0131 \u0130svi\u00e7re\u2019den devrald\u0131\u011f\u0131n\u0131 dile getiren Woodward, \u201c\u0130kinci D\u00fcnya Sava\u015f\u0131\u2019n\u0131n ard\u0131ndan en fazla ihtilaf\u0131n ya\u015fand\u0131\u011f\u0131 bir d\u00f6nemden ge\u00e7iyoruz.\u201d de\u011ferlendirmesinde bulundu. Woodward, d\u00f6nem ba\u015fkanl\u0131\u011f\u0131<\/p>\n","protected":false},"author":1,"featured_media":68238,"comment_status":"open","ping_status":"open","sticky":false,"template":"","format":"standard","meta":{"footnotes":""},"categories":[1],"tags":[],"class_list":["post-68237","post","type-post","status-publish","format-standard","has-post-thumbnail","hentry","category-gundem"],"yoast_head":"<!-- This site is optimized with the Yoast SEO plugin v27.5 - https:\/\/yoast.com\/product\/yoast-seo-wordpress\/ -->\n<title>\u0130ngiltere, BM G\u00fcvenlik Konseyi\u2019nin d\u00f6nem ba\u015fkanl\u0131\u011f\u0131n\u0131 devrald\u0131 -<\/title>\n<meta name=\"robots\" content=\"index, follow, max-snippet:-1, max-image-preview:large, max-video-preview:-1\" \/>\n<link rel=\"canonical\" href=\"https:\/\/kibrisdakik.com\/?p=68237\" \/>\n<meta property=\"og:locale\" content=\"tr_TR\" \/>\n<meta property=\"og:type\" content=\"article\" \/>\n<meta property=\"og:title\" content=\"\u0130ngiltere, BM G\u00fcvenlik Konseyi\u2019nin d\u00f6nem ba\u015fkanl\u0131\u011f\u0131n\u0131 devrald\u0131 -\" \/>\n<meta property=\"og:description\" content=\"\u0130ngiltere, Birle\u015fmi\u015f Milletler G\u00fcvenlik Konseyi\u2019nin (BMGK) d\u00f6nem ba\u015fkanl\u0131\u011f\u0131n\u0131 \u0130svi\u00e7re\u2019den devrald\u0131. \u0130ngiltere\u2019nin BM Daimi Temsilcisi Barbara Woodward, \u00fclkesinin ekim ay\u0131 BMGK d\u00f6nem ba\u015fkanl\u0131\u011f\u0131 g\u00fcndemine ili\u015fkin bas\u0131n toplant\u0131s\u0131 d\u00fczenledi. \u0130ngiltere\u2019nin \u00e7ok zor bir s\u00fcre\u00e7te d\u00f6nem ba\u015fkanl\u0131\u011f\u0131n\u0131 \u0130svi\u00e7re\u2019den devrald\u0131\u011f\u0131n\u0131 dile getiren Woodward, \u201c\u0130kinci D\u00fcnya Sava\u015f\u0131\u2019n\u0131n ard\u0131ndan en fazla ihtilaf\u0131n ya\u015fand\u0131\u011f\u0131 bir d\u00f6nemden ge\u00e7iyoruz.\u201d de\u011ferlendirmesinde bulundu. Woodward, d\u00f6nem ba\u015fkanl\u0131\u011f\u0131\" \/>\n<meta property=\"og:url\" content=\"https:\/\/kibrisdakik.com\/?p=68237\" \/>\n<meta property=\"article:published_time\" content=\"2024-11-02T06:26:55+00:00\" \/>\n<meta property=\"og:image\" content=\"https:\/\/kibrisdakik.com\/wp-content\/uploads\/2024\/11\/bm-birlesmis-milletler-reu-2038136_1-740x420.jpg\" \/>\n\t<meta property=\"og:image:width\" content=\"800\" \/>\n\t<meta property=\"og:image:height\" content=\"450\" \/>\n\t<meta property=\"og:image:type\" content=\"image\/jpeg\" \/>\n<meta name=\"author\" content=\"admin\" \/>\n<meta name=\"twitter:card\" content=\"summary_large_image\" \/>\n<meta name=\"twitter:label1\" content=\"Yazan:\" \/>\n\t<meta name=\"twitter:data1\" content=\"admin\" \/>\n\t<meta name=\"twitter:label2\" content=\"Tahmini okuma s\u00fcresi\" \/>\n\t<meta name=\"twitter:data2\" content=\"2 dakika\" \/>\n<script type=\"application\/ld+json\" class=\"yoast-schema-graph\">{\"@context\":\"https:\\\/\\\/schema.org\",\"@graph\":[{\"@type\":\"Article\",\"@id\":\"https:\\\/\\\/kibrisdakik.com\\\/?p=68237#article\",\"isPartOf\":{\"@id\":\"https:\\\/\\\/kibrisdakik.com\\\/?p=68237\"},\"author\":{\"name\":\"admin\",\"@id\":\"https:\\\/\\\/kibrisdakik.com\\\/#\\\/schema\\\/person\\\/9cd9d437bbb44f72b73ba127e06d8e79\"},\"headline\":\"\u0130ngiltere, BM G\u00fcvenlik Konseyi\u2019nin d\u00f6nem ba\u015fkanl\u0131\u011f\u0131n\u0131 devrald\u0131\",\"datePublished\":\"2024-11-02T06:26:55+00:00\",\"mainEntityOfPage\":{\"@id\":\"https:\\\/\\\/kibrisdakik.com\\\/?p=68237\"},\"wordCount\":374,\"commentCount\":0,\"image\":{\"@id\":\"https:\\\/\\\/kibrisdakik.com\\\/?p=68237#primaryimage\"},\"thumbnailUrl\":\"https:\\\/\\\/kibrisdakik.com\\\/wp-content\\\/uploads\\\/2024\\\/11\\\/bm-birlesmis-milletler-reu-2038136_1-740x420.jpg\",\"articleSection\":[\"G\u00fcndem\"],\"inLanguage\":\"tr\",\"potentialAction\":[{\"@type\":\"CommentAction\",\"name\":\"Comment\",\"target\":[\"https:\\\/\\\/kibrisdakik.com\\\/?p=68237#respond\"]}]},{\"@type\":\"WebPage\",\"@id\":\"https:\\\/\\\/kibrisdakik.com\\\/?p=68237\",\"url\":\"https:\\\/\\\/kibrisdakik.com\\\/?p=68237\",\"name\":\"\u0130ngiltere, BM G\u00fcvenlik Konseyi\u2019nin d\u00f6nem ba\u015fkanl\u0131\u011f\u0131n\u0131 devrald\u0131 -\",\"isPartOf\":{\"@id\":\"https:\\\/\\\/kibrisdakik.com\\\/#website\"},\"primaryImageOfPage\":{\"@id\":\"https:\\\/\\\/kibrisdakik.com\\\/?p=68237#primaryimage\"},\"image\":{\"@id\":\"https:\\\/\\\/kibrisdakik.com\\\/?p=68237#primaryimage\"},\"thumbnailUrl\":\"https:\\\/\\\/kibrisdakik.com\\\/wp-content\\\/uploads\\\/2024\\\/11\\\/bm-birlesmis-milletler-reu-2038136_1-740x420.jpg\",\"datePublished\":\"2024-11-02T06:26:55+00:00\",\"author\":{\"@id\":\"https:\\\/\\\/kibrisdakik.com\\\/#\\\/schema\\\/person\\\/9cd9d437bbb44f72b73ba127e06d8e79\"},\"breadcrumb\":{\"@id\":\"https:\\\/\\\/kibrisdakik.com\\\/?p=68237#breadcrumb\"},\"inLanguage\":\"tr\",\"potentialAction\":[{\"@type\":\"ReadAction\",\"target\":[\"https:\\\/\\\/kibrisdakik.com\\\/?p=68237\"]}]},{\"@type\":\"ImageObject\",\"inLanguage\":\"tr\",\"@id\":\"https:\\\/\\\/kibrisdakik.com\\\/?p=68237#primaryimage\",\"url\":\"https:\\\/\\\/kibrisdakik.com\\\/wp-content\\\/uploads\\\/2024\\\/11\\\/bm-birlesmis-milletler-reu-2038136_1-740x420.jpg\",\"contentUrl\":\"https:\\\/\\\/kibrisdakik.com\\\/wp-content\\\/uploads\\\/2024\\\/11\\\/bm-birlesmis-milletler-reu-2038136_1-740x420.jpg\",\"width\":800,\"height\":450},{\"@type\":\"BreadcrumbList\",\"@id\":\"https:\\\/\\\/kibrisdakik.com\\\/?p=68237#breadcrumb\",\"itemListElement\":[{\"@type\":\"ListItem\",\"position\":1,\"name\":\"Home\",\"item\":\"https:\\\/\\\/kibrisdakik.com\\\/\"},{\"@type\":\"ListItem\",\"position\":2,\"name\":\"\u0130ngiltere, BM G\u00fcvenlik Konseyi\u2019nin d\u00f6nem ba\u015fkanl\u0131\u011f\u0131n\u0131 devrald\u0131\"}]},{\"@type\":\"WebSite\",\"@id\":\"https:\\\/\\\/kibrisdakik.com\\\/#website\",\"url\":\"https:\\\/\\\/kibrisdakik.com\\\/\",\"name\":\"\",\"description\":\"Tam vaktinde haber\",\"potentialAction\":[{\"@type\":\"SearchAction\",\"target\":{\"@type\":\"EntryPoint\",\"urlTemplate\":\"https:\\\/\\\/kibrisdakik.com\\\/?s={search_term_string}\"},\"query-input\":{\"@type\":\"PropertyValueSpecification\",\"valueRequired\":true,\"valueName\":\"search_term_string\"}}],\"inLanguage\":\"tr\"},{\"@type\":\"Person\",\"@id\":\"https:\\\/\\\/kibrisdakik.com\\\/#\\\/schema\\\/person\\\/9cd9d437bbb44f72b73ba127e06d8e79\",\"name\":\"admin\",\"image\":{\"@type\":\"ImageObject\",\"inLanguage\":\"tr\",\"@id\":\"https:\\\/\\\/secure.gravatar.com\\\/avatar\\\/ccc17943b9d660506c869530f897617f7cb1c21a4bf30023f252596d83e1f007?s=96&d=mm&r=g\",\"url\":\"https:\\\/\\\/secure.gravatar.com\\\/avatar\\\/ccc17943b9d660506c869530f897617f7cb1c21a4bf30023f252596d83e1f007?s=96&d=mm&r=g\",\"contentUrl\":\"https:\\\/\\\/secure.gravatar.com\\\/avatar\\\/ccc17943b9d660506c869530f897617f7cb1c21a4bf30023f252596d83e1f007?s=96&d=mm&r=g\",\"caption\":\"admin\"},\"sameAs\":[\"https:\\\/\\\/kibrisdakik.com\"],\"url\":\"https:\\\/\\\/kibrisdakik.com\\\/?author=1\"}]}<\/script>\n<!-- \/ Yoast SEO plugin. -->","yoast_head_json":{"title":"\u0130ngiltere, BM G\u00fcvenlik Konseyi\u2019nin d\u00f6nem ba\u015fkanl\u0131\u011f\u0131n\u0131 devrald\u0131 -","robots":{"index":"index","follow":"follow","max-snippet":"max-snippet:-1","max-image-preview":"max-image-preview:large","max-video-preview":"max-video-preview:-1"},"canonical":"https:\/\/kibrisdakik.com\/?p=68237","og_locale":"tr_TR","og_type":"article","og_title":"\u0130ngiltere, BM G\u00fcvenlik Konseyi\u2019nin d\u00f6nem ba\u015fkanl\u0131\u011f\u0131n\u0131 devrald\u0131 -","og_description":"\u0130ngiltere, Birle\u015fmi\u015f Milletler G\u00fcvenlik Konseyi\u2019nin (BMGK) d\u00f6nem ba\u015fkanl\u0131\u011f\u0131n\u0131 \u0130svi\u00e7re\u2019den devrald\u0131. \u0130ngiltere\u2019nin BM Daimi Temsilcisi Barbara Woodward, \u00fclkesinin ekim ay\u0131 BMGK d\u00f6nem ba\u015fkanl\u0131\u011f\u0131 g\u00fcndemine ili\u015fkin bas\u0131n toplant\u0131s\u0131 d\u00fczenledi. \u0130ngiltere\u2019nin \u00e7ok zor bir s\u00fcre\u00e7te d\u00f6nem ba\u015fkanl\u0131\u011f\u0131n\u0131 \u0130svi\u00e7re\u2019den devrald\u0131\u011f\u0131n\u0131 dile getiren Woodward, \u201c\u0130kinci D\u00fcnya Sava\u015f\u0131\u2019n\u0131n ard\u0131ndan en fazla ihtilaf\u0131n ya\u015fand\u0131\u011f\u0131 bir d\u00f6nemden ge\u00e7iyoruz.\u201d de\u011ferlendirmesinde bulundu. Woodward, d\u00f6nem ba\u015fkanl\u0131\u011f\u0131","og_url":"https:\/\/kibrisdakik.com\/?p=68237","article_published_time":"2024-11-02T06:26:55+00:00","og_image":[{"width":800,"height":450,"url":"https:\/\/kibrisdakik.com\/wp-content\/uploads\/2024\/11\/bm-birlesmis-milletler-reu-2038136_1-740x420.jpg","type":"image\/jpeg"}],"author":"admin","twitter_card":"summary_large_image","twitter_misc":{"Yazan:":"admin","Tahmini okuma s\u00fcresi":"2 dakika"},"schema":{"@context":"https:\/\/schema.org","@graph":[{"@type":"Article","@id":"https:\/\/kibrisdakik.com\/?p=68237#article","isPartOf":{"@id":"https:\/\/kibrisdakik.com\/?p=68237"},"author":{"name":"admin","@id":"https:\/\/kibrisdakik.com\/#\/schema\/person\/9cd9d437bbb44f72b73ba127e06d8e79"},"headline":"\u0130ngiltere, BM G\u00fcvenlik Konseyi\u2019nin d\u00f6nem ba\u015fkanl\u0131\u011f\u0131n\u0131 devrald\u0131","datePublished":"2024-11-02T06:26:55+00:00","mainEntityOfPage":{"@id":"https:\/\/kibrisdakik.com\/?p=68237"},"wordCount":374,"commentCount":0,"image":{"@id":"https:\/\/kibrisdakik.com\/?p=68237#primaryimage"},"thumbnailUrl":"https:\/\/kibrisdakik.com\/wp-content\/uploads\/2024\/11\/bm-birlesmis-milletler-reu-2038136_1-740x420.jpg","articleSection":["G\u00fcndem"],"inLanguage":"tr","potentialAction":[{"@type":"CommentAction","name":"Comment","target":["https:\/\/kibrisdakik.com\/?p=68237#respond"]}]},{"@type":"WebPage","@id":"https:\/\/kibrisdakik.com\/?p=68237","url":"https:\/\/kibrisdakik.com\/?p=68237","name":"\u0130ngiltere, BM G\u00fcvenlik Konseyi\u2019nin d\u00f6nem ba\u015fkanl\u0131\u011f\u0131n\u0131 devrald\u0131 -","isPartOf":{"@id":"https:\/\/kibrisdakik.com\/#website"},"primaryImageOfPage":{"@id":"https:\/\/kibrisdakik.com\/?p=68237#primaryimage"},"image":{"@id":"https:\/\/kibrisdakik.com\/?p=68237#primaryimage"},"thumbnailUrl":"https:\/\/kibrisdakik.com\/wp-content\/uploads\/2024\/11\/bm-birlesmis-milletler-reu-2038136_1-740x420.jpg","datePublished":"2024-11-02T06:26:55+00:00","author":{"@id":"https:\/\/kibrisdakik.com\/#\/schema\/person\/9cd9d437bbb44f72b73ba127e06d8e79"},"breadcrumb":{"@id":"https:\/\/kibrisdakik.com\/?p=68237#breadcrumb"},"inLanguage":"tr","potentialAction":[{"@type":"ReadAction","target":["https:\/\/kibrisdakik.com\/?p=68237"]}]},{"@type":"ImageObject","inLanguage":"tr","@id":"https:\/\/kibrisdakik.com\/?p=68237#primaryimage","url":"https:\/\/kibrisdakik.com\/wp-content\/uploads\/2024\/11\/bm-birlesmis-milletler-reu-2038136_1-740x420.jpg","contentUrl":"https:\/\/kibrisdakik.com\/wp-content\/uploads\/2024\/11\/bm-birlesmis-milletler-reu-2038136_1-740x420.jpg","width":800,"height":450},{"@type":"BreadcrumbList","@id":"https:\/\/kibrisdakik.com\/?p=68237#breadcrumb","itemListElement":[{"@type":"ListItem","position":1,"name":"Home","item":"https:\/\/kibrisdakik.com\/"},{"@type":"ListItem","position":2,"name":"\u0130ngiltere, BM G\u00fcvenlik Konseyi\u2019nin d\u00f6nem ba\u015fkanl\u0131\u011f\u0131n\u0131 devrald\u0131"}]},{"@type":"WebSite","@id":"https:\/\/kibrisdakik.com\/#website","url":"https:\/\/kibrisdakik.com\/","name":"","description":"Tam vaktinde haber","potentialAction":[{"@type":"SearchAction","target":{"@type":"EntryPoint","urlTemplate":"https:\/\/kibrisdakik.com\/?s={search_term_string}"},"query-input":{"@type":"PropertyValueSpecification","valueRequired":true,"valueName":"search_term_string"}}],"inLanguage":"tr"},{"@type":"Person","@id":"https:\/\/kibrisdakik.com\/#\/schema\/person\/9cd9d437bbb44f72b73ba127e06d8e79","name":"admin","image":{"@type":"ImageObject","inLanguage":"tr","@id":"https:\/\/secure.gravatar.com\/avatar\/ccc17943b9d660506c869530f897617f7cb1c21a4bf30023f252596d83e1f007?s=96&d=mm&r=g","url":"https:\/\/secure.gravatar.com\/avatar\/ccc17943b9d660506c869530f897617f7cb1c21a4bf30023f252596d83e1f007?s=96&d=mm&r=g","contentUrl":"https:\/\/secure.gravatar.com\/avatar\/ccc17943b9d660506c869530f897617f7cb1c21a4bf30023f252596d83e1f007?s=96&d=mm&r=g","caption":"admin"},"sameAs":["https:\/\/kibrisdakik.com"],"url":"https:\/\/kibrisdakik.com\/?author=1"}]}},"_links":{"self":[{"href":"https:\/\/kibrisdakik.com\/index.php?rest_route=\/wp\/v2\/posts\/68237","targetHints":{"allow":["GET"]}}],"collection":[{"href":"https:\/\/kibrisdakik.com\/index.php?rest_route=\/wp\/v2\/posts"}],"about":[{"href":"https:\/\/kibrisdakik.com\/index.php?rest_route=\/wp\/v2\/types\/post"}],"author":[{"embeddable":true,"href":"https:\/\/kibrisdakik.com\/index.php?rest_route=\/wp\/v2\/users\/1"}],"replies":[{"embeddable":true,"href":"https:\/\/kibrisdakik.com\/index.php?rest_route=%2Fwp%2Fv2%2Fcomments&post=68237"}],"version-history":[{"count":0,"href":"https:\/\/kibrisdakik.com\/index.php?rest_route=\/wp\/v2\/posts\/68237\/revisions"}],"wp:featuredmedia":[{"embeddable":true,"href":"https:\/\/kibrisdakik.com\/index.php?rest_route=\/wp\/v2\/media\/68238"}],"wp:attachment":[{"href":"https:\/\/kibrisdakik.com\/index.php?rest_route=%2Fwp%2Fv2%2Fmedia&parent=68237"}],"wp:term":[{"taxonomy":"category","embeddable":true,"href":"https:\/\/kibrisdakik.com\/index.php?rest_route=%2Fwp%2Fv2%2Fcategories&post=68237"},{"taxonomy":"post_tag","embeddable":true,"href":"https:\/\/kibrisdakik.com\/index.php?rest_route=%2Fwp%2Fv2%2Ftags&post=68237"}],"curies":[{"name":"wp","href":"https:\/\/api.w.org\/{rel}","templated":true}]}}