{"id":68328,"date":"2024-11-04T16:45:59","date_gmt":"2024-11-04T13:45:59","guid":{"rendered":"https:\/\/kibrisdakik.com\/index.php\/2024\/11\/04\/cumhurbaskani-ersin-tatar-cumhuriyet-meclisinde-yasananlara-yonelik-bir-aciklama-yaparak-ctpnin-tavrini-elestirdi\/"},"modified":"2024-11-04T16:45:59","modified_gmt":"2024-11-04T13:45:59","slug":"cumhurbaskani-ersin-tatar-cumhuriyet-meclisinde-yasananlara-yonelik-bir-aciklama-yaparak-ctpnin-tavrini-elestirdi","status":"publish","type":"post","link":"https:\/\/kibrisdakik.com\/?p=68328","title":{"rendered":"Cumhurba\u015fkan\u0131 Ersin Tatar, Cumhuriyet Meclisi\u2019nde ya\u015fananlara y\u00f6nelik bir a\u00e7\u0131klama yaparak CTP\u2019nin tavr\u0131n\u0131 ele\u015ftirdi"},"content":{"rendered":"<div>\n<div class=\"mariselle-image-container center\">\n                                            <\/div>\n<p>\nCumhurba\u015fkan\u0131 Ersin Tatar, Cumhuriyet\u00e7i T\u00fcrk Partisi\u2019nin (CTP), Meclis Ba\u015fkan\u0131 Meclis\u2019te iken Meclis Ba\u015fkan Yard\u0131mc\u0131s\u0131 arac\u0131l\u0131\u011f\u0131yla k\u00fcrs\u00fcy\u00fc i\u015fgal etti\u011fini kaydederek, CTP\u2019nin tavr\u0131n\u0131 ele\u015ftirdi.<\/p>\n<p>Cumhurba\u015fkan\u0131 Ersin Tatar, yapt\u0131\u011f\u0131 a\u00e7\u0131klamada, Meclis\u2019in yasa \u00fcretme ve halka hizmet etme yeri oldu\u011funu vurgulayarak, \u015f\u00f6yle dedi:<\/p>\n<p>\u201cCumhuriyet\u00e7i T\u00fcrk Partisi, Meclis\u2019i \u00e7al\u0131\u015ft\u0131rmak yerine kaosa oynamaktad\u0131r, bu tav\u0131r halk\u0131n hizmet bekledi\u011fi zamanda kabul edilebilir de\u011fildir. Meclis Ba\u015fkan\u0131 se\u00e7ilmi\u015f ve ilan edilmi\u015ftir. B\u00fct\u00e7enin g\u00fcndeme gelece\u011fi bu zaman Meclis\u2019te ciddi sorumluluk gerektirmektedir. B\u00fct\u00e7e s\u00fcrecinin sekteye u\u011framas\u0131n\u0131n \u00fclkedeki t\u00fcm sekt\u00f6rlere olumsuz yans\u0131malar\u0131 olacakt\u0131r.\u201d<\/p>\n<p>Mecliste bekleyen ciddi yasalar\u0131n oldu\u011funa da i\u015faret eden Cumhurba\u015fkan\u0131 Ersin Tatar, \u015f\u00f6yle devam etti:<\/p>\n<p>\u201cHalka hizmet yolunda yap\u0131lan yasalar\u0131n onaylanmas\u0131 s\u00fcrecinin uzat\u0131lmas\u0131 halk\u0131n beklentilerinin \u00f6n\u00fcne ge\u00e7mek demektir. Halka hizmet edece\u011fiz diyen bir kesimin tavr\u0131 kendi s\u00f6ylemleri ile \u00e7eli\u015fmektedir.  Herkese sa\u011fduyulu olma, bir an \u00f6nce tak\u0131n\u0131lan tav\u0131rdan vazge\u00e7ilerek Meclis\u2019in \u00e7al\u0131\u015fmas\u0131na katk\u0131 koyma \u00e7a\u011fr\u0131s\u0131 yap\u0131yorum. Kaosun kazanan\u0131 olmaz ama kaybeden halk olur.\u201d<\/p>\n<\/p><\/div>\n<p><script async\n                    defer\n                    crossorigin=\"anonymous\"\n                    src=\"https:\/\/connect.facebook.net\/tr_TR\/sdk.js#xfbml=1&#038;version=v3.3\"\n            ><\/script><\/p>\n","protected":false},"excerpt":{"rendered":"<p>Cumhurba\u015fkan\u0131 Ersin Tatar, Cumhuriyet\u00e7i T\u00fcrk Partisi\u2019nin (CTP), Meclis Ba\u015fkan\u0131 Meclis\u2019te iken Meclis Ba\u015fkan Yard\u0131mc\u0131s\u0131 arac\u0131l\u0131\u011f\u0131yla k\u00fcrs\u00fcy\u00fc i\u015fgal etti\u011fini kaydederek, CTP\u2019nin tavr\u0131n\u0131 ele\u015ftirdi. Cumhurba\u015fkan\u0131 Ersin Tatar, yapt\u0131\u011f\u0131 a\u00e7\u0131klamada, Meclis\u2019in yasa \u00fcretme ve halka hizmet etme yeri oldu\u011funu vurgulayarak, \u015f\u00f6yle dedi: \u201cCumhuriyet\u00e7i T\u00fcrk Partisi, Meclis\u2019i \u00e7al\u0131\u015ft\u0131rmak yerine kaosa oynamaktad\u0131r, bu tav\u0131r halk\u0131n hizmet bekledi\u011fi zamanda kabul edilebilir<\/p>\n","protected":false},"author":1,"featured_media":68329,"comment_status":"open","ping_status":"open","sticky":false,"template":"","format":"standard","meta":{"footnotes":""},"categories":[81],"tags":[],"class_list":["post-68328","post","type-post","status-publish","format-standard","has-post-thumbnail","hentry","category-kibris"],"yoast_head":"<!-- This site is optimized with the Yoast SEO plugin v27.5 - https:\/\/yoast.com\/product\/yoast-seo-wordpress\/ -->\n<title>Cumhurba\u015fkan\u0131 Ersin Tatar, Cumhuriyet Meclisi\u2019nde ya\u015fananlara y\u00f6nelik bir a\u00e7\u0131klama yaparak CTP\u2019nin tavr\u0131n\u0131 ele\u015ftirdi -<\/title>\n<meta name=\"robots\" content=\"index, follow, max-snippet:-1, max-image-preview:large, max-video-preview:-1\" \/>\n<link rel=\"canonical\" href=\"https:\/\/kibrisdakik.com\/?p=68328\" \/>\n<meta property=\"og:locale\" content=\"tr_TR\" \/>\n<meta property=\"og:type\" content=\"article\" \/>\n<meta property=\"og:title\" content=\"Cumhurba\u015fkan\u0131 Ersin Tatar, Cumhuriyet Meclisi\u2019nde ya\u015fananlara y\u00f6nelik bir a\u00e7\u0131klama yaparak CTP\u2019nin tavr\u0131n\u0131 ele\u015ftirdi -\" \/>\n<meta property=\"og:description\" content=\"Cumhurba\u015fkan\u0131 Ersin Tatar, Cumhuriyet\u00e7i T\u00fcrk Partisi\u2019nin (CTP), Meclis Ba\u015fkan\u0131 Meclis\u2019te iken Meclis Ba\u015fkan Yard\u0131mc\u0131s\u0131 arac\u0131l\u0131\u011f\u0131yla k\u00fcrs\u00fcy\u00fc i\u015fgal etti\u011fini kaydederek, CTP\u2019nin tavr\u0131n\u0131 ele\u015ftirdi. Cumhurba\u015fkan\u0131 Ersin Tatar, yapt\u0131\u011f\u0131 a\u00e7\u0131klamada, Meclis\u2019in yasa \u00fcretme ve halka hizmet etme yeri oldu\u011funu vurgulayarak, \u015f\u00f6yle dedi: \u201cCumhuriyet\u00e7i T\u00fcrk Partisi, Meclis\u2019i \u00e7al\u0131\u015ft\u0131rmak yerine kaosa oynamaktad\u0131r, bu tav\u0131r halk\u0131n hizmet bekledi\u011fi zamanda kabul edilebilir\" \/>\n<meta property=\"og:url\" content=\"https:\/\/kibrisdakik.com\/?p=68328\" \/>\n<meta property=\"article:published_time\" content=\"2024-11-04T13:45:59+00:00\" \/>\n<meta property=\"og:image\" content=\"https:\/\/kibrisdakik.com\/wp-content\/uploads\/2024\/11\/tatar3-740x420.jpg\" \/>\n\t<meta property=\"og:image:width\" content=\"1054\" \/>\n\t<meta property=\"og:image:height\" content=\"523\" \/>\n\t<meta property=\"og:image:type\" content=\"image\/jpeg\" \/>\n<meta name=\"author\" content=\"admin\" \/>\n<meta name=\"twitter:card\" content=\"summary_large_image\" \/>\n<meta name=\"twitter:label1\" content=\"Yazan:\" \/>\n\t<meta name=\"twitter:data1\" content=\"admin\" \/>\n\t<meta name=\"twitter:label2\" content=\"Tahmini okuma s\u00fcresi\" \/>\n\t<meta name=\"twitter:data2\" content=\"1 dakika\" \/>\n<script type=\"application\/ld+json\" class=\"yoast-schema-graph\">{\"@context\":\"https:\\\/\\\/schema.org\",\"@graph\":[{\"@type\":\"Article\",\"@id\":\"https:\\\/\\\/kibrisdakik.com\\\/?p=68328#article\",\"isPartOf\":{\"@id\":\"https:\\\/\\\/kibrisdakik.com\\\/?p=68328\"},\"author\":{\"name\":\"admin\",\"@id\":\"https:\\\/\\\/kibrisdakik.com\\\/#\\\/schema\\\/person\\\/9cd9d437bbb44f72b73ba127e06d8e79\"},\"headline\":\"Cumhurba\u015fkan\u0131 Ersin Tatar, Cumhuriyet Meclisi\u2019nde ya\u015fananlara y\u00f6nelik bir a\u00e7\u0131klama yaparak CTP\u2019nin tavr\u0131n\u0131 ele\u015ftirdi\",\"datePublished\":\"2024-11-04T13:45:59+00:00\",\"mainEntityOfPage\":{\"@id\":\"https:\\\/\\\/kibrisdakik.com\\\/?p=68328\"},\"wordCount\":237,\"commentCount\":0,\"image\":{\"@id\":\"https:\\\/\\\/kibrisdakik.com\\\/?p=68328#primaryimage\"},\"thumbnailUrl\":\"https:\\\/\\\/kibrisdakik.com\\\/wp-content\\\/uploads\\\/2024\\\/11\\\/tatar3-740x420.jpg\",\"articleSection\":[\"K\u0131br\u0131s\"],\"inLanguage\":\"tr\",\"potentialAction\":[{\"@type\":\"CommentAction\",\"name\":\"Comment\",\"target\":[\"https:\\\/\\\/kibrisdakik.com\\\/?p=68328#respond\"]}]},{\"@type\":\"WebPage\",\"@id\":\"https:\\\/\\\/kibrisdakik.com\\\/?p=68328\",\"url\":\"https:\\\/\\\/kibrisdakik.com\\\/?p=68328\",\"name\":\"Cumhurba\u015fkan\u0131 Ersin Tatar, Cumhuriyet Meclisi\u2019nde ya\u015fananlara y\u00f6nelik bir a\u00e7\u0131klama yaparak CTP\u2019nin tavr\u0131n\u0131 ele\u015ftirdi -\",\"isPartOf\":{\"@id\":\"https:\\\/\\\/kibrisdakik.com\\\/#website\"},\"primaryImageOfPage\":{\"@id\":\"https:\\\/\\\/kibrisdakik.com\\\/?p=68328#primaryimage\"},\"image\":{\"@id\":\"https:\\\/\\\/kibrisdakik.com\\\/?p=68328#primaryimage\"},\"thumbnailUrl\":\"https:\\\/\\\/kibrisdakik.com\\\/wp-content\\\/uploads\\\/2024\\\/11\\\/tatar3-740x420.jpg\",\"datePublished\":\"2024-11-04T13:45:59+00:00\",\"author\":{\"@id\":\"https:\\\/\\\/kibrisdakik.com\\\/#\\\/schema\\\/person\\\/9cd9d437bbb44f72b73ba127e06d8e79\"},\"breadcrumb\":{\"@id\":\"https:\\\/\\\/kibrisdakik.com\\\/?p=68328#breadcrumb\"},\"inLanguage\":\"tr\",\"potentialAction\":[{\"@type\":\"ReadAction\",\"target\":[\"https:\\\/\\\/kibrisdakik.com\\\/?p=68328\"]}]},{\"@type\":\"ImageObject\",\"inLanguage\":\"tr\",\"@id\":\"https:\\\/\\\/kibrisdakik.com\\\/?p=68328#primaryimage\",\"url\":\"https:\\\/\\\/kibrisdakik.com\\\/wp-content\\\/uploads\\\/2024\\\/11\\\/tatar3-740x420.jpg\",\"contentUrl\":\"https:\\\/\\\/kibrisdakik.com\\\/wp-content\\\/uploads\\\/2024\\\/11\\\/tatar3-740x420.jpg\",\"width\":1054,\"height\":523},{\"@type\":\"BreadcrumbList\",\"@id\":\"https:\\\/\\\/kibrisdakik.com\\\/?p=68328#breadcrumb\",\"itemListElement\":[{\"@type\":\"ListItem\",\"position\":1,\"name\":\"Home\",\"item\":\"https:\\\/\\\/kibrisdakik.com\\\/\"},{\"@type\":\"ListItem\",\"position\":2,\"name\":\"Cumhurba\u015fkan\u0131 Ersin Tatar, Cumhuriyet Meclisi\u2019nde ya\u015fananlara y\u00f6nelik bir a\u00e7\u0131klama yaparak CTP\u2019nin tavr\u0131n\u0131 ele\u015ftirdi\"}]},{\"@type\":\"WebSite\",\"@id\":\"https:\\\/\\\/kibrisdakik.com\\\/#website\",\"url\":\"https:\\\/\\\/kibrisdakik.com\\\/\",\"name\":\"\",\"description\":\"Tam vaktinde haber\",\"potentialAction\":[{\"@type\":\"SearchAction\",\"target\":{\"@type\":\"EntryPoint\",\"urlTemplate\":\"https:\\\/\\\/kibrisdakik.com\\\/?s={search_term_string}\"},\"query-input\":{\"@type\":\"PropertyValueSpecification\",\"valueRequired\":true,\"valueName\":\"search_term_string\"}}],\"inLanguage\":\"tr\"},{\"@type\":\"Person\",\"@id\":\"https:\\\/\\\/kibrisdakik.com\\\/#\\\/schema\\\/person\\\/9cd9d437bbb44f72b73ba127e06d8e79\",\"name\":\"admin\",\"image\":{\"@type\":\"ImageObject\",\"inLanguage\":\"tr\",\"@id\":\"https:\\\/\\\/secure.gravatar.com\\\/avatar\\\/ccc17943b9d660506c869530f897617f7cb1c21a4bf30023f252596d83e1f007?s=96&d=mm&r=g\",\"url\":\"https:\\\/\\\/secure.gravatar.com\\\/avatar\\\/ccc17943b9d660506c869530f897617f7cb1c21a4bf30023f252596d83e1f007?s=96&d=mm&r=g\",\"contentUrl\":\"https:\\\/\\\/secure.gravatar.com\\\/avatar\\\/ccc17943b9d660506c869530f897617f7cb1c21a4bf30023f252596d83e1f007?s=96&d=mm&r=g\",\"caption\":\"admin\"},\"sameAs\":[\"https:\\\/\\\/kibrisdakik.com\"],\"url\":\"https:\\\/\\\/kibrisdakik.com\\\/?author=1\"}]}<\/script>\n<!-- \/ Yoast SEO plugin. -->","yoast_head_json":{"title":"Cumhurba\u015fkan\u0131 Ersin Tatar, Cumhuriyet Meclisi\u2019nde ya\u015fananlara y\u00f6nelik bir a\u00e7\u0131klama yaparak CTP\u2019nin tavr\u0131n\u0131 ele\u015ftirdi -","robots":{"index":"index","follow":"follow","max-snippet":"max-snippet:-1","max-image-preview":"max-image-preview:large","max-video-preview":"max-video-preview:-1"},"canonical":"https:\/\/kibrisdakik.com\/?p=68328","og_locale":"tr_TR","og_type":"article","og_title":"Cumhurba\u015fkan\u0131 Ersin Tatar, Cumhuriyet Meclisi\u2019nde ya\u015fananlara y\u00f6nelik bir a\u00e7\u0131klama yaparak CTP\u2019nin tavr\u0131n\u0131 ele\u015ftirdi -","og_description":"Cumhurba\u015fkan\u0131 Ersin Tatar, Cumhuriyet\u00e7i T\u00fcrk Partisi\u2019nin (CTP), Meclis Ba\u015fkan\u0131 Meclis\u2019te iken Meclis Ba\u015fkan Yard\u0131mc\u0131s\u0131 arac\u0131l\u0131\u011f\u0131yla k\u00fcrs\u00fcy\u00fc i\u015fgal etti\u011fini kaydederek, CTP\u2019nin tavr\u0131n\u0131 ele\u015ftirdi. Cumhurba\u015fkan\u0131 Ersin Tatar, yapt\u0131\u011f\u0131 a\u00e7\u0131klamada, Meclis\u2019in yasa \u00fcretme ve halka hizmet etme yeri oldu\u011funu vurgulayarak, \u015f\u00f6yle dedi: \u201cCumhuriyet\u00e7i T\u00fcrk Partisi, Meclis\u2019i \u00e7al\u0131\u015ft\u0131rmak yerine kaosa oynamaktad\u0131r, bu tav\u0131r halk\u0131n hizmet bekledi\u011fi zamanda kabul edilebilir","og_url":"https:\/\/kibrisdakik.com\/?p=68328","article_published_time":"2024-11-04T13:45:59+00:00","og_image":[{"width":1054,"height":523,"url":"https:\/\/kibrisdakik.com\/wp-content\/uploads\/2024\/11\/tatar3-740x420.jpg","type":"image\/jpeg"}],"author":"admin","twitter_card":"summary_large_image","twitter_misc":{"Yazan:":"admin","Tahmini okuma s\u00fcresi":"1 dakika"},"schema":{"@context":"https:\/\/schema.org","@graph":[{"@type":"Article","@id":"https:\/\/kibrisdakik.com\/?p=68328#article","isPartOf":{"@id":"https:\/\/kibrisdakik.com\/?p=68328"},"author":{"name":"admin","@id":"https:\/\/kibrisdakik.com\/#\/schema\/person\/9cd9d437bbb44f72b73ba127e06d8e79"},"headline":"Cumhurba\u015fkan\u0131 Ersin Tatar, Cumhuriyet Meclisi\u2019nde ya\u015fananlara y\u00f6nelik bir a\u00e7\u0131klama yaparak CTP\u2019nin tavr\u0131n\u0131 ele\u015ftirdi","datePublished":"2024-11-04T13:45:59+00:00","mainEntityOfPage":{"@id":"https:\/\/kibrisdakik.com\/?p=68328"},"wordCount":237,"commentCount":0,"image":{"@id":"https:\/\/kibrisdakik.com\/?p=68328#primaryimage"},"thumbnailUrl":"https:\/\/kibrisdakik.com\/wp-content\/uploads\/2024\/11\/tatar3-740x420.jpg","articleSection":["K\u0131br\u0131s"],"inLanguage":"tr","potentialAction":[{"@type":"CommentAction","name":"Comment","target":["https:\/\/kibrisdakik.com\/?p=68328#respond"]}]},{"@type":"WebPage","@id":"https:\/\/kibrisdakik.com\/?p=68328","url":"https:\/\/kibrisdakik.com\/?p=68328","name":"Cumhurba\u015fkan\u0131 Ersin Tatar, Cumhuriyet Meclisi\u2019nde ya\u015fananlara y\u00f6nelik bir a\u00e7\u0131klama yaparak CTP\u2019nin tavr\u0131n\u0131 ele\u015ftirdi -","isPartOf":{"@id":"https:\/\/kibrisdakik.com\/#website"},"primaryImageOfPage":{"@id":"https:\/\/kibrisdakik.com\/?p=68328#primaryimage"},"image":{"@id":"https:\/\/kibrisdakik.com\/?p=68328#primaryimage"},"thumbnailUrl":"https:\/\/kibrisdakik.com\/wp-content\/uploads\/2024\/11\/tatar3-740x420.jpg","datePublished":"2024-11-04T13:45:59+00:00","author":{"@id":"https:\/\/kibrisdakik.com\/#\/schema\/person\/9cd9d437bbb44f72b73ba127e06d8e79"},"breadcrumb":{"@id":"https:\/\/kibrisdakik.com\/?p=68328#breadcrumb"},"inLanguage":"tr","potentialAction":[{"@type":"ReadAction","target":["https:\/\/kibrisdakik.com\/?p=68328"]}]},{"@type":"ImageObject","inLanguage":"tr","@id":"https:\/\/kibrisdakik.com\/?p=68328#primaryimage","url":"https:\/\/kibrisdakik.com\/wp-content\/uploads\/2024\/11\/tatar3-740x420.jpg","contentUrl":"https:\/\/kibrisdakik.com\/wp-content\/uploads\/2024\/11\/tatar3-740x420.jpg","width":1054,"height":523},{"@type":"BreadcrumbList","@id":"https:\/\/kibrisdakik.com\/?p=68328#breadcrumb","itemListElement":[{"@type":"ListItem","position":1,"name":"Home","item":"https:\/\/kibrisdakik.com\/"},{"@type":"ListItem","position":2,"name":"Cumhurba\u015fkan\u0131 Ersin Tatar, Cumhuriyet Meclisi\u2019nde ya\u015fananlara y\u00f6nelik bir a\u00e7\u0131klama yaparak CTP\u2019nin tavr\u0131n\u0131 ele\u015ftirdi"}]},{"@type":"WebSite","@id":"https:\/\/kibrisdakik.com\/#website","url":"https:\/\/kibrisdakik.com\/","name":"","description":"Tam vaktinde haber","potentialAction":[{"@type":"SearchAction","target":{"@type":"EntryPoint","urlTemplate":"https:\/\/kibrisdakik.com\/?s={search_term_string}"},"query-input":{"@type":"PropertyValueSpecification","valueRequired":true,"valueName":"search_term_string"}}],"inLanguage":"tr"},{"@type":"Person","@id":"https:\/\/kibrisdakik.com\/#\/schema\/person\/9cd9d437bbb44f72b73ba127e06d8e79","name":"admin","image":{"@type":"ImageObject","inLanguage":"tr","@id":"https:\/\/secure.gravatar.com\/avatar\/ccc17943b9d660506c869530f897617f7cb1c21a4bf30023f252596d83e1f007?s=96&d=mm&r=g","url":"https:\/\/secure.gravatar.com\/avatar\/ccc17943b9d660506c869530f897617f7cb1c21a4bf30023f252596d83e1f007?s=96&d=mm&r=g","contentUrl":"https:\/\/secure.gravatar.com\/avatar\/ccc17943b9d660506c869530f897617f7cb1c21a4bf30023f252596d83e1f007?s=96&d=mm&r=g","caption":"admin"},"sameAs":["https:\/\/kibrisdakik.com"],"url":"https:\/\/kibrisdakik.com\/?author=1"}]}},"_links":{"self":[{"href":"https:\/\/kibrisdakik.com\/index.php?rest_route=\/wp\/v2\/posts\/68328","targetHints":{"allow":["GET"]}}],"collection":[{"href":"https:\/\/kibrisdakik.com\/index.php?rest_route=\/wp\/v2\/posts"}],"about":[{"href":"https:\/\/kibrisdakik.com\/index.php?rest_route=\/wp\/v2\/types\/post"}],"author":[{"embeddable":true,"href":"https:\/\/kibrisdakik.com\/index.php?rest_route=\/wp\/v2\/users\/1"}],"replies":[{"embeddable":true,"href":"https:\/\/kibrisdakik.com\/index.php?rest_route=%2Fwp%2Fv2%2Fcomments&post=68328"}],"version-history":[{"count":0,"href":"https:\/\/kibrisdakik.com\/index.php?rest_route=\/wp\/v2\/posts\/68328\/revisions"}],"wp:featuredmedia":[{"embeddable":true,"href":"https:\/\/kibrisdakik.com\/index.php?rest_route=\/wp\/v2\/media\/68329"}],"wp:attachment":[{"href":"https:\/\/kibrisdakik.com\/index.php?rest_route=%2Fwp%2Fv2%2Fmedia&parent=68328"}],"wp:term":[{"taxonomy":"category","embeddable":true,"href":"https:\/\/kibrisdakik.com\/index.php?rest_route=%2Fwp%2Fv2%2Fcategories&post=68328"},{"taxonomy":"post_tag","embeddable":true,"href":"https:\/\/kibrisdakik.com\/index.php?rest_route=%2Fwp%2Fv2%2Ftags&post=68328"}],"curies":[{"name":"wp","href":"https:\/\/api.w.org\/{rel}","templated":true}]}}