{"id":6833,"date":"2023-05-13T15:23:57","date_gmt":"2023-05-13T15:23:57","guid":{"rendered":"https:\/\/kibrisdakik.com\/index.php\/2023\/05\/13\/orman-dairesi-muduru-gunes-halka-yanginlara-karsi-bilincli-olmalari-konusunda-cagrida-bulundu\/"},"modified":"2023-05-13T15:23:57","modified_gmt":"2023-05-13T15:23:57","slug":"orman-dairesi-muduru-gunes-halka-yanginlara-karsi-bilincli-olmalari-konusunda-cagrida-bulundu","status":"publish","type":"post","link":"https:\/\/kibrisdakik.com\/?p=6833","title":{"rendered":"Orman Dairesi M\u00fcd\u00fcr\u00fc G\u00fcne\u015f,  halka yang\u0131nlara kar\u015f\u0131 bilin\u00e7li olmalar\u0131 konusunda \u00e7a\u011fr\u0131da bulundu"},"content":{"rendered":"<p><\/p>\n<div>\n<p>Yaz mevsiminin yakla\u015ft\u0131\u011f\u0131 bug\u00fcnlerde Orman Dairesi, orman yang\u0131nlar\u0131n\u0131 \u00f6nlemek i\u00e7in tedbirlerini yo\u011funla\u015ft\u0131rd\u0131. <\/p>\n<p><a href=\"https:\/\/brtk.net\/\">BRT<\/a> Gazima\u011fusa B\u00fcrosu\u2019nu ziyaret eden Orman Dairesi M\u00fcd\u00fcr\u00fc Salih G\u00fcne\u015f, yapt\u0131klar\u0131 haz\u0131rl\u0131klar\u0131n\u0131 anlatt\u0131 ve halka yang\u0131nlara kar\u015f\u0131 bilin\u00e7li olmalar\u0131 konusunda \u00e7a\u011fr\u0131da bulundu.<\/p>\n<p>Salih G\u00fcne\u015f, 125 ki\u015filik yang\u0131n ekibiyle, 10 farkl\u0131 noktada konu\u015flanarak 7\/24 esas\u0131na dayal\u0131 olarak olas\u0131 yang\u0131nlara kar\u015f\u0131 haz\u0131r olduklar\u0131n\u0131 belirtti.<\/p>\n<p>Bu 125 ki\u015filik ekibin mevsimlik i\u015f\u00e7i oldu\u011funu ve yang\u0131nla m\u00fccadelede kalifiye elemana ihtiya\u00e7 bulundu\u011funa da i\u015faret eden G\u00fcne\u015f, bu ba\u011flamda 24 ki\u015filik bir ekibin al\u0131naca\u011f\u0131n\u0131 kaydetti.<\/p>\n<p>Orman Dairesi M\u00fcd\u00fcr\u00fc G\u00fcne\u015f 1 Nisan-31 Ekim tarihleri aras\u0131nda ikinci bir emre kadar ormanl\u0131k alanlarda ate\u015f yakman\u0131n yasak oldu\u011funu da hat\u0131rlatarak, bu yasa\u011fa uymayanlar\u0131n on asgari \u00fccret ya da 5 y\u0131la kadar hapis cezas\u0131, 1 hektar\u0131 ge\u00e7en yang\u0131na sebep olman\u0131n ise 100 asgari \u00fccret ya da 15 y\u0131la kadar hapislik cezas\u0131na \u00e7arpt\u0131r\u0131labilece\u011fini a\u00e7\u0131klad\u0131.<\/p>\n<p>Pikniklerin, piknik alanlar\u0131nda yap\u0131lmas\u0131n\u0131, pikni\u011fin bitmesinin ard\u0131ndan vatanda\u015flar\u0131n oradan ate\u015fin s\u00f6nd\u00fc\u011f\u00fcnden emin olup, \u00e7\u00f6plerini toplayarak ayr\u0131lmas\u0131n\u0131 isteyen Salih G\u00fcne\u015f, do\u011fan\u0131n kirletilmemesinin de \u00e7ok \u00f6nemli oldu\u011funa vurgu yapt\u0131.<\/p>\n<p>Orman Dairesi M\u00fcd\u00fcr\u00fc G\u00fcne\u015f, tar\u0131mla u\u011fra\u015fan vatanda\u015flar\u0131n k\u00f6ylerde an\u0131z yakmamas\u0131n\u0131n, belediyelerin ise yol kenar\u0131ndaki kuru otlar\u0131n temizlenmesine \u00f6zen g\u00f6sterip, elektrik tellerinin alt\u0131nda bulunan a\u011fa\u00e7lar\u0131n budanmas\u0131n\u0131n da yang\u0131nlara kar\u015f\u0131 \u00f6nemli bir tedbir oldu\u011funu belirtti.<\/p>\n<p>brt<\/p>\n<\/p><\/div>\n<p><script async\n                    defer\n                    crossorigin=\"anonymous\"\n                    src=\"https:\/\/connect.facebook.net\/tr_TR\/sdk.js#xfbml=1&#038;version=v3.3\"\n            ><\/script><\/p>\n","protected":false},"excerpt":{"rendered":"<p>Yaz mevsiminin yakla\u015ft\u0131\u011f\u0131 bug\u00fcnlerde Orman Dairesi, orman yang\u0131nlar\u0131n\u0131 \u00f6nlemek i\u00e7in tedbirlerini yo\u011funla\u015ft\u0131rd\u0131. BRT Gazima\u011fusa B\u00fcrosu\u2019nu ziyaret eden Orman Dairesi M\u00fcd\u00fcr\u00fc Salih G\u00fcne\u015f, yapt\u0131klar\u0131 haz\u0131rl\u0131klar\u0131n\u0131 anlatt\u0131 ve halka yang\u0131nlara kar\u015f\u0131 bilin\u00e7li olmalar\u0131 konusunda \u00e7a\u011fr\u0131da bulundu. Salih G\u00fcne\u015f, 125 ki\u015filik yang\u0131n ekibiyle, 10 farkl\u0131 noktada konu\u015flanarak 7\/24 esas\u0131na dayal\u0131 olarak olas\u0131 yang\u0131nlara kar\u015f\u0131 haz\u0131r olduklar\u0131n\u0131 belirtti. Bu<\/p>\n","protected":false},"author":1,"featured_media":6834,"comment_status":"open","ping_status":"open","sticky":false,"template":"","format":"standard","meta":{"footnotes":""},"categories":[1],"tags":[],"class_list":["post-6833","post","type-post","status-publish","format-standard","has-post-thumbnail","hentry","category-gundem"],"yoast_head":"<!-- This site is optimized with the Yoast SEO plugin v27.4 - https:\/\/yoast.com\/product\/yoast-seo-wordpress\/ -->\n<title>Orman Dairesi M\u00fcd\u00fcr\u00fc G\u00fcne\u015f, halka yang\u0131nlara kar\u015f\u0131 bilin\u00e7li olmalar\u0131 konusunda \u00e7a\u011fr\u0131da bulundu -<\/title>\n<meta name=\"robots\" content=\"index, follow, max-snippet:-1, max-image-preview:large, max-video-preview:-1\" \/>\n<link rel=\"canonical\" href=\"https:\/\/kibrisdakik.com\/?p=6833\" \/>\n<meta property=\"og:locale\" content=\"tr_TR\" \/>\n<meta property=\"og:type\" content=\"article\" \/>\n<meta property=\"og:title\" content=\"Orman Dairesi M\u00fcd\u00fcr\u00fc G\u00fcne\u015f, halka yang\u0131nlara kar\u015f\u0131 bilin\u00e7li olmalar\u0131 konusunda \u00e7a\u011fr\u0131da bulundu -\" \/>\n<meta property=\"og:description\" content=\"Yaz mevsiminin yakla\u015ft\u0131\u011f\u0131 bug\u00fcnlerde Orman Dairesi, orman yang\u0131nlar\u0131n\u0131 \u00f6nlemek i\u00e7in tedbirlerini yo\u011funla\u015ft\u0131rd\u0131. BRT Gazima\u011fusa B\u00fcrosu\u2019nu ziyaret eden Orman Dairesi M\u00fcd\u00fcr\u00fc Salih G\u00fcne\u015f, yapt\u0131klar\u0131 haz\u0131rl\u0131klar\u0131n\u0131 anlatt\u0131 ve halka yang\u0131nlara kar\u015f\u0131 bilin\u00e7li olmalar\u0131 konusunda \u00e7a\u011fr\u0131da bulundu. Salih G\u00fcne\u015f, 125 ki\u015filik yang\u0131n ekibiyle, 10 farkl\u0131 noktada konu\u015flanarak 7\/24 esas\u0131na dayal\u0131 olarak olas\u0131 yang\u0131nlara kar\u015f\u0131 haz\u0131r olduklar\u0131n\u0131 belirtti. Bu\" \/>\n<meta property=\"og:url\" content=\"https:\/\/kibrisdakik.com\/?p=6833\" \/>\n<meta property=\"article:published_time\" content=\"2023-05-13T15:23:57+00:00\" \/>\n<meta property=\"og:image\" content=\"https:\/\/kibrisdakik.com\/wp-content\/uploads\/2023\/05\/ormandairesi-740x420.jpg\" \/>\n\t<meta property=\"og:image:width\" content=\"930\" \/>\n\t<meta property=\"og:image:height\" content=\"437\" \/>\n\t<meta property=\"og:image:type\" content=\"image\/jpeg\" \/>\n<meta name=\"author\" content=\"admin\" \/>\n<meta name=\"twitter:card\" content=\"summary_large_image\" \/>\n<meta name=\"twitter:label1\" content=\"Yazan:\" \/>\n\t<meta name=\"twitter:data1\" content=\"admin\" \/>\n\t<meta name=\"twitter:label2\" content=\"Tahmini okuma s\u00fcresi\" \/>\n\t<meta name=\"twitter:data2\" content=\"1 dakika\" \/>\n<script type=\"application\/ld+json\" class=\"yoast-schema-graph\">{\"@context\":\"https:\\\/\\\/schema.org\",\"@graph\":[{\"@type\":\"Article\",\"@id\":\"https:\\\/\\\/kibrisdakik.com\\\/?p=6833#article\",\"isPartOf\":{\"@id\":\"https:\\\/\\\/kibrisdakik.com\\\/?p=6833\"},\"author\":{\"name\":\"admin\",\"@id\":\"https:\\\/\\\/kibrisdakik.com\\\/#\\\/schema\\\/person\\\/9cd9d437bbb44f72b73ba127e06d8e79\"},\"headline\":\"Orman Dairesi M\u00fcd\u00fcr\u00fc G\u00fcne\u015f, halka yang\u0131nlara kar\u015f\u0131 bilin\u00e7li olmalar\u0131 konusunda \u00e7a\u011fr\u0131da bulundu\",\"datePublished\":\"2023-05-13T15:23:57+00:00\",\"mainEntityOfPage\":{\"@id\":\"https:\\\/\\\/kibrisdakik.com\\\/?p=6833\"},\"wordCount\":304,\"commentCount\":0,\"image\":{\"@id\":\"https:\\\/\\\/kibrisdakik.com\\\/?p=6833#primaryimage\"},\"thumbnailUrl\":\"https:\\\/\\\/kibrisdakik.com\\\/wp-content\\\/uploads\\\/2023\\\/05\\\/ormandairesi-740x420.jpg\",\"articleSection\":[\"G\u00fcndem\"],\"inLanguage\":\"tr\",\"potentialAction\":[{\"@type\":\"CommentAction\",\"name\":\"Comment\",\"target\":[\"https:\\\/\\\/kibrisdakik.com\\\/?p=6833#respond\"]}]},{\"@type\":\"WebPage\",\"@id\":\"https:\\\/\\\/kibrisdakik.com\\\/?p=6833\",\"url\":\"https:\\\/\\\/kibrisdakik.com\\\/?p=6833\",\"name\":\"Orman Dairesi M\u00fcd\u00fcr\u00fc G\u00fcne\u015f, halka yang\u0131nlara kar\u015f\u0131 bilin\u00e7li olmalar\u0131 konusunda \u00e7a\u011fr\u0131da bulundu -\",\"isPartOf\":{\"@id\":\"https:\\\/\\\/kibrisdakik.com\\\/#website\"},\"primaryImageOfPage\":{\"@id\":\"https:\\\/\\\/kibrisdakik.com\\\/?p=6833#primaryimage\"},\"image\":{\"@id\":\"https:\\\/\\\/kibrisdakik.com\\\/?p=6833#primaryimage\"},\"thumbnailUrl\":\"https:\\\/\\\/kibrisdakik.com\\\/wp-content\\\/uploads\\\/2023\\\/05\\\/ormandairesi-740x420.jpg\",\"datePublished\":\"2023-05-13T15:23:57+00:00\",\"author\":{\"@id\":\"https:\\\/\\\/kibrisdakik.com\\\/#\\\/schema\\\/person\\\/9cd9d437bbb44f72b73ba127e06d8e79\"},\"breadcrumb\":{\"@id\":\"https:\\\/\\\/kibrisdakik.com\\\/?p=6833#breadcrumb\"},\"inLanguage\":\"tr\",\"potentialAction\":[{\"@type\":\"ReadAction\",\"target\":[\"https:\\\/\\\/kibrisdakik.com\\\/?p=6833\"]}]},{\"@type\":\"ImageObject\",\"inLanguage\":\"tr\",\"@id\":\"https:\\\/\\\/kibrisdakik.com\\\/?p=6833#primaryimage\",\"url\":\"https:\\\/\\\/kibrisdakik.com\\\/wp-content\\\/uploads\\\/2023\\\/05\\\/ormandairesi-740x420.jpg\",\"contentUrl\":\"https:\\\/\\\/kibrisdakik.com\\\/wp-content\\\/uploads\\\/2023\\\/05\\\/ormandairesi-740x420.jpg\",\"width\":930,\"height\":437},{\"@type\":\"BreadcrumbList\",\"@id\":\"https:\\\/\\\/kibrisdakik.com\\\/?p=6833#breadcrumb\",\"itemListElement\":[{\"@type\":\"ListItem\",\"position\":1,\"name\":\"Home\",\"item\":\"https:\\\/\\\/kibrisdakik.com\\\/\"},{\"@type\":\"ListItem\",\"position\":2,\"name\":\"Orman Dairesi M\u00fcd\u00fcr\u00fc G\u00fcne\u015f, halka yang\u0131nlara kar\u015f\u0131 bilin\u00e7li olmalar\u0131 konusunda \u00e7a\u011fr\u0131da bulundu\"}]},{\"@type\":\"WebSite\",\"@id\":\"https:\\\/\\\/kibrisdakik.com\\\/#website\",\"url\":\"https:\\\/\\\/kibrisdakik.com\\\/\",\"name\":\"\",\"description\":\"Tam vaktinde haber\",\"potentialAction\":[{\"@type\":\"SearchAction\",\"target\":{\"@type\":\"EntryPoint\",\"urlTemplate\":\"https:\\\/\\\/kibrisdakik.com\\\/?s={search_term_string}\"},\"query-input\":{\"@type\":\"PropertyValueSpecification\",\"valueRequired\":true,\"valueName\":\"search_term_string\"}}],\"inLanguage\":\"tr\"},{\"@type\":\"Person\",\"@id\":\"https:\\\/\\\/kibrisdakik.com\\\/#\\\/schema\\\/person\\\/9cd9d437bbb44f72b73ba127e06d8e79\",\"name\":\"admin\",\"image\":{\"@type\":\"ImageObject\",\"inLanguage\":\"tr\",\"@id\":\"https:\\\/\\\/secure.gravatar.com\\\/avatar\\\/ccc17943b9d660506c869530f897617f7cb1c21a4bf30023f252596d83e1f007?s=96&d=mm&r=g\",\"url\":\"https:\\\/\\\/secure.gravatar.com\\\/avatar\\\/ccc17943b9d660506c869530f897617f7cb1c21a4bf30023f252596d83e1f007?s=96&d=mm&r=g\",\"contentUrl\":\"https:\\\/\\\/secure.gravatar.com\\\/avatar\\\/ccc17943b9d660506c869530f897617f7cb1c21a4bf30023f252596d83e1f007?s=96&d=mm&r=g\",\"caption\":\"admin\"},\"sameAs\":[\"https:\\\/\\\/kibrisdakik.com\"],\"url\":\"https:\\\/\\\/kibrisdakik.com\\\/?author=1\"}]}<\/script>\n<!-- \/ Yoast SEO plugin. -->","yoast_head_json":{"title":"Orman Dairesi M\u00fcd\u00fcr\u00fc G\u00fcne\u015f, halka yang\u0131nlara kar\u015f\u0131 bilin\u00e7li olmalar\u0131 konusunda \u00e7a\u011fr\u0131da bulundu -","robots":{"index":"index","follow":"follow","max-snippet":"max-snippet:-1","max-image-preview":"max-image-preview:large","max-video-preview":"max-video-preview:-1"},"canonical":"https:\/\/kibrisdakik.com\/?p=6833","og_locale":"tr_TR","og_type":"article","og_title":"Orman Dairesi M\u00fcd\u00fcr\u00fc G\u00fcne\u015f, halka yang\u0131nlara kar\u015f\u0131 bilin\u00e7li olmalar\u0131 konusunda \u00e7a\u011fr\u0131da bulundu -","og_description":"Yaz mevsiminin yakla\u015ft\u0131\u011f\u0131 bug\u00fcnlerde Orman Dairesi, orman yang\u0131nlar\u0131n\u0131 \u00f6nlemek i\u00e7in tedbirlerini yo\u011funla\u015ft\u0131rd\u0131. BRT Gazima\u011fusa B\u00fcrosu\u2019nu ziyaret eden Orman Dairesi M\u00fcd\u00fcr\u00fc Salih G\u00fcne\u015f, yapt\u0131klar\u0131 haz\u0131rl\u0131klar\u0131n\u0131 anlatt\u0131 ve halka yang\u0131nlara kar\u015f\u0131 bilin\u00e7li olmalar\u0131 konusunda \u00e7a\u011fr\u0131da bulundu. Salih G\u00fcne\u015f, 125 ki\u015filik yang\u0131n ekibiyle, 10 farkl\u0131 noktada konu\u015flanarak 7\/24 esas\u0131na dayal\u0131 olarak olas\u0131 yang\u0131nlara kar\u015f\u0131 haz\u0131r olduklar\u0131n\u0131 belirtti. Bu","og_url":"https:\/\/kibrisdakik.com\/?p=6833","article_published_time":"2023-05-13T15:23:57+00:00","og_image":[{"width":930,"height":437,"url":"https:\/\/kibrisdakik.com\/wp-content\/uploads\/2023\/05\/ormandairesi-740x420.jpg","type":"image\/jpeg"}],"author":"admin","twitter_card":"summary_large_image","twitter_misc":{"Yazan:":"admin","Tahmini okuma s\u00fcresi":"1 dakika"},"schema":{"@context":"https:\/\/schema.org","@graph":[{"@type":"Article","@id":"https:\/\/kibrisdakik.com\/?p=6833#article","isPartOf":{"@id":"https:\/\/kibrisdakik.com\/?p=6833"},"author":{"name":"admin","@id":"https:\/\/kibrisdakik.com\/#\/schema\/person\/9cd9d437bbb44f72b73ba127e06d8e79"},"headline":"Orman Dairesi M\u00fcd\u00fcr\u00fc G\u00fcne\u015f, halka yang\u0131nlara kar\u015f\u0131 bilin\u00e7li olmalar\u0131 konusunda \u00e7a\u011fr\u0131da bulundu","datePublished":"2023-05-13T15:23:57+00:00","mainEntityOfPage":{"@id":"https:\/\/kibrisdakik.com\/?p=6833"},"wordCount":304,"commentCount":0,"image":{"@id":"https:\/\/kibrisdakik.com\/?p=6833#primaryimage"},"thumbnailUrl":"https:\/\/kibrisdakik.com\/wp-content\/uploads\/2023\/05\/ormandairesi-740x420.jpg","articleSection":["G\u00fcndem"],"inLanguage":"tr","potentialAction":[{"@type":"CommentAction","name":"Comment","target":["https:\/\/kibrisdakik.com\/?p=6833#respond"]}]},{"@type":"WebPage","@id":"https:\/\/kibrisdakik.com\/?p=6833","url":"https:\/\/kibrisdakik.com\/?p=6833","name":"Orman Dairesi M\u00fcd\u00fcr\u00fc G\u00fcne\u015f, halka yang\u0131nlara kar\u015f\u0131 bilin\u00e7li olmalar\u0131 konusunda \u00e7a\u011fr\u0131da bulundu -","isPartOf":{"@id":"https:\/\/kibrisdakik.com\/#website"},"primaryImageOfPage":{"@id":"https:\/\/kibrisdakik.com\/?p=6833#primaryimage"},"image":{"@id":"https:\/\/kibrisdakik.com\/?p=6833#primaryimage"},"thumbnailUrl":"https:\/\/kibrisdakik.com\/wp-content\/uploads\/2023\/05\/ormandairesi-740x420.jpg","datePublished":"2023-05-13T15:23:57+00:00","author":{"@id":"https:\/\/kibrisdakik.com\/#\/schema\/person\/9cd9d437bbb44f72b73ba127e06d8e79"},"breadcrumb":{"@id":"https:\/\/kibrisdakik.com\/?p=6833#breadcrumb"},"inLanguage":"tr","potentialAction":[{"@type":"ReadAction","target":["https:\/\/kibrisdakik.com\/?p=6833"]}]},{"@type":"ImageObject","inLanguage":"tr","@id":"https:\/\/kibrisdakik.com\/?p=6833#primaryimage","url":"https:\/\/kibrisdakik.com\/wp-content\/uploads\/2023\/05\/ormandairesi-740x420.jpg","contentUrl":"https:\/\/kibrisdakik.com\/wp-content\/uploads\/2023\/05\/ormandairesi-740x420.jpg","width":930,"height":437},{"@type":"BreadcrumbList","@id":"https:\/\/kibrisdakik.com\/?p=6833#breadcrumb","itemListElement":[{"@type":"ListItem","position":1,"name":"Home","item":"https:\/\/kibrisdakik.com\/"},{"@type":"ListItem","position":2,"name":"Orman Dairesi M\u00fcd\u00fcr\u00fc G\u00fcne\u015f, halka yang\u0131nlara kar\u015f\u0131 bilin\u00e7li olmalar\u0131 konusunda \u00e7a\u011fr\u0131da bulundu"}]},{"@type":"WebSite","@id":"https:\/\/kibrisdakik.com\/#website","url":"https:\/\/kibrisdakik.com\/","name":"","description":"Tam vaktinde haber","potentialAction":[{"@type":"SearchAction","target":{"@type":"EntryPoint","urlTemplate":"https:\/\/kibrisdakik.com\/?s={search_term_string}"},"query-input":{"@type":"PropertyValueSpecification","valueRequired":true,"valueName":"search_term_string"}}],"inLanguage":"tr"},{"@type":"Person","@id":"https:\/\/kibrisdakik.com\/#\/schema\/person\/9cd9d437bbb44f72b73ba127e06d8e79","name":"admin","image":{"@type":"ImageObject","inLanguage":"tr","@id":"https:\/\/secure.gravatar.com\/avatar\/ccc17943b9d660506c869530f897617f7cb1c21a4bf30023f252596d83e1f007?s=96&d=mm&r=g","url":"https:\/\/secure.gravatar.com\/avatar\/ccc17943b9d660506c869530f897617f7cb1c21a4bf30023f252596d83e1f007?s=96&d=mm&r=g","contentUrl":"https:\/\/secure.gravatar.com\/avatar\/ccc17943b9d660506c869530f897617f7cb1c21a4bf30023f252596d83e1f007?s=96&d=mm&r=g","caption":"admin"},"sameAs":["https:\/\/kibrisdakik.com"],"url":"https:\/\/kibrisdakik.com\/?author=1"}]}},"_links":{"self":[{"href":"https:\/\/kibrisdakik.com\/index.php?rest_route=\/wp\/v2\/posts\/6833","targetHints":{"allow":["GET"]}}],"collection":[{"href":"https:\/\/kibrisdakik.com\/index.php?rest_route=\/wp\/v2\/posts"}],"about":[{"href":"https:\/\/kibrisdakik.com\/index.php?rest_route=\/wp\/v2\/types\/post"}],"author":[{"embeddable":true,"href":"https:\/\/kibrisdakik.com\/index.php?rest_route=\/wp\/v2\/users\/1"}],"replies":[{"embeddable":true,"href":"https:\/\/kibrisdakik.com\/index.php?rest_route=%2Fwp%2Fv2%2Fcomments&post=6833"}],"version-history":[{"count":0,"href":"https:\/\/kibrisdakik.com\/index.php?rest_route=\/wp\/v2\/posts\/6833\/revisions"}],"wp:featuredmedia":[{"embeddable":true,"href":"https:\/\/kibrisdakik.com\/index.php?rest_route=\/wp\/v2\/media\/6834"}],"wp:attachment":[{"href":"https:\/\/kibrisdakik.com\/index.php?rest_route=%2Fwp%2Fv2%2Fmedia&parent=6833"}],"wp:term":[{"taxonomy":"category","embeddable":true,"href":"https:\/\/kibrisdakik.com\/index.php?rest_route=%2Fwp%2Fv2%2Fcategories&post=6833"},{"taxonomy":"post_tag","embeddable":true,"href":"https:\/\/kibrisdakik.com\/index.php?rest_route=%2Fwp%2Fv2%2Ftags&post=6833"}],"curies":[{"name":"wp","href":"https:\/\/api.w.org\/{rel}","templated":true}]}}