{"id":68351,"date":"2024-11-05T11:21:23","date_gmt":"2024-11-05T08:21:23","guid":{"rendered":"https:\/\/kibrisdakik.com\/index.php\/2024\/11\/05\/turkiye-cumhurbaskani-erdogandan-kirgizistanda-kktc-cagrisi\/"},"modified":"2024-11-05T11:21:23","modified_gmt":"2024-11-05T08:21:23","slug":"turkiye-cumhurbaskani-erdogandan-kirgizistanda-kktc-cagrisi","status":"publish","type":"post","link":"https:\/\/kibrisdakik.com\/?p=68351","title":{"rendered":"T\u00fcrkiye Cumhurba\u015fkan\u0131 Erdo\u011fan\u2019dan K\u0131rg\u0131zistan\u2019da KKTC \u00e7a\u011fr\u0131s\u0131"},"content":{"rendered":"<p><\/p>\n<div>\n<div class=\"mariselle-image-container center\">\n                <img loading=\"lazy\" decoding=\"async\" width=\"1137\" height=\"632\" class=\"lazy-image\" alt=\"\" sizes=\"auto, (max-width: 1137px) 100vw, 1137px\" src=\"https:\/\/brtk.net\/wp-content\/uploads\/2024\/11\/05\/ekran-goruntusu-2024-11-05-100115.png?ver=b55412a5d4cc1fb2f5613fb835d2ece3\" srcset=\"https:\/\/brtk.net\/wp-content\/uploads\/2024\/11\/05\/ekran-goruntusu-2024-11-05-100115.png?ver=b55412a5d4cc1fb2f5613fb835d2ece3 1137w, https:\/\/brtk.net\/wp-content\/uploads\/2024\/11\/05\/ekran-goruntusu-2024-11-05-100115-300x167.png?ver=1e6ac5a6e18de95e1358750732354430 300w, https:\/\/brtk.net\/wp-content\/uploads\/2024\/11\/05\/ekran-goruntusu-2024-11-05-100115-1024x569.png?ver=b04ee3ab4f88a4479f462e980826b30e 1024w, https:\/\/brtk.net\/wp-content\/uploads\/2024\/11\/05\/ekran-goruntusu-2024-11-05-100115-768x427.png?ver=b064897dc2bee30720473447033ae080 768w\"\/>                            <\/div>\n<p>T\u00fcrkiye Cumhurba\u015fkan\u0131 Recep Tayyip Erdo\u011fan, K\u0131rg\u0131zistan\u2019da <a href=\"https:\/\/brtk.net\/\">KKTC<\/a> ile ilgili olarak \u201cD\u00f6nem ba\u015fkanl\u0131\u011f\u0131n\u0131z s\u00fcresince g\u00f6zlemci \u00fcyemiz Kuzey K\u0131br\u0131s T\u00fcrk Cumhuriyeti\u2019nin lay\u0131k\u0131yla temsiline katk\u0131 verece\u011finize y\u00fcrekten inan\u0131yorum.\u201d dedi. <\/p>\n<p>Erdo\u011fan, K\u0131rg\u0131zistan ile ter\u00f6rle m\u00fccadeledeki i\u015fbirli\u011fine ili\u015fkin, \u201cFET\u00d6 ba\u015fta olmak \u00fczere ter\u00f6r\u00fcn her t\u00fcrl\u00fcs\u00fcne kar\u015f\u0131 m\u00fccadelemizin kesintisiz s\u00fcrece\u011fine inan\u0131yorum.\u201d dedi.<\/p>\n<p>TC Cumhurba\u015fkan\u0131 Erdo\u011fan, K\u0131rg\u0131zistan Cumhurba\u015fkan\u0131 Sad\u0131r Caparov ile ba\u015fkanl\u0131k etti\u011fi T\u00fcrkiye-K\u0131rg\u0131zistan \u2060Y\u00fcksek D\u00fczeyli Stratejik \u0130\u015fbirli\u011fi Konseyi 6. Toplant\u0131s\u0131\u2019nda konu\u015ftu.<br \/>Toplant\u0131 vesilesiyle \u201cata yurdu\u201d olarak ifade etti\u011fi K\u0131rg\u0131zistan\u2019da bulunmaktan duydu\u011fu mutlulu\u011fu dile getiren Erdo\u011fan, Caparov\u2019a \u201cfevkalade\u201d ev sahipli\u011fi i\u00e7in te\u015fekk\u00fcr etti.<\/p>\n<p>Erdo\u011fan, egemen K\u0131rg\u0131z Cumhuriyeti\u2019nin temellerinin at\u0131ld\u0131\u011f\u0131, Kara-K\u0131rg\u0131z B\u00f6lgesi\u2019nin kurulu\u015funun 100. y\u0131l d\u00f6n\u00fcm\u00fcn\u00fc kutlad\u0131.<\/p>\n<p>\u0130ki \u00fclke aras\u0131ndaki stratejik ortakl\u0131\u011f\u0131, kapsaml\u0131 stratejik ortakl\u0131k d\u00fczeyine \u00e7\u0131karacak belgeye imza atacaklar\u0131n\u0131 belirten Erdo\u011fan, bu sayede ili\u015fkilerin g\u00fcvenlik, ula\u015ft\u0131rma, sa\u011fl\u0131k ve di\u011fer alanlarda derinle\u015ftirilmesini sa\u011flayacak mekanizmay\u0131 tesis edeceklerini s\u00f6yledi.<\/p>\n<p>\u2013 Ticaret hacmi hedefi 5 milyar <a href=\"https:\/\/brtk.net\/\">dolar<\/a><\/p>\n<p>TC Cumhurba\u015fkan\u0131 Erdo\u011fan, Caparov ile g\u00f6r\u00fc\u015fmesinde ikili ticaret hacmi hedefini 5 milyar <a href=\"https:\/\/brtk.net\/\">dolar<\/a> seviyesine \u00e7\u0131karmakta mutab\u0131k kald\u0131klar\u0131n\u0131 vurgulad\u0131.<\/p>\n<p>T\u00fcrkiye\u2019nin, K\u0131rg\u0131z Cumhuriyeti\u2019ndeki en b\u00fcy\u00fck yat\u0131r\u0131mc\u0131 \u00fclkeler aras\u0131nda oldu\u011funa dikkati \u00e7eken Erdo\u011fan, \u201cEn fazla resmi kalk\u0131nma deste\u011fi sunan \u00fclkelerin ba\u015f\u0131nda geliyoruz. B\u00fct\u00fcn bunlar ata yurdumuza atfetti\u011fimiz \u00f6nemin iktisadi g\u00f6stergesidir. 1992\u2019den beri K\u0131rg\u0131zistan\u2019da faaliyet g\u00f6steren T\u0130KA bug\u00fcne kadar 1000\u2019in \u00fczerinde projeyi hayata ge\u00e7irdi. Bug\u00fcn a\u00e7\u0131l\u0131\u015f\u0131n\u0131 yapaca\u011f\u0131m\u0131z T\u00fcrk-K\u0131rg\u0131z Dostluk Devlet Hastanesi bu projeler aras\u0131ndad\u0131r. Hastaneye ismimi vermenizin beni ziyadesiyle onurland\u0131rd\u0131\u011f\u0131n\u0131 ifade etmek isterim.\u201d diye konu\u015ftu.<\/p>\n<p>\u0130ki \u00fclkenin g\u00fcvenlik kurumlar\u0131 aras\u0131ndaki i\u015fbirli\u011finin, e\u011fitim faaliyetleri ve teknik destek projeleriyle ba\u015far\u0131l\u0131 \u015fekilde devam etti\u011fini anlatan Erdo\u011fan, \u201cFET\u00d6 ba\u015fta olmak \u00fczere ter\u00f6r\u00fcn her t\u00fcrl\u00fcs\u00fcne kar\u015f\u0131 m\u00fccadelemizin kesintisiz s\u00fcrece\u011fine de inan\u0131yorum. Bug\u00fcn imzalayaca\u011f\u0131m\u0131z g\u00fcvenlik i\u015fbirli\u011fi anla\u015fmas\u0131 suretiyle i\u015fbirli\u011fimizi daha g\u00fc\u00e7lendirmek arzusunday\u0131z.\u201d ifadesini kulland\u0131.<\/p>\n<p>E\u011fitim i\u015fbirli\u011fine de de\u011finen Erdo\u011fan, \u201cE\u011fitim i\u015fbirli\u011fi anla\u015fmas\u0131n\u0131n m\u00fczakerelerini de s\u00fcratle tamamlayal\u0131m. Bu vesileyle Manas \u00dcniversitesinin d\u00fcnyan\u0131n en iyi \u00fcniversiteleri s\u0131ralamas\u0131na girmesinden duydu\u011fum memnuniyeti vurgulamak istiyorum. \u00dcniversitemizin hem K\u0131rg\u0131zistan\u2019\u0131n be\u015feri sermayesine hem bilime ve sanata azami katk\u0131 yapmas\u0131 i\u00e7in uyum i\u00e7inde \u00e7al\u0131\u015fmay\u0131 s\u00fcrd\u00fcrelim.\u201d de\u011ferlendirmesinde bulundu.<\/p>\n<p>\u2013 \u201c\u0130srail mezalimi k\u00fcresel \u00f6l\u00e7ekte vicdanlar\u0131 derinden yaral\u0131yor\u201d<\/p>\n<p>Cumhurba\u015fkan\u0131 Erdo\u011fan, \u0130srail\u2019in Gazze\u2019ye y\u00f6nelik sald\u0131r\u0131lar\u0131na da de\u011findi. Gazze ba\u015fta olmak \u00fczere i\u015fgal edilmi\u015f Filistin topraklar\u0131nda s\u00fcren \u0130srail mezaliminin k\u00fcresel \u00f6l\u00e7ekte vicdanlar\u0131 derinden yaralad\u0131\u011f\u0131n\u0131 dile getiren Erdo\u011fan, \u015funlar\u0131 kaydetti:<\/p>\n<p>\u201c\u0130srail\u2019in \u015fimdi de L\u00fcbnan\u2019a y\u00f6nelik sald\u0131r\u0131lar\u0131 t\u00fcm b\u00f6lge g\u00fcvenli\u011fini ve uluslararas\u0131 sistemi tehdit ediyor. \u015eu\u015fa\u2019da yap\u0131lan gayriresmi T\u00fcrk Devletleri Te\u015fkilat\u0131 Zirvesi\u2019nde Gazze\u2019de sivillerin ayr\u0131m g\u00f6zetmeden hedef al\u0131nmas\u0131n\u0131 k\u0131nam\u0131\u015f, acil ate\u015fkes ve insani yard\u0131m \u00e7a\u011fr\u0131s\u0131nda bulunmu\u015ftuk. T\u00fcrk d\u00fcnyas\u0131 olarak Filistin meselesinin kal\u0131c\u0131 ve adil \u00e7\u00f6z\u00fcm\u00fc i\u00e7in \u00e7abalar\u0131m\u0131z\u0131 s\u00fcrd\u00fcrmemiz son derece \u00f6nemlidir. Bu minvalde \u0130srail\u2019e y\u00f6nelik uluslararas\u0131 bask\u0131n\u0131n art\u0131r\u0131lmas\u0131 i\u00e7in Birle\u015fmi\u015f Milletler dahil \u00e7ok tarafl\u0131 giri\u015fimlerimize K\u0131rg\u0131zistan\u2019\u0131n sa\u011flad\u0131\u011f\u0131 destek i\u00e7in te\u015fekk\u00fcr ederim.\u201d<\/p>\n<p>Bug\u00fcn imzalanacak anla\u015fmalarla ili\u015fkilerin ahdi zemininin daha da g\u00fc\u00e7lendirilece\u011fine i\u015faret eden Erdo\u011fan, \u201cYar\u0131n ev sahipli\u011finizde yap\u0131lacak olan T\u00fcrk Devletleri Te\u015fkilat\u0131 11. zirvesinin ve d\u00f6nem ba\u015fkanl\u0131\u011f\u0131n\u0131z\u0131n hay\u0131rlara vesile olmas\u0131n\u0131 temenni ediyorum. D\u00f6nem ba\u015fkanl\u0131\u011f\u0131n\u0131z s\u00fcresince g\u00f6zlemci \u00fcyemiz Kuzey K\u0131br\u0131s T\u00fcrk Cumhuriyeti\u2019nin lay\u0131k\u0131yla temsiline katk\u0131 verece\u011finize y\u00fcrekten inan\u0131yorum.\u201d s\u00f6zlerini sarf etti.<\/p>\n<p>Erdo\u011fan, T\u00fcrkiye-K\u0131rg\u0131zistan \u2060Y\u00fcksek D\u00fczeyli Stratejik \u0130\u015fbirli\u011fi Konseyi Alt\u0131nc\u0131 Toplant\u0131s\u0131\u2019n\u0131 ba\u015far\u0131yla tamamlad\u0131klar\u0131n\u0131 vurgulayarak, \u201cBug\u00fcnk\u00fc temaslar\u0131m\u0131zda ili\u015fkilerimizin daha da geli\u015ftirilmesi konusunda ataca\u011f\u0131m\u0131z ad\u0131mlara ili\u015fkin g\u00f6r\u00fc\u015f al\u0131\u015fveri\u015finde bulunduk. Ald\u0131\u011f\u0131m\u0131z kararlar\u0131n ve tespit etti\u011fimiz hedeflerin, ili\u015fkilerimizin gelece\u011fine y\u00f6n verece\u011fine inan\u0131yorum. Bir sonraki konsey toplant\u0131s\u0131 i\u00e7in sizleri Ankara\u2019ya bekliyorum.\u201d dedi.<\/p>\n<p>\u015eahs\u0131na ve heyete g\u00f6sterilen misafirperverlik ve tevecc\u00fch i\u00e7in te\u015fekk\u00fcr eden Erdo\u011fan, \u201cTabii bu arada bug\u00fcn bu toplant\u0131y\u0131 ger\u00e7ekle\u015ftirdi\u011fimiz bu muhte\u015fem eserinizin K\u0131rg\u0131zistan\u2019a hay\u0131rl\u0131 u\u011furlu olmas\u0131n\u0131 temenni ediyorum. Ger\u00e7ekten maliyet hesaplar\u0131 noktas\u0131nda da ba\u015far\u0131l\u0131 bir i\u015f \u00e7\u0131kard\u0131n\u0131z. Bu bak\u0131mdan da tebrik ediyorum. \u0130sti\u015farelerimizin ve ald\u0131\u011f\u0131m\u0131z kararlar\u0131n hay\u0131rlara vesile olmas\u0131n\u0131 Rabb\u2019imden niyaz ediyorum.\u201d diye konu\u015ftu.<\/p>\n<p>\u0130ki \u00fclke aras\u0131nda 19 anla\u015fman\u0131n imzalanaca\u011f\u0131n\u0131 belirten Erdo\u011fan, \u201cBu, \u00e7ok \u00e7ok zengin bir toplant\u0131 demektir. 19 anla\u015fma, muhte\u015fem. Rabb\u2019im sonunu da hayreylesin.\u201d ifadesini kulland\u0131.<\/p>\n<p>Daha sonra anla\u015fmalar\u0131n imza t\u00f6renine ge\u00e7ildi.<\/p>\n<\/p><\/div>\n<p><script async\n                    defer\n                    crossorigin=\"anonymous\"\n                    src=\"https:\/\/connect.facebook.net\/tr_TR\/sdk.js#xfbml=1&#038;version=v3.3\"\n            ><\/script><\/p>\n","protected":false},"excerpt":{"rendered":"<p>T\u00fcrkiye Cumhurba\u015fkan\u0131 Recep Tayyip Erdo\u011fan, K\u0131rg\u0131zistan\u2019da KKTC ile ilgili olarak \u201cD\u00f6nem ba\u015fkanl\u0131\u011f\u0131n\u0131z s\u00fcresince g\u00f6zlemci \u00fcyemiz Kuzey K\u0131br\u0131s T\u00fcrk Cumhuriyeti\u2019nin lay\u0131k\u0131yla temsiline katk\u0131 verece\u011finize y\u00fcrekten inan\u0131yorum.\u201d dedi. Erdo\u011fan, K\u0131rg\u0131zistan ile ter\u00f6rle m\u00fccadeledeki i\u015fbirli\u011fine ili\u015fkin, \u201cFET\u00d6 ba\u015fta olmak \u00fczere ter\u00f6r\u00fcn her t\u00fcrl\u00fcs\u00fcne kar\u015f\u0131 m\u00fccadelemizin kesintisiz s\u00fcrece\u011fine inan\u0131yorum.\u201d dedi. TC Cumhurba\u015fkan\u0131 Erdo\u011fan, K\u0131rg\u0131zistan Cumhurba\u015fkan\u0131 Sad\u0131r Caparov ile ba\u015fkanl\u0131k<\/p>\n","protected":false},"author":1,"featured_media":68352,"comment_status":"open","ping_status":"open","sticky":false,"template":"","format":"standard","meta":{"footnotes":""},"categories":[86],"tags":[],"class_list":["post-68351","post","type-post","status-publish","format-standard","has-post-thumbnail","hentry","category-turkiye"],"yoast_head":"<!-- This site is optimized with the Yoast SEO plugin v27.4 - https:\/\/yoast.com\/product\/yoast-seo-wordpress\/ -->\n<title>T\u00fcrkiye Cumhurba\u015fkan\u0131 Erdo\u011fan\u2019dan K\u0131rg\u0131zistan\u2019da KKTC \u00e7a\u011fr\u0131s\u0131 -<\/title>\n<meta name=\"robots\" content=\"index, follow, max-snippet:-1, max-image-preview:large, max-video-preview:-1\" \/>\n<link rel=\"canonical\" href=\"https:\/\/kibrisdakik.com\/?p=68351\" \/>\n<meta property=\"og:locale\" content=\"tr_TR\" \/>\n<meta property=\"og:type\" content=\"article\" \/>\n<meta property=\"og:title\" content=\"T\u00fcrkiye Cumhurba\u015fkan\u0131 Erdo\u011fan\u2019dan K\u0131rg\u0131zistan\u2019da KKTC \u00e7a\u011fr\u0131s\u0131 -\" \/>\n<meta property=\"og:description\" content=\"T\u00fcrkiye Cumhurba\u015fkan\u0131 Recep Tayyip Erdo\u011fan, K\u0131rg\u0131zistan\u2019da KKTC ile ilgili olarak \u201cD\u00f6nem ba\u015fkanl\u0131\u011f\u0131n\u0131z s\u00fcresince g\u00f6zlemci \u00fcyemiz Kuzey K\u0131br\u0131s T\u00fcrk Cumhuriyeti\u2019nin lay\u0131k\u0131yla temsiline katk\u0131 verece\u011finize y\u00fcrekten inan\u0131yorum.\u201d dedi. Erdo\u011fan, K\u0131rg\u0131zistan ile ter\u00f6rle m\u00fccadeledeki i\u015fbirli\u011fine ili\u015fkin, \u201cFET\u00d6 ba\u015fta olmak \u00fczere ter\u00f6r\u00fcn her t\u00fcrl\u00fcs\u00fcne kar\u015f\u0131 m\u00fccadelemizin kesintisiz s\u00fcrece\u011fine inan\u0131yorum.\u201d dedi. TC Cumhurba\u015fkan\u0131 Erdo\u011fan, K\u0131rg\u0131zistan Cumhurba\u015fkan\u0131 Sad\u0131r Caparov ile ba\u015fkanl\u0131k\" \/>\n<meta property=\"og:url\" content=\"https:\/\/kibrisdakik.com\/?p=68351\" \/>\n<meta property=\"article:published_time\" content=\"2024-11-05T08:21:23+00:00\" \/>\n<meta property=\"og:image\" content=\"https:\/\/kibrisdakik.com\/wp-content\/uploads\/2024\/11\/ekran-goruntusu-2024-11-05-100115-740x420.png\" \/>\n\t<meta property=\"og:image:width\" content=\"1137\" \/>\n\t<meta property=\"og:image:height\" content=\"632\" \/>\n\t<meta property=\"og:image:type\" content=\"image\/png\" \/>\n<meta name=\"author\" content=\"admin\" \/>\n<meta name=\"twitter:card\" content=\"summary_large_image\" \/>\n<meta name=\"twitter:label1\" content=\"Yazan:\" \/>\n\t<meta name=\"twitter:data1\" content=\"admin\" \/>\n\t<meta name=\"twitter:label2\" content=\"Tahmini okuma s\u00fcresi\" \/>\n\t<meta name=\"twitter:data2\" content=\"5 dakika\" \/>\n<script type=\"application\/ld+json\" class=\"yoast-schema-graph\">{\"@context\":\"https:\\\/\\\/schema.org\",\"@graph\":[{\"@type\":\"Article\",\"@id\":\"https:\\\/\\\/kibrisdakik.com\\\/?p=68351#article\",\"isPartOf\":{\"@id\":\"https:\\\/\\\/kibrisdakik.com\\\/?p=68351\"},\"author\":{\"name\":\"admin\",\"@id\":\"https:\\\/\\\/kibrisdakik.com\\\/#\\\/schema\\\/person\\\/9cd9d437bbb44f72b73ba127e06d8e79\"},\"headline\":\"T\u00fcrkiye Cumhurba\u015fkan\u0131 Erdo\u011fan\u2019dan K\u0131rg\u0131zistan\u2019da KKTC \u00e7a\u011fr\u0131s\u0131\",\"datePublished\":\"2024-11-05T08:21:23+00:00\",\"mainEntityOfPage\":{\"@id\":\"https:\\\/\\\/kibrisdakik.com\\\/?p=68351\"},\"wordCount\":989,\"commentCount\":0,\"image\":{\"@id\":\"https:\\\/\\\/kibrisdakik.com\\\/?p=68351#primaryimage\"},\"thumbnailUrl\":\"https:\\\/\\\/kibrisdakik.com\\\/wp-content\\\/uploads\\\/2024\\\/11\\\/ekran-goruntusu-2024-11-05-100115-740x420.png\",\"articleSection\":[\"T\u00fcrkiye\"],\"inLanguage\":\"tr\",\"potentialAction\":[{\"@type\":\"CommentAction\",\"name\":\"Comment\",\"target\":[\"https:\\\/\\\/kibrisdakik.com\\\/?p=68351#respond\"]}]},{\"@type\":\"WebPage\",\"@id\":\"https:\\\/\\\/kibrisdakik.com\\\/?p=68351\",\"url\":\"https:\\\/\\\/kibrisdakik.com\\\/?p=68351\",\"name\":\"T\u00fcrkiye Cumhurba\u015fkan\u0131 Erdo\u011fan\u2019dan K\u0131rg\u0131zistan\u2019da KKTC \u00e7a\u011fr\u0131s\u0131 -\",\"isPartOf\":{\"@id\":\"https:\\\/\\\/kibrisdakik.com\\\/#website\"},\"primaryImageOfPage\":{\"@id\":\"https:\\\/\\\/kibrisdakik.com\\\/?p=68351#primaryimage\"},\"image\":{\"@id\":\"https:\\\/\\\/kibrisdakik.com\\\/?p=68351#primaryimage\"},\"thumbnailUrl\":\"https:\\\/\\\/kibrisdakik.com\\\/wp-content\\\/uploads\\\/2024\\\/11\\\/ekran-goruntusu-2024-11-05-100115-740x420.png\",\"datePublished\":\"2024-11-05T08:21:23+00:00\",\"author\":{\"@id\":\"https:\\\/\\\/kibrisdakik.com\\\/#\\\/schema\\\/person\\\/9cd9d437bbb44f72b73ba127e06d8e79\"},\"breadcrumb\":{\"@id\":\"https:\\\/\\\/kibrisdakik.com\\\/?p=68351#breadcrumb\"},\"inLanguage\":\"tr\",\"potentialAction\":[{\"@type\":\"ReadAction\",\"target\":[\"https:\\\/\\\/kibrisdakik.com\\\/?p=68351\"]}]},{\"@type\":\"ImageObject\",\"inLanguage\":\"tr\",\"@id\":\"https:\\\/\\\/kibrisdakik.com\\\/?p=68351#primaryimage\",\"url\":\"https:\\\/\\\/kibrisdakik.com\\\/wp-content\\\/uploads\\\/2024\\\/11\\\/ekran-goruntusu-2024-11-05-100115-740x420.png\",\"contentUrl\":\"https:\\\/\\\/kibrisdakik.com\\\/wp-content\\\/uploads\\\/2024\\\/11\\\/ekran-goruntusu-2024-11-05-100115-740x420.png\",\"width\":1137,\"height\":632},{\"@type\":\"BreadcrumbList\",\"@id\":\"https:\\\/\\\/kibrisdakik.com\\\/?p=68351#breadcrumb\",\"itemListElement\":[{\"@type\":\"ListItem\",\"position\":1,\"name\":\"Home\",\"item\":\"https:\\\/\\\/kibrisdakik.com\\\/\"},{\"@type\":\"ListItem\",\"position\":2,\"name\":\"T\u00fcrkiye Cumhurba\u015fkan\u0131 Erdo\u011fan\u2019dan K\u0131rg\u0131zistan\u2019da KKTC \u00e7a\u011fr\u0131s\u0131\"}]},{\"@type\":\"WebSite\",\"@id\":\"https:\\\/\\\/kibrisdakik.com\\\/#website\",\"url\":\"https:\\\/\\\/kibrisdakik.com\\\/\",\"name\":\"\",\"description\":\"Tam vaktinde haber\",\"potentialAction\":[{\"@type\":\"SearchAction\",\"target\":{\"@type\":\"EntryPoint\",\"urlTemplate\":\"https:\\\/\\\/kibrisdakik.com\\\/?s={search_term_string}\"},\"query-input\":{\"@type\":\"PropertyValueSpecification\",\"valueRequired\":true,\"valueName\":\"search_term_string\"}}],\"inLanguage\":\"tr\"},{\"@type\":\"Person\",\"@id\":\"https:\\\/\\\/kibrisdakik.com\\\/#\\\/schema\\\/person\\\/9cd9d437bbb44f72b73ba127e06d8e79\",\"name\":\"admin\",\"image\":{\"@type\":\"ImageObject\",\"inLanguage\":\"tr\",\"@id\":\"https:\\\/\\\/secure.gravatar.com\\\/avatar\\\/ccc17943b9d660506c869530f897617f7cb1c21a4bf30023f252596d83e1f007?s=96&d=mm&r=g\",\"url\":\"https:\\\/\\\/secure.gravatar.com\\\/avatar\\\/ccc17943b9d660506c869530f897617f7cb1c21a4bf30023f252596d83e1f007?s=96&d=mm&r=g\",\"contentUrl\":\"https:\\\/\\\/secure.gravatar.com\\\/avatar\\\/ccc17943b9d660506c869530f897617f7cb1c21a4bf30023f252596d83e1f007?s=96&d=mm&r=g\",\"caption\":\"admin\"},\"sameAs\":[\"https:\\\/\\\/kibrisdakik.com\"],\"url\":\"https:\\\/\\\/kibrisdakik.com\\\/?author=1\"}]}<\/script>\n<!-- \/ Yoast SEO plugin. -->","yoast_head_json":{"title":"T\u00fcrkiye Cumhurba\u015fkan\u0131 Erdo\u011fan\u2019dan K\u0131rg\u0131zistan\u2019da KKTC \u00e7a\u011fr\u0131s\u0131 -","robots":{"index":"index","follow":"follow","max-snippet":"max-snippet:-1","max-image-preview":"max-image-preview:large","max-video-preview":"max-video-preview:-1"},"canonical":"https:\/\/kibrisdakik.com\/?p=68351","og_locale":"tr_TR","og_type":"article","og_title":"T\u00fcrkiye Cumhurba\u015fkan\u0131 Erdo\u011fan\u2019dan K\u0131rg\u0131zistan\u2019da KKTC \u00e7a\u011fr\u0131s\u0131 -","og_description":"T\u00fcrkiye Cumhurba\u015fkan\u0131 Recep Tayyip Erdo\u011fan, K\u0131rg\u0131zistan\u2019da KKTC ile ilgili olarak \u201cD\u00f6nem ba\u015fkanl\u0131\u011f\u0131n\u0131z s\u00fcresince g\u00f6zlemci \u00fcyemiz Kuzey K\u0131br\u0131s T\u00fcrk Cumhuriyeti\u2019nin lay\u0131k\u0131yla temsiline katk\u0131 verece\u011finize y\u00fcrekten inan\u0131yorum.\u201d dedi. Erdo\u011fan, K\u0131rg\u0131zistan ile ter\u00f6rle m\u00fccadeledeki i\u015fbirli\u011fine ili\u015fkin, \u201cFET\u00d6 ba\u015fta olmak \u00fczere ter\u00f6r\u00fcn her t\u00fcrl\u00fcs\u00fcne kar\u015f\u0131 m\u00fccadelemizin kesintisiz s\u00fcrece\u011fine inan\u0131yorum.\u201d dedi. TC Cumhurba\u015fkan\u0131 Erdo\u011fan, K\u0131rg\u0131zistan Cumhurba\u015fkan\u0131 Sad\u0131r Caparov ile ba\u015fkanl\u0131k","og_url":"https:\/\/kibrisdakik.com\/?p=68351","article_published_time":"2024-11-05T08:21:23+00:00","og_image":[{"width":1137,"height":632,"url":"https:\/\/kibrisdakik.com\/wp-content\/uploads\/2024\/11\/ekran-goruntusu-2024-11-05-100115-740x420.png","type":"image\/png"}],"author":"admin","twitter_card":"summary_large_image","twitter_misc":{"Yazan:":"admin","Tahmini okuma s\u00fcresi":"5 dakika"},"schema":{"@context":"https:\/\/schema.org","@graph":[{"@type":"Article","@id":"https:\/\/kibrisdakik.com\/?p=68351#article","isPartOf":{"@id":"https:\/\/kibrisdakik.com\/?p=68351"},"author":{"name":"admin","@id":"https:\/\/kibrisdakik.com\/#\/schema\/person\/9cd9d437bbb44f72b73ba127e06d8e79"},"headline":"T\u00fcrkiye Cumhurba\u015fkan\u0131 Erdo\u011fan\u2019dan K\u0131rg\u0131zistan\u2019da KKTC \u00e7a\u011fr\u0131s\u0131","datePublished":"2024-11-05T08:21:23+00:00","mainEntityOfPage":{"@id":"https:\/\/kibrisdakik.com\/?p=68351"},"wordCount":989,"commentCount":0,"image":{"@id":"https:\/\/kibrisdakik.com\/?p=68351#primaryimage"},"thumbnailUrl":"https:\/\/kibrisdakik.com\/wp-content\/uploads\/2024\/11\/ekran-goruntusu-2024-11-05-100115-740x420.png","articleSection":["T\u00fcrkiye"],"inLanguage":"tr","potentialAction":[{"@type":"CommentAction","name":"Comment","target":["https:\/\/kibrisdakik.com\/?p=68351#respond"]}]},{"@type":"WebPage","@id":"https:\/\/kibrisdakik.com\/?p=68351","url":"https:\/\/kibrisdakik.com\/?p=68351","name":"T\u00fcrkiye Cumhurba\u015fkan\u0131 Erdo\u011fan\u2019dan K\u0131rg\u0131zistan\u2019da KKTC \u00e7a\u011fr\u0131s\u0131 -","isPartOf":{"@id":"https:\/\/kibrisdakik.com\/#website"},"primaryImageOfPage":{"@id":"https:\/\/kibrisdakik.com\/?p=68351#primaryimage"},"image":{"@id":"https:\/\/kibrisdakik.com\/?p=68351#primaryimage"},"thumbnailUrl":"https:\/\/kibrisdakik.com\/wp-content\/uploads\/2024\/11\/ekran-goruntusu-2024-11-05-100115-740x420.png","datePublished":"2024-11-05T08:21:23+00:00","author":{"@id":"https:\/\/kibrisdakik.com\/#\/schema\/person\/9cd9d437bbb44f72b73ba127e06d8e79"},"breadcrumb":{"@id":"https:\/\/kibrisdakik.com\/?p=68351#breadcrumb"},"inLanguage":"tr","potentialAction":[{"@type":"ReadAction","target":["https:\/\/kibrisdakik.com\/?p=68351"]}]},{"@type":"ImageObject","inLanguage":"tr","@id":"https:\/\/kibrisdakik.com\/?p=68351#primaryimage","url":"https:\/\/kibrisdakik.com\/wp-content\/uploads\/2024\/11\/ekran-goruntusu-2024-11-05-100115-740x420.png","contentUrl":"https:\/\/kibrisdakik.com\/wp-content\/uploads\/2024\/11\/ekran-goruntusu-2024-11-05-100115-740x420.png","width":1137,"height":632},{"@type":"BreadcrumbList","@id":"https:\/\/kibrisdakik.com\/?p=68351#breadcrumb","itemListElement":[{"@type":"ListItem","position":1,"name":"Home","item":"https:\/\/kibrisdakik.com\/"},{"@type":"ListItem","position":2,"name":"T\u00fcrkiye Cumhurba\u015fkan\u0131 Erdo\u011fan\u2019dan K\u0131rg\u0131zistan\u2019da KKTC \u00e7a\u011fr\u0131s\u0131"}]},{"@type":"WebSite","@id":"https:\/\/kibrisdakik.com\/#website","url":"https:\/\/kibrisdakik.com\/","name":"","description":"Tam vaktinde haber","potentialAction":[{"@type":"SearchAction","target":{"@type":"EntryPoint","urlTemplate":"https:\/\/kibrisdakik.com\/?s={search_term_string}"},"query-input":{"@type":"PropertyValueSpecification","valueRequired":true,"valueName":"search_term_string"}}],"inLanguage":"tr"},{"@type":"Person","@id":"https:\/\/kibrisdakik.com\/#\/schema\/person\/9cd9d437bbb44f72b73ba127e06d8e79","name":"admin","image":{"@type":"ImageObject","inLanguage":"tr","@id":"https:\/\/secure.gravatar.com\/avatar\/ccc17943b9d660506c869530f897617f7cb1c21a4bf30023f252596d83e1f007?s=96&d=mm&r=g","url":"https:\/\/secure.gravatar.com\/avatar\/ccc17943b9d660506c869530f897617f7cb1c21a4bf30023f252596d83e1f007?s=96&d=mm&r=g","contentUrl":"https:\/\/secure.gravatar.com\/avatar\/ccc17943b9d660506c869530f897617f7cb1c21a4bf30023f252596d83e1f007?s=96&d=mm&r=g","caption":"admin"},"sameAs":["https:\/\/kibrisdakik.com"],"url":"https:\/\/kibrisdakik.com\/?author=1"}]}},"_links":{"self":[{"href":"https:\/\/kibrisdakik.com\/index.php?rest_route=\/wp\/v2\/posts\/68351","targetHints":{"allow":["GET"]}}],"collection":[{"href":"https:\/\/kibrisdakik.com\/index.php?rest_route=\/wp\/v2\/posts"}],"about":[{"href":"https:\/\/kibrisdakik.com\/index.php?rest_route=\/wp\/v2\/types\/post"}],"author":[{"embeddable":true,"href":"https:\/\/kibrisdakik.com\/index.php?rest_route=\/wp\/v2\/users\/1"}],"replies":[{"embeddable":true,"href":"https:\/\/kibrisdakik.com\/index.php?rest_route=%2Fwp%2Fv2%2Fcomments&post=68351"}],"version-history":[{"count":0,"href":"https:\/\/kibrisdakik.com\/index.php?rest_route=\/wp\/v2\/posts\/68351\/revisions"}],"wp:featuredmedia":[{"embeddable":true,"href":"https:\/\/kibrisdakik.com\/index.php?rest_route=\/wp\/v2\/media\/68352"}],"wp:attachment":[{"href":"https:\/\/kibrisdakik.com\/index.php?rest_route=%2Fwp%2Fv2%2Fmedia&parent=68351"}],"wp:term":[{"taxonomy":"category","embeddable":true,"href":"https:\/\/kibrisdakik.com\/index.php?rest_route=%2Fwp%2Fv2%2Fcategories&post=68351"},{"taxonomy":"post_tag","embeddable":true,"href":"https:\/\/kibrisdakik.com\/index.php?rest_route=%2Fwp%2Fv2%2Ftags&post=68351"}],"curies":[{"name":"wp","href":"https:\/\/api.w.org\/{rel}","templated":true}]}}