{"id":68468,"date":"2024-11-06T18:04:12","date_gmt":"2024-11-06T15:04:12","guid":{"rendered":"https:\/\/kibrisdakik.com\/index.php\/2024\/11\/06\/pazar-ve-pazartesi-yer-yer-yagmur-bekleniyor\/"},"modified":"2024-11-06T18:04:12","modified_gmt":"2024-11-06T15:04:12","slug":"pazar-ve-pazartesi-yer-yer-yagmur-bekleniyor","status":"publish","type":"post","link":"https:\/\/kibrisdakik.com\/?p=68468","title":{"rendered":"Pazar ve pazartesi yer yer ya\u011fmur bekleniyor"},"content":{"rendered":"<div>\n<div class=\"mariselle-image-container center\">\n                                            <\/div>\n<p>Meteoroloji Dairesi 7-13 Kas\u0131m tarihleri aras\u0131ndaki bir haftal\u0131k s\u00fcrede y\u00fcksek bas\u0131n\u00e7 sistemi ile \u0131l\u0131k ve nispeten nemli, periyodun ikinci yar\u0131s\u0131nda ise al\u00e7ak bas\u0131n\u00e7 sistemi ile \u00fcst atmosferdeki serin ve nemli hava k\u00fctlesinin etkili olaca\u011f\u0131n\u0131 bildirdi.<\/p>\n<p>Buna g\u00f6re, yar\u0131n ve cuma g\u00fcn\u00fc a\u00e7\u0131k az bulutlu, cumartesi az bulutlu zamanla par\u00e7al\u0131 \u00e7ok bulutlu, pazar par\u00e7al\u0131 \u00e7ok bulutlu zamanla yer yer sa\u011fanak veya g\u00f6k g\u00fcr\u00fclt\u00fcl\u00fc sa\u011fanak ya\u011fmurlu, pazartesi par\u00e7al\u0131 bulutlu yer yer sa\u011fanak veya g\u00f6k g\u00fcr\u00fclt\u00fcl\u00fc sa\u011fanak ya\u011fmurlu, sal\u0131 par\u00e7al\u0131 bulutlu, \u00e7ar\u015famba ise par\u00e7al\u0131 \u00e7ok bulutlu olacak.<\/p>\n<p>En y\u00fcksek hava s\u0131cakl\u0131\u011f\u0131 i\u00e7 kesimler ve sahillerde 24 \u2013 27 derece santigrat dolaylar\u0131nda seyredecek; r\u00fczg\u00e2r genellikle kuzey ve do\u011fu y\u00f6nlerden orta, per\u015fembe ve pazar g\u00fcnleri zaman zaman kuvvetli esecek.<\/p>\n<\/p><\/div>\n<p><script async\n                    defer\n                    crossorigin=\"anonymous\"\n                    src=\"https:\/\/connect.facebook.net\/tr_TR\/sdk.js#xfbml=1&#038;version=v3.3\"\n            ><\/script><\/p>\n","protected":false},"excerpt":{"rendered":"<p>Meteoroloji Dairesi 7-13 Kas\u0131m tarihleri aras\u0131ndaki bir haftal\u0131k s\u00fcrede y\u00fcksek bas\u0131n\u00e7 sistemi ile \u0131l\u0131k ve nispeten nemli, periyodun ikinci yar\u0131s\u0131nda ise al\u00e7ak bas\u0131n\u00e7 sistemi ile \u00fcst atmosferdeki serin ve nemli hava k\u00fctlesinin etkili olaca\u011f\u0131n\u0131 bildirdi. Buna g\u00f6re, yar\u0131n ve cuma g\u00fcn\u00fc a\u00e7\u0131k az bulutlu, cumartesi az bulutlu zamanla par\u00e7al\u0131 \u00e7ok bulutlu, pazar par\u00e7al\u0131 \u00e7ok bulutlu<\/p>\n","protected":false},"author":1,"featured_media":68469,"comment_status":"open","ping_status":"open","sticky":false,"template":"","format":"standard","meta":{"footnotes":""},"categories":[81],"tags":[],"class_list":["post-68468","post","type-post","status-publish","format-standard","has-post-thumbnail","hentry","category-kibris"],"yoast_head":"<!-- This site is optimized with the Yoast SEO plugin v27.5 - https:\/\/yoast.com\/product\/yoast-seo-wordpress\/ -->\n<title>Pazar ve pazartesi yer yer ya\u011fmur bekleniyor -<\/title>\n<meta name=\"robots\" content=\"index, follow, max-snippet:-1, max-image-preview:large, max-video-preview:-1\" \/>\n<link rel=\"canonical\" href=\"https:\/\/kibrisdakik.com\/?p=68468\" \/>\n<meta property=\"og:locale\" content=\"tr_TR\" \/>\n<meta property=\"og:type\" content=\"article\" \/>\n<meta property=\"og:title\" content=\"Pazar ve pazartesi yer yer ya\u011fmur bekleniyor -\" \/>\n<meta property=\"og:description\" content=\"Meteoroloji Dairesi 7-13 Kas\u0131m tarihleri aras\u0131ndaki bir haftal\u0131k s\u00fcrede y\u00fcksek bas\u0131n\u00e7 sistemi ile \u0131l\u0131k ve nispeten nemli, periyodun ikinci yar\u0131s\u0131nda ise al\u00e7ak bas\u0131n\u00e7 sistemi ile \u00fcst atmosferdeki serin ve nemli hava k\u00fctlesinin etkili olaca\u011f\u0131n\u0131 bildirdi. Buna g\u00f6re, yar\u0131n ve cuma g\u00fcn\u00fc a\u00e7\u0131k az bulutlu, cumartesi az bulutlu zamanla par\u00e7al\u0131 \u00e7ok bulutlu, pazar par\u00e7al\u0131 \u00e7ok bulutlu\" \/>\n<meta property=\"og:url\" content=\"https:\/\/kibrisdakik.com\/?p=68468\" \/>\n<meta property=\"article:published_time\" content=\"2024-11-06T15:04:12+00:00\" \/>\n<meta property=\"og:image\" content=\"https:\/\/kibrisdakik.com\/wp-content\/uploads\/2024\/11\/hava-nasil-olacak.webp.webp\" \/>\n\t<meta property=\"og:image:width\" content=\"728\" \/>\n\t<meta property=\"og:image:height\" content=\"386\" \/>\n\t<meta property=\"og:image:type\" content=\"image\/webp\" \/>\n<meta name=\"author\" content=\"admin\" \/>\n<meta name=\"twitter:card\" content=\"summary_large_image\" \/>\n<meta name=\"twitter:label1\" content=\"Yazan:\" \/>\n\t<meta name=\"twitter:data1\" content=\"admin\" \/>\n\t<meta name=\"twitter:label2\" content=\"Tahmini okuma s\u00fcresi\" \/>\n\t<meta name=\"twitter:data2\" content=\"1 dakika\" \/>\n<script type=\"application\/ld+json\" class=\"yoast-schema-graph\">{\"@context\":\"https:\\\/\\\/schema.org\",\"@graph\":[{\"@type\":\"Article\",\"@id\":\"https:\\\/\\\/kibrisdakik.com\\\/?p=68468#article\",\"isPartOf\":{\"@id\":\"https:\\\/\\\/kibrisdakik.com\\\/?p=68468\"},\"author\":{\"name\":\"admin\",\"@id\":\"https:\\\/\\\/kibrisdakik.com\\\/#\\\/schema\\\/person\\\/9cd9d437bbb44f72b73ba127e06d8e79\"},\"headline\":\"Pazar ve pazartesi yer yer ya\u011fmur bekleniyor\",\"datePublished\":\"2024-11-06T15:04:12+00:00\",\"mainEntityOfPage\":{\"@id\":\"https:\\\/\\\/kibrisdakik.com\\\/?p=68468\"},\"wordCount\":165,\"commentCount\":0,\"image\":{\"@id\":\"https:\\\/\\\/kibrisdakik.com\\\/?p=68468#primaryimage\"},\"thumbnailUrl\":\"https:\\\/\\\/kibrisdakik.com\\\/wp-content\\\/uploads\\\/2024\\\/11\\\/hava-nasil-olacak.webp.webp\",\"articleSection\":[\"K\u0131br\u0131s\"],\"inLanguage\":\"tr\",\"potentialAction\":[{\"@type\":\"CommentAction\",\"name\":\"Comment\",\"target\":[\"https:\\\/\\\/kibrisdakik.com\\\/?p=68468#respond\"]}]},{\"@type\":\"WebPage\",\"@id\":\"https:\\\/\\\/kibrisdakik.com\\\/?p=68468\",\"url\":\"https:\\\/\\\/kibrisdakik.com\\\/?p=68468\",\"name\":\"Pazar ve pazartesi yer yer ya\u011fmur bekleniyor -\",\"isPartOf\":{\"@id\":\"https:\\\/\\\/kibrisdakik.com\\\/#website\"},\"primaryImageOfPage\":{\"@id\":\"https:\\\/\\\/kibrisdakik.com\\\/?p=68468#primaryimage\"},\"image\":{\"@id\":\"https:\\\/\\\/kibrisdakik.com\\\/?p=68468#primaryimage\"},\"thumbnailUrl\":\"https:\\\/\\\/kibrisdakik.com\\\/wp-content\\\/uploads\\\/2024\\\/11\\\/hava-nasil-olacak.webp.webp\",\"datePublished\":\"2024-11-06T15:04:12+00:00\",\"author\":{\"@id\":\"https:\\\/\\\/kibrisdakik.com\\\/#\\\/schema\\\/person\\\/9cd9d437bbb44f72b73ba127e06d8e79\"},\"breadcrumb\":{\"@id\":\"https:\\\/\\\/kibrisdakik.com\\\/?p=68468#breadcrumb\"},\"inLanguage\":\"tr\",\"potentialAction\":[{\"@type\":\"ReadAction\",\"target\":[\"https:\\\/\\\/kibrisdakik.com\\\/?p=68468\"]}]},{\"@type\":\"ImageObject\",\"inLanguage\":\"tr\",\"@id\":\"https:\\\/\\\/kibrisdakik.com\\\/?p=68468#primaryimage\",\"url\":\"https:\\\/\\\/kibrisdakik.com\\\/wp-content\\\/uploads\\\/2024\\\/11\\\/hava-nasil-olacak.webp.webp\",\"contentUrl\":\"https:\\\/\\\/kibrisdakik.com\\\/wp-content\\\/uploads\\\/2024\\\/11\\\/hava-nasil-olacak.webp.webp\",\"width\":728,\"height\":386},{\"@type\":\"BreadcrumbList\",\"@id\":\"https:\\\/\\\/kibrisdakik.com\\\/?p=68468#breadcrumb\",\"itemListElement\":[{\"@type\":\"ListItem\",\"position\":1,\"name\":\"Home\",\"item\":\"https:\\\/\\\/kibrisdakik.com\\\/\"},{\"@type\":\"ListItem\",\"position\":2,\"name\":\"Pazar ve pazartesi yer yer ya\u011fmur bekleniyor\"}]},{\"@type\":\"WebSite\",\"@id\":\"https:\\\/\\\/kibrisdakik.com\\\/#website\",\"url\":\"https:\\\/\\\/kibrisdakik.com\\\/\",\"name\":\"\",\"description\":\"Tam vaktinde haber\",\"potentialAction\":[{\"@type\":\"SearchAction\",\"target\":{\"@type\":\"EntryPoint\",\"urlTemplate\":\"https:\\\/\\\/kibrisdakik.com\\\/?s={search_term_string}\"},\"query-input\":{\"@type\":\"PropertyValueSpecification\",\"valueRequired\":true,\"valueName\":\"search_term_string\"}}],\"inLanguage\":\"tr\"},{\"@type\":\"Person\",\"@id\":\"https:\\\/\\\/kibrisdakik.com\\\/#\\\/schema\\\/person\\\/9cd9d437bbb44f72b73ba127e06d8e79\",\"name\":\"admin\",\"image\":{\"@type\":\"ImageObject\",\"inLanguage\":\"tr\",\"@id\":\"https:\\\/\\\/secure.gravatar.com\\\/avatar\\\/ccc17943b9d660506c869530f897617f7cb1c21a4bf30023f252596d83e1f007?s=96&d=mm&r=g\",\"url\":\"https:\\\/\\\/secure.gravatar.com\\\/avatar\\\/ccc17943b9d660506c869530f897617f7cb1c21a4bf30023f252596d83e1f007?s=96&d=mm&r=g\",\"contentUrl\":\"https:\\\/\\\/secure.gravatar.com\\\/avatar\\\/ccc17943b9d660506c869530f897617f7cb1c21a4bf30023f252596d83e1f007?s=96&d=mm&r=g\",\"caption\":\"admin\"},\"sameAs\":[\"https:\\\/\\\/kibrisdakik.com\"],\"url\":\"https:\\\/\\\/kibrisdakik.com\\\/?author=1\"}]}<\/script>\n<!-- \/ Yoast SEO plugin. -->","yoast_head_json":{"title":"Pazar ve pazartesi yer yer ya\u011fmur bekleniyor -","robots":{"index":"index","follow":"follow","max-snippet":"max-snippet:-1","max-image-preview":"max-image-preview:large","max-video-preview":"max-video-preview:-1"},"canonical":"https:\/\/kibrisdakik.com\/?p=68468","og_locale":"tr_TR","og_type":"article","og_title":"Pazar ve pazartesi yer yer ya\u011fmur bekleniyor -","og_description":"Meteoroloji Dairesi 7-13 Kas\u0131m tarihleri aras\u0131ndaki bir haftal\u0131k s\u00fcrede y\u00fcksek bas\u0131n\u00e7 sistemi ile \u0131l\u0131k ve nispeten nemli, periyodun ikinci yar\u0131s\u0131nda ise al\u00e7ak bas\u0131n\u00e7 sistemi ile \u00fcst atmosferdeki serin ve nemli hava k\u00fctlesinin etkili olaca\u011f\u0131n\u0131 bildirdi. Buna g\u00f6re, yar\u0131n ve cuma g\u00fcn\u00fc a\u00e7\u0131k az bulutlu, cumartesi az bulutlu zamanla par\u00e7al\u0131 \u00e7ok bulutlu, pazar par\u00e7al\u0131 \u00e7ok bulutlu","og_url":"https:\/\/kibrisdakik.com\/?p=68468","article_published_time":"2024-11-06T15:04:12+00:00","og_image":[{"width":728,"height":386,"url":"https:\/\/kibrisdakik.com\/wp-content\/uploads\/2024\/11\/hava-nasil-olacak.webp.webp","type":"image\/webp"}],"author":"admin","twitter_card":"summary_large_image","twitter_misc":{"Yazan:":"admin","Tahmini okuma s\u00fcresi":"1 dakika"},"schema":{"@context":"https:\/\/schema.org","@graph":[{"@type":"Article","@id":"https:\/\/kibrisdakik.com\/?p=68468#article","isPartOf":{"@id":"https:\/\/kibrisdakik.com\/?p=68468"},"author":{"name":"admin","@id":"https:\/\/kibrisdakik.com\/#\/schema\/person\/9cd9d437bbb44f72b73ba127e06d8e79"},"headline":"Pazar ve pazartesi yer yer ya\u011fmur bekleniyor","datePublished":"2024-11-06T15:04:12+00:00","mainEntityOfPage":{"@id":"https:\/\/kibrisdakik.com\/?p=68468"},"wordCount":165,"commentCount":0,"image":{"@id":"https:\/\/kibrisdakik.com\/?p=68468#primaryimage"},"thumbnailUrl":"https:\/\/kibrisdakik.com\/wp-content\/uploads\/2024\/11\/hava-nasil-olacak.webp.webp","articleSection":["K\u0131br\u0131s"],"inLanguage":"tr","potentialAction":[{"@type":"CommentAction","name":"Comment","target":["https:\/\/kibrisdakik.com\/?p=68468#respond"]}]},{"@type":"WebPage","@id":"https:\/\/kibrisdakik.com\/?p=68468","url":"https:\/\/kibrisdakik.com\/?p=68468","name":"Pazar ve pazartesi yer yer ya\u011fmur bekleniyor -","isPartOf":{"@id":"https:\/\/kibrisdakik.com\/#website"},"primaryImageOfPage":{"@id":"https:\/\/kibrisdakik.com\/?p=68468#primaryimage"},"image":{"@id":"https:\/\/kibrisdakik.com\/?p=68468#primaryimage"},"thumbnailUrl":"https:\/\/kibrisdakik.com\/wp-content\/uploads\/2024\/11\/hava-nasil-olacak.webp.webp","datePublished":"2024-11-06T15:04:12+00:00","author":{"@id":"https:\/\/kibrisdakik.com\/#\/schema\/person\/9cd9d437bbb44f72b73ba127e06d8e79"},"breadcrumb":{"@id":"https:\/\/kibrisdakik.com\/?p=68468#breadcrumb"},"inLanguage":"tr","potentialAction":[{"@type":"ReadAction","target":["https:\/\/kibrisdakik.com\/?p=68468"]}]},{"@type":"ImageObject","inLanguage":"tr","@id":"https:\/\/kibrisdakik.com\/?p=68468#primaryimage","url":"https:\/\/kibrisdakik.com\/wp-content\/uploads\/2024\/11\/hava-nasil-olacak.webp.webp","contentUrl":"https:\/\/kibrisdakik.com\/wp-content\/uploads\/2024\/11\/hava-nasil-olacak.webp.webp","width":728,"height":386},{"@type":"BreadcrumbList","@id":"https:\/\/kibrisdakik.com\/?p=68468#breadcrumb","itemListElement":[{"@type":"ListItem","position":1,"name":"Home","item":"https:\/\/kibrisdakik.com\/"},{"@type":"ListItem","position":2,"name":"Pazar ve pazartesi yer yer ya\u011fmur bekleniyor"}]},{"@type":"WebSite","@id":"https:\/\/kibrisdakik.com\/#website","url":"https:\/\/kibrisdakik.com\/","name":"","description":"Tam vaktinde haber","potentialAction":[{"@type":"SearchAction","target":{"@type":"EntryPoint","urlTemplate":"https:\/\/kibrisdakik.com\/?s={search_term_string}"},"query-input":{"@type":"PropertyValueSpecification","valueRequired":true,"valueName":"search_term_string"}}],"inLanguage":"tr"},{"@type":"Person","@id":"https:\/\/kibrisdakik.com\/#\/schema\/person\/9cd9d437bbb44f72b73ba127e06d8e79","name":"admin","image":{"@type":"ImageObject","inLanguage":"tr","@id":"https:\/\/secure.gravatar.com\/avatar\/ccc17943b9d660506c869530f897617f7cb1c21a4bf30023f252596d83e1f007?s=96&d=mm&r=g","url":"https:\/\/secure.gravatar.com\/avatar\/ccc17943b9d660506c869530f897617f7cb1c21a4bf30023f252596d83e1f007?s=96&d=mm&r=g","contentUrl":"https:\/\/secure.gravatar.com\/avatar\/ccc17943b9d660506c869530f897617f7cb1c21a4bf30023f252596d83e1f007?s=96&d=mm&r=g","caption":"admin"},"sameAs":["https:\/\/kibrisdakik.com"],"url":"https:\/\/kibrisdakik.com\/?author=1"}]}},"_links":{"self":[{"href":"https:\/\/kibrisdakik.com\/index.php?rest_route=\/wp\/v2\/posts\/68468","targetHints":{"allow":["GET"]}}],"collection":[{"href":"https:\/\/kibrisdakik.com\/index.php?rest_route=\/wp\/v2\/posts"}],"about":[{"href":"https:\/\/kibrisdakik.com\/index.php?rest_route=\/wp\/v2\/types\/post"}],"author":[{"embeddable":true,"href":"https:\/\/kibrisdakik.com\/index.php?rest_route=\/wp\/v2\/users\/1"}],"replies":[{"embeddable":true,"href":"https:\/\/kibrisdakik.com\/index.php?rest_route=%2Fwp%2Fv2%2Fcomments&post=68468"}],"version-history":[{"count":0,"href":"https:\/\/kibrisdakik.com\/index.php?rest_route=\/wp\/v2\/posts\/68468\/revisions"}],"wp:featuredmedia":[{"embeddable":true,"href":"https:\/\/kibrisdakik.com\/index.php?rest_route=\/wp\/v2\/media\/68469"}],"wp:attachment":[{"href":"https:\/\/kibrisdakik.com\/index.php?rest_route=%2Fwp%2Fv2%2Fmedia&parent=68468"}],"wp:term":[{"taxonomy":"category","embeddable":true,"href":"https:\/\/kibrisdakik.com\/index.php?rest_route=%2Fwp%2Fv2%2Fcategories&post=68468"},{"taxonomy":"post_tag","embeddable":true,"href":"https:\/\/kibrisdakik.com\/index.php?rest_route=%2Fwp%2Fv2%2Ftags&post=68468"}],"curies":[{"name":"wp","href":"https:\/\/api.w.org\/{rel}","templated":true}]}}