{"id":68484,"date":"2024-11-07T10:53:59","date_gmt":"2024-11-07T07:53:59","guid":{"rendered":"https:\/\/kibrisdakik.com\/index.php\/2024\/11\/07\/cumhurbaskani-tatar-kirgisiztan-donusu-ercanda-basin-toplantisi-duzenledi\/"},"modified":"2024-11-07T10:53:59","modified_gmt":"2024-11-07T07:53:59","slug":"cumhurbaskani-tatar-kirgisiztan-donusu-ercanda-basin-toplantisi-duzenledi","status":"publish","type":"post","link":"https:\/\/kibrisdakik.com\/?p=68484","title":{"rendered":"Cumhurba\u015fkan\u0131 Tatar, K\u0131rg\u0131siztan d\u00f6n\u00fc\u015f\u00fc Ercan\u2019da bas\u0131n toplant\u0131s\u0131 d\u00fczenledi"},"content":{"rendered":"<div>\n<div class=\"mariselle-image-container center\">\n                                            <\/div>\n<p>K\u0131rg\u0131z Cumhuriyeti\u2019nin ba\u015fkenti Bi\u015fkek\u2019te ger\u00e7ekle\u015ftirilen T\u00fcrk Devletleri Te\u015fkilat\u0131 Devlet Ba\u015fkanlar\u0131 Konseyi 11. Zirvesi\u2019ne kat\u0131lan Cumhurba\u015fkan\u0131 Ersin Tatar, temaslar\u0131n\u0131 tamamlamas\u0131 ard\u0131ndan bu sabah yurda d\u00f6nd\u00fc.<\/p>\n<p>Cumhurba\u015fkan\u0131 Ersin Tatar, K\u0131rg\u0131siztan d\u00f6n\u00fc\u015f\u00fcnde Ercan Havaliman\u0131\u2019nda bas\u0131n toplant\u0131s\u0131 d\u00fczenleyerek temaslar\u0131 hakk\u0131nda bilgi verdi.<\/p>\n<p>T\u00fcrk Devletleri Te\u015fkilat\u0131 Devlet Ba\u015fkanlar\u0131 Konseyi 11. Zirvesi\u2019nde K\u0131rg\u0131zistan Cumhurba\u015fkan\u0131 Sad\u0131r Caparov\u2019un onur konu\u011fu olarak KKTC\u2019yi temsil etmenin mutlulu\u011fu i\u00e7erisinde oldu\u011funu ifade eden Tatar, \u201cT\u00fcrk Devletleri Te\u015fkilat\u0131\u2019n\u0131n bir par\u00e7as\u0131 olarak, Do\u011fu Akdeniz\u2019de T\u00fcrk d\u00fcnyas\u0131n\u0131n hakk\u0131n\u0131, hukukunu savunmak ve ileride burada ya\u015fanacak ciddi d\u00f6n\u00fc\u015f\u00fcmlerle, gerek havaliman\u0131m\u0131z, gerek limanlar\u0131m\u0131z, gerekse Do\u011fu Akdeniz\u2019deki enerji boyutu ile T\u00fcrk d\u00fcnyas\u0131na b\u00fcy\u00fck katk\u0131lar\u0131m\u0131z\u0131n olabilece\u011fini ve bu anlamda b\u00fcy\u00fck bir potansiyele sahip oldu\u011fumuzu orada ifade ettim\u201d dedi.<\/p>\n<p>Tatar, T\u00fcrk Devletleri Te\u015fkilat\u0131\u2019n\u0131n Kuzey K\u0131br\u0131s T\u00fcrk Cumhuriyeti\u2019nin hakl\u0131 davas\u0131na verecekleri deste\u011fin kendileri i\u00e7in \u00e7ok \u00f6nemli oldu\u011funu belirtti.<\/p>\n<\/p><\/div>\n<p><script async\n                    defer\n                    crossorigin=\"anonymous\"\n                    src=\"https:\/\/connect.facebook.net\/tr_TR\/sdk.js#xfbml=1&#038;version=v3.3\"\n            ><\/script><\/p>\n","protected":false},"excerpt":{"rendered":"<p>K\u0131rg\u0131z Cumhuriyeti\u2019nin ba\u015fkenti Bi\u015fkek\u2019te ger\u00e7ekle\u015ftirilen T\u00fcrk Devletleri Te\u015fkilat\u0131 Devlet Ba\u015fkanlar\u0131 Konseyi 11. Zirvesi\u2019ne kat\u0131lan Cumhurba\u015fkan\u0131 Ersin Tatar, temaslar\u0131n\u0131 tamamlamas\u0131 ard\u0131ndan bu sabah yurda d\u00f6nd\u00fc. Cumhurba\u015fkan\u0131 Ersin Tatar, K\u0131rg\u0131siztan d\u00f6n\u00fc\u015f\u00fcnde Ercan Havaliman\u0131\u2019nda bas\u0131n toplant\u0131s\u0131 d\u00fczenleyerek temaslar\u0131 hakk\u0131nda bilgi verdi. T\u00fcrk Devletleri Te\u015fkilat\u0131 Devlet Ba\u015fkanlar\u0131 Konseyi 11. Zirvesi\u2019nde K\u0131rg\u0131zistan Cumhurba\u015fkan\u0131 Sad\u0131r Caparov\u2019un onur konu\u011fu olarak KKTC\u2019yi temsil<\/p>\n","protected":false},"author":1,"featured_media":68485,"comment_status":"open","ping_status":"open","sticky":false,"template":"","format":"standard","meta":{"footnotes":""},"categories":[81],"tags":[],"class_list":["post-68484","post","type-post","status-publish","format-standard","has-post-thumbnail","hentry","category-kibris"],"yoast_head":"<!-- This site is optimized with the Yoast SEO plugin v27.5 - https:\/\/yoast.com\/product\/yoast-seo-wordpress\/ -->\n<title>Cumhurba\u015fkan\u0131 Tatar, K\u0131rg\u0131siztan d\u00f6n\u00fc\u015f\u00fc Ercan\u2019da bas\u0131n toplant\u0131s\u0131 d\u00fczenledi -<\/title>\n<meta name=\"robots\" content=\"index, follow, max-snippet:-1, max-image-preview:large, max-video-preview:-1\" \/>\n<link rel=\"canonical\" href=\"https:\/\/kibrisdakik.com\/?p=68484\" \/>\n<meta property=\"og:locale\" content=\"tr_TR\" \/>\n<meta property=\"og:type\" content=\"article\" \/>\n<meta property=\"og:title\" content=\"Cumhurba\u015fkan\u0131 Tatar, K\u0131rg\u0131siztan d\u00f6n\u00fc\u015f\u00fc Ercan\u2019da bas\u0131n toplant\u0131s\u0131 d\u00fczenledi -\" \/>\n<meta property=\"og:description\" content=\"K\u0131rg\u0131z Cumhuriyeti\u2019nin ba\u015fkenti Bi\u015fkek\u2019te ger\u00e7ekle\u015ftirilen T\u00fcrk Devletleri Te\u015fkilat\u0131 Devlet Ba\u015fkanlar\u0131 Konseyi 11. Zirvesi\u2019ne kat\u0131lan Cumhurba\u015fkan\u0131 Ersin Tatar, temaslar\u0131n\u0131 tamamlamas\u0131 ard\u0131ndan bu sabah yurda d\u00f6nd\u00fc. Cumhurba\u015fkan\u0131 Ersin Tatar, K\u0131rg\u0131siztan d\u00f6n\u00fc\u015f\u00fcnde Ercan Havaliman\u0131\u2019nda bas\u0131n toplant\u0131s\u0131 d\u00fczenleyerek temaslar\u0131 hakk\u0131nda bilgi verdi. T\u00fcrk Devletleri Te\u015fkilat\u0131 Devlet Ba\u015fkanlar\u0131 Konseyi 11. Zirvesi\u2019nde K\u0131rg\u0131zistan Cumhurba\u015fkan\u0131 Sad\u0131r Caparov\u2019un onur konu\u011fu olarak KKTC\u2019yi temsil\" \/>\n<meta property=\"og:url\" content=\"https:\/\/kibrisdakik.com\/?p=68484\" \/>\n<meta property=\"article:published_time\" content=\"2024-11-07T07:53:59+00:00\" \/>\n<meta property=\"og:image\" content=\"https:\/\/kibrisdakik.com\/wp-content\/uploads\/2024\/11\/tatar-basin-740x420.jpg\" \/>\n\t<meta property=\"og:image:width\" content=\"1499\" \/>\n\t<meta property=\"og:image:height\" content=\"1000\" \/>\n\t<meta property=\"og:image:type\" content=\"image\/jpeg\" \/>\n<meta name=\"author\" content=\"admin\" \/>\n<meta name=\"twitter:card\" content=\"summary_large_image\" \/>\n<meta name=\"twitter:label1\" content=\"Yazan:\" \/>\n\t<meta name=\"twitter:data1\" content=\"admin\" \/>\n\t<meta name=\"twitter:label2\" content=\"Tahmini okuma s\u00fcresi\" \/>\n\t<meta name=\"twitter:data2\" content=\"1 dakika\" \/>\n<script type=\"application\/ld+json\" class=\"yoast-schema-graph\">{\"@context\":\"https:\\\/\\\/schema.org\",\"@graph\":[{\"@type\":\"Article\",\"@id\":\"https:\\\/\\\/kibrisdakik.com\\\/?p=68484#article\",\"isPartOf\":{\"@id\":\"https:\\\/\\\/kibrisdakik.com\\\/?p=68484\"},\"author\":{\"name\":\"admin\",\"@id\":\"https:\\\/\\\/kibrisdakik.com\\\/#\\\/schema\\\/person\\\/9cd9d437bbb44f72b73ba127e06d8e79\"},\"headline\":\"Cumhurba\u015fkan\u0131 Tatar, K\u0131rg\u0131siztan d\u00f6n\u00fc\u015f\u00fc Ercan\u2019da bas\u0131n toplant\u0131s\u0131 d\u00fczenledi\",\"datePublished\":\"2024-11-07T07:53:59+00:00\",\"mainEntityOfPage\":{\"@id\":\"https:\\\/\\\/kibrisdakik.com\\\/?p=68484\"},\"wordCount\":227,\"commentCount\":0,\"image\":{\"@id\":\"https:\\\/\\\/kibrisdakik.com\\\/?p=68484#primaryimage\"},\"thumbnailUrl\":\"https:\\\/\\\/kibrisdakik.com\\\/wp-content\\\/uploads\\\/2024\\\/11\\\/tatar-basin-740x420.jpg\",\"articleSection\":[\"K\u0131br\u0131s\"],\"inLanguage\":\"tr\",\"potentialAction\":[{\"@type\":\"CommentAction\",\"name\":\"Comment\",\"target\":[\"https:\\\/\\\/kibrisdakik.com\\\/?p=68484#respond\"]}]},{\"@type\":\"WebPage\",\"@id\":\"https:\\\/\\\/kibrisdakik.com\\\/?p=68484\",\"url\":\"https:\\\/\\\/kibrisdakik.com\\\/?p=68484\",\"name\":\"Cumhurba\u015fkan\u0131 Tatar, K\u0131rg\u0131siztan d\u00f6n\u00fc\u015f\u00fc Ercan\u2019da bas\u0131n toplant\u0131s\u0131 d\u00fczenledi -\",\"isPartOf\":{\"@id\":\"https:\\\/\\\/kibrisdakik.com\\\/#website\"},\"primaryImageOfPage\":{\"@id\":\"https:\\\/\\\/kibrisdakik.com\\\/?p=68484#primaryimage\"},\"image\":{\"@id\":\"https:\\\/\\\/kibrisdakik.com\\\/?p=68484#primaryimage\"},\"thumbnailUrl\":\"https:\\\/\\\/kibrisdakik.com\\\/wp-content\\\/uploads\\\/2024\\\/11\\\/tatar-basin-740x420.jpg\",\"datePublished\":\"2024-11-07T07:53:59+00:00\",\"author\":{\"@id\":\"https:\\\/\\\/kibrisdakik.com\\\/#\\\/schema\\\/person\\\/9cd9d437bbb44f72b73ba127e06d8e79\"},\"breadcrumb\":{\"@id\":\"https:\\\/\\\/kibrisdakik.com\\\/?p=68484#breadcrumb\"},\"inLanguage\":\"tr\",\"potentialAction\":[{\"@type\":\"ReadAction\",\"target\":[\"https:\\\/\\\/kibrisdakik.com\\\/?p=68484\"]}]},{\"@type\":\"ImageObject\",\"inLanguage\":\"tr\",\"@id\":\"https:\\\/\\\/kibrisdakik.com\\\/?p=68484#primaryimage\",\"url\":\"https:\\\/\\\/kibrisdakik.com\\\/wp-content\\\/uploads\\\/2024\\\/11\\\/tatar-basin-740x420.jpg\",\"contentUrl\":\"https:\\\/\\\/kibrisdakik.com\\\/wp-content\\\/uploads\\\/2024\\\/11\\\/tatar-basin-740x420.jpg\",\"width\":1499,\"height\":1000},{\"@type\":\"BreadcrumbList\",\"@id\":\"https:\\\/\\\/kibrisdakik.com\\\/?p=68484#breadcrumb\",\"itemListElement\":[{\"@type\":\"ListItem\",\"position\":1,\"name\":\"Home\",\"item\":\"https:\\\/\\\/kibrisdakik.com\\\/\"},{\"@type\":\"ListItem\",\"position\":2,\"name\":\"Cumhurba\u015fkan\u0131 Tatar, K\u0131rg\u0131siztan d\u00f6n\u00fc\u015f\u00fc Ercan\u2019da bas\u0131n toplant\u0131s\u0131 d\u00fczenledi\"}]},{\"@type\":\"WebSite\",\"@id\":\"https:\\\/\\\/kibrisdakik.com\\\/#website\",\"url\":\"https:\\\/\\\/kibrisdakik.com\\\/\",\"name\":\"\",\"description\":\"Tam vaktinde haber\",\"potentialAction\":[{\"@type\":\"SearchAction\",\"target\":{\"@type\":\"EntryPoint\",\"urlTemplate\":\"https:\\\/\\\/kibrisdakik.com\\\/?s={search_term_string}\"},\"query-input\":{\"@type\":\"PropertyValueSpecification\",\"valueRequired\":true,\"valueName\":\"search_term_string\"}}],\"inLanguage\":\"tr\"},{\"@type\":\"Person\",\"@id\":\"https:\\\/\\\/kibrisdakik.com\\\/#\\\/schema\\\/person\\\/9cd9d437bbb44f72b73ba127e06d8e79\",\"name\":\"admin\",\"image\":{\"@type\":\"ImageObject\",\"inLanguage\":\"tr\",\"@id\":\"https:\\\/\\\/secure.gravatar.com\\\/avatar\\\/ccc17943b9d660506c869530f897617f7cb1c21a4bf30023f252596d83e1f007?s=96&d=mm&r=g\",\"url\":\"https:\\\/\\\/secure.gravatar.com\\\/avatar\\\/ccc17943b9d660506c869530f897617f7cb1c21a4bf30023f252596d83e1f007?s=96&d=mm&r=g\",\"contentUrl\":\"https:\\\/\\\/secure.gravatar.com\\\/avatar\\\/ccc17943b9d660506c869530f897617f7cb1c21a4bf30023f252596d83e1f007?s=96&d=mm&r=g\",\"caption\":\"admin\"},\"sameAs\":[\"https:\\\/\\\/kibrisdakik.com\"],\"url\":\"https:\\\/\\\/kibrisdakik.com\\\/?author=1\"}]}<\/script>\n<!-- \/ Yoast SEO plugin. -->","yoast_head_json":{"title":"Cumhurba\u015fkan\u0131 Tatar, K\u0131rg\u0131siztan d\u00f6n\u00fc\u015f\u00fc Ercan\u2019da bas\u0131n toplant\u0131s\u0131 d\u00fczenledi -","robots":{"index":"index","follow":"follow","max-snippet":"max-snippet:-1","max-image-preview":"max-image-preview:large","max-video-preview":"max-video-preview:-1"},"canonical":"https:\/\/kibrisdakik.com\/?p=68484","og_locale":"tr_TR","og_type":"article","og_title":"Cumhurba\u015fkan\u0131 Tatar, K\u0131rg\u0131siztan d\u00f6n\u00fc\u015f\u00fc Ercan\u2019da bas\u0131n toplant\u0131s\u0131 d\u00fczenledi -","og_description":"K\u0131rg\u0131z Cumhuriyeti\u2019nin ba\u015fkenti Bi\u015fkek\u2019te ger\u00e7ekle\u015ftirilen T\u00fcrk Devletleri Te\u015fkilat\u0131 Devlet Ba\u015fkanlar\u0131 Konseyi 11. Zirvesi\u2019ne kat\u0131lan Cumhurba\u015fkan\u0131 Ersin Tatar, temaslar\u0131n\u0131 tamamlamas\u0131 ard\u0131ndan bu sabah yurda d\u00f6nd\u00fc. Cumhurba\u015fkan\u0131 Ersin Tatar, K\u0131rg\u0131siztan d\u00f6n\u00fc\u015f\u00fcnde Ercan Havaliman\u0131\u2019nda bas\u0131n toplant\u0131s\u0131 d\u00fczenleyerek temaslar\u0131 hakk\u0131nda bilgi verdi. T\u00fcrk Devletleri Te\u015fkilat\u0131 Devlet Ba\u015fkanlar\u0131 Konseyi 11. Zirvesi\u2019nde K\u0131rg\u0131zistan Cumhurba\u015fkan\u0131 Sad\u0131r Caparov\u2019un onur konu\u011fu olarak KKTC\u2019yi temsil","og_url":"https:\/\/kibrisdakik.com\/?p=68484","article_published_time":"2024-11-07T07:53:59+00:00","og_image":[{"width":1499,"height":1000,"url":"https:\/\/kibrisdakik.com\/wp-content\/uploads\/2024\/11\/tatar-basin-740x420.jpg","type":"image\/jpeg"}],"author":"admin","twitter_card":"summary_large_image","twitter_misc":{"Yazan:":"admin","Tahmini okuma s\u00fcresi":"1 dakika"},"schema":{"@context":"https:\/\/schema.org","@graph":[{"@type":"Article","@id":"https:\/\/kibrisdakik.com\/?p=68484#article","isPartOf":{"@id":"https:\/\/kibrisdakik.com\/?p=68484"},"author":{"name":"admin","@id":"https:\/\/kibrisdakik.com\/#\/schema\/person\/9cd9d437bbb44f72b73ba127e06d8e79"},"headline":"Cumhurba\u015fkan\u0131 Tatar, K\u0131rg\u0131siztan d\u00f6n\u00fc\u015f\u00fc Ercan\u2019da bas\u0131n toplant\u0131s\u0131 d\u00fczenledi","datePublished":"2024-11-07T07:53:59+00:00","mainEntityOfPage":{"@id":"https:\/\/kibrisdakik.com\/?p=68484"},"wordCount":227,"commentCount":0,"image":{"@id":"https:\/\/kibrisdakik.com\/?p=68484#primaryimage"},"thumbnailUrl":"https:\/\/kibrisdakik.com\/wp-content\/uploads\/2024\/11\/tatar-basin-740x420.jpg","articleSection":["K\u0131br\u0131s"],"inLanguage":"tr","potentialAction":[{"@type":"CommentAction","name":"Comment","target":["https:\/\/kibrisdakik.com\/?p=68484#respond"]}]},{"@type":"WebPage","@id":"https:\/\/kibrisdakik.com\/?p=68484","url":"https:\/\/kibrisdakik.com\/?p=68484","name":"Cumhurba\u015fkan\u0131 Tatar, K\u0131rg\u0131siztan d\u00f6n\u00fc\u015f\u00fc Ercan\u2019da bas\u0131n toplant\u0131s\u0131 d\u00fczenledi -","isPartOf":{"@id":"https:\/\/kibrisdakik.com\/#website"},"primaryImageOfPage":{"@id":"https:\/\/kibrisdakik.com\/?p=68484#primaryimage"},"image":{"@id":"https:\/\/kibrisdakik.com\/?p=68484#primaryimage"},"thumbnailUrl":"https:\/\/kibrisdakik.com\/wp-content\/uploads\/2024\/11\/tatar-basin-740x420.jpg","datePublished":"2024-11-07T07:53:59+00:00","author":{"@id":"https:\/\/kibrisdakik.com\/#\/schema\/person\/9cd9d437bbb44f72b73ba127e06d8e79"},"breadcrumb":{"@id":"https:\/\/kibrisdakik.com\/?p=68484#breadcrumb"},"inLanguage":"tr","potentialAction":[{"@type":"ReadAction","target":["https:\/\/kibrisdakik.com\/?p=68484"]}]},{"@type":"ImageObject","inLanguage":"tr","@id":"https:\/\/kibrisdakik.com\/?p=68484#primaryimage","url":"https:\/\/kibrisdakik.com\/wp-content\/uploads\/2024\/11\/tatar-basin-740x420.jpg","contentUrl":"https:\/\/kibrisdakik.com\/wp-content\/uploads\/2024\/11\/tatar-basin-740x420.jpg","width":1499,"height":1000},{"@type":"BreadcrumbList","@id":"https:\/\/kibrisdakik.com\/?p=68484#breadcrumb","itemListElement":[{"@type":"ListItem","position":1,"name":"Home","item":"https:\/\/kibrisdakik.com\/"},{"@type":"ListItem","position":2,"name":"Cumhurba\u015fkan\u0131 Tatar, K\u0131rg\u0131siztan d\u00f6n\u00fc\u015f\u00fc Ercan\u2019da bas\u0131n toplant\u0131s\u0131 d\u00fczenledi"}]},{"@type":"WebSite","@id":"https:\/\/kibrisdakik.com\/#website","url":"https:\/\/kibrisdakik.com\/","name":"","description":"Tam vaktinde haber","potentialAction":[{"@type":"SearchAction","target":{"@type":"EntryPoint","urlTemplate":"https:\/\/kibrisdakik.com\/?s={search_term_string}"},"query-input":{"@type":"PropertyValueSpecification","valueRequired":true,"valueName":"search_term_string"}}],"inLanguage":"tr"},{"@type":"Person","@id":"https:\/\/kibrisdakik.com\/#\/schema\/person\/9cd9d437bbb44f72b73ba127e06d8e79","name":"admin","image":{"@type":"ImageObject","inLanguage":"tr","@id":"https:\/\/secure.gravatar.com\/avatar\/ccc17943b9d660506c869530f897617f7cb1c21a4bf30023f252596d83e1f007?s=96&d=mm&r=g","url":"https:\/\/secure.gravatar.com\/avatar\/ccc17943b9d660506c869530f897617f7cb1c21a4bf30023f252596d83e1f007?s=96&d=mm&r=g","contentUrl":"https:\/\/secure.gravatar.com\/avatar\/ccc17943b9d660506c869530f897617f7cb1c21a4bf30023f252596d83e1f007?s=96&d=mm&r=g","caption":"admin"},"sameAs":["https:\/\/kibrisdakik.com"],"url":"https:\/\/kibrisdakik.com\/?author=1"}]}},"_links":{"self":[{"href":"https:\/\/kibrisdakik.com\/index.php?rest_route=\/wp\/v2\/posts\/68484","targetHints":{"allow":["GET"]}}],"collection":[{"href":"https:\/\/kibrisdakik.com\/index.php?rest_route=\/wp\/v2\/posts"}],"about":[{"href":"https:\/\/kibrisdakik.com\/index.php?rest_route=\/wp\/v2\/types\/post"}],"author":[{"embeddable":true,"href":"https:\/\/kibrisdakik.com\/index.php?rest_route=\/wp\/v2\/users\/1"}],"replies":[{"embeddable":true,"href":"https:\/\/kibrisdakik.com\/index.php?rest_route=%2Fwp%2Fv2%2Fcomments&post=68484"}],"version-history":[{"count":0,"href":"https:\/\/kibrisdakik.com\/index.php?rest_route=\/wp\/v2\/posts\/68484\/revisions"}],"wp:featuredmedia":[{"embeddable":true,"href":"https:\/\/kibrisdakik.com\/index.php?rest_route=\/wp\/v2\/media\/68485"}],"wp:attachment":[{"href":"https:\/\/kibrisdakik.com\/index.php?rest_route=%2Fwp%2Fv2%2Fmedia&parent=68484"}],"wp:term":[{"taxonomy":"category","embeddable":true,"href":"https:\/\/kibrisdakik.com\/index.php?rest_route=%2Fwp%2Fv2%2Fcategories&post=68484"},{"taxonomy":"post_tag","embeddable":true,"href":"https:\/\/kibrisdakik.com\/index.php?rest_route=%2Fwp%2Fv2%2Ftags&post=68484"}],"curies":[{"name":"wp","href":"https:\/\/api.w.org\/{rel}","templated":true}]}}