{"id":68510,"date":"2024-11-07T14:11:49","date_gmt":"2024-11-07T11:11:49","guid":{"rendered":"https:\/\/kibrisdakik.com\/index.php\/2024\/11\/07\/ozersay-yenidogan-yogun-bakimda-yasananlar-konusunda-saglik-bakaninin-seffaf-olmamak-ve-sorumluluk-almamakla-elestirdi\/"},"modified":"2024-11-07T14:11:49","modified_gmt":"2024-11-07T11:11:49","slug":"ozersay-yenidogan-yogun-bakimda-yasananlar-konusunda-saglik-bakaninin-seffaf-olmamak-ve-sorumluluk-almamakla-elestirdi","status":"publish","type":"post","link":"https:\/\/kibrisdakik.com\/?p=68510","title":{"rendered":"\u00d6zersay Yenido\u011fan Yo\u011fun Bak\u0131m\u2019da ya\u015fananlar konusunda Sa\u011fl\u0131k Bakan\u0131\u2019n\u0131n \u015feffaf olmamak ve sorumluluk almamakla ele\u015ftirdi"},"content":{"rendered":"<div>\n<div class=\"mariselle-image-container center\">\n                                            <\/div>\n<p>Halk\u0131n Partisi (HP) Genel Ba\u015fkan\u0131 Kudret \u00d6zersay, Yenido\u011fan Yo\u011fun Bak\u0131m\u2019da ya\u015fananlar konusunda Sa\u011fl\u0131k Bakan\u0131\u2019n\u0131n \u015feffaf olmamak  ve sorumluluk almamakla ele\u015ftirerek istifaya davet etti.<br \/>\u00d6zersay, yapt\u0131\u011f\u0131 yaz\u0131l\u0131 a\u00e7\u0131klamada, Yenido\u011fan Yo\u011fum Bak\u0131m\u2019da bir bebe\u011fin \u00f6l\u00fcm\u00fcne neden olan ihmallerin halka do\u011fru aktar\u0131lmad\u0131\u011f\u0131n\u0131 belirtti; \u201c\u015eimdiye de\u011fil bir defa, on defa istifa etmeniz gerekirdi\u201d dedi.<br \/>\u201cMeclis krizinin\u201d \u00fclke g\u00fcndemini me\u015fgul etmesi nedeniyle alkoll\u00fc mama skandal\u0131n\u0131n normal bir olay gibi g\u00f6sterildi\u011fini ifade eden \u00d6zersay, alkoll\u00fc mamaya maruz kalan \u00e7ocuklar\u0131n ileride kal\u0131c\u0131 hasar g\u00f6rmesi durumunda devletin ne gibi tedbirler ald\u0131\u011f\u0131n\u0131 sordu.<\/p>\n<p>Sa\u011fl\u0131k Bakan\u0131\u2019n\u0131n ilk g\u00fcnden sorumlulu\u011fu olma ihtimali bulunan m\u00fcd\u00fcr, doktor, y\u00f6netici konumdaki doktor ve hem\u015fireleri g\u00f6revden al\u0131p kendisinin de istifa etmesi ve polis s\u00fcrecinin \u00f6n\u00fcn\u00fc a\u00e7mas\u0131 gerekti\u011fini kaydeden \u00d6zersay,  \u201cBunun yerine \u2018Bu s\u00fcreci \u015feffaf \u015fekilde y\u00fcr\u00fctece\u011fiz\u2019 demi\u015f ve Meclis kaosunun \u00fclke g\u00fcndemini gereksiz yere i\u015fgal etmesinden de istifadeyle konuyu adeta normal bir olay gibi takdim etmeye ba\u015flam\u0131\u015ft\u0131r.\u201d dedi. <\/p>\n<p>\u00d6zersay, \u201cBu s\u00fcrecin neresi \u015feffaf, Allah a\u015fk\u0131na say\u0131n Bakan bize s\u00f6yler misiniz? Sa\u011fl\u0131k \u00e7al\u0131\u015fanlar\u0131n\u0131n birlik ve sendika y\u00f6neticileriyle bir g\u00f6r\u00fc\u015fme yap\u0131p bas\u0131na da bu konuyu g\u00f6r\u00fc\u015fmede \u2018ele ald\u0131\u011f\u0131n\u0131z\u0131\u2019 a\u00e7\u0131klamak m\u0131 \u015feffafl\u0131k?. Skandal\u0131n ilk saatlerinden itibaren as\u0131l skandal ailelere ge\u00e7 bilgi verilmesi de\u011fil, hi\u00e7 bilgi verilmemesiydi yani \u015feffaf olunmamas\u0131yd\u0131, ailelerin daha en ba\u015ftan \u00e7ocuklar\u0131yla ilgili bu vahim ihlali bas\u0131ndan \u00f6\u011frenmeleri mi \u015feffafl\u0131k? Bu kadar g\u00fcn ge\u00e7mi\u015f olmas\u0131na ra\u011fmen ailelerin ve kamuoyunun halen daha o gece bebeklerden sorumlu olan doktorun b\u0131rak\u0131n bir ihmalinin olup olmad\u0131\u011f\u0131n\u0131 kim oldu\u011funu dahi bilmiyor olmas\u0131 m\u0131 \u015feffafl\u0131k?\u201d diye sordu.<\/p>\n<p>-\u201cBakan, m\u00fcd\u00fcr, ba\u015fhekim, bebeklerden sorumlu doktor ifade verdi mi?\u201d<\/p>\n<p>Sa\u011fl\u0131k Bakan\u0131\u2019n\u0131 bug\u00fcne kadar soru\u015fturma s\u00fcrecine yard\u0131mc\u0131 olmak i\u00e7in polise g\u00f6n\u00fcll\u00fc ifade vermeye haz\u0131r oldu\u011funu bildirmemekle, ifade vermemekle ele\u015ftiren \u00d6zersay, \u201cO hastaneden ve birimden sorumlu m\u00fcd\u00fcr ifade verdi mi? Hastane Ba\u015fhekimi, bebeklerden sorumlu doktor ifade verdi mi? Yoksa \u015fimdi bize ge\u00e7en g\u00fcn dedi\u011finiz gibi \u2018konu yarg\u0131ya intikal etti bir \u015fey s\u00f6yleyemem\u2019 yan\u0131t\u0131n\u0131 m\u0131 vereceksiniz say\u0131n Bakan? O zaman \u2018bu s\u00fcreci \u015feffaf \u015fekilde y\u00fcr\u00fctece\u011fiz\u2019 derken hangi \u015feffafl\u0131ktan bahsediyorsunuz acaba?\u201d ifadelerini kulland\u0131.<\/p>\n<p>-Kal\u0131c\u0131 sa\u011fl\u0131k sorunlar\u0131na y\u00f6nelik tedbir\u2026.\u201d<\/p>\n<p>Hayatta kalan bebeklerin t\u0131bbi olarak ileride ne gibi kal\u0131c\u0131 sa\u011fl\u0131k sorunlar\u0131 ya\u015fayabileceklerine dair bug\u00fcne kadar ara\u015ft\u0131rma yap\u0131l\u0131p yap\u0131lmad\u0131\u011f\u0131n\u0131, hangi bilimsel ara\u015ft\u0131rmalara bak\u0131ld\u0131\u011f\u0131n\u0131, \u015fu ana kadar herhangi bir ba\u015fka \u00fclke uzman sa\u011fl\u0131k ekibiyle temas kurulup kurulmad\u0131\u011f\u0131n\u0131 soran \u00d6zersay, \u201cBu bebekler ileride baz\u0131 rahats\u0131zl\u0131klar ya\u015farsa tedavilerini devlet olarak \u00fcstlenecek miyiz? Bu konuda bir tedbir ald\u0131n\u0131z m\u0131? Bu konuda ailelere g\u00fcvence verdiniz mi? Yoksa \u2018bebekler solunum cihaz\u0131na ba\u011fl\u0131yd\u0131lar \u015fimdi kendiler nefes alabiliyor ve taburcu oldular, tamamd\u0131r; gerisi bizim i\u015fimiz de\u011fildir\u2019 mi diyorsunuz?\u201d ifadelerini kulland\u0131.<\/p>\n<\/p><\/div>\n<p><script async\n                    defer\n                    crossorigin=\"anonymous\"\n                    src=\"https:\/\/connect.facebook.net\/tr_TR\/sdk.js#xfbml=1&#038;version=v3.3\"\n            ><\/script><\/p>\n","protected":false},"excerpt":{"rendered":"<p>Halk\u0131n Partisi (HP) Genel Ba\u015fkan\u0131 Kudret \u00d6zersay, Yenido\u011fan Yo\u011fun Bak\u0131m\u2019da ya\u015fananlar konusunda Sa\u011fl\u0131k Bakan\u0131\u2019n\u0131n \u015feffaf olmamak ve sorumluluk almamakla ele\u015ftirerek istifaya davet etti.\u00d6zersay, yapt\u0131\u011f\u0131 yaz\u0131l\u0131 a\u00e7\u0131klamada, Yenido\u011fan Yo\u011fum Bak\u0131m\u2019da bir bebe\u011fin \u00f6l\u00fcm\u00fcne neden olan ihmallerin halka do\u011fru aktar\u0131lmad\u0131\u011f\u0131n\u0131 belirtti; \u201c\u015eimdiye de\u011fil bir defa, on defa istifa etmeniz gerekirdi\u201d dedi.\u201cMeclis krizinin\u201d \u00fclke g\u00fcndemini me\u015fgul etmesi nedeniyle<\/p>\n","protected":false},"author":1,"featured_media":68511,"comment_status":"open","ping_status":"open","sticky":false,"template":"","format":"standard","meta":{"footnotes":""},"categories":[81],"tags":[],"class_list":["post-68510","post","type-post","status-publish","format-standard","has-post-thumbnail","hentry","category-kibris"],"yoast_head":"<!-- This site is optimized with the Yoast SEO plugin v27.5 - https:\/\/yoast.com\/product\/yoast-seo-wordpress\/ -->\n<title>\u00d6zersay Yenido\u011fan Yo\u011fun Bak\u0131m\u2019da ya\u015fananlar konusunda Sa\u011fl\u0131k Bakan\u0131\u2019n\u0131n \u015feffaf olmamak ve sorumluluk almamakla ele\u015ftirdi -<\/title>\n<meta name=\"robots\" content=\"index, follow, max-snippet:-1, max-image-preview:large, max-video-preview:-1\" \/>\n<link rel=\"canonical\" href=\"https:\/\/kibrisdakik.com\/?p=68510\" \/>\n<meta property=\"og:locale\" content=\"tr_TR\" \/>\n<meta property=\"og:type\" content=\"article\" \/>\n<meta property=\"og:title\" content=\"\u00d6zersay Yenido\u011fan Yo\u011fun Bak\u0131m\u2019da ya\u015fananlar konusunda Sa\u011fl\u0131k Bakan\u0131\u2019n\u0131n \u015feffaf olmamak ve sorumluluk almamakla ele\u015ftirdi -\" \/>\n<meta property=\"og:description\" content=\"Halk\u0131n Partisi (HP) Genel Ba\u015fkan\u0131 Kudret \u00d6zersay, Yenido\u011fan Yo\u011fun Bak\u0131m\u2019da ya\u015fananlar konusunda Sa\u011fl\u0131k Bakan\u0131\u2019n\u0131n \u015feffaf olmamak ve sorumluluk almamakla ele\u015ftirerek istifaya davet etti.\u00d6zersay, yapt\u0131\u011f\u0131 yaz\u0131l\u0131 a\u00e7\u0131klamada, Yenido\u011fan Yo\u011fum Bak\u0131m\u2019da bir bebe\u011fin \u00f6l\u00fcm\u00fcne neden olan ihmallerin halka do\u011fru aktar\u0131lmad\u0131\u011f\u0131n\u0131 belirtti; \u201c\u015eimdiye de\u011fil bir defa, on defa istifa etmeniz gerekirdi\u201d dedi.\u201cMeclis krizinin\u201d \u00fclke g\u00fcndemini me\u015fgul etmesi nedeniyle\" \/>\n<meta property=\"og:url\" content=\"https:\/\/kibrisdakik.com\/?p=68510\" \/>\n<meta property=\"article:published_time\" content=\"2024-11-07T11:11:49+00:00\" \/>\n<meta property=\"og:image\" content=\"https:\/\/kibrisdakik.com\/wp-content\/uploads\/2024\/11\/ozersay72-740x420.jpg\" \/>\n\t<meta property=\"og:image:width\" content=\"1600\" \/>\n\t<meta property=\"og:image:height\" content=\"1066\" \/>\n\t<meta property=\"og:image:type\" content=\"image\/jpeg\" \/>\n<meta name=\"author\" content=\"admin\" \/>\n<meta name=\"twitter:card\" content=\"summary_large_image\" \/>\n<meta name=\"twitter:label1\" content=\"Yazan:\" \/>\n\t<meta name=\"twitter:data1\" content=\"admin\" \/>\n\t<meta name=\"twitter:label2\" content=\"Tahmini okuma s\u00fcresi\" \/>\n\t<meta name=\"twitter:data2\" content=\"3 dakika\" \/>\n<script type=\"application\/ld+json\" class=\"yoast-schema-graph\">{\"@context\":\"https:\\\/\\\/schema.org\",\"@graph\":[{\"@type\":\"Article\",\"@id\":\"https:\\\/\\\/kibrisdakik.com\\\/?p=68510#article\",\"isPartOf\":{\"@id\":\"https:\\\/\\\/kibrisdakik.com\\\/?p=68510\"},\"author\":{\"name\":\"admin\",\"@id\":\"https:\\\/\\\/kibrisdakik.com\\\/#\\\/schema\\\/person\\\/9cd9d437bbb44f72b73ba127e06d8e79\"},\"headline\":\"\u00d6zersay Yenido\u011fan Yo\u011fun Bak\u0131m\u2019da ya\u015fananlar konusunda Sa\u011fl\u0131k Bakan\u0131\u2019n\u0131n \u015feffaf olmamak ve sorumluluk almamakla ele\u015ftirdi\",\"datePublished\":\"2024-11-07T11:11:49+00:00\",\"mainEntityOfPage\":{\"@id\":\"https:\\\/\\\/kibrisdakik.com\\\/?p=68510\"},\"wordCount\":592,\"commentCount\":0,\"image\":{\"@id\":\"https:\\\/\\\/kibrisdakik.com\\\/?p=68510#primaryimage\"},\"thumbnailUrl\":\"https:\\\/\\\/kibrisdakik.com\\\/wp-content\\\/uploads\\\/2024\\\/11\\\/ozersay72-740x420.jpg\",\"articleSection\":[\"K\u0131br\u0131s\"],\"inLanguage\":\"tr\",\"potentialAction\":[{\"@type\":\"CommentAction\",\"name\":\"Comment\",\"target\":[\"https:\\\/\\\/kibrisdakik.com\\\/?p=68510#respond\"]}]},{\"@type\":\"WebPage\",\"@id\":\"https:\\\/\\\/kibrisdakik.com\\\/?p=68510\",\"url\":\"https:\\\/\\\/kibrisdakik.com\\\/?p=68510\",\"name\":\"\u00d6zersay Yenido\u011fan Yo\u011fun Bak\u0131m\u2019da ya\u015fananlar konusunda Sa\u011fl\u0131k Bakan\u0131\u2019n\u0131n \u015feffaf olmamak ve sorumluluk almamakla ele\u015ftirdi -\",\"isPartOf\":{\"@id\":\"https:\\\/\\\/kibrisdakik.com\\\/#website\"},\"primaryImageOfPage\":{\"@id\":\"https:\\\/\\\/kibrisdakik.com\\\/?p=68510#primaryimage\"},\"image\":{\"@id\":\"https:\\\/\\\/kibrisdakik.com\\\/?p=68510#primaryimage\"},\"thumbnailUrl\":\"https:\\\/\\\/kibrisdakik.com\\\/wp-content\\\/uploads\\\/2024\\\/11\\\/ozersay72-740x420.jpg\",\"datePublished\":\"2024-11-07T11:11:49+00:00\",\"author\":{\"@id\":\"https:\\\/\\\/kibrisdakik.com\\\/#\\\/schema\\\/person\\\/9cd9d437bbb44f72b73ba127e06d8e79\"},\"breadcrumb\":{\"@id\":\"https:\\\/\\\/kibrisdakik.com\\\/?p=68510#breadcrumb\"},\"inLanguage\":\"tr\",\"potentialAction\":[{\"@type\":\"ReadAction\",\"target\":[\"https:\\\/\\\/kibrisdakik.com\\\/?p=68510\"]}]},{\"@type\":\"ImageObject\",\"inLanguage\":\"tr\",\"@id\":\"https:\\\/\\\/kibrisdakik.com\\\/?p=68510#primaryimage\",\"url\":\"https:\\\/\\\/kibrisdakik.com\\\/wp-content\\\/uploads\\\/2024\\\/11\\\/ozersay72-740x420.jpg\",\"contentUrl\":\"https:\\\/\\\/kibrisdakik.com\\\/wp-content\\\/uploads\\\/2024\\\/11\\\/ozersay72-740x420.jpg\",\"width\":1600,\"height\":1066},{\"@type\":\"BreadcrumbList\",\"@id\":\"https:\\\/\\\/kibrisdakik.com\\\/?p=68510#breadcrumb\",\"itemListElement\":[{\"@type\":\"ListItem\",\"position\":1,\"name\":\"Home\",\"item\":\"https:\\\/\\\/kibrisdakik.com\\\/\"},{\"@type\":\"ListItem\",\"position\":2,\"name\":\"\u00d6zersay Yenido\u011fan Yo\u011fun Bak\u0131m\u2019da ya\u015fananlar konusunda Sa\u011fl\u0131k Bakan\u0131\u2019n\u0131n \u015feffaf olmamak ve sorumluluk almamakla ele\u015ftirdi\"}]},{\"@type\":\"WebSite\",\"@id\":\"https:\\\/\\\/kibrisdakik.com\\\/#website\",\"url\":\"https:\\\/\\\/kibrisdakik.com\\\/\",\"name\":\"\",\"description\":\"Tam vaktinde haber\",\"potentialAction\":[{\"@type\":\"SearchAction\",\"target\":{\"@type\":\"EntryPoint\",\"urlTemplate\":\"https:\\\/\\\/kibrisdakik.com\\\/?s={search_term_string}\"},\"query-input\":{\"@type\":\"PropertyValueSpecification\",\"valueRequired\":true,\"valueName\":\"search_term_string\"}}],\"inLanguage\":\"tr\"},{\"@type\":\"Person\",\"@id\":\"https:\\\/\\\/kibrisdakik.com\\\/#\\\/schema\\\/person\\\/9cd9d437bbb44f72b73ba127e06d8e79\",\"name\":\"admin\",\"image\":{\"@type\":\"ImageObject\",\"inLanguage\":\"tr\",\"@id\":\"https:\\\/\\\/secure.gravatar.com\\\/avatar\\\/ccc17943b9d660506c869530f897617f7cb1c21a4bf30023f252596d83e1f007?s=96&d=mm&r=g\",\"url\":\"https:\\\/\\\/secure.gravatar.com\\\/avatar\\\/ccc17943b9d660506c869530f897617f7cb1c21a4bf30023f252596d83e1f007?s=96&d=mm&r=g\",\"contentUrl\":\"https:\\\/\\\/secure.gravatar.com\\\/avatar\\\/ccc17943b9d660506c869530f897617f7cb1c21a4bf30023f252596d83e1f007?s=96&d=mm&r=g\",\"caption\":\"admin\"},\"sameAs\":[\"https:\\\/\\\/kibrisdakik.com\"],\"url\":\"https:\\\/\\\/kibrisdakik.com\\\/?author=1\"}]}<\/script>\n<!-- \/ Yoast SEO plugin. -->","yoast_head_json":{"title":"\u00d6zersay Yenido\u011fan Yo\u011fun Bak\u0131m\u2019da ya\u015fananlar konusunda Sa\u011fl\u0131k Bakan\u0131\u2019n\u0131n \u015feffaf olmamak ve sorumluluk almamakla ele\u015ftirdi -","robots":{"index":"index","follow":"follow","max-snippet":"max-snippet:-1","max-image-preview":"max-image-preview:large","max-video-preview":"max-video-preview:-1"},"canonical":"https:\/\/kibrisdakik.com\/?p=68510","og_locale":"tr_TR","og_type":"article","og_title":"\u00d6zersay Yenido\u011fan Yo\u011fun Bak\u0131m\u2019da ya\u015fananlar konusunda Sa\u011fl\u0131k Bakan\u0131\u2019n\u0131n \u015feffaf olmamak ve sorumluluk almamakla ele\u015ftirdi -","og_description":"Halk\u0131n Partisi (HP) Genel Ba\u015fkan\u0131 Kudret \u00d6zersay, Yenido\u011fan Yo\u011fun Bak\u0131m\u2019da ya\u015fananlar konusunda Sa\u011fl\u0131k Bakan\u0131\u2019n\u0131n \u015feffaf olmamak ve sorumluluk almamakla ele\u015ftirerek istifaya davet etti.\u00d6zersay, yapt\u0131\u011f\u0131 yaz\u0131l\u0131 a\u00e7\u0131klamada, Yenido\u011fan Yo\u011fum Bak\u0131m\u2019da bir bebe\u011fin \u00f6l\u00fcm\u00fcne neden olan ihmallerin halka do\u011fru aktar\u0131lmad\u0131\u011f\u0131n\u0131 belirtti; \u201c\u015eimdiye de\u011fil bir defa, on defa istifa etmeniz gerekirdi\u201d dedi.\u201cMeclis krizinin\u201d \u00fclke g\u00fcndemini me\u015fgul etmesi nedeniyle","og_url":"https:\/\/kibrisdakik.com\/?p=68510","article_published_time":"2024-11-07T11:11:49+00:00","og_image":[{"width":1600,"height":1066,"url":"https:\/\/kibrisdakik.com\/wp-content\/uploads\/2024\/11\/ozersay72-740x420.jpg","type":"image\/jpeg"}],"author":"admin","twitter_card":"summary_large_image","twitter_misc":{"Yazan:":"admin","Tahmini okuma s\u00fcresi":"3 dakika"},"schema":{"@context":"https:\/\/schema.org","@graph":[{"@type":"Article","@id":"https:\/\/kibrisdakik.com\/?p=68510#article","isPartOf":{"@id":"https:\/\/kibrisdakik.com\/?p=68510"},"author":{"name":"admin","@id":"https:\/\/kibrisdakik.com\/#\/schema\/person\/9cd9d437bbb44f72b73ba127e06d8e79"},"headline":"\u00d6zersay Yenido\u011fan Yo\u011fun Bak\u0131m\u2019da ya\u015fananlar konusunda Sa\u011fl\u0131k Bakan\u0131\u2019n\u0131n \u015feffaf olmamak ve sorumluluk almamakla ele\u015ftirdi","datePublished":"2024-11-07T11:11:49+00:00","mainEntityOfPage":{"@id":"https:\/\/kibrisdakik.com\/?p=68510"},"wordCount":592,"commentCount":0,"image":{"@id":"https:\/\/kibrisdakik.com\/?p=68510#primaryimage"},"thumbnailUrl":"https:\/\/kibrisdakik.com\/wp-content\/uploads\/2024\/11\/ozersay72-740x420.jpg","articleSection":["K\u0131br\u0131s"],"inLanguage":"tr","potentialAction":[{"@type":"CommentAction","name":"Comment","target":["https:\/\/kibrisdakik.com\/?p=68510#respond"]}]},{"@type":"WebPage","@id":"https:\/\/kibrisdakik.com\/?p=68510","url":"https:\/\/kibrisdakik.com\/?p=68510","name":"\u00d6zersay Yenido\u011fan Yo\u011fun Bak\u0131m\u2019da ya\u015fananlar konusunda Sa\u011fl\u0131k Bakan\u0131\u2019n\u0131n \u015feffaf olmamak ve sorumluluk almamakla ele\u015ftirdi -","isPartOf":{"@id":"https:\/\/kibrisdakik.com\/#website"},"primaryImageOfPage":{"@id":"https:\/\/kibrisdakik.com\/?p=68510#primaryimage"},"image":{"@id":"https:\/\/kibrisdakik.com\/?p=68510#primaryimage"},"thumbnailUrl":"https:\/\/kibrisdakik.com\/wp-content\/uploads\/2024\/11\/ozersay72-740x420.jpg","datePublished":"2024-11-07T11:11:49+00:00","author":{"@id":"https:\/\/kibrisdakik.com\/#\/schema\/person\/9cd9d437bbb44f72b73ba127e06d8e79"},"breadcrumb":{"@id":"https:\/\/kibrisdakik.com\/?p=68510#breadcrumb"},"inLanguage":"tr","potentialAction":[{"@type":"ReadAction","target":["https:\/\/kibrisdakik.com\/?p=68510"]}]},{"@type":"ImageObject","inLanguage":"tr","@id":"https:\/\/kibrisdakik.com\/?p=68510#primaryimage","url":"https:\/\/kibrisdakik.com\/wp-content\/uploads\/2024\/11\/ozersay72-740x420.jpg","contentUrl":"https:\/\/kibrisdakik.com\/wp-content\/uploads\/2024\/11\/ozersay72-740x420.jpg","width":1600,"height":1066},{"@type":"BreadcrumbList","@id":"https:\/\/kibrisdakik.com\/?p=68510#breadcrumb","itemListElement":[{"@type":"ListItem","position":1,"name":"Home","item":"https:\/\/kibrisdakik.com\/"},{"@type":"ListItem","position":2,"name":"\u00d6zersay Yenido\u011fan Yo\u011fun Bak\u0131m\u2019da ya\u015fananlar konusunda Sa\u011fl\u0131k Bakan\u0131\u2019n\u0131n \u015feffaf olmamak ve sorumluluk almamakla ele\u015ftirdi"}]},{"@type":"WebSite","@id":"https:\/\/kibrisdakik.com\/#website","url":"https:\/\/kibrisdakik.com\/","name":"","description":"Tam vaktinde haber","potentialAction":[{"@type":"SearchAction","target":{"@type":"EntryPoint","urlTemplate":"https:\/\/kibrisdakik.com\/?s={search_term_string}"},"query-input":{"@type":"PropertyValueSpecification","valueRequired":true,"valueName":"search_term_string"}}],"inLanguage":"tr"},{"@type":"Person","@id":"https:\/\/kibrisdakik.com\/#\/schema\/person\/9cd9d437bbb44f72b73ba127e06d8e79","name":"admin","image":{"@type":"ImageObject","inLanguage":"tr","@id":"https:\/\/secure.gravatar.com\/avatar\/ccc17943b9d660506c869530f897617f7cb1c21a4bf30023f252596d83e1f007?s=96&d=mm&r=g","url":"https:\/\/secure.gravatar.com\/avatar\/ccc17943b9d660506c869530f897617f7cb1c21a4bf30023f252596d83e1f007?s=96&d=mm&r=g","contentUrl":"https:\/\/secure.gravatar.com\/avatar\/ccc17943b9d660506c869530f897617f7cb1c21a4bf30023f252596d83e1f007?s=96&d=mm&r=g","caption":"admin"},"sameAs":["https:\/\/kibrisdakik.com"],"url":"https:\/\/kibrisdakik.com\/?author=1"}]}},"_links":{"self":[{"href":"https:\/\/kibrisdakik.com\/index.php?rest_route=\/wp\/v2\/posts\/68510","targetHints":{"allow":["GET"]}}],"collection":[{"href":"https:\/\/kibrisdakik.com\/index.php?rest_route=\/wp\/v2\/posts"}],"about":[{"href":"https:\/\/kibrisdakik.com\/index.php?rest_route=\/wp\/v2\/types\/post"}],"author":[{"embeddable":true,"href":"https:\/\/kibrisdakik.com\/index.php?rest_route=\/wp\/v2\/users\/1"}],"replies":[{"embeddable":true,"href":"https:\/\/kibrisdakik.com\/index.php?rest_route=%2Fwp%2Fv2%2Fcomments&post=68510"}],"version-history":[{"count":0,"href":"https:\/\/kibrisdakik.com\/index.php?rest_route=\/wp\/v2\/posts\/68510\/revisions"}],"wp:featuredmedia":[{"embeddable":true,"href":"https:\/\/kibrisdakik.com\/index.php?rest_route=\/wp\/v2\/media\/68511"}],"wp:attachment":[{"href":"https:\/\/kibrisdakik.com\/index.php?rest_route=%2Fwp%2Fv2%2Fmedia&parent=68510"}],"wp:term":[{"taxonomy":"category","embeddable":true,"href":"https:\/\/kibrisdakik.com\/index.php?rest_route=%2Fwp%2Fv2%2Fcategories&post=68510"},{"taxonomy":"post_tag","embeddable":true,"href":"https:\/\/kibrisdakik.com\/index.php?rest_route=%2Fwp%2Fv2%2Ftags&post=68510"}],"curies":[{"name":"wp","href":"https:\/\/api.w.org\/{rel}","templated":true}]}}