{"id":68540,"date":"2024-11-07T19:09:00","date_gmt":"2024-11-07T16:09:00","guid":{"rendered":"https:\/\/kibrisdakik.com\/index.php\/2024\/11\/07\/cumhurbaskanligi-halk-konseyi-bilgilendirme-ve-istisare-toplantisi-yapildi\/"},"modified":"2024-11-07T19:09:00","modified_gmt":"2024-11-07T16:09:00","slug":"cumhurbaskanligi-halk-konseyi-bilgilendirme-ve-istisare-toplantisi-yapildi","status":"publish","type":"post","link":"https:\/\/kibrisdakik.com\/?p=68540","title":{"rendered":"Cumhurba\u015fkanl\u0131\u011f\u0131 Halk Konseyi bilgilendirme ve isti\u015fare toplant\u0131s\u0131 yap\u0131ld\u0131"},"content":{"rendered":"<div>\n<div class=\"mariselle-image-container center\">\n                                            <\/div>\n<p>Cumhurba\u015fkanl\u0131\u011f\u0131 Halk Konseyi bilgilendirme ve isti\u015fare toplant\u0131s\u0131 yap\u0131ld\u0131\u2026<\/p>\n<p>Toplant\u0131da, m\u00fczakere masas\u0131na ancak egemen e\u015fitlik ve e\u015fit uluslararas\u0131 stat\u00fcn\u00fcn kabul\u00fc ile oturmaya haz\u0131r olduklar\u0131n\u0131 dile getiren Cumhurba\u015fkan\u0131 Tatar, diplomasiden diyalog ve ileti\u015fimden vazge\u00e7meyeceklerini ifade etti. <\/p>\n<p>Cumhurba\u015fkanl\u0131\u011f\u0131 b\u00fcnyesinde olu\u015fturulan Halk Konseyi\u2019nin bilgilendirme ve isti\u015fare toplant\u0131s\u0131, Cumhurba\u015fkan\u0131 Ersin Tatar\u2019\u0131n ba\u015fkanl\u0131\u011f\u0131nda ger\u00e7ekle\u015fti.  <\/p>\n<p>Cumhurba\u015fkan\u0131 Tatar, toplant\u0131da yapt\u0131\u011f\u0131 konu\u015fmada; K\u0131br\u0131s Sorunu, Birle\u015fmi\u015f Milletler 79\u2019uncu Genel Kurul Toplant\u0131s\u0131, New York\u2019ta ger\u00e7ekle\u015fen gayr\u0131resmi \u00fc\u00e7l\u00fc yemek ve b\u00f6lgede ya\u015fanan son geli\u015fmelerle ilgili bilgi verdi\u2026  <\/p>\n<p>BM Genel Sekreteri\u2019nin davetiyle New York\u2019ta Rum Y\u00f6netimi Lideri ile gayriresmi ve ajandas\u0131 olmayan \u00fc\u00e7l\u00fc bir yemekte biraraya geldi\u011fini anlatan Cumhurba\u015fkan\u0131 Tatar, \u201cNew York\u2019ta, kar\u015f\u0131 tarafa d\u00fc\u015f\u00fcncelerimi, g\u00f6r\u00fc\u015flerimi ve \u015fu anda temsil etti\u011fimiz siyaseti ifade etme f\u0131rsat\u0131 buldum\u201d dedi. <\/p>\n<p>M\u00fczakere masas\u0131na ancak egemen e\u015fitlik ve e\u015fit uluslararas\u0131 stat\u00fcn\u00fcn kabul\u00fc ile oturmaya haz\u0131r olduklar\u0131n\u0131 dile getiren Cumhurba\u015fkan\u0131 Tatar, diplomasiden diyalog ve ileti\u015fimden vazge\u00e7meyeceklerini ifade etti. <\/p>\n<p>Resm\u00ee ve yeni m\u00fczakerelere ancak egemen e\u015fitlik ve e\u015fit uluslararas\u0131 stat\u00fcn\u00fcn kabul\u00fcyle ba\u015flanaca\u011f\u0131n\u0131 dile getiren Cumhurba\u015fkan\u0131 Tatar, \u201cPrensiplerimiz bellidir. \u0130leti\u015fim ve diyalogdan ka\u00e7may\u0131z. Ajandas\u0131 olmayan yeme\u011fe kat\u0131ld\u0131k \u00e7\u00fcnk\u00fc f\u0131rsat buldu\u011fumuzda siyasetimizi anlat\u0131yoruz\u201d dedi.<\/p>\n<p>Tek y\u00fcrek olarak birlikte hareket etme anlay\u0131\u015f\u0131nda oldu\u011funu anlatan Cumhurba\u015fkan\u0131 Tatar, T\u00fckiye\u2019de gazilerle ve \u00f6rg\u00fctlerle g\u00f6r\u00fc\u015ft\u00fc\u011f\u00fcn\u00fc, Avustralya\u2019ya Cumhurba\u015fkan\u0131 olarak gitti\u011fini ve m\u00fcnasebetleri geli\u015ftirdi\u011fini kaydetti.<\/p>\n<p>Yurtd\u0131\u015f\u0131nda ya\u015fayan K\u0131br\u0131s T\u00fcrkleri\u2019ne i\u015faret eden Cumhurba\u015fkan\u0131 Tatar,\u201dN\u00fcfus say\u0131m\u0131z belli, herbirine sahip \u00e7\u0131kmal\u0131y\u0131z. \u00dclkelerine geri d\u00f6nmelerini sa\u011flamayl\u0131z. Sekt\u00f6rlerde ya\u015fanan geli\u015fmelerden dolay\u0131 geri d\u00f6n\u00fc\u015flerin ya\u015fanmas\u0131 sevindiricidir\u201d ifadelerini kulland\u0131.<\/p>\n<p>T\u00fcrk Devletler Te\u015fkilat\u0131\u2019nda yap\u0131lan \u00e7al\u0131\u015fmalardan da bahseden Cumhurba\u015fkan\u0131 Tatar, Kuzey K\u0131br\u0131s T\u00fcrk Cumhuriyeti\u2019ni tan\u0131mak isteyen \u00fclkelere bask\u0131 yap\u0131ld\u0131\u011f\u0131n\u0131 ve tehdit edildiklerini ifade etti.  <\/p>\n<p>Toplant\u0131da s\u00f6z alan dernek ile sivil toplum \u00f6rg\u00fct ba\u015fkan ve temsilcileri federal temele dayal\u0131 \u00e7\u00f6z\u00fcm \u015feklinin m\u00fcmk\u00fcn olmad\u0131\u011f\u0131n\u0131 ve iki ayr\u0131 egemen devletin varl\u0131\u011f\u0131na dayal\u0131 \u00e7\u00f6z\u00fcm \u015feklinden geri ad\u0131m at\u0131lamayaca\u011f\u0131na vurgu yapt\u0131. <\/p>\n<p>Dernek ve sivil toplum \u00f6rg\u00fct ba\u015fkanlar\u0131 yapt\u0131klar\u0131 konu\u015fmalarda, Cumhurba\u015fkan\u0131 Ersin Tatar\u2019a destek ve g\u00fcvenlerinin tam oldu\u011funu da ifade etti.  <\/p>\n<p>Halk Konseyi toplant\u0131lar\u0131 belirlenen takvim do\u011frultusunda \u00f6n\u00fcm\u00fczdeki g\u00fcnlerde de devam edecek.<\/p>\n<\/p><\/div>\n<p><script async\n                    defer\n                    crossorigin=\"anonymous\"\n                    src=\"https:\/\/connect.facebook.net\/tr_TR\/sdk.js#xfbml=1&#038;version=v3.3\"\n            ><\/script><\/p>\n","protected":false},"excerpt":{"rendered":"<p>Cumhurba\u015fkanl\u0131\u011f\u0131 Halk Konseyi bilgilendirme ve isti\u015fare toplant\u0131s\u0131 yap\u0131ld\u0131\u2026 Toplant\u0131da, m\u00fczakere masas\u0131na ancak egemen e\u015fitlik ve e\u015fit uluslararas\u0131 stat\u00fcn\u00fcn kabul\u00fc ile oturmaya haz\u0131r olduklar\u0131n\u0131 dile getiren Cumhurba\u015fkan\u0131 Tatar, diplomasiden diyalog ve ileti\u015fimden vazge\u00e7meyeceklerini ifade etti. Cumhurba\u015fkanl\u0131\u011f\u0131 b\u00fcnyesinde olu\u015fturulan Halk Konseyi\u2019nin bilgilendirme ve isti\u015fare toplant\u0131s\u0131, Cumhurba\u015fkan\u0131 Ersin Tatar\u2019\u0131n ba\u015fkanl\u0131\u011f\u0131nda ger\u00e7ekle\u015fti. Cumhurba\u015fkan\u0131 Tatar, toplant\u0131da yapt\u0131\u011f\u0131 konu\u015fmada; K\u0131br\u0131s Sorunu,<\/p>\n","protected":false},"author":1,"featured_media":68541,"comment_status":"open","ping_status":"open","sticky":false,"template":"","format":"standard","meta":{"footnotes":""},"categories":[81],"tags":[],"class_list":["post-68540","post","type-post","status-publish","format-standard","has-post-thumbnail","hentry","category-kibris"],"yoast_head":"<!-- This site is optimized with the Yoast SEO plugin v27.5 - https:\/\/yoast.com\/product\/yoast-seo-wordpress\/ -->\n<title>Cumhurba\u015fkanl\u0131\u011f\u0131 Halk Konseyi bilgilendirme ve isti\u015fare toplant\u0131s\u0131 yap\u0131ld\u0131 -<\/title>\n<meta name=\"robots\" content=\"index, follow, max-snippet:-1, max-image-preview:large, max-video-preview:-1\" \/>\n<link rel=\"canonical\" href=\"https:\/\/kibrisdakik.com\/?p=68540\" \/>\n<meta property=\"og:locale\" content=\"tr_TR\" \/>\n<meta property=\"og:type\" content=\"article\" \/>\n<meta property=\"og:title\" content=\"Cumhurba\u015fkanl\u0131\u011f\u0131 Halk Konseyi bilgilendirme ve isti\u015fare toplant\u0131s\u0131 yap\u0131ld\u0131 -\" \/>\n<meta property=\"og:description\" content=\"Cumhurba\u015fkanl\u0131\u011f\u0131 Halk Konseyi bilgilendirme ve isti\u015fare toplant\u0131s\u0131 yap\u0131ld\u0131\u2026 Toplant\u0131da, m\u00fczakere masas\u0131na ancak egemen e\u015fitlik ve e\u015fit uluslararas\u0131 stat\u00fcn\u00fcn kabul\u00fc ile oturmaya haz\u0131r olduklar\u0131n\u0131 dile getiren Cumhurba\u015fkan\u0131 Tatar, diplomasiden diyalog ve ileti\u015fimden vazge\u00e7meyeceklerini ifade etti. Cumhurba\u015fkanl\u0131\u011f\u0131 b\u00fcnyesinde olu\u015fturulan Halk Konseyi\u2019nin bilgilendirme ve isti\u015fare toplant\u0131s\u0131, Cumhurba\u015fkan\u0131 Ersin Tatar\u2019\u0131n ba\u015fkanl\u0131\u011f\u0131nda ger\u00e7ekle\u015fti. Cumhurba\u015fkan\u0131 Tatar, toplant\u0131da yapt\u0131\u011f\u0131 konu\u015fmada; K\u0131br\u0131s Sorunu,\" \/>\n<meta property=\"og:url\" content=\"https:\/\/kibrisdakik.com\/?p=68540\" \/>\n<meta property=\"article:published_time\" content=\"2024-11-07T16:09:00+00:00\" \/>\n<meta property=\"og:image\" content=\"https:\/\/kibrisdakik.com\/wp-content\/uploads\/2024\/11\/IMG-20241107-WA0012-740x420.jpg\" \/>\n\t<meta property=\"og:image:width\" content=\"2560\" \/>\n\t<meta property=\"og:image:height\" content=\"1706\" \/>\n\t<meta property=\"og:image:type\" content=\"image\/jpeg\" \/>\n<meta name=\"author\" content=\"admin\" \/>\n<meta name=\"twitter:card\" content=\"summary_large_image\" \/>\n<meta name=\"twitter:label1\" content=\"Yazan:\" \/>\n\t<meta name=\"twitter:data1\" content=\"admin\" \/>\n\t<meta name=\"twitter:label2\" content=\"Tahmini okuma s\u00fcresi\" \/>\n\t<meta name=\"twitter:data2\" content=\"2 dakika\" \/>\n<script type=\"application\/ld+json\" class=\"yoast-schema-graph\">{\"@context\":\"https:\\\/\\\/schema.org\",\"@graph\":[{\"@type\":\"Article\",\"@id\":\"https:\\\/\\\/kibrisdakik.com\\\/?p=68540#article\",\"isPartOf\":{\"@id\":\"https:\\\/\\\/kibrisdakik.com\\\/?p=68540\"},\"author\":{\"name\":\"admin\",\"@id\":\"https:\\\/\\\/kibrisdakik.com\\\/#\\\/schema\\\/person\\\/9cd9d437bbb44f72b73ba127e06d8e79\"},\"headline\":\"Cumhurba\u015fkanl\u0131\u011f\u0131 Halk Konseyi bilgilendirme ve isti\u015fare toplant\u0131s\u0131 yap\u0131ld\u0131\",\"datePublished\":\"2024-11-07T16:09:00+00:00\",\"mainEntityOfPage\":{\"@id\":\"https:\\\/\\\/kibrisdakik.com\\\/?p=68540\"},\"wordCount\":480,\"commentCount\":0,\"image\":{\"@id\":\"https:\\\/\\\/kibrisdakik.com\\\/?p=68540#primaryimage\"},\"thumbnailUrl\":\"https:\\\/\\\/kibrisdakik.com\\\/wp-content\\\/uploads\\\/2024\\\/11\\\/IMG-20241107-WA0012-740x420.jpg\",\"articleSection\":[\"K\u0131br\u0131s\"],\"inLanguage\":\"tr\",\"potentialAction\":[{\"@type\":\"CommentAction\",\"name\":\"Comment\",\"target\":[\"https:\\\/\\\/kibrisdakik.com\\\/?p=68540#respond\"]}]},{\"@type\":\"WebPage\",\"@id\":\"https:\\\/\\\/kibrisdakik.com\\\/?p=68540\",\"url\":\"https:\\\/\\\/kibrisdakik.com\\\/?p=68540\",\"name\":\"Cumhurba\u015fkanl\u0131\u011f\u0131 Halk Konseyi bilgilendirme ve isti\u015fare toplant\u0131s\u0131 yap\u0131ld\u0131 -\",\"isPartOf\":{\"@id\":\"https:\\\/\\\/kibrisdakik.com\\\/#website\"},\"primaryImageOfPage\":{\"@id\":\"https:\\\/\\\/kibrisdakik.com\\\/?p=68540#primaryimage\"},\"image\":{\"@id\":\"https:\\\/\\\/kibrisdakik.com\\\/?p=68540#primaryimage\"},\"thumbnailUrl\":\"https:\\\/\\\/kibrisdakik.com\\\/wp-content\\\/uploads\\\/2024\\\/11\\\/IMG-20241107-WA0012-740x420.jpg\",\"datePublished\":\"2024-11-07T16:09:00+00:00\",\"author\":{\"@id\":\"https:\\\/\\\/kibrisdakik.com\\\/#\\\/schema\\\/person\\\/9cd9d437bbb44f72b73ba127e06d8e79\"},\"breadcrumb\":{\"@id\":\"https:\\\/\\\/kibrisdakik.com\\\/?p=68540#breadcrumb\"},\"inLanguage\":\"tr\",\"potentialAction\":[{\"@type\":\"ReadAction\",\"target\":[\"https:\\\/\\\/kibrisdakik.com\\\/?p=68540\"]}]},{\"@type\":\"ImageObject\",\"inLanguage\":\"tr\",\"@id\":\"https:\\\/\\\/kibrisdakik.com\\\/?p=68540#primaryimage\",\"url\":\"https:\\\/\\\/kibrisdakik.com\\\/wp-content\\\/uploads\\\/2024\\\/11\\\/IMG-20241107-WA0012-740x420.jpg\",\"contentUrl\":\"https:\\\/\\\/kibrisdakik.com\\\/wp-content\\\/uploads\\\/2024\\\/11\\\/IMG-20241107-WA0012-740x420.jpg\",\"width\":2560,\"height\":1706},{\"@type\":\"BreadcrumbList\",\"@id\":\"https:\\\/\\\/kibrisdakik.com\\\/?p=68540#breadcrumb\",\"itemListElement\":[{\"@type\":\"ListItem\",\"position\":1,\"name\":\"Home\",\"item\":\"https:\\\/\\\/kibrisdakik.com\\\/\"},{\"@type\":\"ListItem\",\"position\":2,\"name\":\"Cumhurba\u015fkanl\u0131\u011f\u0131 Halk Konseyi bilgilendirme ve isti\u015fare toplant\u0131s\u0131 yap\u0131ld\u0131\"}]},{\"@type\":\"WebSite\",\"@id\":\"https:\\\/\\\/kibrisdakik.com\\\/#website\",\"url\":\"https:\\\/\\\/kibrisdakik.com\\\/\",\"name\":\"\",\"description\":\"Tam vaktinde haber\",\"potentialAction\":[{\"@type\":\"SearchAction\",\"target\":{\"@type\":\"EntryPoint\",\"urlTemplate\":\"https:\\\/\\\/kibrisdakik.com\\\/?s={search_term_string}\"},\"query-input\":{\"@type\":\"PropertyValueSpecification\",\"valueRequired\":true,\"valueName\":\"search_term_string\"}}],\"inLanguage\":\"tr\"},{\"@type\":\"Person\",\"@id\":\"https:\\\/\\\/kibrisdakik.com\\\/#\\\/schema\\\/person\\\/9cd9d437bbb44f72b73ba127e06d8e79\",\"name\":\"admin\",\"image\":{\"@type\":\"ImageObject\",\"inLanguage\":\"tr\",\"@id\":\"https:\\\/\\\/secure.gravatar.com\\\/avatar\\\/ccc17943b9d660506c869530f897617f7cb1c21a4bf30023f252596d83e1f007?s=96&d=mm&r=g\",\"url\":\"https:\\\/\\\/secure.gravatar.com\\\/avatar\\\/ccc17943b9d660506c869530f897617f7cb1c21a4bf30023f252596d83e1f007?s=96&d=mm&r=g\",\"contentUrl\":\"https:\\\/\\\/secure.gravatar.com\\\/avatar\\\/ccc17943b9d660506c869530f897617f7cb1c21a4bf30023f252596d83e1f007?s=96&d=mm&r=g\",\"caption\":\"admin\"},\"sameAs\":[\"https:\\\/\\\/kibrisdakik.com\"],\"url\":\"https:\\\/\\\/kibrisdakik.com\\\/?author=1\"}]}<\/script>\n<!-- \/ Yoast SEO plugin. -->","yoast_head_json":{"title":"Cumhurba\u015fkanl\u0131\u011f\u0131 Halk Konseyi bilgilendirme ve isti\u015fare toplant\u0131s\u0131 yap\u0131ld\u0131 -","robots":{"index":"index","follow":"follow","max-snippet":"max-snippet:-1","max-image-preview":"max-image-preview:large","max-video-preview":"max-video-preview:-1"},"canonical":"https:\/\/kibrisdakik.com\/?p=68540","og_locale":"tr_TR","og_type":"article","og_title":"Cumhurba\u015fkanl\u0131\u011f\u0131 Halk Konseyi bilgilendirme ve isti\u015fare toplant\u0131s\u0131 yap\u0131ld\u0131 -","og_description":"Cumhurba\u015fkanl\u0131\u011f\u0131 Halk Konseyi bilgilendirme ve isti\u015fare toplant\u0131s\u0131 yap\u0131ld\u0131\u2026 Toplant\u0131da, m\u00fczakere masas\u0131na ancak egemen e\u015fitlik ve e\u015fit uluslararas\u0131 stat\u00fcn\u00fcn kabul\u00fc ile oturmaya haz\u0131r olduklar\u0131n\u0131 dile getiren Cumhurba\u015fkan\u0131 Tatar, diplomasiden diyalog ve ileti\u015fimden vazge\u00e7meyeceklerini ifade etti. Cumhurba\u015fkanl\u0131\u011f\u0131 b\u00fcnyesinde olu\u015fturulan Halk Konseyi\u2019nin bilgilendirme ve isti\u015fare toplant\u0131s\u0131, Cumhurba\u015fkan\u0131 Ersin Tatar\u2019\u0131n ba\u015fkanl\u0131\u011f\u0131nda ger\u00e7ekle\u015fti. Cumhurba\u015fkan\u0131 Tatar, toplant\u0131da yapt\u0131\u011f\u0131 konu\u015fmada; K\u0131br\u0131s Sorunu,","og_url":"https:\/\/kibrisdakik.com\/?p=68540","article_published_time":"2024-11-07T16:09:00+00:00","og_image":[{"width":2560,"height":1706,"url":"https:\/\/kibrisdakik.com\/wp-content\/uploads\/2024\/11\/IMG-20241107-WA0012-740x420.jpg","type":"image\/jpeg"}],"author":"admin","twitter_card":"summary_large_image","twitter_misc":{"Yazan:":"admin","Tahmini okuma s\u00fcresi":"2 dakika"},"schema":{"@context":"https:\/\/schema.org","@graph":[{"@type":"Article","@id":"https:\/\/kibrisdakik.com\/?p=68540#article","isPartOf":{"@id":"https:\/\/kibrisdakik.com\/?p=68540"},"author":{"name":"admin","@id":"https:\/\/kibrisdakik.com\/#\/schema\/person\/9cd9d437bbb44f72b73ba127e06d8e79"},"headline":"Cumhurba\u015fkanl\u0131\u011f\u0131 Halk Konseyi bilgilendirme ve isti\u015fare toplant\u0131s\u0131 yap\u0131ld\u0131","datePublished":"2024-11-07T16:09:00+00:00","mainEntityOfPage":{"@id":"https:\/\/kibrisdakik.com\/?p=68540"},"wordCount":480,"commentCount":0,"image":{"@id":"https:\/\/kibrisdakik.com\/?p=68540#primaryimage"},"thumbnailUrl":"https:\/\/kibrisdakik.com\/wp-content\/uploads\/2024\/11\/IMG-20241107-WA0012-740x420.jpg","articleSection":["K\u0131br\u0131s"],"inLanguage":"tr","potentialAction":[{"@type":"CommentAction","name":"Comment","target":["https:\/\/kibrisdakik.com\/?p=68540#respond"]}]},{"@type":"WebPage","@id":"https:\/\/kibrisdakik.com\/?p=68540","url":"https:\/\/kibrisdakik.com\/?p=68540","name":"Cumhurba\u015fkanl\u0131\u011f\u0131 Halk Konseyi bilgilendirme ve isti\u015fare toplant\u0131s\u0131 yap\u0131ld\u0131 -","isPartOf":{"@id":"https:\/\/kibrisdakik.com\/#website"},"primaryImageOfPage":{"@id":"https:\/\/kibrisdakik.com\/?p=68540#primaryimage"},"image":{"@id":"https:\/\/kibrisdakik.com\/?p=68540#primaryimage"},"thumbnailUrl":"https:\/\/kibrisdakik.com\/wp-content\/uploads\/2024\/11\/IMG-20241107-WA0012-740x420.jpg","datePublished":"2024-11-07T16:09:00+00:00","author":{"@id":"https:\/\/kibrisdakik.com\/#\/schema\/person\/9cd9d437bbb44f72b73ba127e06d8e79"},"breadcrumb":{"@id":"https:\/\/kibrisdakik.com\/?p=68540#breadcrumb"},"inLanguage":"tr","potentialAction":[{"@type":"ReadAction","target":["https:\/\/kibrisdakik.com\/?p=68540"]}]},{"@type":"ImageObject","inLanguage":"tr","@id":"https:\/\/kibrisdakik.com\/?p=68540#primaryimage","url":"https:\/\/kibrisdakik.com\/wp-content\/uploads\/2024\/11\/IMG-20241107-WA0012-740x420.jpg","contentUrl":"https:\/\/kibrisdakik.com\/wp-content\/uploads\/2024\/11\/IMG-20241107-WA0012-740x420.jpg","width":2560,"height":1706},{"@type":"BreadcrumbList","@id":"https:\/\/kibrisdakik.com\/?p=68540#breadcrumb","itemListElement":[{"@type":"ListItem","position":1,"name":"Home","item":"https:\/\/kibrisdakik.com\/"},{"@type":"ListItem","position":2,"name":"Cumhurba\u015fkanl\u0131\u011f\u0131 Halk Konseyi bilgilendirme ve isti\u015fare toplant\u0131s\u0131 yap\u0131ld\u0131"}]},{"@type":"WebSite","@id":"https:\/\/kibrisdakik.com\/#website","url":"https:\/\/kibrisdakik.com\/","name":"","description":"Tam vaktinde haber","potentialAction":[{"@type":"SearchAction","target":{"@type":"EntryPoint","urlTemplate":"https:\/\/kibrisdakik.com\/?s={search_term_string}"},"query-input":{"@type":"PropertyValueSpecification","valueRequired":true,"valueName":"search_term_string"}}],"inLanguage":"tr"},{"@type":"Person","@id":"https:\/\/kibrisdakik.com\/#\/schema\/person\/9cd9d437bbb44f72b73ba127e06d8e79","name":"admin","image":{"@type":"ImageObject","inLanguage":"tr","@id":"https:\/\/secure.gravatar.com\/avatar\/ccc17943b9d660506c869530f897617f7cb1c21a4bf30023f252596d83e1f007?s=96&d=mm&r=g","url":"https:\/\/secure.gravatar.com\/avatar\/ccc17943b9d660506c869530f897617f7cb1c21a4bf30023f252596d83e1f007?s=96&d=mm&r=g","contentUrl":"https:\/\/secure.gravatar.com\/avatar\/ccc17943b9d660506c869530f897617f7cb1c21a4bf30023f252596d83e1f007?s=96&d=mm&r=g","caption":"admin"},"sameAs":["https:\/\/kibrisdakik.com"],"url":"https:\/\/kibrisdakik.com\/?author=1"}]}},"_links":{"self":[{"href":"https:\/\/kibrisdakik.com\/index.php?rest_route=\/wp\/v2\/posts\/68540","targetHints":{"allow":["GET"]}}],"collection":[{"href":"https:\/\/kibrisdakik.com\/index.php?rest_route=\/wp\/v2\/posts"}],"about":[{"href":"https:\/\/kibrisdakik.com\/index.php?rest_route=\/wp\/v2\/types\/post"}],"author":[{"embeddable":true,"href":"https:\/\/kibrisdakik.com\/index.php?rest_route=\/wp\/v2\/users\/1"}],"replies":[{"embeddable":true,"href":"https:\/\/kibrisdakik.com\/index.php?rest_route=%2Fwp%2Fv2%2Fcomments&post=68540"}],"version-history":[{"count":0,"href":"https:\/\/kibrisdakik.com\/index.php?rest_route=\/wp\/v2\/posts\/68540\/revisions"}],"wp:featuredmedia":[{"embeddable":true,"href":"https:\/\/kibrisdakik.com\/index.php?rest_route=\/wp\/v2\/media\/68541"}],"wp:attachment":[{"href":"https:\/\/kibrisdakik.com\/index.php?rest_route=%2Fwp%2Fv2%2Fmedia&parent=68540"}],"wp:term":[{"taxonomy":"category","embeddable":true,"href":"https:\/\/kibrisdakik.com\/index.php?rest_route=%2Fwp%2Fv2%2Fcategories&post=68540"},{"taxonomy":"post_tag","embeddable":true,"href":"https:\/\/kibrisdakik.com\/index.php?rest_route=%2Fwp%2Fv2%2Ftags&post=68540"}],"curies":[{"name":"wp","href":"https:\/\/api.w.org\/{rel}","templated":true}]}}