{"id":68559,"date":"2024-11-08T11:26:02","date_gmt":"2024-11-08T08:26:02","guid":{"rendered":"https:\/\/kibrisdakik.com\/index.php\/2024\/11\/08\/cumhurbaskani-tatar-samsunda-temaslarda-bulunacak\/"},"modified":"2024-11-08T11:26:02","modified_gmt":"2024-11-08T08:26:02","slug":"cumhurbaskani-tatar-samsunda-temaslarda-bulunacak","status":"publish","type":"post","link":"https:\/\/kibrisdakik.com\/?p=68559","title":{"rendered":"Cumhurba\u015fkan\u0131 Tatar, Samsun\u2019da temaslarda bulunacak"},"content":{"rendered":"<div>\n<div class=\"mariselle-image-container center\">\n                                            <\/div>\n<p>Cumhurba\u015fkan\u0131 Ersin Tatar, Samsun\u2019da temaslarda bulunmak \u00fczere d\u00fcn adadan ayr\u0131ld\u0131.<\/p>\n<p>Tatar, Samsun\u2019daki temaslar\u0131na bug\u00fcn ba\u015flayacak. Samsun\u2019daki yetkililerle g\u00f6r\u00fc\u015fmeler yapacak olan Tatar, K\u0131br\u0131s Gazisi Musa Sar\u0131\u2019n\u0131n cenaze t\u00f6renine kat\u0131larak gazinin yak\u0131nlar\u0131na ba\u015fsa\u011fl\u0131\u011f\u0131 dileklerini iletecek.<\/p>\n<p>\u00d6\u011fle saatlerinde K\u0131br\u0131s gazileriyle bir araya gelecek olan Tatar, \u015eehit \u00d6mer Halisdemir \u00c7ok Ama\u00e7l\u0131 Salon\u2019da d\u00fczenlenecek etkinlikte gazilere hitap edecek. <\/p>\n<p>Cumhurba\u015fkan\u0131 Tatar daha sonra, Ondokuz May\u0131s \u00dcniversitesi Gen\u00e7lik Toplulu\u011fu\u2019nun daveti \u00fczerine saat 15.30\u2019da \u00fcniversite gen\u00e7leriyle bulu\u015facak ve burada \u00f6\u011frencilere K\u0131br\u0131s davas\u0131 ve KKTC\u2018nin gelece\u011fi hakk\u0131nda bir konferans verecek.Program\u0131n sonunda Cumhurba\u015fkan\u0131 Tatar\u2019a fahri doktora \u00fcnvan\u0131 takdim edilecek.<\/p>\n<\/p><\/div>\n<p><script async\n                    defer\n                    crossorigin=\"anonymous\"\n                    src=\"https:\/\/connect.facebook.net\/tr_TR\/sdk.js#xfbml=1&#038;version=v3.3\"\n            ><\/script><\/p>\n","protected":false},"excerpt":{"rendered":"<p>Cumhurba\u015fkan\u0131 Ersin Tatar, Samsun\u2019da temaslarda bulunmak \u00fczere d\u00fcn adadan ayr\u0131ld\u0131. Tatar, Samsun\u2019daki temaslar\u0131na bug\u00fcn ba\u015flayacak. Samsun\u2019daki yetkililerle g\u00f6r\u00fc\u015fmeler yapacak olan Tatar, K\u0131br\u0131s Gazisi Musa Sar\u0131\u2019n\u0131n cenaze t\u00f6renine kat\u0131larak gazinin yak\u0131nlar\u0131na ba\u015fsa\u011fl\u0131\u011f\u0131 dileklerini iletecek. \u00d6\u011fle saatlerinde K\u0131br\u0131s gazileriyle bir araya gelecek olan Tatar, \u015eehit \u00d6mer Halisdemir \u00c7ok Ama\u00e7l\u0131 Salon\u2019da d\u00fczenlenecek etkinlikte gazilere hitap edecek. Cumhurba\u015fkan\u0131 Tatar<\/p>\n","protected":false},"author":1,"featured_media":68560,"comment_status":"open","ping_status":"open","sticky":false,"template":"","format":"standard","meta":{"footnotes":""},"categories":[81],"tags":[],"class_list":["post-68559","post","type-post","status-publish","format-standard","has-post-thumbnail","hentry","category-kibris"],"yoast_head":"<!-- This site is optimized with the Yoast SEO plugin v27.4 - https:\/\/yoast.com\/product\/yoast-seo-wordpress\/ -->\n<title>Cumhurba\u015fkan\u0131 Tatar, Samsun\u2019da temaslarda bulunacak -<\/title>\n<meta name=\"robots\" content=\"index, follow, max-snippet:-1, max-image-preview:large, max-video-preview:-1\" \/>\n<link rel=\"canonical\" href=\"https:\/\/kibrisdakik.com\/?p=68559\" \/>\n<meta property=\"og:locale\" content=\"tr_TR\" \/>\n<meta property=\"og:type\" content=\"article\" \/>\n<meta property=\"og:title\" content=\"Cumhurba\u015fkan\u0131 Tatar, Samsun\u2019da temaslarda bulunacak -\" \/>\n<meta property=\"og:description\" content=\"Cumhurba\u015fkan\u0131 Ersin Tatar, Samsun\u2019da temaslarda bulunmak \u00fczere d\u00fcn adadan ayr\u0131ld\u0131. Tatar, Samsun\u2019daki temaslar\u0131na bug\u00fcn ba\u015flayacak. Samsun\u2019daki yetkililerle g\u00f6r\u00fc\u015fmeler yapacak olan Tatar, K\u0131br\u0131s Gazisi Musa Sar\u0131\u2019n\u0131n cenaze t\u00f6renine kat\u0131larak gazinin yak\u0131nlar\u0131na ba\u015fsa\u011fl\u0131\u011f\u0131 dileklerini iletecek. \u00d6\u011fle saatlerinde K\u0131br\u0131s gazileriyle bir araya gelecek olan Tatar, \u015eehit \u00d6mer Halisdemir \u00c7ok Ama\u00e7l\u0131 Salon\u2019da d\u00fczenlenecek etkinlikte gazilere hitap edecek. Cumhurba\u015fkan\u0131 Tatar\" \/>\n<meta property=\"og:url\" content=\"https:\/\/kibrisdakik.com\/?p=68559\" \/>\n<meta property=\"article:published_time\" content=\"2024-11-08T08:26:02+00:00\" \/>\n<meta property=\"og:image\" content=\"https:\/\/kibrisdakik.com\/wp-content\/uploads\/2024\/11\/ersin-tatR-77-740x420.jpg\" \/>\n\t<meta property=\"og:image:width\" content=\"864\" \/>\n\t<meta property=\"og:image:height\" content=\"485\" \/>\n\t<meta property=\"og:image:type\" content=\"image\/jpeg\" \/>\n<meta name=\"author\" content=\"admin\" \/>\n<meta name=\"twitter:card\" content=\"summary_large_image\" \/>\n<meta name=\"twitter:label1\" content=\"Yazan:\" \/>\n\t<meta name=\"twitter:data1\" content=\"admin\" \/>\n\t<meta name=\"twitter:label2\" content=\"Tahmini okuma s\u00fcresi\" \/>\n\t<meta name=\"twitter:data2\" content=\"1 dakika\" \/>\n<script type=\"application\/ld+json\" class=\"yoast-schema-graph\">{\"@context\":\"https:\\\/\\\/schema.org\",\"@graph\":[{\"@type\":\"Article\",\"@id\":\"https:\\\/\\\/kibrisdakik.com\\\/?p=68559#article\",\"isPartOf\":{\"@id\":\"https:\\\/\\\/kibrisdakik.com\\\/?p=68559\"},\"author\":{\"name\":\"admin\",\"@id\":\"https:\\\/\\\/kibrisdakik.com\\\/#\\\/schema\\\/person\\\/9cd9d437bbb44f72b73ba127e06d8e79\"},\"headline\":\"Cumhurba\u015fkan\u0131 Tatar, Samsun\u2019da temaslarda bulunacak\",\"datePublished\":\"2024-11-08T08:26:02+00:00\",\"mainEntityOfPage\":{\"@id\":\"https:\\\/\\\/kibrisdakik.com\\\/?p=68559\"},\"wordCount\":138,\"commentCount\":0,\"image\":{\"@id\":\"https:\\\/\\\/kibrisdakik.com\\\/?p=68559#primaryimage\"},\"thumbnailUrl\":\"https:\\\/\\\/kibrisdakik.com\\\/wp-content\\\/uploads\\\/2024\\\/11\\\/ersin-tatR-77-740x420.jpg\",\"articleSection\":[\"K\u0131br\u0131s\"],\"inLanguage\":\"tr\",\"potentialAction\":[{\"@type\":\"CommentAction\",\"name\":\"Comment\",\"target\":[\"https:\\\/\\\/kibrisdakik.com\\\/?p=68559#respond\"]}]},{\"@type\":\"WebPage\",\"@id\":\"https:\\\/\\\/kibrisdakik.com\\\/?p=68559\",\"url\":\"https:\\\/\\\/kibrisdakik.com\\\/?p=68559\",\"name\":\"Cumhurba\u015fkan\u0131 Tatar, Samsun\u2019da temaslarda bulunacak -\",\"isPartOf\":{\"@id\":\"https:\\\/\\\/kibrisdakik.com\\\/#website\"},\"primaryImageOfPage\":{\"@id\":\"https:\\\/\\\/kibrisdakik.com\\\/?p=68559#primaryimage\"},\"image\":{\"@id\":\"https:\\\/\\\/kibrisdakik.com\\\/?p=68559#primaryimage\"},\"thumbnailUrl\":\"https:\\\/\\\/kibrisdakik.com\\\/wp-content\\\/uploads\\\/2024\\\/11\\\/ersin-tatR-77-740x420.jpg\",\"datePublished\":\"2024-11-08T08:26:02+00:00\",\"author\":{\"@id\":\"https:\\\/\\\/kibrisdakik.com\\\/#\\\/schema\\\/person\\\/9cd9d437bbb44f72b73ba127e06d8e79\"},\"breadcrumb\":{\"@id\":\"https:\\\/\\\/kibrisdakik.com\\\/?p=68559#breadcrumb\"},\"inLanguage\":\"tr\",\"potentialAction\":[{\"@type\":\"ReadAction\",\"target\":[\"https:\\\/\\\/kibrisdakik.com\\\/?p=68559\"]}]},{\"@type\":\"ImageObject\",\"inLanguage\":\"tr\",\"@id\":\"https:\\\/\\\/kibrisdakik.com\\\/?p=68559#primaryimage\",\"url\":\"https:\\\/\\\/kibrisdakik.com\\\/wp-content\\\/uploads\\\/2024\\\/11\\\/ersin-tatR-77-740x420.jpg\",\"contentUrl\":\"https:\\\/\\\/kibrisdakik.com\\\/wp-content\\\/uploads\\\/2024\\\/11\\\/ersin-tatR-77-740x420.jpg\",\"width\":864,\"height\":485},{\"@type\":\"BreadcrumbList\",\"@id\":\"https:\\\/\\\/kibrisdakik.com\\\/?p=68559#breadcrumb\",\"itemListElement\":[{\"@type\":\"ListItem\",\"position\":1,\"name\":\"Home\",\"item\":\"https:\\\/\\\/kibrisdakik.com\\\/\"},{\"@type\":\"ListItem\",\"position\":2,\"name\":\"Cumhurba\u015fkan\u0131 Tatar, Samsun\u2019da temaslarda bulunacak\"}]},{\"@type\":\"WebSite\",\"@id\":\"https:\\\/\\\/kibrisdakik.com\\\/#website\",\"url\":\"https:\\\/\\\/kibrisdakik.com\\\/\",\"name\":\"\",\"description\":\"Tam vaktinde haber\",\"potentialAction\":[{\"@type\":\"SearchAction\",\"target\":{\"@type\":\"EntryPoint\",\"urlTemplate\":\"https:\\\/\\\/kibrisdakik.com\\\/?s={search_term_string}\"},\"query-input\":{\"@type\":\"PropertyValueSpecification\",\"valueRequired\":true,\"valueName\":\"search_term_string\"}}],\"inLanguage\":\"tr\"},{\"@type\":\"Person\",\"@id\":\"https:\\\/\\\/kibrisdakik.com\\\/#\\\/schema\\\/person\\\/9cd9d437bbb44f72b73ba127e06d8e79\",\"name\":\"admin\",\"image\":{\"@type\":\"ImageObject\",\"inLanguage\":\"tr\",\"@id\":\"https:\\\/\\\/secure.gravatar.com\\\/avatar\\\/ccc17943b9d660506c869530f897617f7cb1c21a4bf30023f252596d83e1f007?s=96&d=mm&r=g\",\"url\":\"https:\\\/\\\/secure.gravatar.com\\\/avatar\\\/ccc17943b9d660506c869530f897617f7cb1c21a4bf30023f252596d83e1f007?s=96&d=mm&r=g\",\"contentUrl\":\"https:\\\/\\\/secure.gravatar.com\\\/avatar\\\/ccc17943b9d660506c869530f897617f7cb1c21a4bf30023f252596d83e1f007?s=96&d=mm&r=g\",\"caption\":\"admin\"},\"sameAs\":[\"https:\\\/\\\/kibrisdakik.com\"],\"url\":\"https:\\\/\\\/kibrisdakik.com\\\/?author=1\"}]}<\/script>\n<!-- \/ Yoast SEO plugin. -->","yoast_head_json":{"title":"Cumhurba\u015fkan\u0131 Tatar, Samsun\u2019da temaslarda bulunacak -","robots":{"index":"index","follow":"follow","max-snippet":"max-snippet:-1","max-image-preview":"max-image-preview:large","max-video-preview":"max-video-preview:-1"},"canonical":"https:\/\/kibrisdakik.com\/?p=68559","og_locale":"tr_TR","og_type":"article","og_title":"Cumhurba\u015fkan\u0131 Tatar, Samsun\u2019da temaslarda bulunacak -","og_description":"Cumhurba\u015fkan\u0131 Ersin Tatar, Samsun\u2019da temaslarda bulunmak \u00fczere d\u00fcn adadan ayr\u0131ld\u0131. Tatar, Samsun\u2019daki temaslar\u0131na bug\u00fcn ba\u015flayacak. Samsun\u2019daki yetkililerle g\u00f6r\u00fc\u015fmeler yapacak olan Tatar, K\u0131br\u0131s Gazisi Musa Sar\u0131\u2019n\u0131n cenaze t\u00f6renine kat\u0131larak gazinin yak\u0131nlar\u0131na ba\u015fsa\u011fl\u0131\u011f\u0131 dileklerini iletecek. \u00d6\u011fle saatlerinde K\u0131br\u0131s gazileriyle bir araya gelecek olan Tatar, \u015eehit \u00d6mer Halisdemir \u00c7ok Ama\u00e7l\u0131 Salon\u2019da d\u00fczenlenecek etkinlikte gazilere hitap edecek. Cumhurba\u015fkan\u0131 Tatar","og_url":"https:\/\/kibrisdakik.com\/?p=68559","article_published_time":"2024-11-08T08:26:02+00:00","og_image":[{"width":864,"height":485,"url":"https:\/\/kibrisdakik.com\/wp-content\/uploads\/2024\/11\/ersin-tatR-77-740x420.jpg","type":"image\/jpeg"}],"author":"admin","twitter_card":"summary_large_image","twitter_misc":{"Yazan:":"admin","Tahmini okuma s\u00fcresi":"1 dakika"},"schema":{"@context":"https:\/\/schema.org","@graph":[{"@type":"Article","@id":"https:\/\/kibrisdakik.com\/?p=68559#article","isPartOf":{"@id":"https:\/\/kibrisdakik.com\/?p=68559"},"author":{"name":"admin","@id":"https:\/\/kibrisdakik.com\/#\/schema\/person\/9cd9d437bbb44f72b73ba127e06d8e79"},"headline":"Cumhurba\u015fkan\u0131 Tatar, Samsun\u2019da temaslarda bulunacak","datePublished":"2024-11-08T08:26:02+00:00","mainEntityOfPage":{"@id":"https:\/\/kibrisdakik.com\/?p=68559"},"wordCount":138,"commentCount":0,"image":{"@id":"https:\/\/kibrisdakik.com\/?p=68559#primaryimage"},"thumbnailUrl":"https:\/\/kibrisdakik.com\/wp-content\/uploads\/2024\/11\/ersin-tatR-77-740x420.jpg","articleSection":["K\u0131br\u0131s"],"inLanguage":"tr","potentialAction":[{"@type":"CommentAction","name":"Comment","target":["https:\/\/kibrisdakik.com\/?p=68559#respond"]}]},{"@type":"WebPage","@id":"https:\/\/kibrisdakik.com\/?p=68559","url":"https:\/\/kibrisdakik.com\/?p=68559","name":"Cumhurba\u015fkan\u0131 Tatar, Samsun\u2019da temaslarda bulunacak -","isPartOf":{"@id":"https:\/\/kibrisdakik.com\/#website"},"primaryImageOfPage":{"@id":"https:\/\/kibrisdakik.com\/?p=68559#primaryimage"},"image":{"@id":"https:\/\/kibrisdakik.com\/?p=68559#primaryimage"},"thumbnailUrl":"https:\/\/kibrisdakik.com\/wp-content\/uploads\/2024\/11\/ersin-tatR-77-740x420.jpg","datePublished":"2024-11-08T08:26:02+00:00","author":{"@id":"https:\/\/kibrisdakik.com\/#\/schema\/person\/9cd9d437bbb44f72b73ba127e06d8e79"},"breadcrumb":{"@id":"https:\/\/kibrisdakik.com\/?p=68559#breadcrumb"},"inLanguage":"tr","potentialAction":[{"@type":"ReadAction","target":["https:\/\/kibrisdakik.com\/?p=68559"]}]},{"@type":"ImageObject","inLanguage":"tr","@id":"https:\/\/kibrisdakik.com\/?p=68559#primaryimage","url":"https:\/\/kibrisdakik.com\/wp-content\/uploads\/2024\/11\/ersin-tatR-77-740x420.jpg","contentUrl":"https:\/\/kibrisdakik.com\/wp-content\/uploads\/2024\/11\/ersin-tatR-77-740x420.jpg","width":864,"height":485},{"@type":"BreadcrumbList","@id":"https:\/\/kibrisdakik.com\/?p=68559#breadcrumb","itemListElement":[{"@type":"ListItem","position":1,"name":"Home","item":"https:\/\/kibrisdakik.com\/"},{"@type":"ListItem","position":2,"name":"Cumhurba\u015fkan\u0131 Tatar, Samsun\u2019da temaslarda bulunacak"}]},{"@type":"WebSite","@id":"https:\/\/kibrisdakik.com\/#website","url":"https:\/\/kibrisdakik.com\/","name":"","description":"Tam vaktinde haber","potentialAction":[{"@type":"SearchAction","target":{"@type":"EntryPoint","urlTemplate":"https:\/\/kibrisdakik.com\/?s={search_term_string}"},"query-input":{"@type":"PropertyValueSpecification","valueRequired":true,"valueName":"search_term_string"}}],"inLanguage":"tr"},{"@type":"Person","@id":"https:\/\/kibrisdakik.com\/#\/schema\/person\/9cd9d437bbb44f72b73ba127e06d8e79","name":"admin","image":{"@type":"ImageObject","inLanguage":"tr","@id":"https:\/\/secure.gravatar.com\/avatar\/ccc17943b9d660506c869530f897617f7cb1c21a4bf30023f252596d83e1f007?s=96&d=mm&r=g","url":"https:\/\/secure.gravatar.com\/avatar\/ccc17943b9d660506c869530f897617f7cb1c21a4bf30023f252596d83e1f007?s=96&d=mm&r=g","contentUrl":"https:\/\/secure.gravatar.com\/avatar\/ccc17943b9d660506c869530f897617f7cb1c21a4bf30023f252596d83e1f007?s=96&d=mm&r=g","caption":"admin"},"sameAs":["https:\/\/kibrisdakik.com"],"url":"https:\/\/kibrisdakik.com\/?author=1"}]}},"_links":{"self":[{"href":"https:\/\/kibrisdakik.com\/index.php?rest_route=\/wp\/v2\/posts\/68559","targetHints":{"allow":["GET"]}}],"collection":[{"href":"https:\/\/kibrisdakik.com\/index.php?rest_route=\/wp\/v2\/posts"}],"about":[{"href":"https:\/\/kibrisdakik.com\/index.php?rest_route=\/wp\/v2\/types\/post"}],"author":[{"embeddable":true,"href":"https:\/\/kibrisdakik.com\/index.php?rest_route=\/wp\/v2\/users\/1"}],"replies":[{"embeddable":true,"href":"https:\/\/kibrisdakik.com\/index.php?rest_route=%2Fwp%2Fv2%2Fcomments&post=68559"}],"version-history":[{"count":0,"href":"https:\/\/kibrisdakik.com\/index.php?rest_route=\/wp\/v2\/posts\/68559\/revisions"}],"wp:featuredmedia":[{"embeddable":true,"href":"https:\/\/kibrisdakik.com\/index.php?rest_route=\/wp\/v2\/media\/68560"}],"wp:attachment":[{"href":"https:\/\/kibrisdakik.com\/index.php?rest_route=%2Fwp%2Fv2%2Fmedia&parent=68559"}],"wp:term":[{"taxonomy":"category","embeddable":true,"href":"https:\/\/kibrisdakik.com\/index.php?rest_route=%2Fwp%2Fv2%2Fcategories&post=68559"},{"taxonomy":"post_tag","embeddable":true,"href":"https:\/\/kibrisdakik.com\/index.php?rest_route=%2Fwp%2Fv2%2Ftags&post=68559"}],"curies":[{"name":"wp","href":"https:\/\/api.w.org\/{rel}","templated":true}]}}