{"id":68580,"date":"2024-11-08T14:48:18","date_gmt":"2024-11-08T11:48:18","guid":{"rendered":"https:\/\/kibrisdakik.com\/index.php\/2024\/11\/08\/evrensel-cocuk-haklari-dernegi-saglik-bakanligi-onunde-eylem-yapti\/"},"modified":"2024-11-08T14:48:18","modified_gmt":"2024-11-08T11:48:18","slug":"evrensel-cocuk-haklari-dernegi-saglik-bakanligi-onunde-eylem-yapti","status":"publish","type":"post","link":"https:\/\/kibrisdakik.com\/?p=68580","title":{"rendered":"Evrensel \u00c7ocuk Haklar\u0131 Derne\u011fi, Sa\u011fl\u0131k Bakanl\u0131\u011f\u0131 \u00f6n\u00fcnde eylem yapt\u0131"},"content":{"rendered":"<div>\n<div class=\"mariselle-image-container center\">\n                                            <\/div>\n<p>Evrensel \u00c7ocuk Haklar\u0131 Derne\u011fi, Sa\u011fl\u0131k Bakanl\u0131\u011f\u0131 \u00f6n\u00fcnde eylem yapt\u0131.<\/p>\n<p> \t\u201c\u00c7ocuklar\u0131n Sesi Olaca\u011f\u0131z!\u201d slogan\u0131yla ger\u00e7ekle\u015ftirilen eyleme, baz\u0131 siyasi parti ve sivil toplum kurulu\u015fu da destek belirtti.<\/p>\n<p> \tEvrensel \u00c7ocuk Haklar\u0131 Derne\u011fi Kurulu \u00fcyesi Eda A\u015fan, kamu sa\u011fl\u0131k \u00e7al\u0131\u015fanlar\u0131n\u0131n yetersiz personel ve uzun \u00e7al\u0131\u015fma saatleri nedeniyle sa\u011fl\u0131k hizmetinde ciddi sorunlar ya\u015fand\u0131\u011f\u0131 belirtti ve H\u00fck\u00fcmete ele\u015ftirilerde bulundu.<\/p>\n<p> \tKamu sa\u011fl\u0131\u011f\u0131n\u0131n toplum a\u00e7\u0131s\u0131ndan hayati \u00f6nem ta\u015f\u0131d\u0131\u011f\u0131na i\u015faret eden A\u015fan, Lefko\u015fa Yenido\u011fan Yo\u011fun Bak\u0131m Servisi\u2019nde ya\u015fanan olayda ihmali olanlar\u0131n yarg\u0131 \u00f6n\u00fcnde hesap vermesi gerekti\u011fini s\u00f6yledi.<\/p>\n<p> \tEylem s\u0131ras\u0131nda eylem b\u00f6lgesinde bulunan Ekonomi ve Enerji Bakan\u0131 Olgun Amcao\u011flu da a\u00e7\u0131klama yapt\u0131.<\/p>\n<p> \tBakan Amcao\u011flu, ailelerin ac\u0131s\u0131n\u0131 \u00fclke olarak birlikte ya\u015fad\u0131klar\u0131n\u0131 belirterek, bu konuda makamlar\u0131n gereken t\u00fcm \u00f6nlemleri ald\u0131\u011f\u0131n\u0131 kaydetti. <\/p>\n<p> \tLefko\u015fa Yenido\u011fan Yo\u011fun Bak\u0131m Servisi\u2019nde ya\u015fanan olayda hayat\u0131n\u0131 kaybeden Mihrimah bebe\u011fin ailesi de, sa\u011fl\u0131kta ihmalin asla kabul edilemez oldu\u011funu kaydederek, \u201cAdalete g\u00fcveniyoruz. \u0130hmali  olan herkesin cezaland\u0131r\u0131lmas\u0131 gerekiyor\u201d dedi.<\/p>\n<\/p><\/div>\n<p><script async\n                    defer\n                    crossorigin=\"anonymous\"\n                    src=\"https:\/\/connect.facebook.net\/tr_TR\/sdk.js#xfbml=1&#038;version=v3.3\"\n            ><\/script><\/p>\n","protected":false},"excerpt":{"rendered":"<p>Evrensel \u00c7ocuk Haklar\u0131 Derne\u011fi, Sa\u011fl\u0131k Bakanl\u0131\u011f\u0131 \u00f6n\u00fcnde eylem yapt\u0131. \u201c\u00c7ocuklar\u0131n Sesi Olaca\u011f\u0131z!\u201d slogan\u0131yla ger\u00e7ekle\u015ftirilen eyleme, baz\u0131 siyasi parti ve sivil toplum kurulu\u015fu da destek belirtti. Evrensel \u00c7ocuk Haklar\u0131 Derne\u011fi Kurulu \u00fcyesi Eda A\u015fan, kamu sa\u011fl\u0131k \u00e7al\u0131\u015fanlar\u0131n\u0131n yetersiz personel ve uzun \u00e7al\u0131\u015fma saatleri nedeniyle sa\u011fl\u0131k hizmetinde ciddi sorunlar ya\u015fand\u0131\u011f\u0131 belirtti ve H\u00fck\u00fcmete ele\u015ftirilerde bulundu. Kamu sa\u011fl\u0131\u011f\u0131n\u0131n<\/p>\n","protected":false},"author":1,"featured_media":68581,"comment_status":"open","ping_status":"open","sticky":false,"template":"","format":"standard","meta":{"footnotes":""},"categories":[81],"tags":[],"class_list":["post-68580","post","type-post","status-publish","format-standard","has-post-thumbnail","hentry","category-kibris"],"yoast_head":"<!-- This site is optimized with the Yoast SEO plugin v27.5 - https:\/\/yoast.com\/product\/yoast-seo-wordpress\/ -->\n<title>Evrensel \u00c7ocuk Haklar\u0131 Derne\u011fi, Sa\u011fl\u0131k Bakanl\u0131\u011f\u0131 \u00f6n\u00fcnde eylem yapt\u0131 -<\/title>\n<meta name=\"robots\" content=\"index, follow, max-snippet:-1, max-image-preview:large, max-video-preview:-1\" \/>\n<link rel=\"canonical\" href=\"https:\/\/kibrisdakik.com\/?p=68580\" \/>\n<meta property=\"og:locale\" content=\"tr_TR\" \/>\n<meta property=\"og:type\" content=\"article\" \/>\n<meta property=\"og:title\" content=\"Evrensel \u00c7ocuk Haklar\u0131 Derne\u011fi, Sa\u011fl\u0131k Bakanl\u0131\u011f\u0131 \u00f6n\u00fcnde eylem yapt\u0131 -\" \/>\n<meta property=\"og:description\" content=\"Evrensel \u00c7ocuk Haklar\u0131 Derne\u011fi, Sa\u011fl\u0131k Bakanl\u0131\u011f\u0131 \u00f6n\u00fcnde eylem yapt\u0131. \u201c\u00c7ocuklar\u0131n Sesi Olaca\u011f\u0131z!\u201d slogan\u0131yla ger\u00e7ekle\u015ftirilen eyleme, baz\u0131 siyasi parti ve sivil toplum kurulu\u015fu da destek belirtti. Evrensel \u00c7ocuk Haklar\u0131 Derne\u011fi Kurulu \u00fcyesi Eda A\u015fan, kamu sa\u011fl\u0131k \u00e7al\u0131\u015fanlar\u0131n\u0131n yetersiz personel ve uzun \u00e7al\u0131\u015fma saatleri nedeniyle sa\u011fl\u0131k hizmetinde ciddi sorunlar ya\u015fand\u0131\u011f\u0131 belirtti ve H\u00fck\u00fcmete ele\u015ftirilerde bulundu. Kamu sa\u011fl\u0131\u011f\u0131n\u0131n\" \/>\n<meta property=\"og:url\" content=\"https:\/\/kibrisdakik.com\/?p=68580\" \/>\n<meta property=\"article:published_time\" content=\"2024-11-08T11:48:18+00:00\" \/>\n<meta property=\"og:image\" content=\"https:\/\/kibrisdakik.com\/wp-content\/uploads\/2024\/11\/465477239_990904939739273_7822710577828729281_n.jpg\" \/>\n\t<meta property=\"og:image:width\" content=\"600\" \/>\n\t<meta property=\"og:image:height\" content=\"338\" \/>\n\t<meta property=\"og:image:type\" content=\"image\/jpeg\" \/>\n<meta name=\"author\" content=\"admin\" \/>\n<meta name=\"twitter:card\" content=\"summary_large_image\" \/>\n<meta name=\"twitter:label1\" content=\"Yazan:\" \/>\n\t<meta name=\"twitter:data1\" content=\"admin\" \/>\n\t<meta name=\"twitter:label2\" content=\"Tahmini okuma s\u00fcresi\" \/>\n\t<meta name=\"twitter:data2\" content=\"1 dakika\" \/>\n<script type=\"application\/ld+json\" class=\"yoast-schema-graph\">{\"@context\":\"https:\\\/\\\/schema.org\",\"@graph\":[{\"@type\":\"Article\",\"@id\":\"https:\\\/\\\/kibrisdakik.com\\\/?p=68580#article\",\"isPartOf\":{\"@id\":\"https:\\\/\\\/kibrisdakik.com\\\/?p=68580\"},\"author\":{\"name\":\"admin\",\"@id\":\"https:\\\/\\\/kibrisdakik.com\\\/#\\\/schema\\\/person\\\/9cd9d437bbb44f72b73ba127e06d8e79\"},\"headline\":\"Evrensel \u00c7ocuk Haklar\u0131 Derne\u011fi, Sa\u011fl\u0131k Bakanl\u0131\u011f\u0131 \u00f6n\u00fcnde eylem yapt\u0131\",\"datePublished\":\"2024-11-08T11:48:18+00:00\",\"mainEntityOfPage\":{\"@id\":\"https:\\\/\\\/kibrisdakik.com\\\/?p=68580\"},\"wordCount\":221,\"commentCount\":0,\"image\":{\"@id\":\"https:\\\/\\\/kibrisdakik.com\\\/?p=68580#primaryimage\"},\"thumbnailUrl\":\"https:\\\/\\\/kibrisdakik.com\\\/wp-content\\\/uploads\\\/2024\\\/11\\\/465477239_990904939739273_7822710577828729281_n.jpg\",\"articleSection\":[\"K\u0131br\u0131s\"],\"inLanguage\":\"tr\",\"potentialAction\":[{\"@type\":\"CommentAction\",\"name\":\"Comment\",\"target\":[\"https:\\\/\\\/kibrisdakik.com\\\/?p=68580#respond\"]}]},{\"@type\":\"WebPage\",\"@id\":\"https:\\\/\\\/kibrisdakik.com\\\/?p=68580\",\"url\":\"https:\\\/\\\/kibrisdakik.com\\\/?p=68580\",\"name\":\"Evrensel \u00c7ocuk Haklar\u0131 Derne\u011fi, Sa\u011fl\u0131k Bakanl\u0131\u011f\u0131 \u00f6n\u00fcnde eylem yapt\u0131 -\",\"isPartOf\":{\"@id\":\"https:\\\/\\\/kibrisdakik.com\\\/#website\"},\"primaryImageOfPage\":{\"@id\":\"https:\\\/\\\/kibrisdakik.com\\\/?p=68580#primaryimage\"},\"image\":{\"@id\":\"https:\\\/\\\/kibrisdakik.com\\\/?p=68580#primaryimage\"},\"thumbnailUrl\":\"https:\\\/\\\/kibrisdakik.com\\\/wp-content\\\/uploads\\\/2024\\\/11\\\/465477239_990904939739273_7822710577828729281_n.jpg\",\"datePublished\":\"2024-11-08T11:48:18+00:00\",\"author\":{\"@id\":\"https:\\\/\\\/kibrisdakik.com\\\/#\\\/schema\\\/person\\\/9cd9d437bbb44f72b73ba127e06d8e79\"},\"breadcrumb\":{\"@id\":\"https:\\\/\\\/kibrisdakik.com\\\/?p=68580#breadcrumb\"},\"inLanguage\":\"tr\",\"potentialAction\":[{\"@type\":\"ReadAction\",\"target\":[\"https:\\\/\\\/kibrisdakik.com\\\/?p=68580\"]}]},{\"@type\":\"ImageObject\",\"inLanguage\":\"tr\",\"@id\":\"https:\\\/\\\/kibrisdakik.com\\\/?p=68580#primaryimage\",\"url\":\"https:\\\/\\\/kibrisdakik.com\\\/wp-content\\\/uploads\\\/2024\\\/11\\\/465477239_990904939739273_7822710577828729281_n.jpg\",\"contentUrl\":\"https:\\\/\\\/kibrisdakik.com\\\/wp-content\\\/uploads\\\/2024\\\/11\\\/465477239_990904939739273_7822710577828729281_n.jpg\",\"width\":600,\"height\":338},{\"@type\":\"BreadcrumbList\",\"@id\":\"https:\\\/\\\/kibrisdakik.com\\\/?p=68580#breadcrumb\",\"itemListElement\":[{\"@type\":\"ListItem\",\"position\":1,\"name\":\"Home\",\"item\":\"https:\\\/\\\/kibrisdakik.com\\\/\"},{\"@type\":\"ListItem\",\"position\":2,\"name\":\"Evrensel \u00c7ocuk Haklar\u0131 Derne\u011fi, Sa\u011fl\u0131k Bakanl\u0131\u011f\u0131 \u00f6n\u00fcnde eylem yapt\u0131\"}]},{\"@type\":\"WebSite\",\"@id\":\"https:\\\/\\\/kibrisdakik.com\\\/#website\",\"url\":\"https:\\\/\\\/kibrisdakik.com\\\/\",\"name\":\"\",\"description\":\"Tam vaktinde haber\",\"potentialAction\":[{\"@type\":\"SearchAction\",\"target\":{\"@type\":\"EntryPoint\",\"urlTemplate\":\"https:\\\/\\\/kibrisdakik.com\\\/?s={search_term_string}\"},\"query-input\":{\"@type\":\"PropertyValueSpecification\",\"valueRequired\":true,\"valueName\":\"search_term_string\"}}],\"inLanguage\":\"tr\"},{\"@type\":\"Person\",\"@id\":\"https:\\\/\\\/kibrisdakik.com\\\/#\\\/schema\\\/person\\\/9cd9d437bbb44f72b73ba127e06d8e79\",\"name\":\"admin\",\"image\":{\"@type\":\"ImageObject\",\"inLanguage\":\"tr\",\"@id\":\"https:\\\/\\\/secure.gravatar.com\\\/avatar\\\/ccc17943b9d660506c869530f897617f7cb1c21a4bf30023f252596d83e1f007?s=96&d=mm&r=g\",\"url\":\"https:\\\/\\\/secure.gravatar.com\\\/avatar\\\/ccc17943b9d660506c869530f897617f7cb1c21a4bf30023f252596d83e1f007?s=96&d=mm&r=g\",\"contentUrl\":\"https:\\\/\\\/secure.gravatar.com\\\/avatar\\\/ccc17943b9d660506c869530f897617f7cb1c21a4bf30023f252596d83e1f007?s=96&d=mm&r=g\",\"caption\":\"admin\"},\"sameAs\":[\"https:\\\/\\\/kibrisdakik.com\"],\"url\":\"https:\\\/\\\/kibrisdakik.com\\\/?author=1\"}]}<\/script>\n<!-- \/ Yoast SEO plugin. -->","yoast_head_json":{"title":"Evrensel \u00c7ocuk Haklar\u0131 Derne\u011fi, Sa\u011fl\u0131k Bakanl\u0131\u011f\u0131 \u00f6n\u00fcnde eylem yapt\u0131 -","robots":{"index":"index","follow":"follow","max-snippet":"max-snippet:-1","max-image-preview":"max-image-preview:large","max-video-preview":"max-video-preview:-1"},"canonical":"https:\/\/kibrisdakik.com\/?p=68580","og_locale":"tr_TR","og_type":"article","og_title":"Evrensel \u00c7ocuk Haklar\u0131 Derne\u011fi, Sa\u011fl\u0131k Bakanl\u0131\u011f\u0131 \u00f6n\u00fcnde eylem yapt\u0131 -","og_description":"Evrensel \u00c7ocuk Haklar\u0131 Derne\u011fi, Sa\u011fl\u0131k Bakanl\u0131\u011f\u0131 \u00f6n\u00fcnde eylem yapt\u0131. \u201c\u00c7ocuklar\u0131n Sesi Olaca\u011f\u0131z!\u201d slogan\u0131yla ger\u00e7ekle\u015ftirilen eyleme, baz\u0131 siyasi parti ve sivil toplum kurulu\u015fu da destek belirtti. Evrensel \u00c7ocuk Haklar\u0131 Derne\u011fi Kurulu \u00fcyesi Eda A\u015fan, kamu sa\u011fl\u0131k \u00e7al\u0131\u015fanlar\u0131n\u0131n yetersiz personel ve uzun \u00e7al\u0131\u015fma saatleri nedeniyle sa\u011fl\u0131k hizmetinde ciddi sorunlar ya\u015fand\u0131\u011f\u0131 belirtti ve H\u00fck\u00fcmete ele\u015ftirilerde bulundu. Kamu sa\u011fl\u0131\u011f\u0131n\u0131n","og_url":"https:\/\/kibrisdakik.com\/?p=68580","article_published_time":"2024-11-08T11:48:18+00:00","og_image":[{"width":600,"height":338,"url":"https:\/\/kibrisdakik.com\/wp-content\/uploads\/2024\/11\/465477239_990904939739273_7822710577828729281_n.jpg","type":"image\/jpeg"}],"author":"admin","twitter_card":"summary_large_image","twitter_misc":{"Yazan:":"admin","Tahmini okuma s\u00fcresi":"1 dakika"},"schema":{"@context":"https:\/\/schema.org","@graph":[{"@type":"Article","@id":"https:\/\/kibrisdakik.com\/?p=68580#article","isPartOf":{"@id":"https:\/\/kibrisdakik.com\/?p=68580"},"author":{"name":"admin","@id":"https:\/\/kibrisdakik.com\/#\/schema\/person\/9cd9d437bbb44f72b73ba127e06d8e79"},"headline":"Evrensel \u00c7ocuk Haklar\u0131 Derne\u011fi, Sa\u011fl\u0131k Bakanl\u0131\u011f\u0131 \u00f6n\u00fcnde eylem yapt\u0131","datePublished":"2024-11-08T11:48:18+00:00","mainEntityOfPage":{"@id":"https:\/\/kibrisdakik.com\/?p=68580"},"wordCount":221,"commentCount":0,"image":{"@id":"https:\/\/kibrisdakik.com\/?p=68580#primaryimage"},"thumbnailUrl":"https:\/\/kibrisdakik.com\/wp-content\/uploads\/2024\/11\/465477239_990904939739273_7822710577828729281_n.jpg","articleSection":["K\u0131br\u0131s"],"inLanguage":"tr","potentialAction":[{"@type":"CommentAction","name":"Comment","target":["https:\/\/kibrisdakik.com\/?p=68580#respond"]}]},{"@type":"WebPage","@id":"https:\/\/kibrisdakik.com\/?p=68580","url":"https:\/\/kibrisdakik.com\/?p=68580","name":"Evrensel \u00c7ocuk Haklar\u0131 Derne\u011fi, Sa\u011fl\u0131k Bakanl\u0131\u011f\u0131 \u00f6n\u00fcnde eylem yapt\u0131 -","isPartOf":{"@id":"https:\/\/kibrisdakik.com\/#website"},"primaryImageOfPage":{"@id":"https:\/\/kibrisdakik.com\/?p=68580#primaryimage"},"image":{"@id":"https:\/\/kibrisdakik.com\/?p=68580#primaryimage"},"thumbnailUrl":"https:\/\/kibrisdakik.com\/wp-content\/uploads\/2024\/11\/465477239_990904939739273_7822710577828729281_n.jpg","datePublished":"2024-11-08T11:48:18+00:00","author":{"@id":"https:\/\/kibrisdakik.com\/#\/schema\/person\/9cd9d437bbb44f72b73ba127e06d8e79"},"breadcrumb":{"@id":"https:\/\/kibrisdakik.com\/?p=68580#breadcrumb"},"inLanguage":"tr","potentialAction":[{"@type":"ReadAction","target":["https:\/\/kibrisdakik.com\/?p=68580"]}]},{"@type":"ImageObject","inLanguage":"tr","@id":"https:\/\/kibrisdakik.com\/?p=68580#primaryimage","url":"https:\/\/kibrisdakik.com\/wp-content\/uploads\/2024\/11\/465477239_990904939739273_7822710577828729281_n.jpg","contentUrl":"https:\/\/kibrisdakik.com\/wp-content\/uploads\/2024\/11\/465477239_990904939739273_7822710577828729281_n.jpg","width":600,"height":338},{"@type":"BreadcrumbList","@id":"https:\/\/kibrisdakik.com\/?p=68580#breadcrumb","itemListElement":[{"@type":"ListItem","position":1,"name":"Home","item":"https:\/\/kibrisdakik.com\/"},{"@type":"ListItem","position":2,"name":"Evrensel \u00c7ocuk Haklar\u0131 Derne\u011fi, Sa\u011fl\u0131k Bakanl\u0131\u011f\u0131 \u00f6n\u00fcnde eylem yapt\u0131"}]},{"@type":"WebSite","@id":"https:\/\/kibrisdakik.com\/#website","url":"https:\/\/kibrisdakik.com\/","name":"","description":"Tam vaktinde haber","potentialAction":[{"@type":"SearchAction","target":{"@type":"EntryPoint","urlTemplate":"https:\/\/kibrisdakik.com\/?s={search_term_string}"},"query-input":{"@type":"PropertyValueSpecification","valueRequired":true,"valueName":"search_term_string"}}],"inLanguage":"tr"},{"@type":"Person","@id":"https:\/\/kibrisdakik.com\/#\/schema\/person\/9cd9d437bbb44f72b73ba127e06d8e79","name":"admin","image":{"@type":"ImageObject","inLanguage":"tr","@id":"https:\/\/secure.gravatar.com\/avatar\/ccc17943b9d660506c869530f897617f7cb1c21a4bf30023f252596d83e1f007?s=96&d=mm&r=g","url":"https:\/\/secure.gravatar.com\/avatar\/ccc17943b9d660506c869530f897617f7cb1c21a4bf30023f252596d83e1f007?s=96&d=mm&r=g","contentUrl":"https:\/\/secure.gravatar.com\/avatar\/ccc17943b9d660506c869530f897617f7cb1c21a4bf30023f252596d83e1f007?s=96&d=mm&r=g","caption":"admin"},"sameAs":["https:\/\/kibrisdakik.com"],"url":"https:\/\/kibrisdakik.com\/?author=1"}]}},"_links":{"self":[{"href":"https:\/\/kibrisdakik.com\/index.php?rest_route=\/wp\/v2\/posts\/68580","targetHints":{"allow":["GET"]}}],"collection":[{"href":"https:\/\/kibrisdakik.com\/index.php?rest_route=\/wp\/v2\/posts"}],"about":[{"href":"https:\/\/kibrisdakik.com\/index.php?rest_route=\/wp\/v2\/types\/post"}],"author":[{"embeddable":true,"href":"https:\/\/kibrisdakik.com\/index.php?rest_route=\/wp\/v2\/users\/1"}],"replies":[{"embeddable":true,"href":"https:\/\/kibrisdakik.com\/index.php?rest_route=%2Fwp%2Fv2%2Fcomments&post=68580"}],"version-history":[{"count":0,"href":"https:\/\/kibrisdakik.com\/index.php?rest_route=\/wp\/v2\/posts\/68580\/revisions"}],"wp:featuredmedia":[{"embeddable":true,"href":"https:\/\/kibrisdakik.com\/index.php?rest_route=\/wp\/v2\/media\/68581"}],"wp:attachment":[{"href":"https:\/\/kibrisdakik.com\/index.php?rest_route=%2Fwp%2Fv2%2Fmedia&parent=68580"}],"wp:term":[{"taxonomy":"category","embeddable":true,"href":"https:\/\/kibrisdakik.com\/index.php?rest_route=%2Fwp%2Fv2%2Fcategories&post=68580"},{"taxonomy":"post_tag","embeddable":true,"href":"https:\/\/kibrisdakik.com\/index.php?rest_route=%2Fwp%2Fv2%2Ftags&post=68580"}],"curies":[{"name":"wp","href":"https:\/\/api.w.org\/{rel}","templated":true}]}}