{"id":68611,"date":"2024-11-08T19:40:34","date_gmt":"2024-11-08T16:40:34","guid":{"rendered":"https:\/\/kibrisdakik.com\/index.php\/2024\/11\/08\/cumhurbaskani-tatar-samsunda-kibris-gazileriyle-bir-araya-geldikuzey-kibris-turk-cumhuriyeti-bagimsiz-bir-devlettir-ozgur-bir-devlettir-kibris-turk-halki-kendi-hurriyetiyle-gelec\/"},"modified":"2024-11-08T19:40:34","modified_gmt":"2024-11-08T16:40:34","slug":"cumhurbaskani-tatar-samsunda-kibris-gazileriyle-bir-araya-geldikuzey-kibris-turk-cumhuriyeti-bagimsiz-bir-devlettir-ozgur-bir-devlettir-kibris-turk-halki-kendi-hurriyetiyle-gelec","status":"publish","type":"post","link":"https:\/\/kibrisdakik.com\/?p=68611","title":{"rendered":"Cumhurba\u015fkan\u0131 Tatar, Samsun\u2019da K\u0131br\u0131s gazileriyle bir araya geldi:\u201dKuzey K\u0131br\u0131s T\u00fcrk Cumhuriyeti ba\u011f\u0131ms\u0131z bir devlettir, \u00f6zg\u00fcr bir devlettir, K\u0131br\u0131s T\u00fcrk halk\u0131 kendi h\u00fcrriyetiyle gelece\u011fe y\u00fcr\u00fcmektedir\u201d"},"content":{"rendered":"<div>\n<div class=\"mariselle-image-container center\">\n                                            <\/div>\n<p>Cumhurba\u015fkan\u0131 Ersin Tatar, Samsun\u2019da K\u0131br\u0131s gazileriyle bir araya geldi.<\/p>\n<p>Tatar, Samsun B\u00fcy\u00fck\u015fehir Belediyesi \u00c7ok Ama\u00e7l\u0131 Salon\u2019da Vali Orhan Tavl\u0131\u2019n\u0131n ev sahipli\u011finde d\u00fczenlenen yemekte K\u0131br\u0131s gazileriyle bulu\u015ftu.<\/p>\n<p>K\u0131br\u0131s gazilerinin kendileri i\u00e7in kahraman oldu\u011funu vurgulayan Tatar, \u201cOnlar, bizler i\u00e7in K\u0131br\u0131s\u2019ta destan yazanlard\u0131r. Sizleri seviyorum, sizler bizlerin ba\u015f tac\u0131s\u0131n\u0131z. Kalbimizin m\u00fcstesna yerinde her zaman var olacaks\u0131n\u0131z.\u201d dedi.<\/p>\n<p>Tatar, K\u0131br\u0131s\u2019ta uzun y\u0131llard\u0131r b\u00fcy\u00fck m\u00fccadele verdiklerine i\u015faret ederek, \u015funlar\u0131 s\u00f6yledi:<\/p>\n<p>\u201c50 seneden daha fazla federal temelde bir anla\u015fma i\u00e7in g\u00f6r\u00fc\u015fmeler y\u00fcr\u00fct\u00fclm\u00fc\u015ft\u00fcr. Federal temelde anla\u015fma dedikleri, esas itibar\u0131yla K\u0131br\u0131s\u2019\u0131n birle\u015fmesi, Kuzey ve G\u00fcney bir \u00e7at\u0131 alt\u0131nda birle\u015fmesi. Tek egemenlik, tek kimlik, tek kudret ve Avrupa Birli\u011fi i\u00e7inde olmas\u0131 dolay\u0131s\u0131yla T\u00fcrkiye\u2019miz i\u00e7in s\u0131f\u0131r asker, s\u0131f\u0131r garanti. T\u00fcrkiye\u2019nin kazan\u0131mlar\u0131 ve garant\u00f6rl\u00fck haklar\u0131n\u0131n sona erdirilmesi, T\u00fcrk askerinin adadan \u00e7ekilmesi, K\u0131br\u0131s T\u00fcrk halk\u0131n\u0131n bir bak\u0131ma zaman i\u00e7inde asimile edilmesi ve T\u00fcrkiye\u2019nin Do\u011fu Akdeniz\u2019den \u00e7\u0131kart\u0131lmas\u0131na y\u00f6nelik samimiyetsiz sinsi oyunlara, entrikalara s\u00fcr\u00fckleyen zemine bizlerin \u2018Evet\u2019 demesi m\u00fcmk\u00fcn de\u011fildir. Onun i\u00e7in T\u00fcrkiye h\u00fck\u00fcmetinin ve sayg\u0131de\u011fer Cumhurba\u015fkan\u0131 Recep Tayyip Erdo\u011fan\u2019\u0131n deste\u011fiyle yeni bir siyaset izlemekteyiz. Bu yeni siyaset, iki devletli siyasettir. Kuzey K\u0131br\u0131s T\u00fcrk Cumhuriyeti ba\u011f\u0131ms\u0131z bir devlettir, \u00f6zg\u00fcr bir devlettir, K\u0131br\u0131s T\u00fcrk halk\u0131 kendi h\u00fcrriyetiyle gelece\u011fe y\u00fcr\u00fcmektedir.\u201d<\/p>\n<p>G\u00fcney K\u0131br\u0131s\u2019\u0131n Avrupa Birli\u011fi\u2019ne al\u0131nmas\u0131na kar\u015f\u0131 T\u00fcrkiye Cumhuriyeti\u2019nin de Kuzey K\u0131br\u0131s T\u00fcrk Cumhuriyeti\u2019ne daha fazla sahip \u00e7\u0131kt\u0131\u011f\u0131n\u0131 dile getiren Tatar, \u201cSay\u0131n D\u0131\u015fi\u015fleri Bakan\u0131 Hakan Fidan, Yunanistan\u2019da ne demi\u015ftir? \u2018Federasyon defteri kapanm\u0131\u015ft\u0131r\u2019. Federasyon defteri demek, K\u0131br\u0131s\u2019ta birle\u015fik bir K\u0131br\u0131s ve K\u0131br\u0131s T\u00fcrk halk\u0131n\u0131n asimile edilmesine gidecek yolun ba\u015flang\u0131c\u0131, T\u00fcrkiye\u2019nin Akdeniz\u2019den d\u0131\u015flanmas\u0131.\u201d ifadesini kulland\u0131.<\/p>\n<p>Tatar, Gazi Mustafa Kemal Atat\u00fcrk\u2019\u00fcn kenti Samsun\u2019a ayr\u0131 bir sevgi duydu\u011funa dikkati \u00e7ekerek, Samsunlu iki koruma polisini de Samsun ziyaretinde yan\u0131nda getirdi\u011fini kaydetti.<\/p>\n<p>Programa Vali Orhan Tavl\u0131, CHP Samsun Milletvekili Murat \u00c7an, Garnizon Komutan\u0131 Gazi T\u00fcmgeneral Davut Ala, B\u00fcy\u00fck\u015fehir Belediye Ba\u015fkan\u0131 Halit Do\u011fan, Sahil G\u00fcvenlik Karadeniz B\u00f6lge Komutan\u0131 Tu\u011famiral Ahmet Bahad\u0131r, \u0130l Jandarma Komutan\u0131 Tu\u011fgeneral Mustafa Bak\u00e7ep\u0131nar, \u0130l Emniyet M\u00fcd\u00fcr\u00fc Ahmet Ar\u0131ba\u015f, T\u00fcrkiye Muharip Gaziler Derne\u011fi Samsun \u015eube Ba\u015fkan\u0131 Ahmet Diril ile gaziler kat\u0131ld\u0131.<\/p>\n<\/p><\/div>\n<p><script async\n                    defer\n                    crossorigin=\"anonymous\"\n                    src=\"https:\/\/connect.facebook.net\/tr_TR\/sdk.js#xfbml=1&#038;version=v3.3\"\n            ><\/script><\/p>\n","protected":false},"excerpt":{"rendered":"<p>Cumhurba\u015fkan\u0131 Ersin Tatar, Samsun\u2019da K\u0131br\u0131s gazileriyle bir araya geldi. Tatar, Samsun B\u00fcy\u00fck\u015fehir Belediyesi \u00c7ok Ama\u00e7l\u0131 Salon\u2019da Vali Orhan Tavl\u0131\u2019n\u0131n ev sahipli\u011finde d\u00fczenlenen yemekte K\u0131br\u0131s gazileriyle bulu\u015ftu. K\u0131br\u0131s gazilerinin kendileri i\u00e7in kahraman oldu\u011funu vurgulayan Tatar, \u201cOnlar, bizler i\u00e7in K\u0131br\u0131s\u2019ta destan yazanlard\u0131r. Sizleri seviyorum, sizler bizlerin ba\u015f tac\u0131s\u0131n\u0131z. Kalbimizin m\u00fcstesna yerinde her zaman var olacaks\u0131n\u0131z.\u201d dedi. Tatar,<\/p>\n","protected":false},"author":1,"featured_media":68612,"comment_status":"open","ping_status":"open","sticky":false,"template":"","format":"standard","meta":{"footnotes":""},"categories":[81],"tags":[],"class_list":["post-68611","post","type-post","status-publish","format-standard","has-post-thumbnail","hentry","category-kibris"],"yoast_head":"<!-- This site is optimized with the Yoast SEO plugin v27.5 - https:\/\/yoast.com\/product\/yoast-seo-wordpress\/ -->\n<title>Cumhurba\u015fkan\u0131 Tatar, Samsun\u2019da K\u0131br\u0131s gazileriyle bir araya geldi:\u201dKuzey K\u0131br\u0131s T\u00fcrk Cumhuriyeti ba\u011f\u0131ms\u0131z bir devlettir, \u00f6zg\u00fcr bir devlettir, K\u0131br\u0131s T\u00fcrk halk\u0131 kendi h\u00fcrriyetiyle gelece\u011fe y\u00fcr\u00fcmektedir\u201d -<\/title>\n<meta name=\"robots\" content=\"index, follow, max-snippet:-1, max-image-preview:large, max-video-preview:-1\" \/>\n<link rel=\"canonical\" href=\"https:\/\/kibrisdakik.com\/?p=68611\" \/>\n<meta property=\"og:locale\" content=\"tr_TR\" \/>\n<meta property=\"og:type\" content=\"article\" \/>\n<meta property=\"og:title\" content=\"Cumhurba\u015fkan\u0131 Tatar, Samsun\u2019da K\u0131br\u0131s gazileriyle bir araya geldi:\u201dKuzey K\u0131br\u0131s T\u00fcrk Cumhuriyeti ba\u011f\u0131ms\u0131z bir devlettir, \u00f6zg\u00fcr bir devlettir, K\u0131br\u0131s T\u00fcrk halk\u0131 kendi h\u00fcrriyetiyle gelece\u011fe y\u00fcr\u00fcmektedir\u201d -\" \/>\n<meta property=\"og:description\" content=\"Cumhurba\u015fkan\u0131 Ersin Tatar, Samsun\u2019da K\u0131br\u0131s gazileriyle bir araya geldi. Tatar, Samsun B\u00fcy\u00fck\u015fehir Belediyesi \u00c7ok Ama\u00e7l\u0131 Salon\u2019da Vali Orhan Tavl\u0131\u2019n\u0131n ev sahipli\u011finde d\u00fczenlenen yemekte K\u0131br\u0131s gazileriyle bulu\u015ftu. K\u0131br\u0131s gazilerinin kendileri i\u00e7in kahraman oldu\u011funu vurgulayan Tatar, \u201cOnlar, bizler i\u00e7in K\u0131br\u0131s\u2019ta destan yazanlard\u0131r. Sizleri seviyorum, sizler bizlerin ba\u015f tac\u0131s\u0131n\u0131z. Kalbimizin m\u00fcstesna yerinde her zaman var olacaks\u0131n\u0131z.\u201d dedi. Tatar,\" \/>\n<meta property=\"og:url\" content=\"https:\/\/kibrisdakik.com\/?p=68611\" \/>\n<meta property=\"article:published_time\" content=\"2024-11-08T16:40:34+00:00\" \/>\n<meta property=\"og:image\" content=\"https:\/\/kibrisdakik.com\/wp-content\/uploads\/2024\/11\/18041-scaled-740x420.jpg\" \/>\n\t<meta property=\"og:image:width\" content=\"2560\" \/>\n\t<meta property=\"og:image:height\" content=\"1320\" \/>\n\t<meta property=\"og:image:type\" content=\"image\/jpeg\" \/>\n<meta name=\"author\" content=\"admin\" \/>\n<meta name=\"twitter:card\" content=\"summary_large_image\" \/>\n<meta name=\"twitter:label1\" content=\"Yazan:\" \/>\n\t<meta name=\"twitter:data1\" content=\"admin\" \/>\n\t<meta name=\"twitter:label2\" content=\"Tahmini okuma s\u00fcresi\" \/>\n\t<meta name=\"twitter:data2\" content=\"2 dakika\" \/>\n<script type=\"application\/ld+json\" class=\"yoast-schema-graph\">{\"@context\":\"https:\\\/\\\/schema.org\",\"@graph\":[{\"@type\":\"Article\",\"@id\":\"https:\\\/\\\/kibrisdakik.com\\\/?p=68611#article\",\"isPartOf\":{\"@id\":\"https:\\\/\\\/kibrisdakik.com\\\/?p=68611\"},\"author\":{\"name\":\"admin\",\"@id\":\"https:\\\/\\\/kibrisdakik.com\\\/#\\\/schema\\\/person\\\/9cd9d437bbb44f72b73ba127e06d8e79\"},\"headline\":\"Cumhurba\u015fkan\u0131 Tatar, Samsun\u2019da K\u0131br\u0131s gazileriyle bir araya geldi:\u201dKuzey K\u0131br\u0131s T\u00fcrk Cumhuriyeti ba\u011f\u0131ms\u0131z bir devlettir, \u00f6zg\u00fcr bir devlettir, K\u0131br\u0131s T\u00fcrk halk\u0131 kendi h\u00fcrriyetiyle gelece\u011fe y\u00fcr\u00fcmektedir\u201d\",\"datePublished\":\"2024-11-08T16:40:34+00:00\",\"mainEntityOfPage\":{\"@id\":\"https:\\\/\\\/kibrisdakik.com\\\/?p=68611\"},\"wordCount\":536,\"commentCount\":0,\"image\":{\"@id\":\"https:\\\/\\\/kibrisdakik.com\\\/?p=68611#primaryimage\"},\"thumbnailUrl\":\"https:\\\/\\\/kibrisdakik.com\\\/wp-content\\\/uploads\\\/2024\\\/11\\\/18041-scaled-740x420.jpg\",\"articleSection\":[\"K\u0131br\u0131s\"],\"inLanguage\":\"tr\",\"potentialAction\":[{\"@type\":\"CommentAction\",\"name\":\"Comment\",\"target\":[\"https:\\\/\\\/kibrisdakik.com\\\/?p=68611#respond\"]}]},{\"@type\":\"WebPage\",\"@id\":\"https:\\\/\\\/kibrisdakik.com\\\/?p=68611\",\"url\":\"https:\\\/\\\/kibrisdakik.com\\\/?p=68611\",\"name\":\"Cumhurba\u015fkan\u0131 Tatar, Samsun\u2019da K\u0131br\u0131s gazileriyle bir araya geldi:\u201dKuzey K\u0131br\u0131s T\u00fcrk Cumhuriyeti ba\u011f\u0131ms\u0131z bir devlettir, \u00f6zg\u00fcr bir devlettir, K\u0131br\u0131s T\u00fcrk halk\u0131 kendi h\u00fcrriyetiyle gelece\u011fe y\u00fcr\u00fcmektedir\u201d -\",\"isPartOf\":{\"@id\":\"https:\\\/\\\/kibrisdakik.com\\\/#website\"},\"primaryImageOfPage\":{\"@id\":\"https:\\\/\\\/kibrisdakik.com\\\/?p=68611#primaryimage\"},\"image\":{\"@id\":\"https:\\\/\\\/kibrisdakik.com\\\/?p=68611#primaryimage\"},\"thumbnailUrl\":\"https:\\\/\\\/kibrisdakik.com\\\/wp-content\\\/uploads\\\/2024\\\/11\\\/18041-scaled-740x420.jpg\",\"datePublished\":\"2024-11-08T16:40:34+00:00\",\"author\":{\"@id\":\"https:\\\/\\\/kibrisdakik.com\\\/#\\\/schema\\\/person\\\/9cd9d437bbb44f72b73ba127e06d8e79\"},\"breadcrumb\":{\"@id\":\"https:\\\/\\\/kibrisdakik.com\\\/?p=68611#breadcrumb\"},\"inLanguage\":\"tr\",\"potentialAction\":[{\"@type\":\"ReadAction\",\"target\":[\"https:\\\/\\\/kibrisdakik.com\\\/?p=68611\"]}]},{\"@type\":\"ImageObject\",\"inLanguage\":\"tr\",\"@id\":\"https:\\\/\\\/kibrisdakik.com\\\/?p=68611#primaryimage\",\"url\":\"https:\\\/\\\/kibrisdakik.com\\\/wp-content\\\/uploads\\\/2024\\\/11\\\/18041-scaled-740x420.jpg\",\"contentUrl\":\"https:\\\/\\\/kibrisdakik.com\\\/wp-content\\\/uploads\\\/2024\\\/11\\\/18041-scaled-740x420.jpg\",\"width\":2560,\"height\":1320},{\"@type\":\"BreadcrumbList\",\"@id\":\"https:\\\/\\\/kibrisdakik.com\\\/?p=68611#breadcrumb\",\"itemListElement\":[{\"@type\":\"ListItem\",\"position\":1,\"name\":\"Home\",\"item\":\"https:\\\/\\\/kibrisdakik.com\\\/\"},{\"@type\":\"ListItem\",\"position\":2,\"name\":\"Cumhurba\u015fkan\u0131 Tatar, Samsun\u2019da K\u0131br\u0131s gazileriyle bir araya geldi:\u201dKuzey K\u0131br\u0131s T\u00fcrk Cumhuriyeti ba\u011f\u0131ms\u0131z bir devlettir, \u00f6zg\u00fcr bir devlettir, K\u0131br\u0131s T\u00fcrk halk\u0131 kendi h\u00fcrriyetiyle gelece\u011fe y\u00fcr\u00fcmektedir\u201d\"}]},{\"@type\":\"WebSite\",\"@id\":\"https:\\\/\\\/kibrisdakik.com\\\/#website\",\"url\":\"https:\\\/\\\/kibrisdakik.com\\\/\",\"name\":\"\",\"description\":\"Tam vaktinde haber\",\"potentialAction\":[{\"@type\":\"SearchAction\",\"target\":{\"@type\":\"EntryPoint\",\"urlTemplate\":\"https:\\\/\\\/kibrisdakik.com\\\/?s={search_term_string}\"},\"query-input\":{\"@type\":\"PropertyValueSpecification\",\"valueRequired\":true,\"valueName\":\"search_term_string\"}}],\"inLanguage\":\"tr\"},{\"@type\":\"Person\",\"@id\":\"https:\\\/\\\/kibrisdakik.com\\\/#\\\/schema\\\/person\\\/9cd9d437bbb44f72b73ba127e06d8e79\",\"name\":\"admin\",\"image\":{\"@type\":\"ImageObject\",\"inLanguage\":\"tr\",\"@id\":\"https:\\\/\\\/secure.gravatar.com\\\/avatar\\\/ccc17943b9d660506c869530f897617f7cb1c21a4bf30023f252596d83e1f007?s=96&d=mm&r=g\",\"url\":\"https:\\\/\\\/secure.gravatar.com\\\/avatar\\\/ccc17943b9d660506c869530f897617f7cb1c21a4bf30023f252596d83e1f007?s=96&d=mm&r=g\",\"contentUrl\":\"https:\\\/\\\/secure.gravatar.com\\\/avatar\\\/ccc17943b9d660506c869530f897617f7cb1c21a4bf30023f252596d83e1f007?s=96&d=mm&r=g\",\"caption\":\"admin\"},\"sameAs\":[\"https:\\\/\\\/kibrisdakik.com\"],\"url\":\"https:\\\/\\\/kibrisdakik.com\\\/?author=1\"}]}<\/script>\n<!-- \/ Yoast SEO plugin. -->","yoast_head_json":{"title":"Cumhurba\u015fkan\u0131 Tatar, Samsun\u2019da K\u0131br\u0131s gazileriyle bir araya geldi:\u201dKuzey K\u0131br\u0131s T\u00fcrk Cumhuriyeti ba\u011f\u0131ms\u0131z bir devlettir, \u00f6zg\u00fcr bir devlettir, K\u0131br\u0131s T\u00fcrk halk\u0131 kendi h\u00fcrriyetiyle gelece\u011fe y\u00fcr\u00fcmektedir\u201d -","robots":{"index":"index","follow":"follow","max-snippet":"max-snippet:-1","max-image-preview":"max-image-preview:large","max-video-preview":"max-video-preview:-1"},"canonical":"https:\/\/kibrisdakik.com\/?p=68611","og_locale":"tr_TR","og_type":"article","og_title":"Cumhurba\u015fkan\u0131 Tatar, Samsun\u2019da K\u0131br\u0131s gazileriyle bir araya geldi:\u201dKuzey K\u0131br\u0131s T\u00fcrk Cumhuriyeti ba\u011f\u0131ms\u0131z bir devlettir, \u00f6zg\u00fcr bir devlettir, K\u0131br\u0131s T\u00fcrk halk\u0131 kendi h\u00fcrriyetiyle gelece\u011fe y\u00fcr\u00fcmektedir\u201d -","og_description":"Cumhurba\u015fkan\u0131 Ersin Tatar, Samsun\u2019da K\u0131br\u0131s gazileriyle bir araya geldi. Tatar, Samsun B\u00fcy\u00fck\u015fehir Belediyesi \u00c7ok Ama\u00e7l\u0131 Salon\u2019da Vali Orhan Tavl\u0131\u2019n\u0131n ev sahipli\u011finde d\u00fczenlenen yemekte K\u0131br\u0131s gazileriyle bulu\u015ftu. K\u0131br\u0131s gazilerinin kendileri i\u00e7in kahraman oldu\u011funu vurgulayan Tatar, \u201cOnlar, bizler i\u00e7in K\u0131br\u0131s\u2019ta destan yazanlard\u0131r. Sizleri seviyorum, sizler bizlerin ba\u015f tac\u0131s\u0131n\u0131z. Kalbimizin m\u00fcstesna yerinde her zaman var olacaks\u0131n\u0131z.\u201d dedi. Tatar,","og_url":"https:\/\/kibrisdakik.com\/?p=68611","article_published_time":"2024-11-08T16:40:34+00:00","og_image":[{"width":2560,"height":1320,"url":"https:\/\/kibrisdakik.com\/wp-content\/uploads\/2024\/11\/18041-scaled-740x420.jpg","type":"image\/jpeg"}],"author":"admin","twitter_card":"summary_large_image","twitter_misc":{"Yazan:":"admin","Tahmini okuma s\u00fcresi":"2 dakika"},"schema":{"@context":"https:\/\/schema.org","@graph":[{"@type":"Article","@id":"https:\/\/kibrisdakik.com\/?p=68611#article","isPartOf":{"@id":"https:\/\/kibrisdakik.com\/?p=68611"},"author":{"name":"admin","@id":"https:\/\/kibrisdakik.com\/#\/schema\/person\/9cd9d437bbb44f72b73ba127e06d8e79"},"headline":"Cumhurba\u015fkan\u0131 Tatar, Samsun\u2019da K\u0131br\u0131s gazileriyle bir araya geldi:\u201dKuzey K\u0131br\u0131s T\u00fcrk Cumhuriyeti ba\u011f\u0131ms\u0131z bir devlettir, \u00f6zg\u00fcr bir devlettir, K\u0131br\u0131s T\u00fcrk halk\u0131 kendi h\u00fcrriyetiyle gelece\u011fe y\u00fcr\u00fcmektedir\u201d","datePublished":"2024-11-08T16:40:34+00:00","mainEntityOfPage":{"@id":"https:\/\/kibrisdakik.com\/?p=68611"},"wordCount":536,"commentCount":0,"image":{"@id":"https:\/\/kibrisdakik.com\/?p=68611#primaryimage"},"thumbnailUrl":"https:\/\/kibrisdakik.com\/wp-content\/uploads\/2024\/11\/18041-scaled-740x420.jpg","articleSection":["K\u0131br\u0131s"],"inLanguage":"tr","potentialAction":[{"@type":"CommentAction","name":"Comment","target":["https:\/\/kibrisdakik.com\/?p=68611#respond"]}]},{"@type":"WebPage","@id":"https:\/\/kibrisdakik.com\/?p=68611","url":"https:\/\/kibrisdakik.com\/?p=68611","name":"Cumhurba\u015fkan\u0131 Tatar, Samsun\u2019da K\u0131br\u0131s gazileriyle bir araya geldi:\u201dKuzey K\u0131br\u0131s T\u00fcrk Cumhuriyeti ba\u011f\u0131ms\u0131z bir devlettir, \u00f6zg\u00fcr bir devlettir, K\u0131br\u0131s T\u00fcrk halk\u0131 kendi h\u00fcrriyetiyle gelece\u011fe y\u00fcr\u00fcmektedir\u201d -","isPartOf":{"@id":"https:\/\/kibrisdakik.com\/#website"},"primaryImageOfPage":{"@id":"https:\/\/kibrisdakik.com\/?p=68611#primaryimage"},"image":{"@id":"https:\/\/kibrisdakik.com\/?p=68611#primaryimage"},"thumbnailUrl":"https:\/\/kibrisdakik.com\/wp-content\/uploads\/2024\/11\/18041-scaled-740x420.jpg","datePublished":"2024-11-08T16:40:34+00:00","author":{"@id":"https:\/\/kibrisdakik.com\/#\/schema\/person\/9cd9d437bbb44f72b73ba127e06d8e79"},"breadcrumb":{"@id":"https:\/\/kibrisdakik.com\/?p=68611#breadcrumb"},"inLanguage":"tr","potentialAction":[{"@type":"ReadAction","target":["https:\/\/kibrisdakik.com\/?p=68611"]}]},{"@type":"ImageObject","inLanguage":"tr","@id":"https:\/\/kibrisdakik.com\/?p=68611#primaryimage","url":"https:\/\/kibrisdakik.com\/wp-content\/uploads\/2024\/11\/18041-scaled-740x420.jpg","contentUrl":"https:\/\/kibrisdakik.com\/wp-content\/uploads\/2024\/11\/18041-scaled-740x420.jpg","width":2560,"height":1320},{"@type":"BreadcrumbList","@id":"https:\/\/kibrisdakik.com\/?p=68611#breadcrumb","itemListElement":[{"@type":"ListItem","position":1,"name":"Home","item":"https:\/\/kibrisdakik.com\/"},{"@type":"ListItem","position":2,"name":"Cumhurba\u015fkan\u0131 Tatar, Samsun\u2019da K\u0131br\u0131s gazileriyle bir araya geldi:\u201dKuzey K\u0131br\u0131s T\u00fcrk Cumhuriyeti ba\u011f\u0131ms\u0131z bir devlettir, \u00f6zg\u00fcr bir devlettir, K\u0131br\u0131s T\u00fcrk halk\u0131 kendi h\u00fcrriyetiyle gelece\u011fe y\u00fcr\u00fcmektedir\u201d"}]},{"@type":"WebSite","@id":"https:\/\/kibrisdakik.com\/#website","url":"https:\/\/kibrisdakik.com\/","name":"","description":"Tam vaktinde haber","potentialAction":[{"@type":"SearchAction","target":{"@type":"EntryPoint","urlTemplate":"https:\/\/kibrisdakik.com\/?s={search_term_string}"},"query-input":{"@type":"PropertyValueSpecification","valueRequired":true,"valueName":"search_term_string"}}],"inLanguage":"tr"},{"@type":"Person","@id":"https:\/\/kibrisdakik.com\/#\/schema\/person\/9cd9d437bbb44f72b73ba127e06d8e79","name":"admin","image":{"@type":"ImageObject","inLanguage":"tr","@id":"https:\/\/secure.gravatar.com\/avatar\/ccc17943b9d660506c869530f897617f7cb1c21a4bf30023f252596d83e1f007?s=96&d=mm&r=g","url":"https:\/\/secure.gravatar.com\/avatar\/ccc17943b9d660506c869530f897617f7cb1c21a4bf30023f252596d83e1f007?s=96&d=mm&r=g","contentUrl":"https:\/\/secure.gravatar.com\/avatar\/ccc17943b9d660506c869530f897617f7cb1c21a4bf30023f252596d83e1f007?s=96&d=mm&r=g","caption":"admin"},"sameAs":["https:\/\/kibrisdakik.com"],"url":"https:\/\/kibrisdakik.com\/?author=1"}]}},"_links":{"self":[{"href":"https:\/\/kibrisdakik.com\/index.php?rest_route=\/wp\/v2\/posts\/68611","targetHints":{"allow":["GET"]}}],"collection":[{"href":"https:\/\/kibrisdakik.com\/index.php?rest_route=\/wp\/v2\/posts"}],"about":[{"href":"https:\/\/kibrisdakik.com\/index.php?rest_route=\/wp\/v2\/types\/post"}],"author":[{"embeddable":true,"href":"https:\/\/kibrisdakik.com\/index.php?rest_route=\/wp\/v2\/users\/1"}],"replies":[{"embeddable":true,"href":"https:\/\/kibrisdakik.com\/index.php?rest_route=%2Fwp%2Fv2%2Fcomments&post=68611"}],"version-history":[{"count":0,"href":"https:\/\/kibrisdakik.com\/index.php?rest_route=\/wp\/v2\/posts\/68611\/revisions"}],"wp:featuredmedia":[{"embeddable":true,"href":"https:\/\/kibrisdakik.com\/index.php?rest_route=\/wp\/v2\/media\/68612"}],"wp:attachment":[{"href":"https:\/\/kibrisdakik.com\/index.php?rest_route=%2Fwp%2Fv2%2Fmedia&parent=68611"}],"wp:term":[{"taxonomy":"category","embeddable":true,"href":"https:\/\/kibrisdakik.com\/index.php?rest_route=%2Fwp%2Fv2%2Fcategories&post=68611"},{"taxonomy":"post_tag","embeddable":true,"href":"https:\/\/kibrisdakik.com\/index.php?rest_route=%2Fwp%2Fv2%2Ftags&post=68611"}],"curies":[{"name":"wp","href":"https:\/\/api.w.org\/{rel}","templated":true}]}}