{"id":68618,"date":"2024-11-08T20:50:23","date_gmt":"2024-11-08T17:50:23","guid":{"rendered":"https:\/\/kibrisdakik.com\/index.php\/2024\/11\/08\/2025-butcesi-pazartesi-gunu-komitede-gorusulmeye-baslayacak\/"},"modified":"2024-11-08T20:50:23","modified_gmt":"2024-11-08T17:50:23","slug":"2025-butcesi-pazartesi-gunu-komitede-gorusulmeye-baslayacak","status":"publish","type":"post","link":"https:\/\/kibrisdakik.com\/?p=68618","title":{"rendered":"2025 b\u00fct\u00e7esi pazartesi g\u00fcn\u00fc Komite\u2019de g\u00f6r\u00fc\u015f\u00fclmeye ba\u015flayacak"},"content":{"rendered":"<div>\n<div class=\"mariselle-image-container center\">\n                                            <\/div>\n<p>2025 Mali Y\u0131l\u0131 Merkezi Devlet Y\u00f6netimi B\u00fct\u00e7e Yasa Tasar\u0131s\u0131, pazartesi g\u00fcn\u00fc Ekonomi, Maliye, B\u00fct\u00e7e ve Plan Komitesi\u2019nde g\u00f6r\u00fc\u015f\u00fclmeye ba\u015flayacak.<\/p>\n<p>Meclis\u2019ten yap\u0131lan a\u00e7\u0131klamaya g\u00f6re, b\u00fct\u00e7e g\u00f6r\u00fc\u015fmelerine, pazartesi g\u00fcn\u00fc Genel Kurul \u00e7al\u0131\u015fmalar\u0131ndan hemen sonra Ekonomi, Maliye, B\u00fct\u00e7e ve Plan Komitesi Ba\u015fkan\u0131 Resmiye Ero\u011flu Canaltay\u2019\u0131n a\u00e7\u0131l\u0131\u015f konu\u015fmas\u0131 ile ba\u015flanacak ve Maliye Bakan\u0131 \u00d6zdemir Berova\u2019n\u0131n sunu\u015f konu\u015fmas\u0131yla devam edecek.  Ard\u0131ndan, Tasar\u0131\u2019n\u0131n b\u00fct\u00fcn\u00fc \u00fczerindeki g\u00f6r\u00fc\u015fmelerin tamamlanmas\u0131yla Tasar\u0131 madde madde g\u00f6r\u00fc\u015f\u00fclecek.<\/p>\n<p>B\u00fct\u00e7e g\u00f6r\u00fc\u015fmelerinde 12 Kas\u0131m Sal\u0131 g\u00fcn\u00fc Cumhurba\u015fkanl\u0131\u011f\u0131, Cumhuriyet Meclisi ile Ba\u015fbakanl\u0131k ve Ba\u015fbakanl\u0131\u011fa ba\u011fl\u0131 kurum ve kurulu\u015flar\u0131n b\u00fct\u00e7eleri ele al\u0131nacak.<\/p>\n<p>G\u00f6r\u00fc\u015fmeler, 13 Kas\u0131m \u00c7ar\u015famba g\u00fcn\u00fc Ba\u015fbakan Yard\u0131mc\u0131l\u0131\u011f\u0131, Turizm, K\u00fclt\u00fcr, Gen\u00e7lik ve \u00c7evre Bakanl\u0131\u011f\u0131, Kamu Hizmeti Komisyonu Ba\u015fkanl\u0131\u011f\u0131 ve Bay\u0131nd\u0131rl\u0131k ve Ula\u015ft\u0131rma Bakanl\u0131\u011f\u0131 ile Bakanl\u0131\u011fa ba\u011fl\u0131 kurum ve kurulu\u015flar\u0131n b\u00fct\u00e7eleri ile devam edecek.<\/p>\n<p>14 Kas\u0131m Per\u015fembe g\u00fcn\u00fc Sivil Savunma Te\u015fkilat\u0131 Ba\u015fkanl\u0131\u011f\u0131, G\u00fcvenlik Kuvvetleri Komutanl\u0131\u011f\u0131, Mahkemeler, Y\u00fcksek Y\u00f6netim Denet\u00e7isi (Ombudsman), Hukuk Dairesi (Ba\u015fsavc\u0131l\u0131k) ve Polis Genel M\u00fcd\u00fcrl\u00fc\u011f\u00fc b\u00fct\u00e7eleri ele al\u0131nacak.<\/p>\n<p>19 Kas\u0131m Sal\u0131 g\u00fcn\u00fc Say\u0131\u015ftay Ba\u015fkanl\u0131\u011f\u0131, \u0130\u00e7i\u015fleri Bakanl\u0131\u011f\u0131 ve Milli E\u011fitim Bakanl\u0131\u011f\u0131 ile Bakanl\u0131\u011fa ba\u011fl\u0131 kurum ve kurulu\u015flar\u0131n b\u00fct\u00e7eleri; 20 Kas\u0131m \u00c7ar\u015famba ise D\u0131\u015fi\u015fleri Bakanl\u0131\u011f\u0131 ile Bakanl\u0131\u011fa ba\u011fl\u0131 kurum ve kurulu\u015flar, Ekonomi ve Enerji Bakanl\u0131\u011f\u0131 ile Bakanl\u0131\u011fa ba\u011fl\u0131 kurum ve kurulu\u015flar ve Sa\u011fl\u0131k Bakanl\u0131\u011f\u0131 b\u00fct\u00e7eleri g\u00f6r\u00fc\u015f\u00fclecek.<\/p>\n<p>B\u00fct\u00e7e g\u00f6r\u00fc\u015fmeleri, 21 Kas\u0131m Per\u015fembe g\u00fcn\u00fc Tar\u0131m ve Do\u011fal Kaynaklar Bakanl\u0131\u011f\u0131 ve Bakanl\u0131\u011fa ba\u011fl\u0131 kurum ve kurulu\u015flar ile \u00c7al\u0131\u015fma ve Sosyal G\u00fcvenlik Bakanl\u0131\u011f\u0131 b\u00fct\u00e7eleri ile s\u00fcrecek.<\/p>\n<p>B\u00fct\u00e7e g\u00f6r\u00fc\u015fmeleri; 22 Kas\u0131m Cuma g\u00fcn\u00fc Maliye Bakanl\u0131\u011f\u0131 b\u00fct\u00e7esi ve gelirler b\u00fct\u00e7esinin g\u00f6r\u00fc\u015f\u00fclmesi, tasar\u0131n\u0131n madde madde g\u00f6r\u00fclmesinin tamamlanmas\u0131 ve b\u00fct\u00fcn\u00fcn\u00fcn oylanmas\u0131yla sona erecek.<\/p>\n<p>Ekonomi, Maliye, B\u00fct\u00e7e ve Plan Komitesi\u2019nin b\u00fct\u00e7e toplant\u0131lar\u0131 saat 09.00\u2019da ba\u015flayacak.<\/p>\n<\/p><\/div>\n<p><script async\n                    defer\n                    crossorigin=\"anonymous\"\n                    src=\"https:\/\/connect.facebook.net\/tr_TR\/sdk.js#xfbml=1&#038;version=v3.3\"\n            ><\/script><\/p>\n","protected":false},"excerpt":{"rendered":"<p>2025 Mali Y\u0131l\u0131 Merkezi Devlet Y\u00f6netimi B\u00fct\u00e7e Yasa Tasar\u0131s\u0131, pazartesi g\u00fcn\u00fc Ekonomi, Maliye, B\u00fct\u00e7e ve Plan Komitesi\u2019nde g\u00f6r\u00fc\u015f\u00fclmeye ba\u015flayacak. Meclis\u2019ten yap\u0131lan a\u00e7\u0131klamaya g\u00f6re, b\u00fct\u00e7e g\u00f6r\u00fc\u015fmelerine, pazartesi g\u00fcn\u00fc Genel Kurul \u00e7al\u0131\u015fmalar\u0131ndan hemen sonra Ekonomi, Maliye, B\u00fct\u00e7e ve Plan Komitesi Ba\u015fkan\u0131 Resmiye Ero\u011flu Canaltay\u2019\u0131n a\u00e7\u0131l\u0131\u015f konu\u015fmas\u0131 ile ba\u015flanacak ve Maliye Bakan\u0131 \u00d6zdemir Berova\u2019n\u0131n sunu\u015f konu\u015fmas\u0131yla devam edecek.<\/p>\n","protected":false},"author":1,"featured_media":68619,"comment_status":"open","ping_status":"open","sticky":false,"template":"","format":"standard","meta":{"footnotes":""},"categories":[81],"tags":[],"class_list":["post-68618","post","type-post","status-publish","format-standard","has-post-thumbnail","hentry","category-kibris"],"yoast_head":"<!-- This site is optimized with the Yoast SEO plugin v27.4 - https:\/\/yoast.com\/product\/yoast-seo-wordpress\/ -->\n<title>2025 b\u00fct\u00e7esi pazartesi g\u00fcn\u00fc Komite\u2019de g\u00f6r\u00fc\u015f\u00fclmeye ba\u015flayacak -<\/title>\n<meta name=\"robots\" content=\"index, follow, max-snippet:-1, max-image-preview:large, max-video-preview:-1\" \/>\n<link rel=\"canonical\" href=\"https:\/\/kibrisdakik.com\/?p=68618\" \/>\n<meta property=\"og:locale\" content=\"tr_TR\" \/>\n<meta property=\"og:type\" content=\"article\" \/>\n<meta property=\"og:title\" content=\"2025 b\u00fct\u00e7esi pazartesi g\u00fcn\u00fc Komite\u2019de g\u00f6r\u00fc\u015f\u00fclmeye ba\u015flayacak -\" \/>\n<meta property=\"og:description\" content=\"2025 Mali Y\u0131l\u0131 Merkezi Devlet Y\u00f6netimi B\u00fct\u00e7e Yasa Tasar\u0131s\u0131, pazartesi g\u00fcn\u00fc Ekonomi, Maliye, B\u00fct\u00e7e ve Plan Komitesi\u2019nde g\u00f6r\u00fc\u015f\u00fclmeye ba\u015flayacak. Meclis\u2019ten yap\u0131lan a\u00e7\u0131klamaya g\u00f6re, b\u00fct\u00e7e g\u00f6r\u00fc\u015fmelerine, pazartesi g\u00fcn\u00fc Genel Kurul \u00e7al\u0131\u015fmalar\u0131ndan hemen sonra Ekonomi, Maliye, B\u00fct\u00e7e ve Plan Komitesi Ba\u015fkan\u0131 Resmiye Ero\u011flu Canaltay\u2019\u0131n a\u00e7\u0131l\u0131\u015f konu\u015fmas\u0131 ile ba\u015flanacak ve Maliye Bakan\u0131 \u00d6zdemir Berova\u2019n\u0131n sunu\u015f konu\u015fmas\u0131yla devam edecek.\" \/>\n<meta property=\"og:url\" content=\"https:\/\/kibrisdakik.com\/?p=68618\" \/>\n<meta property=\"article:published_time\" content=\"2024-11-08T17:50:23+00:00\" \/>\n<meta property=\"og:image\" content=\"https:\/\/kibrisdakik.com\/wp-content\/uploads\/2024\/11\/meclis-bina21-740x420.jpg\" \/>\n\t<meta property=\"og:image:width\" content=\"864\" \/>\n\t<meta property=\"og:image:height\" content=\"486\" \/>\n\t<meta property=\"og:image:type\" content=\"image\/jpeg\" \/>\n<meta name=\"author\" content=\"admin\" \/>\n<meta name=\"twitter:card\" content=\"summary_large_image\" \/>\n<meta name=\"twitter:label1\" content=\"Yazan:\" \/>\n\t<meta name=\"twitter:data1\" content=\"admin\" \/>\n\t<meta name=\"twitter:label2\" content=\"Tahmini okuma s\u00fcresi\" \/>\n\t<meta name=\"twitter:data2\" content=\"2 dakika\" \/>\n<script type=\"application\/ld+json\" class=\"yoast-schema-graph\">{\"@context\":\"https:\\\/\\\/schema.org\",\"@graph\":[{\"@type\":\"Article\",\"@id\":\"https:\\\/\\\/kibrisdakik.com\\\/?p=68618#article\",\"isPartOf\":{\"@id\":\"https:\\\/\\\/kibrisdakik.com\\\/?p=68618\"},\"author\":{\"name\":\"admin\",\"@id\":\"https:\\\/\\\/kibrisdakik.com\\\/#\\\/schema\\\/person\\\/9cd9d437bbb44f72b73ba127e06d8e79\"},\"headline\":\"2025 b\u00fct\u00e7esi pazartesi g\u00fcn\u00fc Komite\u2019de g\u00f6r\u00fc\u015f\u00fclmeye ba\u015flayacak\",\"datePublished\":\"2024-11-08T17:50:23+00:00\",\"mainEntityOfPage\":{\"@id\":\"https:\\\/\\\/kibrisdakik.com\\\/?p=68618\"},\"wordCount\":429,\"commentCount\":0,\"image\":{\"@id\":\"https:\\\/\\\/kibrisdakik.com\\\/?p=68618#primaryimage\"},\"thumbnailUrl\":\"https:\\\/\\\/kibrisdakik.com\\\/wp-content\\\/uploads\\\/2024\\\/11\\\/meclis-bina21-740x420.jpg\",\"articleSection\":[\"K\u0131br\u0131s\"],\"inLanguage\":\"tr\",\"potentialAction\":[{\"@type\":\"CommentAction\",\"name\":\"Comment\",\"target\":[\"https:\\\/\\\/kibrisdakik.com\\\/?p=68618#respond\"]}]},{\"@type\":\"WebPage\",\"@id\":\"https:\\\/\\\/kibrisdakik.com\\\/?p=68618\",\"url\":\"https:\\\/\\\/kibrisdakik.com\\\/?p=68618\",\"name\":\"2025 b\u00fct\u00e7esi pazartesi g\u00fcn\u00fc Komite\u2019de g\u00f6r\u00fc\u015f\u00fclmeye ba\u015flayacak -\",\"isPartOf\":{\"@id\":\"https:\\\/\\\/kibrisdakik.com\\\/#website\"},\"primaryImageOfPage\":{\"@id\":\"https:\\\/\\\/kibrisdakik.com\\\/?p=68618#primaryimage\"},\"image\":{\"@id\":\"https:\\\/\\\/kibrisdakik.com\\\/?p=68618#primaryimage\"},\"thumbnailUrl\":\"https:\\\/\\\/kibrisdakik.com\\\/wp-content\\\/uploads\\\/2024\\\/11\\\/meclis-bina21-740x420.jpg\",\"datePublished\":\"2024-11-08T17:50:23+00:00\",\"author\":{\"@id\":\"https:\\\/\\\/kibrisdakik.com\\\/#\\\/schema\\\/person\\\/9cd9d437bbb44f72b73ba127e06d8e79\"},\"breadcrumb\":{\"@id\":\"https:\\\/\\\/kibrisdakik.com\\\/?p=68618#breadcrumb\"},\"inLanguage\":\"tr\",\"potentialAction\":[{\"@type\":\"ReadAction\",\"target\":[\"https:\\\/\\\/kibrisdakik.com\\\/?p=68618\"]}]},{\"@type\":\"ImageObject\",\"inLanguage\":\"tr\",\"@id\":\"https:\\\/\\\/kibrisdakik.com\\\/?p=68618#primaryimage\",\"url\":\"https:\\\/\\\/kibrisdakik.com\\\/wp-content\\\/uploads\\\/2024\\\/11\\\/meclis-bina21-740x420.jpg\",\"contentUrl\":\"https:\\\/\\\/kibrisdakik.com\\\/wp-content\\\/uploads\\\/2024\\\/11\\\/meclis-bina21-740x420.jpg\",\"width\":864,\"height\":486},{\"@type\":\"BreadcrumbList\",\"@id\":\"https:\\\/\\\/kibrisdakik.com\\\/?p=68618#breadcrumb\",\"itemListElement\":[{\"@type\":\"ListItem\",\"position\":1,\"name\":\"Home\",\"item\":\"https:\\\/\\\/kibrisdakik.com\\\/\"},{\"@type\":\"ListItem\",\"position\":2,\"name\":\"2025 b\u00fct\u00e7esi pazartesi g\u00fcn\u00fc Komite\u2019de g\u00f6r\u00fc\u015f\u00fclmeye ba\u015flayacak\"}]},{\"@type\":\"WebSite\",\"@id\":\"https:\\\/\\\/kibrisdakik.com\\\/#website\",\"url\":\"https:\\\/\\\/kibrisdakik.com\\\/\",\"name\":\"\",\"description\":\"Tam vaktinde haber\",\"potentialAction\":[{\"@type\":\"SearchAction\",\"target\":{\"@type\":\"EntryPoint\",\"urlTemplate\":\"https:\\\/\\\/kibrisdakik.com\\\/?s={search_term_string}\"},\"query-input\":{\"@type\":\"PropertyValueSpecification\",\"valueRequired\":true,\"valueName\":\"search_term_string\"}}],\"inLanguage\":\"tr\"},{\"@type\":\"Person\",\"@id\":\"https:\\\/\\\/kibrisdakik.com\\\/#\\\/schema\\\/person\\\/9cd9d437bbb44f72b73ba127e06d8e79\",\"name\":\"admin\",\"image\":{\"@type\":\"ImageObject\",\"inLanguage\":\"tr\",\"@id\":\"https:\\\/\\\/secure.gravatar.com\\\/avatar\\\/ccc17943b9d660506c869530f897617f7cb1c21a4bf30023f252596d83e1f007?s=96&d=mm&r=g\",\"url\":\"https:\\\/\\\/secure.gravatar.com\\\/avatar\\\/ccc17943b9d660506c869530f897617f7cb1c21a4bf30023f252596d83e1f007?s=96&d=mm&r=g\",\"contentUrl\":\"https:\\\/\\\/secure.gravatar.com\\\/avatar\\\/ccc17943b9d660506c869530f897617f7cb1c21a4bf30023f252596d83e1f007?s=96&d=mm&r=g\",\"caption\":\"admin\"},\"sameAs\":[\"https:\\\/\\\/kibrisdakik.com\"],\"url\":\"https:\\\/\\\/kibrisdakik.com\\\/?author=1\"}]}<\/script>\n<!-- \/ Yoast SEO plugin. -->","yoast_head_json":{"title":"2025 b\u00fct\u00e7esi pazartesi g\u00fcn\u00fc Komite\u2019de g\u00f6r\u00fc\u015f\u00fclmeye ba\u015flayacak -","robots":{"index":"index","follow":"follow","max-snippet":"max-snippet:-1","max-image-preview":"max-image-preview:large","max-video-preview":"max-video-preview:-1"},"canonical":"https:\/\/kibrisdakik.com\/?p=68618","og_locale":"tr_TR","og_type":"article","og_title":"2025 b\u00fct\u00e7esi pazartesi g\u00fcn\u00fc Komite\u2019de g\u00f6r\u00fc\u015f\u00fclmeye ba\u015flayacak -","og_description":"2025 Mali Y\u0131l\u0131 Merkezi Devlet Y\u00f6netimi B\u00fct\u00e7e Yasa Tasar\u0131s\u0131, pazartesi g\u00fcn\u00fc Ekonomi, Maliye, B\u00fct\u00e7e ve Plan Komitesi\u2019nde g\u00f6r\u00fc\u015f\u00fclmeye ba\u015flayacak. Meclis\u2019ten yap\u0131lan a\u00e7\u0131klamaya g\u00f6re, b\u00fct\u00e7e g\u00f6r\u00fc\u015fmelerine, pazartesi g\u00fcn\u00fc Genel Kurul \u00e7al\u0131\u015fmalar\u0131ndan hemen sonra Ekonomi, Maliye, B\u00fct\u00e7e ve Plan Komitesi Ba\u015fkan\u0131 Resmiye Ero\u011flu Canaltay\u2019\u0131n a\u00e7\u0131l\u0131\u015f konu\u015fmas\u0131 ile ba\u015flanacak ve Maliye Bakan\u0131 \u00d6zdemir Berova\u2019n\u0131n sunu\u015f konu\u015fmas\u0131yla devam edecek.","og_url":"https:\/\/kibrisdakik.com\/?p=68618","article_published_time":"2024-11-08T17:50:23+00:00","og_image":[{"width":864,"height":486,"url":"https:\/\/kibrisdakik.com\/wp-content\/uploads\/2024\/11\/meclis-bina21-740x420.jpg","type":"image\/jpeg"}],"author":"admin","twitter_card":"summary_large_image","twitter_misc":{"Yazan:":"admin","Tahmini okuma s\u00fcresi":"2 dakika"},"schema":{"@context":"https:\/\/schema.org","@graph":[{"@type":"Article","@id":"https:\/\/kibrisdakik.com\/?p=68618#article","isPartOf":{"@id":"https:\/\/kibrisdakik.com\/?p=68618"},"author":{"name":"admin","@id":"https:\/\/kibrisdakik.com\/#\/schema\/person\/9cd9d437bbb44f72b73ba127e06d8e79"},"headline":"2025 b\u00fct\u00e7esi pazartesi g\u00fcn\u00fc Komite\u2019de g\u00f6r\u00fc\u015f\u00fclmeye ba\u015flayacak","datePublished":"2024-11-08T17:50:23+00:00","mainEntityOfPage":{"@id":"https:\/\/kibrisdakik.com\/?p=68618"},"wordCount":429,"commentCount":0,"image":{"@id":"https:\/\/kibrisdakik.com\/?p=68618#primaryimage"},"thumbnailUrl":"https:\/\/kibrisdakik.com\/wp-content\/uploads\/2024\/11\/meclis-bina21-740x420.jpg","articleSection":["K\u0131br\u0131s"],"inLanguage":"tr","potentialAction":[{"@type":"CommentAction","name":"Comment","target":["https:\/\/kibrisdakik.com\/?p=68618#respond"]}]},{"@type":"WebPage","@id":"https:\/\/kibrisdakik.com\/?p=68618","url":"https:\/\/kibrisdakik.com\/?p=68618","name":"2025 b\u00fct\u00e7esi pazartesi g\u00fcn\u00fc Komite\u2019de g\u00f6r\u00fc\u015f\u00fclmeye ba\u015flayacak -","isPartOf":{"@id":"https:\/\/kibrisdakik.com\/#website"},"primaryImageOfPage":{"@id":"https:\/\/kibrisdakik.com\/?p=68618#primaryimage"},"image":{"@id":"https:\/\/kibrisdakik.com\/?p=68618#primaryimage"},"thumbnailUrl":"https:\/\/kibrisdakik.com\/wp-content\/uploads\/2024\/11\/meclis-bina21-740x420.jpg","datePublished":"2024-11-08T17:50:23+00:00","author":{"@id":"https:\/\/kibrisdakik.com\/#\/schema\/person\/9cd9d437bbb44f72b73ba127e06d8e79"},"breadcrumb":{"@id":"https:\/\/kibrisdakik.com\/?p=68618#breadcrumb"},"inLanguage":"tr","potentialAction":[{"@type":"ReadAction","target":["https:\/\/kibrisdakik.com\/?p=68618"]}]},{"@type":"ImageObject","inLanguage":"tr","@id":"https:\/\/kibrisdakik.com\/?p=68618#primaryimage","url":"https:\/\/kibrisdakik.com\/wp-content\/uploads\/2024\/11\/meclis-bina21-740x420.jpg","contentUrl":"https:\/\/kibrisdakik.com\/wp-content\/uploads\/2024\/11\/meclis-bina21-740x420.jpg","width":864,"height":486},{"@type":"BreadcrumbList","@id":"https:\/\/kibrisdakik.com\/?p=68618#breadcrumb","itemListElement":[{"@type":"ListItem","position":1,"name":"Home","item":"https:\/\/kibrisdakik.com\/"},{"@type":"ListItem","position":2,"name":"2025 b\u00fct\u00e7esi pazartesi g\u00fcn\u00fc Komite\u2019de g\u00f6r\u00fc\u015f\u00fclmeye ba\u015flayacak"}]},{"@type":"WebSite","@id":"https:\/\/kibrisdakik.com\/#website","url":"https:\/\/kibrisdakik.com\/","name":"","description":"Tam vaktinde haber","potentialAction":[{"@type":"SearchAction","target":{"@type":"EntryPoint","urlTemplate":"https:\/\/kibrisdakik.com\/?s={search_term_string}"},"query-input":{"@type":"PropertyValueSpecification","valueRequired":true,"valueName":"search_term_string"}}],"inLanguage":"tr"},{"@type":"Person","@id":"https:\/\/kibrisdakik.com\/#\/schema\/person\/9cd9d437bbb44f72b73ba127e06d8e79","name":"admin","image":{"@type":"ImageObject","inLanguage":"tr","@id":"https:\/\/secure.gravatar.com\/avatar\/ccc17943b9d660506c869530f897617f7cb1c21a4bf30023f252596d83e1f007?s=96&d=mm&r=g","url":"https:\/\/secure.gravatar.com\/avatar\/ccc17943b9d660506c869530f897617f7cb1c21a4bf30023f252596d83e1f007?s=96&d=mm&r=g","contentUrl":"https:\/\/secure.gravatar.com\/avatar\/ccc17943b9d660506c869530f897617f7cb1c21a4bf30023f252596d83e1f007?s=96&d=mm&r=g","caption":"admin"},"sameAs":["https:\/\/kibrisdakik.com"],"url":"https:\/\/kibrisdakik.com\/?author=1"}]}},"_links":{"self":[{"href":"https:\/\/kibrisdakik.com\/index.php?rest_route=\/wp\/v2\/posts\/68618","targetHints":{"allow":["GET"]}}],"collection":[{"href":"https:\/\/kibrisdakik.com\/index.php?rest_route=\/wp\/v2\/posts"}],"about":[{"href":"https:\/\/kibrisdakik.com\/index.php?rest_route=\/wp\/v2\/types\/post"}],"author":[{"embeddable":true,"href":"https:\/\/kibrisdakik.com\/index.php?rest_route=\/wp\/v2\/users\/1"}],"replies":[{"embeddable":true,"href":"https:\/\/kibrisdakik.com\/index.php?rest_route=%2Fwp%2Fv2%2Fcomments&post=68618"}],"version-history":[{"count":0,"href":"https:\/\/kibrisdakik.com\/index.php?rest_route=\/wp\/v2\/posts\/68618\/revisions"}],"wp:featuredmedia":[{"embeddable":true,"href":"https:\/\/kibrisdakik.com\/index.php?rest_route=\/wp\/v2\/media\/68619"}],"wp:attachment":[{"href":"https:\/\/kibrisdakik.com\/index.php?rest_route=%2Fwp%2Fv2%2Fmedia&parent=68618"}],"wp:term":[{"taxonomy":"category","embeddable":true,"href":"https:\/\/kibrisdakik.com\/index.php?rest_route=%2Fwp%2Fv2%2Fcategories&post=68618"},{"taxonomy":"post_tag","embeddable":true,"href":"https:\/\/kibrisdakik.com\/index.php?rest_route=%2Fwp%2Fv2%2Ftags&post=68618"}],"curies":[{"name":"wp","href":"https:\/\/api.w.org\/{rel}","templated":true}]}}