{"id":68669,"date":"2024-11-09T13:39:53","date_gmt":"2024-11-09T10:39:53","guid":{"rendered":"https:\/\/kibrisdakik.com\/index.php\/2024\/11\/09\/cevre-ve-ekoloji-festivalinde-ogrenciler-ve-cevre-profesyonelleri-bir-araya-geldi\/"},"modified":"2024-11-09T13:39:53","modified_gmt":"2024-11-09T10:39:53","slug":"cevre-ve-ekoloji-festivalinde-ogrenciler-ve-cevre-profesyonelleri-bir-araya-geldi","status":"publish","type":"post","link":"https:\/\/kibrisdakik.com\/?p=68669","title":{"rendered":"\u00c7evre ve Ekoloji Festivali\u2019nde \u00f6\u011frenciler ve \u00e7evre profesyonelleri bir araya geldi"},"content":{"rendered":"<div>\n<div class=\"mariselle-image-container center\">\n                                            <\/div>\n<p>Avrupa Birli\u011fi\u2019nin K\u0131br\u0131s T\u00fcrk Toplumuna Y\u00f6nelik Yard\u0131m Program\u0131 kapsam\u0131nda finanse edilen ve Ma\u011fusa K\u00fclt\u00fcr Derne\u011fi taraf\u0131ndan y\u00fcr\u00fct\u00fclen Ye\u015fil Bilezik: S\u00fcrd\u00fcr\u00fclebilir Kalk\u0131nma i\u00e7in \u00c7evre Okuryazarl\u0131\u011f\u0131 projesi kapsam\u0131nda ger\u00e7ekle\u015fen \u00c7evre ve Ekoloji Festivali\u2019nde 300\u2019den fazla \u00f6\u011frenci \u00e7evre okuryazarl\u0131\u011f\u0131n\u0131 te\u015fvik etmeyi ama\u00e7layan at\u00f6lye \u00e7al\u0131\u015fmalar\u0131na kat\u0131ld\u0131, interaktif stantlardan bilgi ald\u0131 ve \u00e7evre konusunda farkl\u0131 disiplinlerde \u00e7al\u0131\u015fmalar y\u00fcr\u00fcten ki\u015fi ve kurumlarla tan\u0131\u015ft\u0131.<\/p>\n<div class=\"mariselle-image-container center\">\n                <img loading=\"lazy\" decoding=\"async\" width=\"2560\" height=\"1707\" class=\"lazy-image\" alt=\"\" sizes=\"auto, (max-width: 2560px) 100vw, 2560px\" src=\"https:\/\/brtk.net\/wp-content\/uploads\/2024\/11\/09\/e-cevre-ekoloji-3--scaled.jpg?ver=7ce6dac92ba3aaf8f8ba8558a524d325\" srcset=\"https:\/\/brtk.net\/wp-content\/uploads\/2024\/11\/09\/e-cevre-ekoloji-3--scaled.jpg?ver=7ce6dac92ba3aaf8f8ba8558a524d325 2560w, https:\/\/brtk.net\/wp-content\/uploads\/2024\/11\/09\/e-cevre-ekoloji-3--300x200.jpg?ver=c94a3cb2e9410ec2049e64d4fc305e7b 300w, https:\/\/brtk.net\/wp-content\/uploads\/2024\/11\/09\/e-cevre-ekoloji-3--1024x683.jpg?ver=3e97ee8c2e5c3e44fd5ffbf4714c75fa 1024w, https:\/\/brtk.net\/wp-content\/uploads\/2024\/11\/09\/e-cevre-ekoloji-3--768x512.jpg?ver=73afe82320fe49e58077cab02e23ab2d 768w, https:\/\/brtk.net\/wp-content\/uploads\/2024\/11\/09\/e-cevre-ekoloji-3--1536x1024.jpg?ver=c6e0e9834d0028c1bbaa698025268403 1536w, https:\/\/brtk.net\/wp-content\/uploads\/2024\/11\/09\/e-cevre-ekoloji-3--2048x1365.jpg?ver=207aa8babfb128db97c5268d8e771b81 2048w\"\/>                            <\/div>\n<p>Ma\u011fusa K\u00fclt\u00fcr Derne\u011fi\u2019nden verilen bilgiye g\u00f6re, Avrupa Komisyonu K\u0131br\u0131s \u00c7\u00f6z\u00fcm Destek Birimi B\u00f6l\u00fcm M\u00fcd\u00fcr\u00fc Michel Vedrenne ve Sivil Toplum Program Y\u00f6neticisi Mihai-Florin Stoleru\u2019nun da kat\u0131ld\u0131\u011f\u0131 festivalde, Ma\u011fusa, Lefko\u015fa ve \u0130skele b\u00f6lgesindeki okullardan ilk ve orta\u00f6\u011fretim \u00f6\u011frencileri, g\u00fcn boyunca s\u0131f\u0131r at\u0131k yarat\u0131c\u0131 drama, geri d\u00f6n\u00fc\u015f\u00fcm materyalleriyle robotik kodlama, s\u0131f\u0131r at\u0131k mutfak uygulamalar\u0131 ve s\u00fcrd\u00fcr\u00fclebilirlik gibi at\u00f6lyelere kat\u0131ld\u0131lar.<\/p>\n<p>Tohum topu yap\u0131m\u0131, tohum \u00e7imlendirme, ka\u011f\u0131t yap\u0131m\u0131, ka\u011f\u0131d\u0131n geri d\u00f6n\u00fc\u015f\u00fcm\u00fc ve seramik gibi at\u00f6lye \u00e7al\u0131\u015fmalar\u0131yla do\u011faya dokunarak do\u011fa dostu uygulamalar\u0131 tan\u0131ma ve deneyimleme f\u0131rsat\u0131 buldular.<\/p>\n<p>Festivalde do\u011fa dostu ve s\u00fcrd\u00fcr\u00fclebilir \u00e7al\u0131\u015fmalar y\u00fcr\u00fcten bireyler, dernekler, \u00fcreticiler, projeler, g\u00f6n\u00fcll\u00fcler ve \u00e7evreye duyarl\u0131 bir\u00e7ok giri\u015fimin tan\u0131t\u0131m stantlar\u0131n\u0131n yan\u0131 s\u0131ra, yerel \u00fcreticilerden do\u011fal kozmetik \u00fcr\u00fcnler, ev yap\u0131m\u0131 organik yiyecekler, ekolojik el i\u015fleri ve ileri d\u00f6n\u00fc\u015f\u00fcm \u00fcr\u00fcnler ziyaret\u00e7ilerle bulu\u015ftu.<\/p>\n<div class=\"mariselle-image-container center\">\n                <img loading=\"lazy\" decoding=\"async\" width=\"2000\" height=\"1500\" class=\"lazy-image\" alt=\"\" sizes=\"auto, (max-width: 2000px) 100vw, 2000px\" src=\"https:\/\/brtk.net\/wp-content\/uploads\/2024\/11\/09\/e-cevre-ekoloji-4-.jpeg?ver=6c0705cc7807885be563a89e1a5771c9\" srcset=\"https:\/\/brtk.net\/wp-content\/uploads\/2024\/11\/09\/e-cevre-ekoloji-4-.jpeg?ver=6c0705cc7807885be563a89e1a5771c9 2000w, https:\/\/brtk.net\/wp-content\/uploads\/2024\/11\/09\/e-cevre-ekoloji-4--300x225.jpeg?ver=314730087dca041e0d2bb383a08370b4 300w, https:\/\/brtk.net\/wp-content\/uploads\/2024\/11\/09\/e-cevre-ekoloji-4--1024x768.jpeg?ver=314730087dca041e0d2bb383a08370b4 1024w, https:\/\/brtk.net\/wp-content\/uploads\/2024\/11\/09\/e-cevre-ekoloji-4--768x576.jpeg?ver=314730087dca041e0d2bb383a08370b4 768w, https:\/\/brtk.net\/wp-content\/uploads\/2024\/11\/09\/e-cevre-ekoloji-4--1536x1152.jpeg?ver=9cb9fe429522337f3a307fd7563e787a 1536w\"\/>                            <\/div>\n<p>Festivalde, Proje M\u00fcd\u00fcr\u00fc M\u00fcnise Alibeyo\u011flu, MKD Ba\u015fkan\u0131 Sermin \u0130yican ve Avrupa Komisyonu K\u0131br\u0131s \u00c7\u00f6z\u00fcm Destek Birimi B\u00f6l\u00fcm M\u00fcd\u00fcr\u00fc Michel Vedrenne konu\u015fma yapm\u0131\u015ft\u0131.<\/p>\n<\/p><\/div>\n<p><script async\n                    defer\n                    crossorigin=\"anonymous\"\n                    src=\"https:\/\/connect.facebook.net\/tr_TR\/sdk.js#xfbml=1&#038;version=v3.3\"\n            ><\/script><\/p>\n","protected":false},"excerpt":{"rendered":"<p>Avrupa Birli\u011fi\u2019nin K\u0131br\u0131s T\u00fcrk Toplumuna Y\u00f6nelik Yard\u0131m Program\u0131 kapsam\u0131nda finanse edilen ve Ma\u011fusa K\u00fclt\u00fcr Derne\u011fi taraf\u0131ndan y\u00fcr\u00fct\u00fclen Ye\u015fil Bilezik: S\u00fcrd\u00fcr\u00fclebilir Kalk\u0131nma i\u00e7in \u00c7evre Okuryazarl\u0131\u011f\u0131 projesi kapsam\u0131nda ger\u00e7ekle\u015fen \u00c7evre ve Ekoloji Festivali\u2019nde 300\u2019den fazla \u00f6\u011frenci \u00e7evre okuryazarl\u0131\u011f\u0131n\u0131 te\u015fvik etmeyi ama\u00e7layan at\u00f6lye \u00e7al\u0131\u015fmalar\u0131na kat\u0131ld\u0131, interaktif stantlardan bilgi ald\u0131 ve \u00e7evre konusunda farkl\u0131 disiplinlerde \u00e7al\u0131\u015fmalar y\u00fcr\u00fcten ki\u015fi ve<\/p>\n","protected":false},"author":1,"featured_media":68670,"comment_status":"open","ping_status":"open","sticky":false,"template":"","format":"standard","meta":{"footnotes":""},"categories":[81],"tags":[],"class_list":["post-68669","post","type-post","status-publish","format-standard","has-post-thumbnail","hentry","category-kibris"],"yoast_head":"<!-- This site is optimized with the Yoast SEO plugin v27.4 - https:\/\/yoast.com\/product\/yoast-seo-wordpress\/ -->\n<title>\u00c7evre ve Ekoloji Festivali\u2019nde \u00f6\u011frenciler ve \u00e7evre profesyonelleri bir araya geldi -<\/title>\n<meta name=\"robots\" content=\"index, follow, max-snippet:-1, max-image-preview:large, max-video-preview:-1\" \/>\n<link rel=\"canonical\" href=\"https:\/\/kibrisdakik.com\/?p=68669\" \/>\n<meta property=\"og:locale\" content=\"tr_TR\" \/>\n<meta property=\"og:type\" content=\"article\" \/>\n<meta property=\"og:title\" content=\"\u00c7evre ve Ekoloji Festivali\u2019nde \u00f6\u011frenciler ve \u00e7evre profesyonelleri bir araya geldi -\" \/>\n<meta property=\"og:description\" content=\"Avrupa Birli\u011fi\u2019nin K\u0131br\u0131s T\u00fcrk Toplumuna Y\u00f6nelik Yard\u0131m Program\u0131 kapsam\u0131nda finanse edilen ve Ma\u011fusa K\u00fclt\u00fcr Derne\u011fi taraf\u0131ndan y\u00fcr\u00fct\u00fclen Ye\u015fil Bilezik: S\u00fcrd\u00fcr\u00fclebilir Kalk\u0131nma i\u00e7in \u00c7evre Okuryazarl\u0131\u011f\u0131 projesi kapsam\u0131nda ger\u00e7ekle\u015fen \u00c7evre ve Ekoloji Festivali\u2019nde 300\u2019den fazla \u00f6\u011frenci \u00e7evre okuryazarl\u0131\u011f\u0131n\u0131 te\u015fvik etmeyi ama\u00e7layan at\u00f6lye \u00e7al\u0131\u015fmalar\u0131na kat\u0131ld\u0131, interaktif stantlardan bilgi ald\u0131 ve \u00e7evre konusunda farkl\u0131 disiplinlerde \u00e7al\u0131\u015fmalar y\u00fcr\u00fcten ki\u015fi ve\" \/>\n<meta property=\"og:url\" content=\"https:\/\/kibrisdakik.com\/?p=68669\" \/>\n<meta property=\"article:published_time\" content=\"2024-11-09T10:39:53+00:00\" \/>\n<meta property=\"og:image\" content=\"https:\/\/kibrisdakik.com\/wp-content\/uploads\/2024\/11\/e-cevre-ekoloji-3-scaled-740x420.jpeg\" \/>\n\t<meta property=\"og:image:width\" content=\"2560\" \/>\n\t<meta property=\"og:image:height\" content=\"1707\" \/>\n\t<meta property=\"og:image:type\" content=\"image\/jpeg\" \/>\n<meta name=\"author\" content=\"admin\" \/>\n<meta name=\"twitter:card\" content=\"summary_large_image\" \/>\n<meta name=\"twitter:label1\" content=\"Yazan:\" \/>\n\t<meta name=\"twitter:data1\" content=\"admin\" \/>\n\t<meta name=\"twitter:label2\" content=\"Tahmini okuma s\u00fcresi\" \/>\n\t<meta name=\"twitter:data2\" content=\"2 dakika\" \/>\n<script type=\"application\/ld+json\" class=\"yoast-schema-graph\">{\"@context\":\"https:\\\/\\\/schema.org\",\"@graph\":[{\"@type\":\"Article\",\"@id\":\"https:\\\/\\\/kibrisdakik.com\\\/?p=68669#article\",\"isPartOf\":{\"@id\":\"https:\\\/\\\/kibrisdakik.com\\\/?p=68669\"},\"author\":{\"name\":\"admin\",\"@id\":\"https:\\\/\\\/kibrisdakik.com\\\/#\\\/schema\\\/person\\\/9cd9d437bbb44f72b73ba127e06d8e79\"},\"headline\":\"\u00c7evre ve Ekoloji Festivali\u2019nde \u00f6\u011frenciler ve \u00e7evre profesyonelleri bir araya geldi\",\"datePublished\":\"2024-11-09T10:39:53+00:00\",\"mainEntityOfPage\":{\"@id\":\"https:\\\/\\\/kibrisdakik.com\\\/?p=68669\"},\"wordCount\":339,\"commentCount\":0,\"image\":{\"@id\":\"https:\\\/\\\/kibrisdakik.com\\\/?p=68669#primaryimage\"},\"thumbnailUrl\":\"https:\\\/\\\/kibrisdakik.com\\\/wp-content\\\/uploads\\\/2024\\\/11\\\/e-cevre-ekoloji-3-scaled-740x420.jpeg\",\"articleSection\":[\"K\u0131br\u0131s\"],\"inLanguage\":\"tr\",\"potentialAction\":[{\"@type\":\"CommentAction\",\"name\":\"Comment\",\"target\":[\"https:\\\/\\\/kibrisdakik.com\\\/?p=68669#respond\"]}]},{\"@type\":\"WebPage\",\"@id\":\"https:\\\/\\\/kibrisdakik.com\\\/?p=68669\",\"url\":\"https:\\\/\\\/kibrisdakik.com\\\/?p=68669\",\"name\":\"\u00c7evre ve Ekoloji Festivali\u2019nde \u00f6\u011frenciler ve \u00e7evre profesyonelleri bir araya geldi -\",\"isPartOf\":{\"@id\":\"https:\\\/\\\/kibrisdakik.com\\\/#website\"},\"primaryImageOfPage\":{\"@id\":\"https:\\\/\\\/kibrisdakik.com\\\/?p=68669#primaryimage\"},\"image\":{\"@id\":\"https:\\\/\\\/kibrisdakik.com\\\/?p=68669#primaryimage\"},\"thumbnailUrl\":\"https:\\\/\\\/kibrisdakik.com\\\/wp-content\\\/uploads\\\/2024\\\/11\\\/e-cevre-ekoloji-3-scaled-740x420.jpeg\",\"datePublished\":\"2024-11-09T10:39:53+00:00\",\"author\":{\"@id\":\"https:\\\/\\\/kibrisdakik.com\\\/#\\\/schema\\\/person\\\/9cd9d437bbb44f72b73ba127e06d8e79\"},\"breadcrumb\":{\"@id\":\"https:\\\/\\\/kibrisdakik.com\\\/?p=68669#breadcrumb\"},\"inLanguage\":\"tr\",\"potentialAction\":[{\"@type\":\"ReadAction\",\"target\":[\"https:\\\/\\\/kibrisdakik.com\\\/?p=68669\"]}]},{\"@type\":\"ImageObject\",\"inLanguage\":\"tr\",\"@id\":\"https:\\\/\\\/kibrisdakik.com\\\/?p=68669#primaryimage\",\"url\":\"https:\\\/\\\/kibrisdakik.com\\\/wp-content\\\/uploads\\\/2024\\\/11\\\/e-cevre-ekoloji-3-scaled-740x420.jpeg\",\"contentUrl\":\"https:\\\/\\\/kibrisdakik.com\\\/wp-content\\\/uploads\\\/2024\\\/11\\\/e-cevre-ekoloji-3-scaled-740x420.jpeg\",\"width\":2560,\"height\":1707},{\"@type\":\"BreadcrumbList\",\"@id\":\"https:\\\/\\\/kibrisdakik.com\\\/?p=68669#breadcrumb\",\"itemListElement\":[{\"@type\":\"ListItem\",\"position\":1,\"name\":\"Home\",\"item\":\"https:\\\/\\\/kibrisdakik.com\\\/\"},{\"@type\":\"ListItem\",\"position\":2,\"name\":\"\u00c7evre ve Ekoloji Festivali\u2019nde \u00f6\u011frenciler ve \u00e7evre profesyonelleri bir araya geldi\"}]},{\"@type\":\"WebSite\",\"@id\":\"https:\\\/\\\/kibrisdakik.com\\\/#website\",\"url\":\"https:\\\/\\\/kibrisdakik.com\\\/\",\"name\":\"\",\"description\":\"Tam vaktinde haber\",\"potentialAction\":[{\"@type\":\"SearchAction\",\"target\":{\"@type\":\"EntryPoint\",\"urlTemplate\":\"https:\\\/\\\/kibrisdakik.com\\\/?s={search_term_string}\"},\"query-input\":{\"@type\":\"PropertyValueSpecification\",\"valueRequired\":true,\"valueName\":\"search_term_string\"}}],\"inLanguage\":\"tr\"},{\"@type\":\"Person\",\"@id\":\"https:\\\/\\\/kibrisdakik.com\\\/#\\\/schema\\\/person\\\/9cd9d437bbb44f72b73ba127e06d8e79\",\"name\":\"admin\",\"image\":{\"@type\":\"ImageObject\",\"inLanguage\":\"tr\",\"@id\":\"https:\\\/\\\/secure.gravatar.com\\\/avatar\\\/ccc17943b9d660506c869530f897617f7cb1c21a4bf30023f252596d83e1f007?s=96&d=mm&r=g\",\"url\":\"https:\\\/\\\/secure.gravatar.com\\\/avatar\\\/ccc17943b9d660506c869530f897617f7cb1c21a4bf30023f252596d83e1f007?s=96&d=mm&r=g\",\"contentUrl\":\"https:\\\/\\\/secure.gravatar.com\\\/avatar\\\/ccc17943b9d660506c869530f897617f7cb1c21a4bf30023f252596d83e1f007?s=96&d=mm&r=g\",\"caption\":\"admin\"},\"sameAs\":[\"https:\\\/\\\/kibrisdakik.com\"],\"url\":\"https:\\\/\\\/kibrisdakik.com\\\/?author=1\"}]}<\/script>\n<!-- \/ Yoast SEO plugin. -->","yoast_head_json":{"title":"\u00c7evre ve Ekoloji Festivali\u2019nde \u00f6\u011frenciler ve \u00e7evre profesyonelleri bir araya geldi -","robots":{"index":"index","follow":"follow","max-snippet":"max-snippet:-1","max-image-preview":"max-image-preview:large","max-video-preview":"max-video-preview:-1"},"canonical":"https:\/\/kibrisdakik.com\/?p=68669","og_locale":"tr_TR","og_type":"article","og_title":"\u00c7evre ve Ekoloji Festivali\u2019nde \u00f6\u011frenciler ve \u00e7evre profesyonelleri bir araya geldi -","og_description":"Avrupa Birli\u011fi\u2019nin K\u0131br\u0131s T\u00fcrk Toplumuna Y\u00f6nelik Yard\u0131m Program\u0131 kapsam\u0131nda finanse edilen ve Ma\u011fusa K\u00fclt\u00fcr Derne\u011fi taraf\u0131ndan y\u00fcr\u00fct\u00fclen Ye\u015fil Bilezik: S\u00fcrd\u00fcr\u00fclebilir Kalk\u0131nma i\u00e7in \u00c7evre Okuryazarl\u0131\u011f\u0131 projesi kapsam\u0131nda ger\u00e7ekle\u015fen \u00c7evre ve Ekoloji Festivali\u2019nde 300\u2019den fazla \u00f6\u011frenci \u00e7evre okuryazarl\u0131\u011f\u0131n\u0131 te\u015fvik etmeyi ama\u00e7layan at\u00f6lye \u00e7al\u0131\u015fmalar\u0131na kat\u0131ld\u0131, interaktif stantlardan bilgi ald\u0131 ve \u00e7evre konusunda farkl\u0131 disiplinlerde \u00e7al\u0131\u015fmalar y\u00fcr\u00fcten ki\u015fi ve","og_url":"https:\/\/kibrisdakik.com\/?p=68669","article_published_time":"2024-11-09T10:39:53+00:00","og_image":[{"width":2560,"height":1707,"url":"https:\/\/kibrisdakik.com\/wp-content\/uploads\/2024\/11\/e-cevre-ekoloji-3-scaled-740x420.jpeg","type":"image\/jpeg"}],"author":"admin","twitter_card":"summary_large_image","twitter_misc":{"Yazan:":"admin","Tahmini okuma s\u00fcresi":"2 dakika"},"schema":{"@context":"https:\/\/schema.org","@graph":[{"@type":"Article","@id":"https:\/\/kibrisdakik.com\/?p=68669#article","isPartOf":{"@id":"https:\/\/kibrisdakik.com\/?p=68669"},"author":{"name":"admin","@id":"https:\/\/kibrisdakik.com\/#\/schema\/person\/9cd9d437bbb44f72b73ba127e06d8e79"},"headline":"\u00c7evre ve Ekoloji Festivali\u2019nde \u00f6\u011frenciler ve \u00e7evre profesyonelleri bir araya geldi","datePublished":"2024-11-09T10:39:53+00:00","mainEntityOfPage":{"@id":"https:\/\/kibrisdakik.com\/?p=68669"},"wordCount":339,"commentCount":0,"image":{"@id":"https:\/\/kibrisdakik.com\/?p=68669#primaryimage"},"thumbnailUrl":"https:\/\/kibrisdakik.com\/wp-content\/uploads\/2024\/11\/e-cevre-ekoloji-3-scaled-740x420.jpeg","articleSection":["K\u0131br\u0131s"],"inLanguage":"tr","potentialAction":[{"@type":"CommentAction","name":"Comment","target":["https:\/\/kibrisdakik.com\/?p=68669#respond"]}]},{"@type":"WebPage","@id":"https:\/\/kibrisdakik.com\/?p=68669","url":"https:\/\/kibrisdakik.com\/?p=68669","name":"\u00c7evre ve Ekoloji Festivali\u2019nde \u00f6\u011frenciler ve \u00e7evre profesyonelleri bir araya geldi -","isPartOf":{"@id":"https:\/\/kibrisdakik.com\/#website"},"primaryImageOfPage":{"@id":"https:\/\/kibrisdakik.com\/?p=68669#primaryimage"},"image":{"@id":"https:\/\/kibrisdakik.com\/?p=68669#primaryimage"},"thumbnailUrl":"https:\/\/kibrisdakik.com\/wp-content\/uploads\/2024\/11\/e-cevre-ekoloji-3-scaled-740x420.jpeg","datePublished":"2024-11-09T10:39:53+00:00","author":{"@id":"https:\/\/kibrisdakik.com\/#\/schema\/person\/9cd9d437bbb44f72b73ba127e06d8e79"},"breadcrumb":{"@id":"https:\/\/kibrisdakik.com\/?p=68669#breadcrumb"},"inLanguage":"tr","potentialAction":[{"@type":"ReadAction","target":["https:\/\/kibrisdakik.com\/?p=68669"]}]},{"@type":"ImageObject","inLanguage":"tr","@id":"https:\/\/kibrisdakik.com\/?p=68669#primaryimage","url":"https:\/\/kibrisdakik.com\/wp-content\/uploads\/2024\/11\/e-cevre-ekoloji-3-scaled-740x420.jpeg","contentUrl":"https:\/\/kibrisdakik.com\/wp-content\/uploads\/2024\/11\/e-cevre-ekoloji-3-scaled-740x420.jpeg","width":2560,"height":1707},{"@type":"BreadcrumbList","@id":"https:\/\/kibrisdakik.com\/?p=68669#breadcrumb","itemListElement":[{"@type":"ListItem","position":1,"name":"Home","item":"https:\/\/kibrisdakik.com\/"},{"@type":"ListItem","position":2,"name":"\u00c7evre ve Ekoloji Festivali\u2019nde \u00f6\u011frenciler ve \u00e7evre profesyonelleri bir araya geldi"}]},{"@type":"WebSite","@id":"https:\/\/kibrisdakik.com\/#website","url":"https:\/\/kibrisdakik.com\/","name":"","description":"Tam vaktinde haber","potentialAction":[{"@type":"SearchAction","target":{"@type":"EntryPoint","urlTemplate":"https:\/\/kibrisdakik.com\/?s={search_term_string}"},"query-input":{"@type":"PropertyValueSpecification","valueRequired":true,"valueName":"search_term_string"}}],"inLanguage":"tr"},{"@type":"Person","@id":"https:\/\/kibrisdakik.com\/#\/schema\/person\/9cd9d437bbb44f72b73ba127e06d8e79","name":"admin","image":{"@type":"ImageObject","inLanguage":"tr","@id":"https:\/\/secure.gravatar.com\/avatar\/ccc17943b9d660506c869530f897617f7cb1c21a4bf30023f252596d83e1f007?s=96&d=mm&r=g","url":"https:\/\/secure.gravatar.com\/avatar\/ccc17943b9d660506c869530f897617f7cb1c21a4bf30023f252596d83e1f007?s=96&d=mm&r=g","contentUrl":"https:\/\/secure.gravatar.com\/avatar\/ccc17943b9d660506c869530f897617f7cb1c21a4bf30023f252596d83e1f007?s=96&d=mm&r=g","caption":"admin"},"sameAs":["https:\/\/kibrisdakik.com"],"url":"https:\/\/kibrisdakik.com\/?author=1"}]}},"_links":{"self":[{"href":"https:\/\/kibrisdakik.com\/index.php?rest_route=\/wp\/v2\/posts\/68669","targetHints":{"allow":["GET"]}}],"collection":[{"href":"https:\/\/kibrisdakik.com\/index.php?rest_route=\/wp\/v2\/posts"}],"about":[{"href":"https:\/\/kibrisdakik.com\/index.php?rest_route=\/wp\/v2\/types\/post"}],"author":[{"embeddable":true,"href":"https:\/\/kibrisdakik.com\/index.php?rest_route=\/wp\/v2\/users\/1"}],"replies":[{"embeddable":true,"href":"https:\/\/kibrisdakik.com\/index.php?rest_route=%2Fwp%2Fv2%2Fcomments&post=68669"}],"version-history":[{"count":0,"href":"https:\/\/kibrisdakik.com\/index.php?rest_route=\/wp\/v2\/posts\/68669\/revisions"}],"wp:featuredmedia":[{"embeddable":true,"href":"https:\/\/kibrisdakik.com\/index.php?rest_route=\/wp\/v2\/media\/68670"}],"wp:attachment":[{"href":"https:\/\/kibrisdakik.com\/index.php?rest_route=%2Fwp%2Fv2%2Fmedia&parent=68669"}],"wp:term":[{"taxonomy":"category","embeddable":true,"href":"https:\/\/kibrisdakik.com\/index.php?rest_route=%2Fwp%2Fv2%2Fcategories&post=68669"},{"taxonomy":"post_tag","embeddable":true,"href":"https:\/\/kibrisdakik.com\/index.php?rest_route=%2Fwp%2Fv2%2Ftags&post=68669"}],"curies":[{"name":"wp","href":"https:\/\/api.w.org\/{rel}","templated":true}]}}