{"id":68683,"date":"2024-11-09T15:08:18","date_gmt":"2024-11-09T12:08:18","guid":{"rendered":"https:\/\/kibrisdakik.com\/index.php\/2024\/11\/09\/ozcinar-en-buyuk-sorumlulugumuz-ataturkun-dusunce-ve-mirasini-yarinlara-tasimak\/"},"modified":"2024-11-09T15:08:18","modified_gmt":"2024-11-09T12:08:18","slug":"ozcinar-en-buyuk-sorumlulugumuz-ataturkun-dusunce-ve-mirasini-yarinlara-tasimak","status":"publish","type":"post","link":"https:\/\/kibrisdakik.com\/?p=68683","title":{"rendered":"\u00d6z\u00e7\u0131nar,: \u201cEn b\u00fcy\u00fck sorumlulu\u011fumuz, Atat\u00fcrk\u2019\u00fcn d\u00fc\u015f\u00fcnce ve miras\u0131n\u0131 yar\u0131nlara ta\u015f\u0131mak\u2026\u201d"},"content":{"rendered":"<div>\n<div class=\"mariselle-image-container center\">\n                                            <\/div>\n<p>K\u0131br\u0131s  T\u00fcrk Belediyeler Birli\u011fi ve G\u00fczelyurt Belediye Ba\u015fkan\u0131 Mahmut \u00d6z\u00e7\u0131nar, en b\u00fcy\u00fck sorumluluklar\u0131n\u0131n, Atat\u00fcrk\u2019\u00fcn d\u00fc\u015f\u00fcnce ve miras\u0131n\u0131 yar\u0131nlara ta\u015f\u0131mak ve onun ilkelerine sahip \u00e7\u0131kmak oldu\u011funu belirtti.<\/p>\n<p>\u00d6z\u00e7\u0131nar, \u201c10 Kas\u0131m Atat\u00fcrk\u2019\u00fc Anma G\u00fcn\u00fc\u201d mesaj\u0131nda \u015fu ifadelere yer verdi;<\/p>\n<p>\u201cT\u00fcrkiye Cumhuriyeti\u2019nin kurucusu, e\u015fsiz lider Mustafa Kemal Atat\u00fcrk\u2019\u00fcn aram\u0131zdan ayr\u0131l\u0131\u015f\u0131n\u0131n 86. y\u0131l\u0131nday\u0131z.<\/p>\n<p>\u00d6zg\u00fcrl\u00fck, e\u015fitlik, bilim ve ak\u0131l yolunda insanl\u0131\u011f\u0131 etkileyen bir ilham kayna\u011f\u0131 olan Atat\u00fcrk\u2019\u00fcn \u00e7izdi\u011fi \u00e7a\u011fda\u015f uygarl\u0131k hedefi, bug\u00fcn de yolumuza \u0131\u015f\u0131k tutuyor ve T\u00fcrk milletinin gelece\u011fi i\u00e7in rehberlik etmeye devam ediyor.<\/p>\n<p>Bedenen aram\u0131zda olmasa da fikirleri ve devrimleri her g\u00fcn hayat\u0131m\u0131z\u0131n bir par\u00e7as\u0131 olmay\u0131 s\u00fcrd\u00fcr\u00fcyor.<\/p>\n<p>Bizler i\u00e7in en b\u00fcy\u00fck sorumluluk, Atat\u00fcrk\u2019\u00fcn d\u00fc\u015f\u00fcnce ve miras\u0131n\u0131 yar\u0131nlara ta\u015f\u0131mak ve onun ilkelerine sahip \u00e7\u0131kmakt\u0131r.<\/p>\n<p>Bu duygu ve d\u00fc\u015f\u00fcncelerle, Gazi Mustafa Kemal Atat\u00fcrk\u2019\u00fc rahmet, minnet ve derin bir \u00f6zlemle an\u0131yoruz.\u201d<\/p>\n<\/p><\/div>\n<p><script async\n                    defer\n                    crossorigin=\"anonymous\"\n                    src=\"https:\/\/connect.facebook.net\/tr_TR\/sdk.js#xfbml=1&#038;version=v3.3\"\n            ><\/script><\/p>\n","protected":false},"excerpt":{"rendered":"<p>K\u0131br\u0131s T\u00fcrk Belediyeler Birli\u011fi ve G\u00fczelyurt Belediye Ba\u015fkan\u0131 Mahmut \u00d6z\u00e7\u0131nar, en b\u00fcy\u00fck sorumluluklar\u0131n\u0131n, Atat\u00fcrk\u2019\u00fcn d\u00fc\u015f\u00fcnce ve miras\u0131n\u0131 yar\u0131nlara ta\u015f\u0131mak ve onun ilkelerine sahip \u00e7\u0131kmak oldu\u011funu belirtti. \u00d6z\u00e7\u0131nar, \u201c10 Kas\u0131m Atat\u00fcrk\u2019\u00fc Anma G\u00fcn\u00fc\u201d mesaj\u0131nda \u015fu ifadelere yer verdi; \u201cT\u00fcrkiye Cumhuriyeti\u2019nin kurucusu, e\u015fsiz lider Mustafa Kemal Atat\u00fcrk\u2019\u00fcn aram\u0131zdan ayr\u0131l\u0131\u015f\u0131n\u0131n 86. y\u0131l\u0131nday\u0131z. \u00d6zg\u00fcrl\u00fck, e\u015fitlik, bilim ve ak\u0131l yolunda<\/p>\n","protected":false},"author":1,"featured_media":68684,"comment_status":"open","ping_status":"open","sticky":false,"template":"","format":"standard","meta":{"footnotes":""},"categories":[81],"tags":[],"class_list":["post-68683","post","type-post","status-publish","format-standard","has-post-thumbnail","hentry","category-kibris"],"yoast_head":"<!-- This site is optimized with the Yoast SEO plugin v27.5 - https:\/\/yoast.com\/product\/yoast-seo-wordpress\/ -->\n<title>\u00d6z\u00e7\u0131nar,: \u201cEn b\u00fcy\u00fck sorumlulu\u011fumuz, Atat\u00fcrk\u2019\u00fcn d\u00fc\u015f\u00fcnce ve miras\u0131n\u0131 yar\u0131nlara ta\u015f\u0131mak\u2026\u201d -<\/title>\n<meta name=\"robots\" content=\"index, follow, max-snippet:-1, max-image-preview:large, max-video-preview:-1\" \/>\n<link rel=\"canonical\" href=\"https:\/\/kibrisdakik.com\/?p=68683\" \/>\n<meta property=\"og:locale\" content=\"tr_TR\" \/>\n<meta property=\"og:type\" content=\"article\" \/>\n<meta property=\"og:title\" content=\"\u00d6z\u00e7\u0131nar,: \u201cEn b\u00fcy\u00fck sorumlulu\u011fumuz, Atat\u00fcrk\u2019\u00fcn d\u00fc\u015f\u00fcnce ve miras\u0131n\u0131 yar\u0131nlara ta\u015f\u0131mak\u2026\u201d -\" \/>\n<meta property=\"og:description\" content=\"K\u0131br\u0131s T\u00fcrk Belediyeler Birli\u011fi ve G\u00fczelyurt Belediye Ba\u015fkan\u0131 Mahmut \u00d6z\u00e7\u0131nar, en b\u00fcy\u00fck sorumluluklar\u0131n\u0131n, Atat\u00fcrk\u2019\u00fcn d\u00fc\u015f\u00fcnce ve miras\u0131n\u0131 yar\u0131nlara ta\u015f\u0131mak ve onun ilkelerine sahip \u00e7\u0131kmak oldu\u011funu belirtti. \u00d6z\u00e7\u0131nar, \u201c10 Kas\u0131m Atat\u00fcrk\u2019\u00fc Anma G\u00fcn\u00fc\u201d mesaj\u0131nda \u015fu ifadelere yer verdi; \u201cT\u00fcrkiye Cumhuriyeti\u2019nin kurucusu, e\u015fsiz lider Mustafa Kemal Atat\u00fcrk\u2019\u00fcn aram\u0131zdan ayr\u0131l\u0131\u015f\u0131n\u0131n 86. y\u0131l\u0131nday\u0131z. \u00d6zg\u00fcrl\u00fck, e\u015fitlik, bilim ve ak\u0131l yolunda\" \/>\n<meta property=\"og:url\" content=\"https:\/\/kibrisdakik.com\/?p=68683\" \/>\n<meta property=\"article:published_time\" content=\"2024-11-09T12:08:18+00:00\" \/>\n<meta property=\"og:image\" content=\"https:\/\/kibrisdakik.com\/wp-content\/uploads\/2024\/11\/mahmut-ozcinar8-scaled-740x420.jpg\" \/>\n\t<meta property=\"og:image:width\" content=\"2560\" \/>\n\t<meta property=\"og:image:height\" content=\"1442\" \/>\n\t<meta property=\"og:image:type\" content=\"image\/jpeg\" \/>\n<meta name=\"author\" content=\"admin\" \/>\n<meta name=\"twitter:card\" content=\"summary_large_image\" \/>\n<meta name=\"twitter:label1\" content=\"Yazan:\" \/>\n\t<meta name=\"twitter:data1\" content=\"admin\" \/>\n\t<meta name=\"twitter:label2\" content=\"Tahmini okuma s\u00fcresi\" \/>\n\t<meta name=\"twitter:data2\" content=\"1 dakika\" \/>\n<script type=\"application\/ld+json\" class=\"yoast-schema-graph\">{\"@context\":\"https:\\\/\\\/schema.org\",\"@graph\":[{\"@type\":\"Article\",\"@id\":\"https:\\\/\\\/kibrisdakik.com\\\/?p=68683#article\",\"isPartOf\":{\"@id\":\"https:\\\/\\\/kibrisdakik.com\\\/?p=68683\"},\"author\":{\"name\":\"admin\",\"@id\":\"https:\\\/\\\/kibrisdakik.com\\\/#\\\/schema\\\/person\\\/9cd9d437bbb44f72b73ba127e06d8e79\"},\"headline\":\"\u00d6z\u00e7\u0131nar,: \u201cEn b\u00fcy\u00fck sorumlulu\u011fumuz, Atat\u00fcrk\u2019\u00fcn d\u00fc\u015f\u00fcnce ve miras\u0131n\u0131 yar\u0131nlara ta\u015f\u0131mak\u2026\u201d\",\"datePublished\":\"2024-11-09T12:08:18+00:00\",\"mainEntityOfPage\":{\"@id\":\"https:\\\/\\\/kibrisdakik.com\\\/?p=68683\"},\"wordCount\":213,\"commentCount\":0,\"image\":{\"@id\":\"https:\\\/\\\/kibrisdakik.com\\\/?p=68683#primaryimage\"},\"thumbnailUrl\":\"https:\\\/\\\/kibrisdakik.com\\\/wp-content\\\/uploads\\\/2024\\\/11\\\/mahmut-ozcinar8-scaled-740x420.jpg\",\"articleSection\":[\"K\u0131br\u0131s\"],\"inLanguage\":\"tr\",\"potentialAction\":[{\"@type\":\"CommentAction\",\"name\":\"Comment\",\"target\":[\"https:\\\/\\\/kibrisdakik.com\\\/?p=68683#respond\"]}]},{\"@type\":\"WebPage\",\"@id\":\"https:\\\/\\\/kibrisdakik.com\\\/?p=68683\",\"url\":\"https:\\\/\\\/kibrisdakik.com\\\/?p=68683\",\"name\":\"\u00d6z\u00e7\u0131nar,: \u201cEn b\u00fcy\u00fck sorumlulu\u011fumuz, Atat\u00fcrk\u2019\u00fcn d\u00fc\u015f\u00fcnce ve miras\u0131n\u0131 yar\u0131nlara ta\u015f\u0131mak\u2026\u201d -\",\"isPartOf\":{\"@id\":\"https:\\\/\\\/kibrisdakik.com\\\/#website\"},\"primaryImageOfPage\":{\"@id\":\"https:\\\/\\\/kibrisdakik.com\\\/?p=68683#primaryimage\"},\"image\":{\"@id\":\"https:\\\/\\\/kibrisdakik.com\\\/?p=68683#primaryimage\"},\"thumbnailUrl\":\"https:\\\/\\\/kibrisdakik.com\\\/wp-content\\\/uploads\\\/2024\\\/11\\\/mahmut-ozcinar8-scaled-740x420.jpg\",\"datePublished\":\"2024-11-09T12:08:18+00:00\",\"author\":{\"@id\":\"https:\\\/\\\/kibrisdakik.com\\\/#\\\/schema\\\/person\\\/9cd9d437bbb44f72b73ba127e06d8e79\"},\"breadcrumb\":{\"@id\":\"https:\\\/\\\/kibrisdakik.com\\\/?p=68683#breadcrumb\"},\"inLanguage\":\"tr\",\"potentialAction\":[{\"@type\":\"ReadAction\",\"target\":[\"https:\\\/\\\/kibrisdakik.com\\\/?p=68683\"]}]},{\"@type\":\"ImageObject\",\"inLanguage\":\"tr\",\"@id\":\"https:\\\/\\\/kibrisdakik.com\\\/?p=68683#primaryimage\",\"url\":\"https:\\\/\\\/kibrisdakik.com\\\/wp-content\\\/uploads\\\/2024\\\/11\\\/mahmut-ozcinar8-scaled-740x420.jpg\",\"contentUrl\":\"https:\\\/\\\/kibrisdakik.com\\\/wp-content\\\/uploads\\\/2024\\\/11\\\/mahmut-ozcinar8-scaled-740x420.jpg\",\"width\":2560,\"height\":1442},{\"@type\":\"BreadcrumbList\",\"@id\":\"https:\\\/\\\/kibrisdakik.com\\\/?p=68683#breadcrumb\",\"itemListElement\":[{\"@type\":\"ListItem\",\"position\":1,\"name\":\"Home\",\"item\":\"https:\\\/\\\/kibrisdakik.com\\\/\"},{\"@type\":\"ListItem\",\"position\":2,\"name\":\"\u00d6z\u00e7\u0131nar,: \u201cEn b\u00fcy\u00fck sorumlulu\u011fumuz, Atat\u00fcrk\u2019\u00fcn d\u00fc\u015f\u00fcnce ve miras\u0131n\u0131 yar\u0131nlara ta\u015f\u0131mak\u2026\u201d\"}]},{\"@type\":\"WebSite\",\"@id\":\"https:\\\/\\\/kibrisdakik.com\\\/#website\",\"url\":\"https:\\\/\\\/kibrisdakik.com\\\/\",\"name\":\"\",\"description\":\"Tam vaktinde haber\",\"potentialAction\":[{\"@type\":\"SearchAction\",\"target\":{\"@type\":\"EntryPoint\",\"urlTemplate\":\"https:\\\/\\\/kibrisdakik.com\\\/?s={search_term_string}\"},\"query-input\":{\"@type\":\"PropertyValueSpecification\",\"valueRequired\":true,\"valueName\":\"search_term_string\"}}],\"inLanguage\":\"tr\"},{\"@type\":\"Person\",\"@id\":\"https:\\\/\\\/kibrisdakik.com\\\/#\\\/schema\\\/person\\\/9cd9d437bbb44f72b73ba127e06d8e79\",\"name\":\"admin\",\"image\":{\"@type\":\"ImageObject\",\"inLanguage\":\"tr\",\"@id\":\"https:\\\/\\\/secure.gravatar.com\\\/avatar\\\/ccc17943b9d660506c869530f897617f7cb1c21a4bf30023f252596d83e1f007?s=96&d=mm&r=g\",\"url\":\"https:\\\/\\\/secure.gravatar.com\\\/avatar\\\/ccc17943b9d660506c869530f897617f7cb1c21a4bf30023f252596d83e1f007?s=96&d=mm&r=g\",\"contentUrl\":\"https:\\\/\\\/secure.gravatar.com\\\/avatar\\\/ccc17943b9d660506c869530f897617f7cb1c21a4bf30023f252596d83e1f007?s=96&d=mm&r=g\",\"caption\":\"admin\"},\"sameAs\":[\"https:\\\/\\\/kibrisdakik.com\"],\"url\":\"https:\\\/\\\/kibrisdakik.com\\\/?author=1\"}]}<\/script>\n<!-- \/ Yoast SEO plugin. -->","yoast_head_json":{"title":"\u00d6z\u00e7\u0131nar,: \u201cEn b\u00fcy\u00fck sorumlulu\u011fumuz, Atat\u00fcrk\u2019\u00fcn d\u00fc\u015f\u00fcnce ve miras\u0131n\u0131 yar\u0131nlara ta\u015f\u0131mak\u2026\u201d -","robots":{"index":"index","follow":"follow","max-snippet":"max-snippet:-1","max-image-preview":"max-image-preview:large","max-video-preview":"max-video-preview:-1"},"canonical":"https:\/\/kibrisdakik.com\/?p=68683","og_locale":"tr_TR","og_type":"article","og_title":"\u00d6z\u00e7\u0131nar,: \u201cEn b\u00fcy\u00fck sorumlulu\u011fumuz, Atat\u00fcrk\u2019\u00fcn d\u00fc\u015f\u00fcnce ve miras\u0131n\u0131 yar\u0131nlara ta\u015f\u0131mak\u2026\u201d -","og_description":"K\u0131br\u0131s T\u00fcrk Belediyeler Birli\u011fi ve G\u00fczelyurt Belediye Ba\u015fkan\u0131 Mahmut \u00d6z\u00e7\u0131nar, en b\u00fcy\u00fck sorumluluklar\u0131n\u0131n, Atat\u00fcrk\u2019\u00fcn d\u00fc\u015f\u00fcnce ve miras\u0131n\u0131 yar\u0131nlara ta\u015f\u0131mak ve onun ilkelerine sahip \u00e7\u0131kmak oldu\u011funu belirtti. \u00d6z\u00e7\u0131nar, \u201c10 Kas\u0131m Atat\u00fcrk\u2019\u00fc Anma G\u00fcn\u00fc\u201d mesaj\u0131nda \u015fu ifadelere yer verdi; \u201cT\u00fcrkiye Cumhuriyeti\u2019nin kurucusu, e\u015fsiz lider Mustafa Kemal Atat\u00fcrk\u2019\u00fcn aram\u0131zdan ayr\u0131l\u0131\u015f\u0131n\u0131n 86. y\u0131l\u0131nday\u0131z. \u00d6zg\u00fcrl\u00fck, e\u015fitlik, bilim ve ak\u0131l yolunda","og_url":"https:\/\/kibrisdakik.com\/?p=68683","article_published_time":"2024-11-09T12:08:18+00:00","og_image":[{"width":2560,"height":1442,"url":"https:\/\/kibrisdakik.com\/wp-content\/uploads\/2024\/11\/mahmut-ozcinar8-scaled-740x420.jpg","type":"image\/jpeg"}],"author":"admin","twitter_card":"summary_large_image","twitter_misc":{"Yazan:":"admin","Tahmini okuma s\u00fcresi":"1 dakika"},"schema":{"@context":"https:\/\/schema.org","@graph":[{"@type":"Article","@id":"https:\/\/kibrisdakik.com\/?p=68683#article","isPartOf":{"@id":"https:\/\/kibrisdakik.com\/?p=68683"},"author":{"name":"admin","@id":"https:\/\/kibrisdakik.com\/#\/schema\/person\/9cd9d437bbb44f72b73ba127e06d8e79"},"headline":"\u00d6z\u00e7\u0131nar,: \u201cEn b\u00fcy\u00fck sorumlulu\u011fumuz, Atat\u00fcrk\u2019\u00fcn d\u00fc\u015f\u00fcnce ve miras\u0131n\u0131 yar\u0131nlara ta\u015f\u0131mak\u2026\u201d","datePublished":"2024-11-09T12:08:18+00:00","mainEntityOfPage":{"@id":"https:\/\/kibrisdakik.com\/?p=68683"},"wordCount":213,"commentCount":0,"image":{"@id":"https:\/\/kibrisdakik.com\/?p=68683#primaryimage"},"thumbnailUrl":"https:\/\/kibrisdakik.com\/wp-content\/uploads\/2024\/11\/mahmut-ozcinar8-scaled-740x420.jpg","articleSection":["K\u0131br\u0131s"],"inLanguage":"tr","potentialAction":[{"@type":"CommentAction","name":"Comment","target":["https:\/\/kibrisdakik.com\/?p=68683#respond"]}]},{"@type":"WebPage","@id":"https:\/\/kibrisdakik.com\/?p=68683","url":"https:\/\/kibrisdakik.com\/?p=68683","name":"\u00d6z\u00e7\u0131nar,: \u201cEn b\u00fcy\u00fck sorumlulu\u011fumuz, Atat\u00fcrk\u2019\u00fcn d\u00fc\u015f\u00fcnce ve miras\u0131n\u0131 yar\u0131nlara ta\u015f\u0131mak\u2026\u201d -","isPartOf":{"@id":"https:\/\/kibrisdakik.com\/#website"},"primaryImageOfPage":{"@id":"https:\/\/kibrisdakik.com\/?p=68683#primaryimage"},"image":{"@id":"https:\/\/kibrisdakik.com\/?p=68683#primaryimage"},"thumbnailUrl":"https:\/\/kibrisdakik.com\/wp-content\/uploads\/2024\/11\/mahmut-ozcinar8-scaled-740x420.jpg","datePublished":"2024-11-09T12:08:18+00:00","author":{"@id":"https:\/\/kibrisdakik.com\/#\/schema\/person\/9cd9d437bbb44f72b73ba127e06d8e79"},"breadcrumb":{"@id":"https:\/\/kibrisdakik.com\/?p=68683#breadcrumb"},"inLanguage":"tr","potentialAction":[{"@type":"ReadAction","target":["https:\/\/kibrisdakik.com\/?p=68683"]}]},{"@type":"ImageObject","inLanguage":"tr","@id":"https:\/\/kibrisdakik.com\/?p=68683#primaryimage","url":"https:\/\/kibrisdakik.com\/wp-content\/uploads\/2024\/11\/mahmut-ozcinar8-scaled-740x420.jpg","contentUrl":"https:\/\/kibrisdakik.com\/wp-content\/uploads\/2024\/11\/mahmut-ozcinar8-scaled-740x420.jpg","width":2560,"height":1442},{"@type":"BreadcrumbList","@id":"https:\/\/kibrisdakik.com\/?p=68683#breadcrumb","itemListElement":[{"@type":"ListItem","position":1,"name":"Home","item":"https:\/\/kibrisdakik.com\/"},{"@type":"ListItem","position":2,"name":"\u00d6z\u00e7\u0131nar,: \u201cEn b\u00fcy\u00fck sorumlulu\u011fumuz, Atat\u00fcrk\u2019\u00fcn d\u00fc\u015f\u00fcnce ve miras\u0131n\u0131 yar\u0131nlara ta\u015f\u0131mak\u2026\u201d"}]},{"@type":"WebSite","@id":"https:\/\/kibrisdakik.com\/#website","url":"https:\/\/kibrisdakik.com\/","name":"","description":"Tam vaktinde haber","potentialAction":[{"@type":"SearchAction","target":{"@type":"EntryPoint","urlTemplate":"https:\/\/kibrisdakik.com\/?s={search_term_string}"},"query-input":{"@type":"PropertyValueSpecification","valueRequired":true,"valueName":"search_term_string"}}],"inLanguage":"tr"},{"@type":"Person","@id":"https:\/\/kibrisdakik.com\/#\/schema\/person\/9cd9d437bbb44f72b73ba127e06d8e79","name":"admin","image":{"@type":"ImageObject","inLanguage":"tr","@id":"https:\/\/secure.gravatar.com\/avatar\/ccc17943b9d660506c869530f897617f7cb1c21a4bf30023f252596d83e1f007?s=96&d=mm&r=g","url":"https:\/\/secure.gravatar.com\/avatar\/ccc17943b9d660506c869530f897617f7cb1c21a4bf30023f252596d83e1f007?s=96&d=mm&r=g","contentUrl":"https:\/\/secure.gravatar.com\/avatar\/ccc17943b9d660506c869530f897617f7cb1c21a4bf30023f252596d83e1f007?s=96&d=mm&r=g","caption":"admin"},"sameAs":["https:\/\/kibrisdakik.com"],"url":"https:\/\/kibrisdakik.com\/?author=1"}]}},"_links":{"self":[{"href":"https:\/\/kibrisdakik.com\/index.php?rest_route=\/wp\/v2\/posts\/68683","targetHints":{"allow":["GET"]}}],"collection":[{"href":"https:\/\/kibrisdakik.com\/index.php?rest_route=\/wp\/v2\/posts"}],"about":[{"href":"https:\/\/kibrisdakik.com\/index.php?rest_route=\/wp\/v2\/types\/post"}],"author":[{"embeddable":true,"href":"https:\/\/kibrisdakik.com\/index.php?rest_route=\/wp\/v2\/users\/1"}],"replies":[{"embeddable":true,"href":"https:\/\/kibrisdakik.com\/index.php?rest_route=%2Fwp%2Fv2%2Fcomments&post=68683"}],"version-history":[{"count":0,"href":"https:\/\/kibrisdakik.com\/index.php?rest_route=\/wp\/v2\/posts\/68683\/revisions"}],"wp:featuredmedia":[{"embeddable":true,"href":"https:\/\/kibrisdakik.com\/index.php?rest_route=\/wp\/v2\/media\/68684"}],"wp:attachment":[{"href":"https:\/\/kibrisdakik.com\/index.php?rest_route=%2Fwp%2Fv2%2Fmedia&parent=68683"}],"wp:term":[{"taxonomy":"category","embeddable":true,"href":"https:\/\/kibrisdakik.com\/index.php?rest_route=%2Fwp%2Fv2%2Fcategories&post=68683"},{"taxonomy":"post_tag","embeddable":true,"href":"https:\/\/kibrisdakik.com\/index.php?rest_route=%2Fwp%2Fv2%2Ftags&post=68683"}],"curies":[{"name":"wp","href":"https:\/\/api.w.org\/{rel}","templated":true}]}}