{"id":68688,"date":"2024-11-09T16:23:32","date_gmt":"2024-11-09T13:23:32","guid":{"rendered":"https:\/\/kibrisdakik.com\/index.php\/2024\/11\/09\/cumhurbaskani-tatar-dogu-akdenizdeki-turk-devleti-cazibe-merkezi-olma-noktasinda-buyuk-asama-kaydetti\/"},"modified":"2024-11-09T16:23:32","modified_gmt":"2024-11-09T13:23:32","slug":"cumhurbaskani-tatar-dogu-akdenizdeki-turk-devleti-cazibe-merkezi-olma-noktasinda-buyuk-asama-kaydetti","status":"publish","type":"post","link":"https:\/\/kibrisdakik.com\/?p=68688","title":{"rendered":"Cumhurba\u015fkan\u0131 Tatar: \u201cDo\u011fu Akdeniz\u2019deki T\u00fcrk devleti cazibe merkezi olma noktas\u0131nda b\u00fcy\u00fck a\u015fama kaydetti\u201d"},"content":{"rendered":"<p><\/p>\n<div>\n<div class=\"mariselle-image-container center\">\n                <img loading=\"lazy\" decoding=\"async\" width=\"2560\" height=\"1706\" class=\"lazy-image\" alt=\"\" sizes=\"auto, (max-width: 2560px) 100vw, 2560px\" src=\"https:\/\/brtk.net\/wp-content\/uploads\/2024\/11\/09\/t13-scaled.jpg?ver=07096c64fc125bdb3beaf78986a309af\" srcset=\"https:\/\/brtk.net\/wp-content\/uploads\/2024\/11\/09\/t13-scaled.jpg?ver=07096c64fc125bdb3beaf78986a309af 2560w, https:\/\/brtk.net\/wp-content\/uploads\/2024\/11\/09\/t13-300x200.jpg?ver=07096c64fc125bdb3beaf78986a309af 300w, https:\/\/brtk.net\/wp-content\/uploads\/2024\/11\/09\/t13-1024x683.jpg?ver=1db538a86b14186ee670136e581d82a2 1024w, https:\/\/brtk.net\/wp-content\/uploads\/2024\/11\/09\/t13-768x512.jpg?ver=51b8a3b848312beadb4d32936f4a7bd4 768w, https:\/\/brtk.net\/wp-content\/uploads\/2024\/11\/09\/t13-1536x1024.jpg?ver=450f7b970f7a4bf88e62aca359b5bf17 1536w, https:\/\/brtk.net\/wp-content\/uploads\/2024\/11\/09\/t13-2048x1365.jpg?ver=376ecbf757a4141515efc625c9570726 2048w\"\/>                            <\/div>\n<p>\nCumhurba\u015fkan\u0131 <a href=\"https:\/\/brtk.net\/\" target=\"_blank\" rel=\"noopener\">Ersin <\/a><a href=\"https:\/\/brtk.net\/\"\/><a href=\"https:\/\/brtk.net\/\"\/><a href=\"https:\/\/brtk.net\/\"\/><a href=\"https:\/\/brtk.net\/\"\/><a href=\"https:\/\/brtk.net\/\"\/><a href=\"https:\/\/brtk.net\/\"\/><a href=\"https:\/\/brtk.net\/\"\/><a href=\"https:\/\/brtk.net\/\"\/><a href=\"https:\/\/brtk.net\/\"\/><a href=\"https:\/\/brtk.net\/\"\/><a href=\"https:\/\/brtk.net\/\"\/><a href=\"https:\/\/brtk.net\/\">Tatar<\/a>, \u201cSiyasi konjonkt\u00fcre, b\u00f6lgedeki geli\u015fmelere bakt\u0131\u011f\u0131m\u0131zda jeostratejik, jeopolitik, her t\u00fcrl\u00fcs\u00fcyle Do\u011fu Akdeniz\u2019deki T\u00fcrk devleti, ger\u00e7ekten bir cazibe merkezi olma noktas\u0131nda b\u00fcy\u00fck a\u015famalar kaydetmi\u015ftir.\u201d dedi.<\/p>\n<p>Cumhurba\u015fkan\u0131 Yard\u0131mc\u0131s\u0131 Cevdet Y\u0131lmaz, ba\u015fkent Ankara\u2019daki konutunda Cumhurba\u015fkan\u0131 <a href=\"https:\/\/brtk.net\/\"\/><a href=\"https:\/\/brtk.net\/\"\/><a href=\"https:\/\/brtk.net\/\"\/><a href=\"https:\/\/brtk.net\/\"\/><a href=\"https:\/\/brtk.net\/\"\/><a href=\"https:\/\/brtk.net\/\"\/><a href=\"https:\/\/brtk.net\/\"\/><a href=\"https:\/\/brtk.net\/\"\/><a href=\"https:\/\/brtk.net\/\"\/><a href=\"https:\/\/brtk.net\/\"\/><a href=\"https:\/\/brtk.net\/\"\/><a href=\"https:\/\/brtk.net\/\">Tatar<\/a>\u2018\u0131 a\u011f\u0131rlad\u0131.<\/p>\n<p><a href=\"https:\/\/brtk.net\/\"\/><a href=\"https:\/\/brtk.net\/\"\/><a href=\"https:\/\/brtk.net\/\"\/><a href=\"https:\/\/brtk.net\/\"\/><a href=\"https:\/\/brtk.net\/\"\/><a href=\"https:\/\/brtk.net\/\"\/><a href=\"https:\/\/brtk.net\/\"\/><a href=\"https:\/\/brtk.net\/\"\/><a href=\"https:\/\/brtk.net\/\"\/><a href=\"https:\/\/brtk.net\/\"\/><a href=\"https:\/\/brtk.net\/\"\/><a href=\"https:\/\/brtk.net\/\">Tatar<\/a>, burada yapt\u0131\u011f\u0131 konu\u015fmada, yak\u0131nda <a href=\"https:\/\/brtk.net\/\"\/><a href=\"https:\/\/brtk.net\/\"\/><a href=\"https:\/\/brtk.net\/\"\/><a href=\"https:\/\/brtk.net\/\"\/><a href=\"https:\/\/brtk.net\/\"\/><a href=\"https:\/\/brtk.net\/\"\/><a href=\"https:\/\/brtk.net\/\"\/><a href=\"https:\/\/brtk.net\/\"\/><a href=\"https:\/\/brtk.net\/\"\/><a href=\"https:\/\/brtk.net\/\"\/><a href=\"https:\/\/brtk.net\/\"\/><a href=\"https:\/\/brtk.net\/\"\/><a href=\"https:\/\/brtk.net\/\">KKTC<\/a>\u2018nin kurulu\u015funun 41. y\u0131l\u0131n\u0131 kutlayaca\u011f\u0131n\u0131 belirtti.<\/p>\n<p>Cumhurba\u015fkan\u0131 Recep Tayyip Erdo\u011fan\u2019\u0131n, \u201c<a href=\"https:\/\/brtk.net\/\"\/><a href=\"https:\/\/brtk.net\/\"\/><a href=\"https:\/\/brtk.net\/\"\/><a href=\"https:\/\/brtk.net\/\"\/><a href=\"https:\/\/brtk.net\/\"\/><a href=\"https:\/\/brtk.net\/\"\/><a href=\"https:\/\/brtk.net\/\"\/><a href=\"https:\/\/brtk.net\/\"\/><a href=\"https:\/\/brtk.net\/\"\/><a href=\"https:\/\/brtk.net\/\"\/><a href=\"https:\/\/brtk.net\/\"\/><a href=\"https:\/\/brtk.net\/\"\/><a href=\"https:\/\/brtk.net\/\">KKTC<\/a>, T\u00fcrkiye\u2019nin g\u00f6zbebe\u011fi\u201d \u015feklindeki ifadesinin kendisini \u00e7ok mutlu etti\u011fini kaydeden <a href=\"https:\/\/brtk.net\/\"\/><a href=\"https:\/\/brtk.net\/\"\/><a href=\"https:\/\/brtk.net\/\"\/><a href=\"https:\/\/brtk.net\/\"\/><a href=\"https:\/\/brtk.net\/\"\/><a href=\"https:\/\/brtk.net\/\"\/><a href=\"https:\/\/brtk.net\/\"\/><a href=\"https:\/\/brtk.net\/\"\/><a href=\"https:\/\/brtk.net\/\"\/><a href=\"https:\/\/brtk.net\/\"\/><a href=\"https:\/\/brtk.net\/\"\/><a href=\"https:\/\/brtk.net\/\">Tatar<\/a>, Cumhurba\u015fkan\u0131 Erdo\u011fan\u2019\u0131n T\u00fcrk Devletleri Te\u015fkilat\u0131 (TDT) 11. Devlet ve H\u00fck\u00fcmet Ba\u015fkanlar\u0131 Zirvesi\u2019ne kat\u0131lmak \u00fczere K\u0131rg\u0131zistan\u2019\u0131n ba\u015fkenti Bi\u015fkek\u2019te <a href=\"https:\/\/brtk.net\/\"\/><a href=\"https:\/\/brtk.net\/\"\/><a href=\"https:\/\/brtk.net\/\"\/><a href=\"https:\/\/brtk.net\/\"\/><a href=\"https:\/\/brtk.net\/\"\/><a href=\"https:\/\/brtk.net\/\"\/><a href=\"https:\/\/brtk.net\/\"\/><a href=\"https:\/\/brtk.net\/\"\/><a href=\"https:\/\/brtk.net\/\"\/><a href=\"https:\/\/brtk.net\/\"\/><a href=\"https:\/\/brtk.net\/\"\/><a href=\"https:\/\/brtk.net\/\"\/><a href=\"https:\/\/brtk.net\/\">KKTC<\/a> hakk\u0131nda verdi\u011fi mesajlar\u0131n da \u00f6nemli oldu\u011funu vurgulad\u0131.<\/p>\n<p><a href=\"https:\/\/brtk.net\/\"\/><a href=\"https:\/\/brtk.net\/\"\/><a href=\"https:\/\/brtk.net\/\"\/><a href=\"https:\/\/brtk.net\/\"\/><a href=\"https:\/\/brtk.net\/\"\/><a href=\"https:\/\/brtk.net\/\"\/><a href=\"https:\/\/brtk.net\/\"\/><a href=\"https:\/\/brtk.net\/\"\/><a href=\"https:\/\/brtk.net\/\"\/><a href=\"https:\/\/brtk.net\/\"\/><a href=\"https:\/\/brtk.net\/\"\/><a href=\"https:\/\/brtk.net\/\">Tatar<\/a>, \u201c<a href=\"https:\/\/brtk.net\/\"\/><a href=\"https:\/\/brtk.net\/\"\/><a href=\"https:\/\/brtk.net\/\"\/><a href=\"https:\/\/brtk.net\/\"\/><a href=\"https:\/\/brtk.net\/\"\/><a href=\"https:\/\/brtk.net\/\"\/><a href=\"https:\/\/brtk.net\/\"\/><a href=\"https:\/\/brtk.net\/\"\/><a href=\"https:\/\/brtk.net\/\"\/><a href=\"https:\/\/brtk.net\/\"\/><a href=\"https:\/\/brtk.net\/\"\/><a href=\"https:\/\/brtk.net\/\"\/><a href=\"https:\/\/brtk.net\/\">KKTC<\/a>, K\u0131br\u0131s\u2019ta iki devletten bir tanesidir, K\u0131br\u0131s\u2019ta iki devlet vard\u0131r. \u0130ki halk vard\u0131r. Ger\u00e7eklere bak\u0131ld\u0131\u011f\u0131nda da <a href=\"https:\/\/brtk.net\/\"\/><a href=\"https:\/\/brtk.net\/\"\/><a href=\"https:\/\/brtk.net\/\"\/><a href=\"https:\/\/brtk.net\/\"\/><a href=\"https:\/\/brtk.net\/\"\/><a href=\"https:\/\/brtk.net\/\"\/><a href=\"https:\/\/brtk.net\/\"\/><a href=\"https:\/\/brtk.net\/\"\/><a href=\"https:\/\/brtk.net\/\"\/><a href=\"https:\/\/brtk.net\/\"\/><a href=\"https:\/\/brtk.net\/\"\/><a href=\"https:\/\/brtk.net\/\"\/><a href=\"https:\/\/brtk.net\/\">KKTC<\/a>, K\u0131br\u0131s T\u00fcrklerinin ba\u011f\u0131ms\u0131zl\u0131\u011f\u0131n\u0131n, h\u00fcrriyetinin ifadesidir. Dolay\u0131s\u0131yla art\u0131k bunun geri d\u00f6n\u00fc\u015f\u00fcn\u00fcn olmayaca\u011f\u0131n\u0131 d\u00fcnya kamuoyu da yava\u015f yava\u015f anlamaya ba\u015flam\u0131\u015ft\u0131r.\u201d \u015feklinde konu\u015ftu.<\/p>\n<p><a href=\"https:\/\/brtk.net\/\"\/><a href=\"https:\/\/brtk.net\/\"\/><a href=\"https:\/\/brtk.net\/\"\/><a href=\"https:\/\/brtk.net\/\"\/><a href=\"https:\/\/brtk.net\/\"\/><a href=\"https:\/\/brtk.net\/\"\/><a href=\"https:\/\/brtk.net\/\"\/><a href=\"https:\/\/brtk.net\/\"\/><a href=\"https:\/\/brtk.net\/\"\/><a href=\"https:\/\/brtk.net\/\"\/><a href=\"https:\/\/brtk.net\/\"\/><a href=\"https:\/\/brtk.net\/\"\/><a href=\"https:\/\/brtk.net\/\">KKTC<\/a>\u2018nin daha fazla rekabet edebilmesi ve \u00f6nemli sekt\u00f6rlerde uzun vadeli geli\u015fmeler ya\u015fanmas\u0131n\u0131n en b\u00fcy\u00fck temennisi oldu\u011funu dile getiren <a href=\"https:\/\/brtk.net\/\"\/><a href=\"https:\/\/brtk.net\/\"\/><a href=\"https:\/\/brtk.net\/\"\/><a href=\"https:\/\/brtk.net\/\"\/><a href=\"https:\/\/brtk.net\/\"\/><a href=\"https:\/\/brtk.net\/\"\/><a href=\"https:\/\/brtk.net\/\"\/><a href=\"https:\/\/brtk.net\/\"\/><a href=\"https:\/\/brtk.net\/\"\/><a href=\"https:\/\/brtk.net\/\"\/><a href=\"https:\/\/brtk.net\/\"\/><a href=\"https:\/\/brtk.net\/\">Tatar<\/a>, \u201cSiyasi konjonkt\u00fcre, b\u00f6lgedeki geli\u015fmelere bakt\u0131\u011f\u0131m\u0131zda jeostratejik, jeopolitik, her t\u00fcrl\u00fcs\u00fcyle Do\u011fu Akdeniz\u2019deki T\u00fcrk devleti, ger\u00e7ekten bir cazibe merkezi olma noktas\u0131nda b\u00fcy\u00fck a\u015famalar kaydetmi\u015ftir. B\u00fct\u00fcn bu sekt\u00f6rlerin olu\u015fmas\u0131, bu alg\u0131n\u0131n yerle\u015fmesi hi\u00e7 de kolay olmam\u0131\u015ft\u0131r.\u201d ifadelerini kulland\u0131.<\/p>\n<p><a href=\"https:\/\/brtk.net\/\"\/><a href=\"https:\/\/brtk.net\/\"\/><a href=\"https:\/\/brtk.net\/\"\/><a href=\"https:\/\/brtk.net\/\"\/><a href=\"https:\/\/brtk.net\/\"\/><a href=\"https:\/\/brtk.net\/\"\/><a href=\"https:\/\/brtk.net\/\"\/><a href=\"https:\/\/brtk.net\/\"\/><a href=\"https:\/\/brtk.net\/\"\/><a href=\"https:\/\/brtk.net\/\"\/><a href=\"https:\/\/brtk.net\/\"\/><a href=\"https:\/\/brtk.net\/\">Tatar<\/a>, 41 y\u0131lda \u00f6nemli ba\u015far\u0131lar elde edildi\u011fine dikkati \u00e7ekerek, <a href=\"https:\/\/brtk.net\/\"\/><a href=\"https:\/\/brtk.net\/\"\/><a href=\"https:\/\/brtk.net\/\"\/><a href=\"https:\/\/brtk.net\/\"\/><a href=\"https:\/\/brtk.net\/\"\/><a href=\"https:\/\/brtk.net\/\"\/><a href=\"https:\/\/brtk.net\/\"\/><a href=\"https:\/\/brtk.net\/\"\/><a href=\"https:\/\/brtk.net\/\"\/><a href=\"https:\/\/brtk.net\/\"\/><a href=\"https:\/\/brtk.net\/\"\/><a href=\"https:\/\/brtk.net\/\"\/><a href=\"https:\/\/brtk.net\/\">KKTC<\/a>\u2018nin \u00f6n\u00fcn\u00fcn a\u00e7\u0131lmas\u0131 amac\u0131yla T\u00fcrkiye\u2019nin ald\u0131\u011f\u0131 kararlar\u0131n kendileri i\u00e7in motivasyon kayna\u011f\u0131 oldu\u011funu belirtti.<\/p>\n<p>\u2013 \u201cK\u0131br\u0131s\u2019ta \u015fu anda m\u00fczakerelerin ba\u015flamas\u0131 i\u00e7in ortak bir zemin yok\u201d<\/p>\n<p><a href=\"https:\/\/brtk.net\/\"\/><a href=\"https:\/\/brtk.net\/\"\/><a href=\"https:\/\/brtk.net\/\"\/><a href=\"https:\/\/brtk.net\/\"\/><a href=\"https:\/\/brtk.net\/\"\/><a href=\"https:\/\/brtk.net\/\"\/><a href=\"https:\/\/brtk.net\/\"\/><a href=\"https:\/\/brtk.net\/\"\/><a href=\"https:\/\/brtk.net\/\"\/><a href=\"https:\/\/brtk.net\/\"\/><a href=\"https:\/\/brtk.net\/\"\/><a href=\"https:\/\/brtk.net\/\"\/><a href=\"https:\/\/brtk.net\/\">KKTC<\/a>\u2018nin enerji sorununa da de\u011finen <a href=\"https:\/\/brtk.net\/\"\/><a href=\"https:\/\/brtk.net\/\"\/><a href=\"https:\/\/brtk.net\/\"\/><a href=\"https:\/\/brtk.net\/\"\/><a href=\"https:\/\/brtk.net\/\"\/><a href=\"https:\/\/brtk.net\/\"\/><a href=\"https:\/\/brtk.net\/\"\/><a href=\"https:\/\/brtk.net\/\"\/><a href=\"https:\/\/brtk.net\/\"\/><a href=\"https:\/\/brtk.net\/\"\/><a href=\"https:\/\/brtk.net\/\"\/><a href=\"https:\/\/brtk.net\/\">Tatar<\/a>, bu konuyu Avrupa Birli\u011fi (AB) ve G\u00fcney K\u0131br\u0131s ile g\u00fcndeme getirdi\u011fine i\u015faret etti.<\/p>\n<p><a href=\"https:\/\/brtk.net\/\"\/><a href=\"https:\/\/brtk.net\/\"\/><a href=\"https:\/\/brtk.net\/\"\/><a href=\"https:\/\/brtk.net\/\"\/><a href=\"https:\/\/brtk.net\/\"\/><a href=\"https:\/\/brtk.net\/\"\/><a href=\"https:\/\/brtk.net\/\"\/><a href=\"https:\/\/brtk.net\/\"\/><a href=\"https:\/\/brtk.net\/\"\/><a href=\"https:\/\/brtk.net\/\"\/><a href=\"https:\/\/brtk.net\/\"\/><a href=\"https:\/\/brtk.net\/\">Tatar<\/a>, T\u00fcrkiye ile <a href=\"https:\/\/brtk.net\/\"\/><a href=\"https:\/\/brtk.net\/\"\/><a href=\"https:\/\/brtk.net\/\"\/><a href=\"https:\/\/brtk.net\/\"\/><a href=\"https:\/\/brtk.net\/\"\/><a href=\"https:\/\/brtk.net\/\"\/><a href=\"https:\/\/brtk.net\/\"\/><a href=\"https:\/\/brtk.net\/\"\/><a href=\"https:\/\/brtk.net\/\"\/><a href=\"https:\/\/brtk.net\/\"\/><a href=\"https:\/\/brtk.net\/\"\/><a href=\"https:\/\/brtk.net\/\"\/><a href=\"https:\/\/brtk.net\/\">KKTC<\/a> aras\u0131nda \u00e7ift y\u00f6nl\u00fc enerji ta\u015f\u0131nmas\u0131na imkan verecek elektrik projesiyle hem G\u00fcney K\u0131br\u0131s\u2019\u0131n hem de <a href=\"https:\/\/brtk.net\/\"\/><a href=\"https:\/\/brtk.net\/\"\/><a href=\"https:\/\/brtk.net\/\"\/><a href=\"https:\/\/brtk.net\/\"\/><a href=\"https:\/\/brtk.net\/\"\/><a href=\"https:\/\/brtk.net\/\"\/><a href=\"https:\/\/brtk.net\/\"\/><a href=\"https:\/\/brtk.net\/\"\/><a href=\"https:\/\/brtk.net\/\"\/><a href=\"https:\/\/brtk.net\/\"\/><a href=\"https:\/\/brtk.net\/\"\/><a href=\"https:\/\/brtk.net\/\"\/><a href=\"https:\/\/brtk.net\/\">KKTC<\/a>\u2018nin bu sisteme kolay ve k\u0131sa s\u00fcrede ba\u011flanabilece\u011fini dile getirerek \u201cMaalesef kar\u015f\u0131 taraf\u0131n duru\u015fu ve <a href=\"https:\/\/brtk.net\/\"\/><a href=\"https:\/\/brtk.net\/\"\/><a href=\"https:\/\/brtk.net\/\"\/><a href=\"https:\/\/brtk.net\/\"\/><a href=\"https:\/\/brtk.net\/\"\/><a href=\"https:\/\/brtk.net\/\"\/><a href=\"https:\/\/brtk.net\/\"\/><a href=\"https:\/\/brtk.net\/\"\/><a href=\"https:\/\/brtk.net\/\"\/><a href=\"https:\/\/brtk.net\/\"\/><a href=\"https:\/\/brtk.net\/\"\/><a href=\"https:\/\/brtk.net\/\"\/><a href=\"https:\/\/brtk.net\/\">KKTC<\/a> ger\u00e7e\u011fini hala daha g\u00f6rememeleri, bu \u015fekildeki bir anlay\u0131\u015f kar\u015f\u0131s\u0131nda bu, belki biraz gecikmeli olacakt\u0131r.\u201d diye konu\u015ftu.<\/p>\n<p><a href=\"https:\/\/brtk.net\/\"\/><a href=\"https:\/\/brtk.net\/\"\/><a href=\"https:\/\/brtk.net\/\"\/><a href=\"https:\/\/brtk.net\/\"\/><a href=\"https:\/\/brtk.net\/\"\/><a href=\"https:\/\/brtk.net\/\"\/><a href=\"https:\/\/brtk.net\/\"\/><a href=\"https:\/\/brtk.net\/\"\/><a href=\"https:\/\/brtk.net\/\"\/><a href=\"https:\/\/brtk.net\/\"\/><a href=\"https:\/\/brtk.net\/\"\/><a href=\"https:\/\/brtk.net\/\">Tatar<\/a>, bu sorunun da diyalog yoluyla \u00e7\u00f6z\u00fclmesini umduklar\u0131n\u0131, bunun da <a href=\"https:\/\/brtk.net\/\"\/><a href=\"https:\/\/brtk.net\/\"\/><a href=\"https:\/\/brtk.net\/\"\/><a href=\"https:\/\/brtk.net\/\"\/><a href=\"https:\/\/brtk.net\/\"\/><a href=\"https:\/\/brtk.net\/\"\/><a href=\"https:\/\/brtk.net\/\"\/><a href=\"https:\/\/brtk.net\/\"\/><a href=\"https:\/\/brtk.net\/\"\/><a href=\"https:\/\/brtk.net\/\"\/><a href=\"https:\/\/brtk.net\/\"\/><a href=\"https:\/\/brtk.net\/\"\/><a href=\"https:\/\/brtk.net\/\">KKTC<\/a> ile G\u00fcney K\u0131br\u0131s Rum Y\u00f6netimi\u2019nin farkl\u0131 projelerde birlikte hareket edebilme f\u0131rsatlar\u0131n\u0131n \u00f6n\u00fcn\u00fc a\u00e7abilece\u011fine i\u015faret etti.<\/p>\n<p><a href=\"https:\/\/brtk.net\/\"\/><a href=\"https:\/\/brtk.net\/\"\/><a href=\"https:\/\/brtk.net\/\"\/><a href=\"https:\/\/brtk.net\/\"\/><a href=\"https:\/\/brtk.net\/\"\/><a href=\"https:\/\/brtk.net\/\"\/><a href=\"https:\/\/brtk.net\/\"\/><a href=\"https:\/\/brtk.net\/\"\/><a href=\"https:\/\/brtk.net\/\"\/><a href=\"https:\/\/brtk.net\/\"\/><a href=\"https:\/\/brtk.net\/\"\/><a href=\"https:\/\/brtk.net\/\"\/><a href=\"https:\/\/brtk.net\/\">KKTC<\/a>\u2018nin \u201cd\u00fcnya kamuoyuyla payla\u015ft\u0131\u011f\u0131 egemen e\u015fitli\u011fi, e\u015fit uluslar\u201d siyasetinin do\u011fru oldu\u011funu belirten <a href=\"https:\/\/brtk.net\/\"\/><a href=\"https:\/\/brtk.net\/\"\/><a href=\"https:\/\/brtk.net\/\"\/><a href=\"https:\/\/brtk.net\/\"\/><a href=\"https:\/\/brtk.net\/\"\/><a href=\"https:\/\/brtk.net\/\"\/><a href=\"https:\/\/brtk.net\/\"\/><a href=\"https:\/\/brtk.net\/\"\/><a href=\"https:\/\/brtk.net\/\"\/><a href=\"https:\/\/brtk.net\/\"\/><a href=\"https:\/\/brtk.net\/\"\/><a href=\"https:\/\/brtk.net\/\">Tatar<\/a>, \u201cYap\u0131c\u0131 m\u00fczakere s\u00fcrecinin ba\u015flayabilmesi i\u00e7in bizim 3D dedi\u011fimiz direkt ticaret, direkt u\u00e7u\u015f, direkt temas noktas\u0131nda a\u00e7\u0131l\u0131mlarla bunu da ba\u015farabilece\u011fimizi Genel Sekreter\u2019in (Antonio Guterres) \u015eahsi Temsilcisi (Maria Angela Holguin) Cuellar ile payla\u015ft\u0131k.\u201d dedi.<\/p>\n<p>15 Ekim\u2019deki gayriresmi g\u00f6r\u00fc\u015fmeyi hat\u0131rlatan <a href=\"https:\/\/brtk.net\/\"\/><a href=\"https:\/\/brtk.net\/\"\/><a href=\"https:\/\/brtk.net\/\"\/><a href=\"https:\/\/brtk.net\/\"\/><a href=\"https:\/\/brtk.net\/\"\/><a href=\"https:\/\/brtk.net\/\"\/><a href=\"https:\/\/brtk.net\/\"\/><a href=\"https:\/\/brtk.net\/\"\/><a href=\"https:\/\/brtk.net\/\"\/><a href=\"https:\/\/brtk.net\/\"\/><a href=\"https:\/\/brtk.net\/\"\/><a href=\"https:\/\/brtk.net\/\">Tatar<\/a>, \u201cK\u0131br\u0131s\u2019ta \u015fu anda m\u00fczakerelerin ba\u015flamas\u0131 i\u00e7in ortak bir zemin yok.\u201d \u015feklindeki BM\u2019nin a\u00e7\u0131klamas\u0131n\u0131n \u00f6nemli oldu\u011funa dikkati \u00e7ekti.<\/p>\n<p><a href=\"https:\/\/brtk.net\/\"\/><a href=\"https:\/\/brtk.net\/\"\/><a href=\"https:\/\/brtk.net\/\"\/><a href=\"https:\/\/brtk.net\/\"\/><a href=\"https:\/\/brtk.net\/\"\/><a href=\"https:\/\/brtk.net\/\"\/><a href=\"https:\/\/brtk.net\/\"\/><a href=\"https:\/\/brtk.net\/\"\/><a href=\"https:\/\/brtk.net\/\"\/><a href=\"https:\/\/brtk.net\/\"\/><a href=\"https:\/\/brtk.net\/\"\/><a href=\"https:\/\/brtk.net\/\">Tatar<\/a>, BM ile g\u00f6r\u00fc\u015fmeler s\u00fcrerken <a href=\"https:\/\/brtk.net\/\"\/><a href=\"https:\/\/brtk.net\/\"\/><a href=\"https:\/\/brtk.net\/\"\/><a href=\"https:\/\/brtk.net\/\"\/><a href=\"https:\/\/brtk.net\/\"\/><a href=\"https:\/\/brtk.net\/\"\/><a href=\"https:\/\/brtk.net\/\"\/><a href=\"https:\/\/brtk.net\/\"\/><a href=\"https:\/\/brtk.net\/\"\/><a href=\"https:\/\/brtk.net\/\"\/><a href=\"https:\/\/brtk.net\/\"\/><a href=\"https:\/\/brtk.net\/\"\/><a href=\"https:\/\/brtk.net\/\">KKTC<\/a>\u2018nin ekonomik ve sosyal yap\u0131s\u0131n\u0131 g\u00fc\u00e7lendirmesi gerekti\u011finin ve T\u00fcrkiye ile yap\u0131lan \u00e7e\u015fitli \u00e7al\u0131\u015fmalar\u0131n \u00f6nemli oldu\u011funun alt\u0131n\u0131 \u00e7izerek s\u00f6zlerini \u015f\u00f6yle tamamlad\u0131:<\/p>\n<p>\u201cSay\u0131n Cumhurba\u015fkan\u0131m\u0131z Recep Tayyip Erdo\u011fan\u2019\u0131n, yine Bi\u015fkek\u2019te K\u0131br\u0131s T\u00fcrk\u00fc\u2019n\u00fcn hakl\u0131 davas\u0131na g\u00fc\u00e7l\u00fc \u015fekilde sahip \u00e7\u0131kt\u0131\u011f\u0131 i\u00e7in bizleri orada g\u00f6rmekten duydu\u011fu memnuniyeti ve b\u00fct\u00fcn T\u00fcrk devlet ba\u015fkanlar\u0131n\u0131n bizleri yak\u0131n gelecekte tam \u00fcye olarak g\u00f6rmek istediklerini ifade etmesi, bize \u00e7ok \u00f6nemli g\u00fc\u00e7 kayna\u011f\u0131 olmu\u015ftur.\u201d<\/p>\n<\/p><\/div>\n<p><script async\n                    defer\n                    crossorigin=\"anonymous\"\n                    src=\"https:\/\/connect.facebook.net\/tr_TR\/sdk.js#xfbml=1&#038;version=v3.3\"\n            ><\/script><\/p>\n","protected":false},"excerpt":{"rendered":"<p>Cumhurba\u015fkan\u0131 Ersin Tatar, \u201cSiyasi konjonkt\u00fcre, b\u00f6lgedeki geli\u015fmelere bakt\u0131\u011f\u0131m\u0131zda jeostratejik, jeopolitik, her t\u00fcrl\u00fcs\u00fcyle Do\u011fu Akdeniz\u2019deki T\u00fcrk devleti, ger\u00e7ekten bir cazibe merkezi olma noktas\u0131nda b\u00fcy\u00fck a\u015famalar kaydetmi\u015ftir.\u201d dedi. Cumhurba\u015fkan\u0131 Yard\u0131mc\u0131s\u0131 Cevdet Y\u0131lmaz, ba\u015fkent Ankara\u2019daki konutunda Cumhurba\u015fkan\u0131 Tatar\u2018\u0131 a\u011f\u0131rlad\u0131. Tatar, burada yapt\u0131\u011f\u0131 konu\u015fmada, yak\u0131nda KKTC\u2018nin kurulu\u015funun 41. y\u0131l\u0131n\u0131 kutlayaca\u011f\u0131n\u0131 belirtti. Cumhurba\u015fkan\u0131 Recep Tayyip Erdo\u011fan\u2019\u0131n, \u201cKKTC, T\u00fcrkiye\u2019nin g\u00f6zbebe\u011fi\u201d \u015feklindeki<\/p>\n","protected":false},"author":1,"featured_media":68689,"comment_status":"open","ping_status":"open","sticky":false,"template":"","format":"standard","meta":{"footnotes":""},"categories":[86],"tags":[],"class_list":["post-68688","post","type-post","status-publish","format-standard","has-post-thumbnail","hentry","category-turkiye"],"yoast_head":"<!-- This site is optimized with the Yoast SEO plugin v28.3 - https:\/\/yoast.com\/product\/yoast-seo-wordpress\/ -->\n<title>Cumhurba\u015fkan\u0131 Tatar: \u201cDo\u011fu Akdeniz\u2019deki T\u00fcrk devleti cazibe merkezi olma noktas\u0131nda b\u00fcy\u00fck a\u015fama kaydetti\u201d -<\/title>\n<meta name=\"robots\" content=\"index, follow, max-snippet:-1, max-image-preview:large, max-video-preview:-1\" \/>\n<link rel=\"canonical\" href=\"https:\/\/kibrisdakik.com\/?p=68688\" \/>\n<meta property=\"og:locale\" content=\"tr_TR\" \/>\n<meta property=\"og:type\" content=\"article\" \/>\n<meta property=\"og:title\" content=\"Cumhurba\u015fkan\u0131 Tatar: \u201cDo\u011fu Akdeniz\u2019deki T\u00fcrk devleti cazibe merkezi olma noktas\u0131nda b\u00fcy\u00fck a\u015fama kaydetti\u201d -\" \/>\n<meta property=\"og:description\" content=\"Cumhurba\u015fkan\u0131 Ersin Tatar, \u201cSiyasi konjonkt\u00fcre, b\u00f6lgedeki geli\u015fmelere bakt\u0131\u011f\u0131m\u0131zda jeostratejik, jeopolitik, her t\u00fcrl\u00fcs\u00fcyle Do\u011fu Akdeniz\u2019deki T\u00fcrk devleti, ger\u00e7ekten bir cazibe merkezi olma noktas\u0131nda b\u00fcy\u00fck a\u015famalar kaydetmi\u015ftir.\u201d dedi. Cumhurba\u015fkan\u0131 Yard\u0131mc\u0131s\u0131 Cevdet Y\u0131lmaz, ba\u015fkent Ankara\u2019daki konutunda Cumhurba\u015fkan\u0131 Tatar\u2018\u0131 a\u011f\u0131rlad\u0131. Tatar, burada yapt\u0131\u011f\u0131 konu\u015fmada, yak\u0131nda KKTC\u2018nin kurulu\u015funun 41. y\u0131l\u0131n\u0131 kutlayaca\u011f\u0131n\u0131 belirtti. Cumhurba\u015fkan\u0131 Recep Tayyip Erdo\u011fan\u2019\u0131n, \u201cKKTC, T\u00fcrkiye\u2019nin g\u00f6zbebe\u011fi\u201d \u015feklindeki\" \/>\n<meta property=\"og:url\" content=\"https:\/\/kibrisdakik.com\/?p=68688\" \/>\n<meta property=\"article:published_time\" content=\"2024-11-09T13:23:32+00:00\" \/>\n<meta property=\"og:image\" content=\"https:\/\/kibrisdakik.com\/wp-content\/uploads\/2024\/11\/t9-scaled-740x420.jpg\" \/>\n\t<meta property=\"og:image:width\" content=\"2560\" \/>\n\t<meta property=\"og:image:height\" content=\"1707\" \/>\n\t<meta property=\"og:image:type\" content=\"image\/jpeg\" \/>\n<meta name=\"author\" content=\"admin\" \/>\n<meta name=\"twitter:card\" content=\"summary_large_image\" \/>\n<meta name=\"twitter:label1\" content=\"Yazan:\" \/>\n\t<meta name=\"twitter:data1\" content=\"admin\" \/>\n\t<meta name=\"twitter:label2\" content=\"Tahmini okuma s\u00fcresi\" \/>\n\t<meta name=\"twitter:data2\" content=\"4 dakika\" \/>\n<script type=\"application\/ld+json\" class=\"yoast-schema-graph\">{\"@context\":\"https:\\\/\\\/schema.org\",\"@graph\":[{\"@type\":\"Article\",\"@id\":\"https:\\\/\\\/kibrisdakik.com\\\/?p=68688#article\",\"isPartOf\":{\"@id\":\"https:\\\/\\\/kibrisdakik.com\\\/?p=68688\"},\"author\":{\"name\":\"admin\",\"@id\":\"https:\\\/\\\/kibrisdakik.com\\\/#\\\/schema\\\/person\\\/9cd9d437bbb44f72b73ba127e06d8e79\"},\"headline\":\"Cumhurba\u015fkan\u0131 Tatar: \u201cDo\u011fu Akdeniz\u2019deki T\u00fcrk devleti cazibe merkezi olma noktas\u0131nda b\u00fcy\u00fck a\u015fama kaydetti\u201d\",\"datePublished\":\"2024-11-09T13:23:32+00:00\",\"mainEntityOfPage\":{\"@id\":\"https:\\\/\\\/kibrisdakik.com\\\/?p=68688\"},\"wordCount\":732,\"commentCount\":0,\"publisher\":{\"@id\":\"https:\\\/\\\/kibrisdakik.com\\\/#organization\"},\"image\":{\"@id\":\"https:\\\/\\\/kibrisdakik.com\\\/?p=68688#primaryimage\"},\"thumbnailUrl\":\"https:\\\/\\\/kibrisdakik.com\\\/wp-content\\\/uploads\\\/2024\\\/11\\\/t9-scaled-740x420.jpg\",\"articleSection\":[\"T\u00fcrkiye\"],\"inLanguage\":\"tr\",\"potentialAction\":[{\"@type\":\"CommentAction\",\"name\":\"Comment\",\"target\":[\"https:\\\/\\\/kibrisdakik.com\\\/?p=68688#respond\"]}]},{\"@type\":\"WebPage\",\"@id\":\"https:\\\/\\\/kibrisdakik.com\\\/?p=68688\",\"url\":\"https:\\\/\\\/kibrisdakik.com\\\/?p=68688\",\"name\":\"Cumhurba\u015fkan\u0131 Tatar: \u201cDo\u011fu Akdeniz\u2019deki T\u00fcrk devleti cazibe merkezi olma noktas\u0131nda b\u00fcy\u00fck a\u015fama kaydetti\u201d -\",\"isPartOf\":{\"@id\":\"https:\\\/\\\/kibrisdakik.com\\\/#website\"},\"primaryImageOfPage\":{\"@id\":\"https:\\\/\\\/kibrisdakik.com\\\/?p=68688#primaryimage\"},\"image\":{\"@id\":\"https:\\\/\\\/kibrisdakik.com\\\/?p=68688#primaryimage\"},\"thumbnailUrl\":\"https:\\\/\\\/kibrisdakik.com\\\/wp-content\\\/uploads\\\/2024\\\/11\\\/t9-scaled-740x420.jpg\",\"datePublished\":\"2024-11-09T13:23:32+00:00\",\"breadcrumb\":{\"@id\":\"https:\\\/\\\/kibrisdakik.com\\\/?p=68688#breadcrumb\"},\"inLanguage\":\"tr\",\"potentialAction\":[{\"@type\":\"ReadAction\",\"target\":[\"https:\\\/\\\/kibrisdakik.com\\\/?p=68688\"]}]},{\"@type\":\"ImageObject\",\"inLanguage\":\"tr\",\"@id\":\"https:\\\/\\\/kibrisdakik.com\\\/?p=68688#primaryimage\",\"url\":\"https:\\\/\\\/kibrisdakik.com\\\/wp-content\\\/uploads\\\/2024\\\/11\\\/t9-scaled-740x420.jpg\",\"contentUrl\":\"https:\\\/\\\/kibrisdakik.com\\\/wp-content\\\/uploads\\\/2024\\\/11\\\/t9-scaled-740x420.jpg\",\"width\":2560,\"height\":1707},{\"@type\":\"BreadcrumbList\",\"@id\":\"https:\\\/\\\/kibrisdakik.com\\\/?p=68688#breadcrumb\",\"itemListElement\":[{\"@type\":\"ListItem\",\"position\":1,\"name\":\"Home\",\"item\":\"https:\\\/\\\/kibrisdakik.com\\\/\"},{\"@type\":\"ListItem\",\"position\":2,\"name\":\"Cumhurba\u015fkan\u0131 Tatar: \u201cDo\u011fu Akdeniz\u2019deki T\u00fcrk devleti cazibe merkezi olma noktas\u0131nda b\u00fcy\u00fck a\u015fama kaydetti\u201d\"}]},{\"@type\":\"WebSite\",\"@id\":\"https:\\\/\\\/kibrisdakik.com\\\/#website\",\"url\":\"https:\\\/\\\/kibrisdakik.com\\\/\",\"name\":\"K\u0131br\u0131s Dakik\",\"description\":\"Tam vaktinde haber\",\"publisher\":{\"@id\":\"https:\\\/\\\/kibrisdakik.com\\\/#organization\"},\"potentialAction\":[{\"@type\":\"SearchAction\",\"target\":{\"@type\":\"EntryPoint\",\"urlTemplate\":\"https:\\\/\\\/kibrisdakik.com\\\/?s={search_term_string}\"},\"query-input\":{\"@type\":\"PropertyValueSpecification\",\"valueRequired\":true,\"valueName\":\"search_term_string\"}}],\"inLanguage\":\"tr\"},{\"@type\":\"Organization\",\"@id\":\"https:\\\/\\\/kibrisdakik.com\\\/#organization\",\"name\":\"K\u0131br\u0131s Dakik\",\"url\":\"https:\\\/\\\/kibrisdakik.com\\\/\",\"logo\":{\"@type\":\"ImageObject\",\"inLanguage\":\"tr\",\"@id\":\"https:\\\/\\\/kibrisdakik.com\\\/#\\\/schema\\\/logo\\\/image\\\/\",\"url\":\"https:\\\/\\\/kibrisdakik.com\\\/wp-content\\\/uploads\\\/2025\\\/10\\\/cropped-WhatsApp-Image-2025-10-02-at-12.58.31.jpeg\",\"contentUrl\":\"https:\\\/\\\/kibrisdakik.com\\\/wp-content\\\/uploads\\\/2025\\\/10\\\/cropped-WhatsApp-Image-2025-10-02-at-12.58.31.jpeg\",\"width\":1237,\"height\":190,\"caption\":\"K\u0131br\u0131s Dakik\"},\"image\":{\"@id\":\"https:\\\/\\\/kibrisdakik.com\\\/#\\\/schema\\\/logo\\\/image\\\/\"}},{\"@type\":\"Person\",\"@id\":\"https:\\\/\\\/kibrisdakik.com\\\/#\\\/schema\\\/person\\\/9cd9d437bbb44f72b73ba127e06d8e79\",\"name\":\"admin\",\"image\":{\"@type\":\"ImageObject\",\"inLanguage\":\"tr\",\"@id\":\"https:\\\/\\\/secure.gravatar.com\\\/avatar\\\/ccc17943b9d660506c869530f897617f7cb1c21a4bf30023f252596d83e1f007?s=96&d=mm&r=g\",\"url\":\"https:\\\/\\\/secure.gravatar.com\\\/avatar\\\/ccc17943b9d660506c869530f897617f7cb1c21a4bf30023f252596d83e1f007?s=96&d=mm&r=g\",\"contentUrl\":\"https:\\\/\\\/secure.gravatar.com\\\/avatar\\\/ccc17943b9d660506c869530f897617f7cb1c21a4bf30023f252596d83e1f007?s=96&d=mm&r=g\",\"caption\":\"admin\"},\"sameAs\":[\"https:\\\/\\\/kibrisdakik.com\"],\"url\":\"https:\\\/\\\/kibrisdakik.com\\\/?author=1\"}]}<\/script>\n<!-- \/ Yoast SEO plugin. -->","yoast_head_json":{"title":"Cumhurba\u015fkan\u0131 Tatar: \u201cDo\u011fu Akdeniz\u2019deki T\u00fcrk devleti cazibe merkezi olma noktas\u0131nda b\u00fcy\u00fck a\u015fama kaydetti\u201d -","robots":{"index":"index","follow":"follow","max-snippet":"max-snippet:-1","max-image-preview":"max-image-preview:large","max-video-preview":"max-video-preview:-1"},"canonical":"https:\/\/kibrisdakik.com\/?p=68688","og_locale":"tr_TR","og_type":"article","og_title":"Cumhurba\u015fkan\u0131 Tatar: \u201cDo\u011fu Akdeniz\u2019deki T\u00fcrk devleti cazibe merkezi olma noktas\u0131nda b\u00fcy\u00fck a\u015fama kaydetti\u201d -","og_description":"Cumhurba\u015fkan\u0131 Ersin Tatar, \u201cSiyasi konjonkt\u00fcre, b\u00f6lgedeki geli\u015fmelere bakt\u0131\u011f\u0131m\u0131zda jeostratejik, jeopolitik, her t\u00fcrl\u00fcs\u00fcyle Do\u011fu Akdeniz\u2019deki T\u00fcrk devleti, ger\u00e7ekten bir cazibe merkezi olma noktas\u0131nda b\u00fcy\u00fck a\u015famalar kaydetmi\u015ftir.\u201d dedi. Cumhurba\u015fkan\u0131 Yard\u0131mc\u0131s\u0131 Cevdet Y\u0131lmaz, ba\u015fkent Ankara\u2019daki konutunda Cumhurba\u015fkan\u0131 Tatar\u2018\u0131 a\u011f\u0131rlad\u0131. Tatar, burada yapt\u0131\u011f\u0131 konu\u015fmada, yak\u0131nda KKTC\u2018nin kurulu\u015funun 41. y\u0131l\u0131n\u0131 kutlayaca\u011f\u0131n\u0131 belirtti. Cumhurba\u015fkan\u0131 Recep Tayyip Erdo\u011fan\u2019\u0131n, \u201cKKTC, T\u00fcrkiye\u2019nin g\u00f6zbebe\u011fi\u201d \u015feklindeki","og_url":"https:\/\/kibrisdakik.com\/?p=68688","article_published_time":"2024-11-09T13:23:32+00:00","og_image":[{"width":2560,"height":1707,"url":"https:\/\/kibrisdakik.com\/wp-content\/uploads\/2024\/11\/t9-scaled-740x420.jpg","type":"image\/jpeg"}],"author":"admin","twitter_card":"summary_large_image","twitter_misc":{"Yazan:":"admin","Tahmini okuma s\u00fcresi":"4 dakika"},"schema":{"@context":"https:\/\/schema.org","@graph":[{"@type":"Article","@id":"https:\/\/kibrisdakik.com\/?p=68688#article","isPartOf":{"@id":"https:\/\/kibrisdakik.com\/?p=68688"},"author":{"name":"admin","@id":"https:\/\/kibrisdakik.com\/#\/schema\/person\/9cd9d437bbb44f72b73ba127e06d8e79"},"headline":"Cumhurba\u015fkan\u0131 Tatar: \u201cDo\u011fu Akdeniz\u2019deki T\u00fcrk devleti cazibe merkezi olma noktas\u0131nda b\u00fcy\u00fck a\u015fama kaydetti\u201d","datePublished":"2024-11-09T13:23:32+00:00","mainEntityOfPage":{"@id":"https:\/\/kibrisdakik.com\/?p=68688"},"wordCount":732,"commentCount":0,"publisher":{"@id":"https:\/\/kibrisdakik.com\/#organization"},"image":{"@id":"https:\/\/kibrisdakik.com\/?p=68688#primaryimage"},"thumbnailUrl":"https:\/\/kibrisdakik.com\/wp-content\/uploads\/2024\/11\/t9-scaled-740x420.jpg","articleSection":["T\u00fcrkiye"],"inLanguage":"tr","potentialAction":[{"@type":"CommentAction","name":"Comment","target":["https:\/\/kibrisdakik.com\/?p=68688#respond"]}]},{"@type":"WebPage","@id":"https:\/\/kibrisdakik.com\/?p=68688","url":"https:\/\/kibrisdakik.com\/?p=68688","name":"Cumhurba\u015fkan\u0131 Tatar: \u201cDo\u011fu Akdeniz\u2019deki T\u00fcrk devleti cazibe merkezi olma noktas\u0131nda b\u00fcy\u00fck a\u015fama kaydetti\u201d -","isPartOf":{"@id":"https:\/\/kibrisdakik.com\/#website"},"primaryImageOfPage":{"@id":"https:\/\/kibrisdakik.com\/?p=68688#primaryimage"},"image":{"@id":"https:\/\/kibrisdakik.com\/?p=68688#primaryimage"},"thumbnailUrl":"https:\/\/kibrisdakik.com\/wp-content\/uploads\/2024\/11\/t9-scaled-740x420.jpg","datePublished":"2024-11-09T13:23:32+00:00","breadcrumb":{"@id":"https:\/\/kibrisdakik.com\/?p=68688#breadcrumb"},"inLanguage":"tr","potentialAction":[{"@type":"ReadAction","target":["https:\/\/kibrisdakik.com\/?p=68688"]}]},{"@type":"ImageObject","inLanguage":"tr","@id":"https:\/\/kibrisdakik.com\/?p=68688#primaryimage","url":"https:\/\/kibrisdakik.com\/wp-content\/uploads\/2024\/11\/t9-scaled-740x420.jpg","contentUrl":"https:\/\/kibrisdakik.com\/wp-content\/uploads\/2024\/11\/t9-scaled-740x420.jpg","width":2560,"height":1707},{"@type":"BreadcrumbList","@id":"https:\/\/kibrisdakik.com\/?p=68688#breadcrumb","itemListElement":[{"@type":"ListItem","position":1,"name":"Home","item":"https:\/\/kibrisdakik.com\/"},{"@type":"ListItem","position":2,"name":"Cumhurba\u015fkan\u0131 Tatar: \u201cDo\u011fu Akdeniz\u2019deki T\u00fcrk devleti cazibe merkezi olma noktas\u0131nda b\u00fcy\u00fck a\u015fama kaydetti\u201d"}]},{"@type":"WebSite","@id":"https:\/\/kibrisdakik.com\/#website","url":"https:\/\/kibrisdakik.com\/","name":"K\u0131br\u0131s Dakik","description":"Tam vaktinde haber","publisher":{"@id":"https:\/\/kibrisdakik.com\/#organization"},"potentialAction":[{"@type":"SearchAction","target":{"@type":"EntryPoint","urlTemplate":"https:\/\/kibrisdakik.com\/?s={search_term_string}"},"query-input":{"@type":"PropertyValueSpecification","valueRequired":true,"valueName":"search_term_string"}}],"inLanguage":"tr"},{"@type":"Organization","@id":"https:\/\/kibrisdakik.com\/#organization","name":"K\u0131br\u0131s Dakik","url":"https:\/\/kibrisdakik.com\/","logo":{"@type":"ImageObject","inLanguage":"tr","@id":"https:\/\/kibrisdakik.com\/#\/schema\/logo\/image\/","url":"https:\/\/kibrisdakik.com\/wp-content\/uploads\/2025\/10\/cropped-WhatsApp-Image-2025-10-02-at-12.58.31.jpeg","contentUrl":"https:\/\/kibrisdakik.com\/wp-content\/uploads\/2025\/10\/cropped-WhatsApp-Image-2025-10-02-at-12.58.31.jpeg","width":1237,"height":190,"caption":"K\u0131br\u0131s Dakik"},"image":{"@id":"https:\/\/kibrisdakik.com\/#\/schema\/logo\/image\/"}},{"@type":"Person","@id":"https:\/\/kibrisdakik.com\/#\/schema\/person\/9cd9d437bbb44f72b73ba127e06d8e79","name":"admin","image":{"@type":"ImageObject","inLanguage":"tr","@id":"https:\/\/secure.gravatar.com\/avatar\/ccc17943b9d660506c869530f897617f7cb1c21a4bf30023f252596d83e1f007?s=96&d=mm&r=g","url":"https:\/\/secure.gravatar.com\/avatar\/ccc17943b9d660506c869530f897617f7cb1c21a4bf30023f252596d83e1f007?s=96&d=mm&r=g","contentUrl":"https:\/\/secure.gravatar.com\/avatar\/ccc17943b9d660506c869530f897617f7cb1c21a4bf30023f252596d83e1f007?s=96&d=mm&r=g","caption":"admin"},"sameAs":["https:\/\/kibrisdakik.com"],"url":"https:\/\/kibrisdakik.com\/?author=1"}]}},"_links":{"self":[{"href":"https:\/\/kibrisdakik.com\/index.php?rest_route=\/wp\/v2\/posts\/68688","targetHints":{"allow":["GET"]}}],"collection":[{"href":"https:\/\/kibrisdakik.com\/index.php?rest_route=\/wp\/v2\/posts"}],"about":[{"href":"https:\/\/kibrisdakik.com\/index.php?rest_route=\/wp\/v2\/types\/post"}],"author":[{"embeddable":true,"href":"https:\/\/kibrisdakik.com\/index.php?rest_route=\/wp\/v2\/users\/1"}],"replies":[{"embeddable":true,"href":"https:\/\/kibrisdakik.com\/index.php?rest_route=%2Fwp%2Fv2%2Fcomments&post=68688"}],"version-history":[{"count":0,"href":"https:\/\/kibrisdakik.com\/index.php?rest_route=\/wp\/v2\/posts\/68688\/revisions"}],"wp:featuredmedia":[{"embeddable":true,"href":"https:\/\/kibrisdakik.com\/index.php?rest_route=\/wp\/v2\/media\/68689"}],"wp:attachment":[{"href":"https:\/\/kibrisdakik.com\/index.php?rest_route=%2Fwp%2Fv2%2Fmedia&parent=68688"}],"wp:term":[{"taxonomy":"category","embeddable":true,"href":"https:\/\/kibrisdakik.com\/index.php?rest_route=%2Fwp%2Fv2%2Fcategories&post=68688"},{"taxonomy":"post_tag","embeddable":true,"href":"https:\/\/kibrisdakik.com\/index.php?rest_route=%2Fwp%2Fv2%2Ftags&post=68688"}],"curies":[{"name":"wp","href":"https:\/\/api.w.org\/{rel}","templated":true}]}}