{"id":6870,"date":"2023-05-14T10:48:26","date_gmt":"2023-05-14T10:48:26","guid":{"rendered":"https:\/\/kibrisdakik.com\/index.php\/2023\/05\/14\/girne-emekci-kadin-kooperatifinin-kurulus-amaci-kadin-uretiminin-ekonomik-degere-donusturulmesi\/"},"modified":"2023-05-14T10:48:26","modified_gmt":"2023-05-14T10:48:26","slug":"girne-emekci-kadin-kooperatifinin-kurulus-amaci-kadin-uretiminin-ekonomik-degere-donusturulmesi","status":"publish","type":"post","link":"https:\/\/kibrisdakik.com\/?p=6870","title":{"rendered":"\u201cGirne Emek\u00e7i Kad\u0131n Kooperatifi\u2019nin   kurulu\u015f amac\u0131 kad\u0131n \u00fcretiminin ekonomik de\u011fere d\u00f6n\u00fc\u015ft\u00fcr\u00fclmesi\u201d"},"content":{"rendered":"<p><\/p>\n<div>\n<p>Toplumumuzun yar\u0131s\u0131n\u0131 olu\u015fturan kad\u0131nlar\u0131n,\u00fcretimden ekonomiye , siyasetten, toplumsal ya\u015fama her alanda ilerlemesi, daha iyi noktalara gelmesi i\u00e7in \u00fclkemizde \u00f6zellikle son y\u0131llarda ciddi u\u011fra\u015flar veriliyor, bu ama\u00e7la bir \u00e7ok sivil toplum \u00f6rg\u00fct\u00fc ve kooperatif hayata ge\u00e7iyor.<\/p>\n<p>Girne\u2019de bu amaca hizmet etmek amac\u0131yla yeni bir kooperatif hayata ge\u00e7ti.<\/p>\n<p>14 kurucu \u00fcye ile 10 Nisan\u2019da faaliyetlerine ba\u015flayan Girne Emek\u00e7i Kad\u0131n Kooperatifi , k\u0131sa s\u00fcre i\u00e7inde \u00fcye kabul\u00fcne de ba\u015flayacak. <\/p>\n<p>Girne Emek\u00e7i Kad\u0131n Kooperatifi\u2019nin kurulu\u015f ama\u00e7lar\u0131n\u0131 ve hedeflerini ba\u015fkan ve kurucu \u00fcyeleriyle konu\u015ftuk.<\/p>\n<p>Girne Emek\u00e7i Kad\u0131n Kooperatifi Ba\u015fkan\u0131 Emel Ki\u015fi,ama\u00e7alar\u0131n\u0131 \u015f\u00f6yle anlatt\u0131: Ki\u015fi, kad\u0131n eme\u011finin de\u011ferlendirilmesi ve bu katma de\u011ferin \u00fclke ekonomisine kazand\u0131r\u0131lmas\u0131 oldu\u011funu vurgulad\u0131.<br \/>Farkl\u0131 meslek gruplar\u0131ndan 14 kurucu \u00fcye ile yola \u00e7\u0131kt\u0131k.Girne s\u0131n\u0131rlar\u0131nda \u00fcretici kad\u0131nlara ula\u015fmaya \u00e7al\u0131\u015f\u0131p , \u00fcrettiklerini pazarlanabilir hale getirmek i\u00e7in e\u011fitimler d\u00fczenlemek , pazarlama faaliyetlerine katk\u0131da bulunmay\u0131 hedefliyoruz.<br \/>Ki\u015fi,kooperatifte \u00fcr\u00fcn s\u0131n\u0131rlamas\u0131 bulunmasa da, kooperatif binalar\u0131nda profesyonel bir mutfak ve bu alanda e\u011fitimli tecr\u00fcbeli \u00fcyelerin yo\u011funlu\u011fu nedeniyle en g\u00fc\u00e7l\u00fc yanlar\u0131n\u0131n gastronomi olaca\u011f\u0131n\u0131 vurgulad\u0131.<br \/>Ki\u015fi, \u201cPazar yaratma yan\u0131nda k\u0131br\u0131s t\u00fcrk mutfa\u011f\u0131na ait unutulmaya y\u00fcz tutmu\u015f lezzetlerin re\u00e7etelendirilmesi i\u00e7in de \u00e7al\u0131\u015fma yapaca\u011f\u0131z\u201d dedi.<\/p>\n<p>\u201cGirne Belediyesi\u2019nin, Girne Bandabulya&#8217;y\u0131 ,K\u0131br\u0131s T\u00fcrk K\u00fclt\u00fcr\u00fc&#8217;ne ait geleneksel el sanatlar\u0131 yiyecek i\u00e7ecek \u00fcr\u00fcnlerinin turist ve yerli vatanda\u015flarla bulu\u015faca\u011f\u0131 bir merkez haline d\u00f6n\u00fc\u015ft\u00fcr\u00fclmesi hedefi oldu\u011funu da dile getiren Ki\u015fi, bunun hayata ge\u00e7mesinin b\u00fcy\u00fck \u00f6nem ta\u015f\u0131d\u0131\u011f\u0131na vurgu yapt\u0131.<\/p>\n<p>Girne Emek\u00e7i Kad\u0131n Kooperatifi Ba\u015fkan Yard\u0131mc\u0131s\u0131 \u00d6zay Kalyoncu da toplumsal cinsiyet e\u015fitli\u011finin sa\u011flanmas\u0131n\u0131n, kad\u0131n\u0131n ekonomik olarak g\u00fc\u00e7lenmesinden ge\u00e7ti\u011fini dile getirdi. Kalyoncu, \u201cAmac\u0131m\u0131z hem g\u0131da g\u00fcvenli\u011fi kalitesi a\u00e7\u0131s\u0131ndan standartlar\u0131 yakalamak evde yap\u0131lan \u00fcretimleri kendi merkezimize ta\u015f\u0131rken, bu konuda bilin\u00e7lendirici e\u011fitimler de vermek. Kad\u0131nlar\u0131n \u00fcretimlerinin de\u011fer bulmas\u0131 i\u00e7in te\u015fvik etmek.<br \/>Kad\u0131nlar\u0131m\u0131zda bu istek ve enerji var. Biz onlara destek olaca\u011f\u0131z. Bir di\u011fer amac\u0131m\u0131z da, maliyetleri d\u00fc\u015f\u00fcr\u00fcp, gelirlerini artt\u0131rmalar\u0131na f\u0131rsat yaratmak. <\/p>\n<p>Kooperatif Sekreteri Bahar \u00c7a\u011fan da, kooperatif\u00e7ili\u011fin bir tak\u0131m i\u015fi oldu\u011funu vurgulayarak, tecr\u00fcbeli \u00fcyelerin katk\u0131lar\u0131yla \u00e7ok g\u00fczel i\u015flere imza atacaklar\u0131na inan\u00e7 belirtti.<\/p>\n<p>\u00c7a\u011fan, \u201cKooperatif i\u015fi tak\u0131m i\u015fi, deneyimle g\u00fczle i\u015fler yapaca\u011f\u0131z, evinde \u00fcretim yapan bunu pazarlamak isteyen, \u00fcretim yapmak isteyip nas\u0131l yapaca\u011f\u0131n\u0131 bilmeyene, pazarlama ortam\u0131 olmayana yard\u0131mc\u0131 olaca\u011f\u0131z.E\u011fitimler verece\u011fiz. Burada profesyonel bir mutfa\u011f\u0131m\u0131z var.<br \/>Ben gastronomi mezunuyum. Gen\u00e7lere yol g\u00f6stermeye \u00e7al\u0131\u015faca\u011f\u0131z\u201d dedi.<\/p>\n<p>Kooperatif \u00dcyelerinden Sevim Sevin\u00e7 de, kopperatif b\u00fcnyesinde hem \u00fcretip hem de gen\u00e7lere e\u011fitimler vereceklerini dile getirdi.<\/p>\n<p>Sevin\u00e7, \u201cHamur i\u015fleri konusunda hem \u00fcretim yapaca\u011f\u0131z hem de gen\u00e7lere mutfa\u011f\u0131m\u0131zda e\u011fitimler verece\u011fiz\u201ddedi.<\/p>\n<\/p><\/div>\n<p><script async\n                    defer\n                    crossorigin=\"anonymous\"\n                    src=\"https:\/\/connect.facebook.net\/tr_TR\/sdk.js#xfbml=1&#038;version=v3.3\"\n            ><\/script><\/p>\n","protected":false},"excerpt":{"rendered":"<p>Toplumumuzun yar\u0131s\u0131n\u0131 olu\u015fturan kad\u0131nlar\u0131n,\u00fcretimden ekonomiye , siyasetten, toplumsal ya\u015fama her alanda ilerlemesi, daha iyi noktalara gelmesi i\u00e7in \u00fclkemizde \u00f6zellikle son y\u0131llarda ciddi u\u011fra\u015flar veriliyor, bu ama\u00e7la bir \u00e7ok sivil toplum \u00f6rg\u00fct\u00fc ve kooperatif hayata ge\u00e7iyor. Girne\u2019de bu amaca hizmet etmek amac\u0131yla yeni bir kooperatif hayata ge\u00e7ti. 14 kurucu \u00fcye ile 10 Nisan\u2019da faaliyetlerine ba\u015flayan Girne<\/p>\n","protected":false},"author":1,"featured_media":6871,"comment_status":"open","ping_status":"open","sticky":false,"template":"","format":"standard","meta":{"footnotes":""},"categories":[1],"tags":[],"class_list":["post-6870","post","type-post","status-publish","format-standard","has-post-thumbnail","hentry","category-gundem"],"yoast_head":"<!-- This site is optimized with the Yoast SEO plugin v27.4 - https:\/\/yoast.com\/product\/yoast-seo-wordpress\/ -->\n<title>\u201cGirne Emek\u00e7i Kad\u0131n Kooperatifi\u2019nin  kurulu\u015f amac\u0131 kad\u0131n \u00fcretiminin ekonomik de\u011fere d\u00f6n\u00fc\u015ft\u00fcr\u00fclmesi\u201d -<\/title>\n<meta name=\"robots\" content=\"index, follow, max-snippet:-1, max-image-preview:large, max-video-preview:-1\" \/>\n<link rel=\"canonical\" href=\"https:\/\/kibrisdakik.com\/?p=6870\" \/>\n<meta property=\"og:locale\" content=\"tr_TR\" \/>\n<meta property=\"og:type\" content=\"article\" \/>\n<meta property=\"og:title\" content=\"\u201cGirne Emek\u00e7i Kad\u0131n Kooperatifi\u2019nin  kurulu\u015f amac\u0131 kad\u0131n \u00fcretiminin ekonomik de\u011fere d\u00f6n\u00fc\u015ft\u00fcr\u00fclmesi\u201d -\" \/>\n<meta property=\"og:description\" content=\"Toplumumuzun yar\u0131s\u0131n\u0131 olu\u015fturan kad\u0131nlar\u0131n,\u00fcretimden ekonomiye , siyasetten, toplumsal ya\u015fama her alanda ilerlemesi, daha iyi noktalara gelmesi i\u00e7in \u00fclkemizde \u00f6zellikle son y\u0131llarda ciddi u\u011fra\u015flar veriliyor, bu ama\u00e7la bir \u00e7ok sivil toplum \u00f6rg\u00fct\u00fc ve kooperatif hayata ge\u00e7iyor. Girne\u2019de bu amaca hizmet etmek amac\u0131yla yeni bir kooperatif hayata ge\u00e7ti. 14 kurucu \u00fcye ile 10 Nisan\u2019da faaliyetlerine ba\u015flayan Girne\" \/>\n<meta property=\"og:url\" content=\"https:\/\/kibrisdakik.com\/?p=6870\" \/>\n<meta property=\"article:published_time\" content=\"2023-05-14T10:48:26+00:00\" \/>\n<meta property=\"og:image\" content=\"https:\/\/kibrisdakik.com\/wp-content\/uploads\/2023\/05\/vlcsnap-2023-05-14-12h47m19s569-740x420.png\" \/>\n\t<meta property=\"og:image:width\" content=\"1280\" \/>\n\t<meta property=\"og:image:height\" content=\"720\" \/>\n\t<meta property=\"og:image:type\" content=\"image\/png\" \/>\n<meta name=\"author\" content=\"admin\" \/>\n<meta name=\"twitter:card\" content=\"summary_large_image\" \/>\n<meta name=\"twitter:label1\" content=\"Yazan:\" \/>\n\t<meta name=\"twitter:data1\" content=\"admin\" \/>\n\t<meta name=\"twitter:label2\" content=\"Tahmini okuma s\u00fcresi\" \/>\n\t<meta name=\"twitter:data2\" content=\"3 dakika\" \/>\n<script type=\"application\/ld+json\" class=\"yoast-schema-graph\">{\"@context\":\"https:\\\/\\\/schema.org\",\"@graph\":[{\"@type\":\"Article\",\"@id\":\"https:\\\/\\\/kibrisdakik.com\\\/?p=6870#article\",\"isPartOf\":{\"@id\":\"https:\\\/\\\/kibrisdakik.com\\\/?p=6870\"},\"author\":{\"name\":\"admin\",\"@id\":\"https:\\\/\\\/kibrisdakik.com\\\/#\\\/schema\\\/person\\\/9cd9d437bbb44f72b73ba127e06d8e79\"},\"headline\":\"\u201cGirne Emek\u00e7i Kad\u0131n Kooperatifi\u2019nin kurulu\u015f amac\u0131 kad\u0131n \u00fcretiminin ekonomik de\u011fere d\u00f6n\u00fc\u015ft\u00fcr\u00fclmesi\u201d\",\"datePublished\":\"2023-05-14T10:48:26+00:00\",\"mainEntityOfPage\":{\"@id\":\"https:\\\/\\\/kibrisdakik.com\\\/?p=6870\"},\"wordCount\":573,\"commentCount\":0,\"image\":{\"@id\":\"https:\\\/\\\/kibrisdakik.com\\\/?p=6870#primaryimage\"},\"thumbnailUrl\":\"https:\\\/\\\/kibrisdakik.com\\\/wp-content\\\/uploads\\\/2023\\\/05\\\/vlcsnap-2023-05-14-12h47m19s569-740x420.png\",\"articleSection\":[\"G\u00fcndem\"],\"inLanguage\":\"tr\",\"potentialAction\":[{\"@type\":\"CommentAction\",\"name\":\"Comment\",\"target\":[\"https:\\\/\\\/kibrisdakik.com\\\/?p=6870#respond\"]}]},{\"@type\":\"WebPage\",\"@id\":\"https:\\\/\\\/kibrisdakik.com\\\/?p=6870\",\"url\":\"https:\\\/\\\/kibrisdakik.com\\\/?p=6870\",\"name\":\"\u201cGirne Emek\u00e7i Kad\u0131n Kooperatifi\u2019nin kurulu\u015f amac\u0131 kad\u0131n \u00fcretiminin ekonomik de\u011fere d\u00f6n\u00fc\u015ft\u00fcr\u00fclmesi\u201d -\",\"isPartOf\":{\"@id\":\"https:\\\/\\\/kibrisdakik.com\\\/#website\"},\"primaryImageOfPage\":{\"@id\":\"https:\\\/\\\/kibrisdakik.com\\\/?p=6870#primaryimage\"},\"image\":{\"@id\":\"https:\\\/\\\/kibrisdakik.com\\\/?p=6870#primaryimage\"},\"thumbnailUrl\":\"https:\\\/\\\/kibrisdakik.com\\\/wp-content\\\/uploads\\\/2023\\\/05\\\/vlcsnap-2023-05-14-12h47m19s569-740x420.png\",\"datePublished\":\"2023-05-14T10:48:26+00:00\",\"author\":{\"@id\":\"https:\\\/\\\/kibrisdakik.com\\\/#\\\/schema\\\/person\\\/9cd9d437bbb44f72b73ba127e06d8e79\"},\"breadcrumb\":{\"@id\":\"https:\\\/\\\/kibrisdakik.com\\\/?p=6870#breadcrumb\"},\"inLanguage\":\"tr\",\"potentialAction\":[{\"@type\":\"ReadAction\",\"target\":[\"https:\\\/\\\/kibrisdakik.com\\\/?p=6870\"]}]},{\"@type\":\"ImageObject\",\"inLanguage\":\"tr\",\"@id\":\"https:\\\/\\\/kibrisdakik.com\\\/?p=6870#primaryimage\",\"url\":\"https:\\\/\\\/kibrisdakik.com\\\/wp-content\\\/uploads\\\/2023\\\/05\\\/vlcsnap-2023-05-14-12h47m19s569-740x420.png\",\"contentUrl\":\"https:\\\/\\\/kibrisdakik.com\\\/wp-content\\\/uploads\\\/2023\\\/05\\\/vlcsnap-2023-05-14-12h47m19s569-740x420.png\",\"width\":1280,\"height\":720},{\"@type\":\"BreadcrumbList\",\"@id\":\"https:\\\/\\\/kibrisdakik.com\\\/?p=6870#breadcrumb\",\"itemListElement\":[{\"@type\":\"ListItem\",\"position\":1,\"name\":\"Home\",\"item\":\"https:\\\/\\\/kibrisdakik.com\\\/\"},{\"@type\":\"ListItem\",\"position\":2,\"name\":\"\u201cGirne Emek\u00e7i Kad\u0131n Kooperatifi\u2019nin kurulu\u015f amac\u0131 kad\u0131n \u00fcretiminin ekonomik de\u011fere d\u00f6n\u00fc\u015ft\u00fcr\u00fclmesi\u201d\"}]},{\"@type\":\"WebSite\",\"@id\":\"https:\\\/\\\/kibrisdakik.com\\\/#website\",\"url\":\"https:\\\/\\\/kibrisdakik.com\\\/\",\"name\":\"\",\"description\":\"Tam vaktinde haber\",\"potentialAction\":[{\"@type\":\"SearchAction\",\"target\":{\"@type\":\"EntryPoint\",\"urlTemplate\":\"https:\\\/\\\/kibrisdakik.com\\\/?s={search_term_string}\"},\"query-input\":{\"@type\":\"PropertyValueSpecification\",\"valueRequired\":true,\"valueName\":\"search_term_string\"}}],\"inLanguage\":\"tr\"},{\"@type\":\"Person\",\"@id\":\"https:\\\/\\\/kibrisdakik.com\\\/#\\\/schema\\\/person\\\/9cd9d437bbb44f72b73ba127e06d8e79\",\"name\":\"admin\",\"image\":{\"@type\":\"ImageObject\",\"inLanguage\":\"tr\",\"@id\":\"https:\\\/\\\/secure.gravatar.com\\\/avatar\\\/ccc17943b9d660506c869530f897617f7cb1c21a4bf30023f252596d83e1f007?s=96&d=mm&r=g\",\"url\":\"https:\\\/\\\/secure.gravatar.com\\\/avatar\\\/ccc17943b9d660506c869530f897617f7cb1c21a4bf30023f252596d83e1f007?s=96&d=mm&r=g\",\"contentUrl\":\"https:\\\/\\\/secure.gravatar.com\\\/avatar\\\/ccc17943b9d660506c869530f897617f7cb1c21a4bf30023f252596d83e1f007?s=96&d=mm&r=g\",\"caption\":\"admin\"},\"sameAs\":[\"https:\\\/\\\/kibrisdakik.com\"],\"url\":\"https:\\\/\\\/kibrisdakik.com\\\/?author=1\"}]}<\/script>\n<!-- \/ Yoast SEO plugin. -->","yoast_head_json":{"title":"\u201cGirne Emek\u00e7i Kad\u0131n Kooperatifi\u2019nin  kurulu\u015f amac\u0131 kad\u0131n \u00fcretiminin ekonomik de\u011fere d\u00f6n\u00fc\u015ft\u00fcr\u00fclmesi\u201d -","robots":{"index":"index","follow":"follow","max-snippet":"max-snippet:-1","max-image-preview":"max-image-preview:large","max-video-preview":"max-video-preview:-1"},"canonical":"https:\/\/kibrisdakik.com\/?p=6870","og_locale":"tr_TR","og_type":"article","og_title":"\u201cGirne Emek\u00e7i Kad\u0131n Kooperatifi\u2019nin  kurulu\u015f amac\u0131 kad\u0131n \u00fcretiminin ekonomik de\u011fere d\u00f6n\u00fc\u015ft\u00fcr\u00fclmesi\u201d -","og_description":"Toplumumuzun yar\u0131s\u0131n\u0131 olu\u015fturan kad\u0131nlar\u0131n,\u00fcretimden ekonomiye , siyasetten, toplumsal ya\u015fama her alanda ilerlemesi, daha iyi noktalara gelmesi i\u00e7in \u00fclkemizde \u00f6zellikle son y\u0131llarda ciddi u\u011fra\u015flar veriliyor, bu ama\u00e7la bir \u00e7ok sivil toplum \u00f6rg\u00fct\u00fc ve kooperatif hayata ge\u00e7iyor. Girne\u2019de bu amaca hizmet etmek amac\u0131yla yeni bir kooperatif hayata ge\u00e7ti. 14 kurucu \u00fcye ile 10 Nisan\u2019da faaliyetlerine ba\u015flayan Girne","og_url":"https:\/\/kibrisdakik.com\/?p=6870","article_published_time":"2023-05-14T10:48:26+00:00","og_image":[{"width":1280,"height":720,"url":"https:\/\/kibrisdakik.com\/wp-content\/uploads\/2023\/05\/vlcsnap-2023-05-14-12h47m19s569-740x420.png","type":"image\/png"}],"author":"admin","twitter_card":"summary_large_image","twitter_misc":{"Yazan:":"admin","Tahmini okuma s\u00fcresi":"3 dakika"},"schema":{"@context":"https:\/\/schema.org","@graph":[{"@type":"Article","@id":"https:\/\/kibrisdakik.com\/?p=6870#article","isPartOf":{"@id":"https:\/\/kibrisdakik.com\/?p=6870"},"author":{"name":"admin","@id":"https:\/\/kibrisdakik.com\/#\/schema\/person\/9cd9d437bbb44f72b73ba127e06d8e79"},"headline":"\u201cGirne Emek\u00e7i Kad\u0131n Kooperatifi\u2019nin kurulu\u015f amac\u0131 kad\u0131n \u00fcretiminin ekonomik de\u011fere d\u00f6n\u00fc\u015ft\u00fcr\u00fclmesi\u201d","datePublished":"2023-05-14T10:48:26+00:00","mainEntityOfPage":{"@id":"https:\/\/kibrisdakik.com\/?p=6870"},"wordCount":573,"commentCount":0,"image":{"@id":"https:\/\/kibrisdakik.com\/?p=6870#primaryimage"},"thumbnailUrl":"https:\/\/kibrisdakik.com\/wp-content\/uploads\/2023\/05\/vlcsnap-2023-05-14-12h47m19s569-740x420.png","articleSection":["G\u00fcndem"],"inLanguage":"tr","potentialAction":[{"@type":"CommentAction","name":"Comment","target":["https:\/\/kibrisdakik.com\/?p=6870#respond"]}]},{"@type":"WebPage","@id":"https:\/\/kibrisdakik.com\/?p=6870","url":"https:\/\/kibrisdakik.com\/?p=6870","name":"\u201cGirne Emek\u00e7i Kad\u0131n Kooperatifi\u2019nin kurulu\u015f amac\u0131 kad\u0131n \u00fcretiminin ekonomik de\u011fere d\u00f6n\u00fc\u015ft\u00fcr\u00fclmesi\u201d -","isPartOf":{"@id":"https:\/\/kibrisdakik.com\/#website"},"primaryImageOfPage":{"@id":"https:\/\/kibrisdakik.com\/?p=6870#primaryimage"},"image":{"@id":"https:\/\/kibrisdakik.com\/?p=6870#primaryimage"},"thumbnailUrl":"https:\/\/kibrisdakik.com\/wp-content\/uploads\/2023\/05\/vlcsnap-2023-05-14-12h47m19s569-740x420.png","datePublished":"2023-05-14T10:48:26+00:00","author":{"@id":"https:\/\/kibrisdakik.com\/#\/schema\/person\/9cd9d437bbb44f72b73ba127e06d8e79"},"breadcrumb":{"@id":"https:\/\/kibrisdakik.com\/?p=6870#breadcrumb"},"inLanguage":"tr","potentialAction":[{"@type":"ReadAction","target":["https:\/\/kibrisdakik.com\/?p=6870"]}]},{"@type":"ImageObject","inLanguage":"tr","@id":"https:\/\/kibrisdakik.com\/?p=6870#primaryimage","url":"https:\/\/kibrisdakik.com\/wp-content\/uploads\/2023\/05\/vlcsnap-2023-05-14-12h47m19s569-740x420.png","contentUrl":"https:\/\/kibrisdakik.com\/wp-content\/uploads\/2023\/05\/vlcsnap-2023-05-14-12h47m19s569-740x420.png","width":1280,"height":720},{"@type":"BreadcrumbList","@id":"https:\/\/kibrisdakik.com\/?p=6870#breadcrumb","itemListElement":[{"@type":"ListItem","position":1,"name":"Home","item":"https:\/\/kibrisdakik.com\/"},{"@type":"ListItem","position":2,"name":"\u201cGirne Emek\u00e7i Kad\u0131n Kooperatifi\u2019nin kurulu\u015f amac\u0131 kad\u0131n \u00fcretiminin ekonomik de\u011fere d\u00f6n\u00fc\u015ft\u00fcr\u00fclmesi\u201d"}]},{"@type":"WebSite","@id":"https:\/\/kibrisdakik.com\/#website","url":"https:\/\/kibrisdakik.com\/","name":"","description":"Tam vaktinde haber","potentialAction":[{"@type":"SearchAction","target":{"@type":"EntryPoint","urlTemplate":"https:\/\/kibrisdakik.com\/?s={search_term_string}"},"query-input":{"@type":"PropertyValueSpecification","valueRequired":true,"valueName":"search_term_string"}}],"inLanguage":"tr"},{"@type":"Person","@id":"https:\/\/kibrisdakik.com\/#\/schema\/person\/9cd9d437bbb44f72b73ba127e06d8e79","name":"admin","image":{"@type":"ImageObject","inLanguage":"tr","@id":"https:\/\/secure.gravatar.com\/avatar\/ccc17943b9d660506c869530f897617f7cb1c21a4bf30023f252596d83e1f007?s=96&d=mm&r=g","url":"https:\/\/secure.gravatar.com\/avatar\/ccc17943b9d660506c869530f897617f7cb1c21a4bf30023f252596d83e1f007?s=96&d=mm&r=g","contentUrl":"https:\/\/secure.gravatar.com\/avatar\/ccc17943b9d660506c869530f897617f7cb1c21a4bf30023f252596d83e1f007?s=96&d=mm&r=g","caption":"admin"},"sameAs":["https:\/\/kibrisdakik.com"],"url":"https:\/\/kibrisdakik.com\/?author=1"}]}},"_links":{"self":[{"href":"https:\/\/kibrisdakik.com\/index.php?rest_route=\/wp\/v2\/posts\/6870","targetHints":{"allow":["GET"]}}],"collection":[{"href":"https:\/\/kibrisdakik.com\/index.php?rest_route=\/wp\/v2\/posts"}],"about":[{"href":"https:\/\/kibrisdakik.com\/index.php?rest_route=\/wp\/v2\/types\/post"}],"author":[{"embeddable":true,"href":"https:\/\/kibrisdakik.com\/index.php?rest_route=\/wp\/v2\/users\/1"}],"replies":[{"embeddable":true,"href":"https:\/\/kibrisdakik.com\/index.php?rest_route=%2Fwp%2Fv2%2Fcomments&post=6870"}],"version-history":[{"count":0,"href":"https:\/\/kibrisdakik.com\/index.php?rest_route=\/wp\/v2\/posts\/6870\/revisions"}],"wp:featuredmedia":[{"embeddable":true,"href":"https:\/\/kibrisdakik.com\/index.php?rest_route=\/wp\/v2\/media\/6871"}],"wp:attachment":[{"href":"https:\/\/kibrisdakik.com\/index.php?rest_route=%2Fwp%2Fv2%2Fmedia&parent=6870"}],"wp:term":[{"taxonomy":"category","embeddable":true,"href":"https:\/\/kibrisdakik.com\/index.php?rest_route=%2Fwp%2Fv2%2Fcategories&post=6870"},{"taxonomy":"post_tag","embeddable":true,"href":"https:\/\/kibrisdakik.com\/index.php?rest_route=%2Fwp%2Fv2%2Ftags&post=6870"}],"curies":[{"name":"wp","href":"https:\/\/api.w.org\/{rel}","templated":true}]}}