{"id":68719,"date":"2024-11-10T11:44:59","date_gmt":"2024-11-10T08:44:59","guid":{"rendered":"https:\/\/kibrisdakik.com\/index.php\/2024\/11\/10\/cumhurbaskani-tatar-ataturkun-olum-yil-donumu-nedeniyle-mesaj-yayimladi\/"},"modified":"2024-11-10T11:44:59","modified_gmt":"2024-11-10T08:44:59","slug":"cumhurbaskani-tatar-ataturkun-olum-yil-donumu-nedeniyle-mesaj-yayimladi","status":"publish","type":"post","link":"https:\/\/kibrisdakik.com\/?p=68719","title":{"rendered":"Cumhurba\u015fkan\u0131 Tatar Atat\u00fcrk\u2019\u00fcn \u00f6l\u00fcm y\u0131l d\u00f6n\u00fcm\u00fc nedeniyle mesaj yay\u0131mlad\u0131"},"content":{"rendered":"<div>\n<div class=\"mariselle-image-container center\">\n                                            <\/div>\n<p>Cumhurba\u015fkan\u0131 Ersin Tatar, Ulu \u00d6nder Mustafa Kemal Atat\u00fcrk\u2019\u00fcn ebediyete intikalinin 86. y\u0131l\u0131 nedeniyle mesaj yay\u0131mlad\u0131.<\/p>\n<p>Cumhurba\u015fkan\u0131 Tatar, mesaj\u0131nda K\u0131br\u0131s T\u00fcrk halk\u0131n\u0131n Atat\u00fcrk\u2019\u00fcn ilke ve ink\u0131laplar\u0131n\u0131 kendine rehber edindi\u011fini belirterek, T\u00fcrkiye Cumhuriyeti\u2019nin deste\u011fi ile varolu\u015f ve \u00f6zg\u00fcrl\u00fck m\u00fccadelesini kazanarak kendi devletini kurdu\u011funu ifade etti.<\/p>\n<p>Cumhurba\u015fkan\u0131 Tatar, yay\u0131mlad\u0131\u011f\u0131 yaz\u0131l\u0131 mesaj\u0131nda \u015fu ifadeleri kulland\u0131:<\/p>\n<p>\u201cMustafa Kemal Atat\u00fcrk, 20. y\u00fczy\u0131l\u0131n en b\u00fcy\u00fck komutanlar\u0131ndan biri olarak, emperyalist g\u00fc\u00e7lerin boyunduru\u011fundan kurtulmak isteyen bir milleti, ba\u011f\u0131ms\u0131zl\u0131k m\u00fccadelesine liderlik ederek aya\u011fa kald\u0131rm\u0131\u015f; Kurtulu\u015f Sava\u015f\u0131\u2019yla d\u00fc\u015fman\u0131 ma\u011flup edip g\u00fc\u00e7l\u00fc bir devletin temelini atm\u0131\u015ft\u0131r. Atat\u00fcrk, yaln\u0131zca T\u00fcrkiye\u2019yi de\u011fil, ayn\u0131 zamanda di\u011fer mazlum milletleri de harekete ge\u00e7irerek ba\u011f\u0131ms\u0131zl\u0131k m\u00fccadelesi vermeleri i\u00e7in ilham kayna\u011f\u0131 olmu\u015ftur.<\/p>\n<p>B\u00fcy\u00fck \u00d6nder Mustafa Kemal Atat\u00fcrk\u2019\u00fcn g\u00f6sterdi\u011fi yoldan asla ayr\u0131lmayacak olan halk\u0131m\u0131z, egemenlik, ba\u011f\u0131ms\u0131zl\u0131k ve g\u00fcvenli\u011finden taviz vermeyecek; Kuzey K\u0131br\u0131s T\u00fcrk Cumhuriyeti Devleti\u2019ne sahip \u00e7\u0131kmaya devam edecektir<\/p>\n<p>Bu duygu ve d\u00fc\u015f\u00fcncelerle, T\u00fcrkiye Cumhuriyeti\u2019nin kurucusu Gazi Mustafa Kemal Atat\u00fcrk\u2019\u00fc aram\u0131zdan ayr\u0131l\u0131\u015f\u0131n\u0131n 86. y\u0131l\u0131nda sevgi, sayg\u0131 ve rahmetle an\u0131yorum. Ruhu \u015fad olsun.\u201d<\/p>\n<\/p><\/div>\n<p><script async\n                    defer\n                    crossorigin=\"anonymous\"\n                    src=\"https:\/\/connect.facebook.net\/tr_TR\/sdk.js#xfbml=1&#038;version=v3.3\"\n            ><\/script><\/p>\n","protected":false},"excerpt":{"rendered":"<p>Cumhurba\u015fkan\u0131 Ersin Tatar, Ulu \u00d6nder Mustafa Kemal Atat\u00fcrk\u2019\u00fcn ebediyete intikalinin 86. y\u0131l\u0131 nedeniyle mesaj yay\u0131mlad\u0131. Cumhurba\u015fkan\u0131 Tatar, mesaj\u0131nda K\u0131br\u0131s T\u00fcrk halk\u0131n\u0131n Atat\u00fcrk\u2019\u00fcn ilke ve ink\u0131laplar\u0131n\u0131 kendine rehber edindi\u011fini belirterek, T\u00fcrkiye Cumhuriyeti\u2019nin deste\u011fi ile varolu\u015f ve \u00f6zg\u00fcrl\u00fck m\u00fccadelesini kazanarak kendi devletini kurdu\u011funu ifade etti. Cumhurba\u015fkan\u0131 Tatar, yay\u0131mlad\u0131\u011f\u0131 yaz\u0131l\u0131 mesaj\u0131nda \u015fu ifadeleri kulland\u0131: \u201cMustafa Kemal Atat\u00fcrk, 20.<\/p>\n","protected":false},"author":1,"featured_media":68720,"comment_status":"open","ping_status":"open","sticky":false,"template":"","format":"standard","meta":{"footnotes":""},"categories":[81],"tags":[],"class_list":["post-68719","post","type-post","status-publish","format-standard","has-post-thumbnail","hentry","category-kibris"],"yoast_head":"<!-- This site is optimized with the Yoast SEO plugin v27.5 - https:\/\/yoast.com\/product\/yoast-seo-wordpress\/ -->\n<title>Cumhurba\u015fkan\u0131 Tatar Atat\u00fcrk\u2019\u00fcn \u00f6l\u00fcm y\u0131l d\u00f6n\u00fcm\u00fc nedeniyle mesaj yay\u0131mlad\u0131 -<\/title>\n<meta name=\"robots\" content=\"index, follow, max-snippet:-1, max-image-preview:large, max-video-preview:-1\" \/>\n<link rel=\"canonical\" href=\"https:\/\/kibrisdakik.com\/?p=68719\" \/>\n<meta property=\"og:locale\" content=\"tr_TR\" \/>\n<meta property=\"og:type\" content=\"article\" \/>\n<meta property=\"og:title\" content=\"Cumhurba\u015fkan\u0131 Tatar Atat\u00fcrk\u2019\u00fcn \u00f6l\u00fcm y\u0131l d\u00f6n\u00fcm\u00fc nedeniyle mesaj yay\u0131mlad\u0131 -\" \/>\n<meta property=\"og:description\" content=\"Cumhurba\u015fkan\u0131 Ersin Tatar, Ulu \u00d6nder Mustafa Kemal Atat\u00fcrk\u2019\u00fcn ebediyete intikalinin 86. y\u0131l\u0131 nedeniyle mesaj yay\u0131mlad\u0131. Cumhurba\u015fkan\u0131 Tatar, mesaj\u0131nda K\u0131br\u0131s T\u00fcrk halk\u0131n\u0131n Atat\u00fcrk\u2019\u00fcn ilke ve ink\u0131laplar\u0131n\u0131 kendine rehber edindi\u011fini belirterek, T\u00fcrkiye Cumhuriyeti\u2019nin deste\u011fi ile varolu\u015f ve \u00f6zg\u00fcrl\u00fck m\u00fccadelesini kazanarak kendi devletini kurdu\u011funu ifade etti. Cumhurba\u015fkan\u0131 Tatar, yay\u0131mlad\u0131\u011f\u0131 yaz\u0131l\u0131 mesaj\u0131nda \u015fu ifadeleri kulland\u0131: \u201cMustafa Kemal Atat\u00fcrk, 20.\" \/>\n<meta property=\"og:url\" content=\"https:\/\/kibrisdakik.com\/?p=68719\" \/>\n<meta property=\"article:published_time\" content=\"2024-11-10T08:44:59+00:00\" \/>\n<meta property=\"og:image\" content=\"https:\/\/kibrisdakik.com\/wp-content\/uploads\/2024\/11\/cb-tatar12-740x420.jpg\" \/>\n\t<meta property=\"og:image:width\" content=\"2048\" \/>\n\t<meta property=\"og:image:height\" content=\"1365\" \/>\n\t<meta property=\"og:image:type\" content=\"image\/jpeg\" \/>\n<meta name=\"author\" content=\"admin\" \/>\n<meta name=\"twitter:card\" content=\"summary_large_image\" \/>\n<meta name=\"twitter:label1\" content=\"Yazan:\" \/>\n\t<meta name=\"twitter:data1\" content=\"admin\" \/>\n\t<meta name=\"twitter:label2\" content=\"Tahmini okuma s\u00fcresi\" \/>\n\t<meta name=\"twitter:data2\" content=\"1 dakika\" \/>\n<script type=\"application\/ld+json\" class=\"yoast-schema-graph\">{\"@context\":\"https:\\\/\\\/schema.org\",\"@graph\":[{\"@type\":\"Article\",\"@id\":\"https:\\\/\\\/kibrisdakik.com\\\/?p=68719#article\",\"isPartOf\":{\"@id\":\"https:\\\/\\\/kibrisdakik.com\\\/?p=68719\"},\"author\":{\"name\":\"admin\",\"@id\":\"https:\\\/\\\/kibrisdakik.com\\\/#\\\/schema\\\/person\\\/9cd9d437bbb44f72b73ba127e06d8e79\"},\"headline\":\"Cumhurba\u015fkan\u0131 Tatar Atat\u00fcrk\u2019\u00fcn \u00f6l\u00fcm y\u0131l d\u00f6n\u00fcm\u00fc nedeniyle mesaj yay\u0131mlad\u0131\",\"datePublished\":\"2024-11-10T08:44:59+00:00\",\"mainEntityOfPage\":{\"@id\":\"https:\\\/\\\/kibrisdakik.com\\\/?p=68719\"},\"wordCount\":257,\"commentCount\":0,\"image\":{\"@id\":\"https:\\\/\\\/kibrisdakik.com\\\/?p=68719#primaryimage\"},\"thumbnailUrl\":\"https:\\\/\\\/kibrisdakik.com\\\/wp-content\\\/uploads\\\/2024\\\/11\\\/cb-tatar12-740x420.jpg\",\"articleSection\":[\"K\u0131br\u0131s\"],\"inLanguage\":\"tr\",\"potentialAction\":[{\"@type\":\"CommentAction\",\"name\":\"Comment\",\"target\":[\"https:\\\/\\\/kibrisdakik.com\\\/?p=68719#respond\"]}]},{\"@type\":\"WebPage\",\"@id\":\"https:\\\/\\\/kibrisdakik.com\\\/?p=68719\",\"url\":\"https:\\\/\\\/kibrisdakik.com\\\/?p=68719\",\"name\":\"Cumhurba\u015fkan\u0131 Tatar Atat\u00fcrk\u2019\u00fcn \u00f6l\u00fcm y\u0131l d\u00f6n\u00fcm\u00fc nedeniyle mesaj yay\u0131mlad\u0131 -\",\"isPartOf\":{\"@id\":\"https:\\\/\\\/kibrisdakik.com\\\/#website\"},\"primaryImageOfPage\":{\"@id\":\"https:\\\/\\\/kibrisdakik.com\\\/?p=68719#primaryimage\"},\"image\":{\"@id\":\"https:\\\/\\\/kibrisdakik.com\\\/?p=68719#primaryimage\"},\"thumbnailUrl\":\"https:\\\/\\\/kibrisdakik.com\\\/wp-content\\\/uploads\\\/2024\\\/11\\\/cb-tatar12-740x420.jpg\",\"datePublished\":\"2024-11-10T08:44:59+00:00\",\"author\":{\"@id\":\"https:\\\/\\\/kibrisdakik.com\\\/#\\\/schema\\\/person\\\/9cd9d437bbb44f72b73ba127e06d8e79\"},\"breadcrumb\":{\"@id\":\"https:\\\/\\\/kibrisdakik.com\\\/?p=68719#breadcrumb\"},\"inLanguage\":\"tr\",\"potentialAction\":[{\"@type\":\"ReadAction\",\"target\":[\"https:\\\/\\\/kibrisdakik.com\\\/?p=68719\"]}]},{\"@type\":\"ImageObject\",\"inLanguage\":\"tr\",\"@id\":\"https:\\\/\\\/kibrisdakik.com\\\/?p=68719#primaryimage\",\"url\":\"https:\\\/\\\/kibrisdakik.com\\\/wp-content\\\/uploads\\\/2024\\\/11\\\/cb-tatar12-740x420.jpg\",\"contentUrl\":\"https:\\\/\\\/kibrisdakik.com\\\/wp-content\\\/uploads\\\/2024\\\/11\\\/cb-tatar12-740x420.jpg\",\"width\":2048,\"height\":1365},{\"@type\":\"BreadcrumbList\",\"@id\":\"https:\\\/\\\/kibrisdakik.com\\\/?p=68719#breadcrumb\",\"itemListElement\":[{\"@type\":\"ListItem\",\"position\":1,\"name\":\"Home\",\"item\":\"https:\\\/\\\/kibrisdakik.com\\\/\"},{\"@type\":\"ListItem\",\"position\":2,\"name\":\"Cumhurba\u015fkan\u0131 Tatar Atat\u00fcrk\u2019\u00fcn \u00f6l\u00fcm y\u0131l d\u00f6n\u00fcm\u00fc nedeniyle mesaj yay\u0131mlad\u0131\"}]},{\"@type\":\"WebSite\",\"@id\":\"https:\\\/\\\/kibrisdakik.com\\\/#website\",\"url\":\"https:\\\/\\\/kibrisdakik.com\\\/\",\"name\":\"\",\"description\":\"Tam vaktinde haber\",\"potentialAction\":[{\"@type\":\"SearchAction\",\"target\":{\"@type\":\"EntryPoint\",\"urlTemplate\":\"https:\\\/\\\/kibrisdakik.com\\\/?s={search_term_string}\"},\"query-input\":{\"@type\":\"PropertyValueSpecification\",\"valueRequired\":true,\"valueName\":\"search_term_string\"}}],\"inLanguage\":\"tr\"},{\"@type\":\"Person\",\"@id\":\"https:\\\/\\\/kibrisdakik.com\\\/#\\\/schema\\\/person\\\/9cd9d437bbb44f72b73ba127e06d8e79\",\"name\":\"admin\",\"image\":{\"@type\":\"ImageObject\",\"inLanguage\":\"tr\",\"@id\":\"https:\\\/\\\/secure.gravatar.com\\\/avatar\\\/ccc17943b9d660506c869530f897617f7cb1c21a4bf30023f252596d83e1f007?s=96&d=mm&r=g\",\"url\":\"https:\\\/\\\/secure.gravatar.com\\\/avatar\\\/ccc17943b9d660506c869530f897617f7cb1c21a4bf30023f252596d83e1f007?s=96&d=mm&r=g\",\"contentUrl\":\"https:\\\/\\\/secure.gravatar.com\\\/avatar\\\/ccc17943b9d660506c869530f897617f7cb1c21a4bf30023f252596d83e1f007?s=96&d=mm&r=g\",\"caption\":\"admin\"},\"sameAs\":[\"https:\\\/\\\/kibrisdakik.com\"],\"url\":\"https:\\\/\\\/kibrisdakik.com\\\/?author=1\"}]}<\/script>\n<!-- \/ Yoast SEO plugin. -->","yoast_head_json":{"title":"Cumhurba\u015fkan\u0131 Tatar Atat\u00fcrk\u2019\u00fcn \u00f6l\u00fcm y\u0131l d\u00f6n\u00fcm\u00fc nedeniyle mesaj yay\u0131mlad\u0131 -","robots":{"index":"index","follow":"follow","max-snippet":"max-snippet:-1","max-image-preview":"max-image-preview:large","max-video-preview":"max-video-preview:-1"},"canonical":"https:\/\/kibrisdakik.com\/?p=68719","og_locale":"tr_TR","og_type":"article","og_title":"Cumhurba\u015fkan\u0131 Tatar Atat\u00fcrk\u2019\u00fcn \u00f6l\u00fcm y\u0131l d\u00f6n\u00fcm\u00fc nedeniyle mesaj yay\u0131mlad\u0131 -","og_description":"Cumhurba\u015fkan\u0131 Ersin Tatar, Ulu \u00d6nder Mustafa Kemal Atat\u00fcrk\u2019\u00fcn ebediyete intikalinin 86. y\u0131l\u0131 nedeniyle mesaj yay\u0131mlad\u0131. Cumhurba\u015fkan\u0131 Tatar, mesaj\u0131nda K\u0131br\u0131s T\u00fcrk halk\u0131n\u0131n Atat\u00fcrk\u2019\u00fcn ilke ve ink\u0131laplar\u0131n\u0131 kendine rehber edindi\u011fini belirterek, T\u00fcrkiye Cumhuriyeti\u2019nin deste\u011fi ile varolu\u015f ve \u00f6zg\u00fcrl\u00fck m\u00fccadelesini kazanarak kendi devletini kurdu\u011funu ifade etti. Cumhurba\u015fkan\u0131 Tatar, yay\u0131mlad\u0131\u011f\u0131 yaz\u0131l\u0131 mesaj\u0131nda \u015fu ifadeleri kulland\u0131: \u201cMustafa Kemal Atat\u00fcrk, 20.","og_url":"https:\/\/kibrisdakik.com\/?p=68719","article_published_time":"2024-11-10T08:44:59+00:00","og_image":[{"width":2048,"height":1365,"url":"https:\/\/kibrisdakik.com\/wp-content\/uploads\/2024\/11\/cb-tatar12-740x420.jpg","type":"image\/jpeg"}],"author":"admin","twitter_card":"summary_large_image","twitter_misc":{"Yazan:":"admin","Tahmini okuma s\u00fcresi":"1 dakika"},"schema":{"@context":"https:\/\/schema.org","@graph":[{"@type":"Article","@id":"https:\/\/kibrisdakik.com\/?p=68719#article","isPartOf":{"@id":"https:\/\/kibrisdakik.com\/?p=68719"},"author":{"name":"admin","@id":"https:\/\/kibrisdakik.com\/#\/schema\/person\/9cd9d437bbb44f72b73ba127e06d8e79"},"headline":"Cumhurba\u015fkan\u0131 Tatar Atat\u00fcrk\u2019\u00fcn \u00f6l\u00fcm y\u0131l d\u00f6n\u00fcm\u00fc nedeniyle mesaj yay\u0131mlad\u0131","datePublished":"2024-11-10T08:44:59+00:00","mainEntityOfPage":{"@id":"https:\/\/kibrisdakik.com\/?p=68719"},"wordCount":257,"commentCount":0,"image":{"@id":"https:\/\/kibrisdakik.com\/?p=68719#primaryimage"},"thumbnailUrl":"https:\/\/kibrisdakik.com\/wp-content\/uploads\/2024\/11\/cb-tatar12-740x420.jpg","articleSection":["K\u0131br\u0131s"],"inLanguage":"tr","potentialAction":[{"@type":"CommentAction","name":"Comment","target":["https:\/\/kibrisdakik.com\/?p=68719#respond"]}]},{"@type":"WebPage","@id":"https:\/\/kibrisdakik.com\/?p=68719","url":"https:\/\/kibrisdakik.com\/?p=68719","name":"Cumhurba\u015fkan\u0131 Tatar Atat\u00fcrk\u2019\u00fcn \u00f6l\u00fcm y\u0131l d\u00f6n\u00fcm\u00fc nedeniyle mesaj yay\u0131mlad\u0131 -","isPartOf":{"@id":"https:\/\/kibrisdakik.com\/#website"},"primaryImageOfPage":{"@id":"https:\/\/kibrisdakik.com\/?p=68719#primaryimage"},"image":{"@id":"https:\/\/kibrisdakik.com\/?p=68719#primaryimage"},"thumbnailUrl":"https:\/\/kibrisdakik.com\/wp-content\/uploads\/2024\/11\/cb-tatar12-740x420.jpg","datePublished":"2024-11-10T08:44:59+00:00","author":{"@id":"https:\/\/kibrisdakik.com\/#\/schema\/person\/9cd9d437bbb44f72b73ba127e06d8e79"},"breadcrumb":{"@id":"https:\/\/kibrisdakik.com\/?p=68719#breadcrumb"},"inLanguage":"tr","potentialAction":[{"@type":"ReadAction","target":["https:\/\/kibrisdakik.com\/?p=68719"]}]},{"@type":"ImageObject","inLanguage":"tr","@id":"https:\/\/kibrisdakik.com\/?p=68719#primaryimage","url":"https:\/\/kibrisdakik.com\/wp-content\/uploads\/2024\/11\/cb-tatar12-740x420.jpg","contentUrl":"https:\/\/kibrisdakik.com\/wp-content\/uploads\/2024\/11\/cb-tatar12-740x420.jpg","width":2048,"height":1365},{"@type":"BreadcrumbList","@id":"https:\/\/kibrisdakik.com\/?p=68719#breadcrumb","itemListElement":[{"@type":"ListItem","position":1,"name":"Home","item":"https:\/\/kibrisdakik.com\/"},{"@type":"ListItem","position":2,"name":"Cumhurba\u015fkan\u0131 Tatar Atat\u00fcrk\u2019\u00fcn \u00f6l\u00fcm y\u0131l d\u00f6n\u00fcm\u00fc nedeniyle mesaj yay\u0131mlad\u0131"}]},{"@type":"WebSite","@id":"https:\/\/kibrisdakik.com\/#website","url":"https:\/\/kibrisdakik.com\/","name":"","description":"Tam vaktinde haber","potentialAction":[{"@type":"SearchAction","target":{"@type":"EntryPoint","urlTemplate":"https:\/\/kibrisdakik.com\/?s={search_term_string}"},"query-input":{"@type":"PropertyValueSpecification","valueRequired":true,"valueName":"search_term_string"}}],"inLanguage":"tr"},{"@type":"Person","@id":"https:\/\/kibrisdakik.com\/#\/schema\/person\/9cd9d437bbb44f72b73ba127e06d8e79","name":"admin","image":{"@type":"ImageObject","inLanguage":"tr","@id":"https:\/\/secure.gravatar.com\/avatar\/ccc17943b9d660506c869530f897617f7cb1c21a4bf30023f252596d83e1f007?s=96&d=mm&r=g","url":"https:\/\/secure.gravatar.com\/avatar\/ccc17943b9d660506c869530f897617f7cb1c21a4bf30023f252596d83e1f007?s=96&d=mm&r=g","contentUrl":"https:\/\/secure.gravatar.com\/avatar\/ccc17943b9d660506c869530f897617f7cb1c21a4bf30023f252596d83e1f007?s=96&d=mm&r=g","caption":"admin"},"sameAs":["https:\/\/kibrisdakik.com"],"url":"https:\/\/kibrisdakik.com\/?author=1"}]}},"_links":{"self":[{"href":"https:\/\/kibrisdakik.com\/index.php?rest_route=\/wp\/v2\/posts\/68719","targetHints":{"allow":["GET"]}}],"collection":[{"href":"https:\/\/kibrisdakik.com\/index.php?rest_route=\/wp\/v2\/posts"}],"about":[{"href":"https:\/\/kibrisdakik.com\/index.php?rest_route=\/wp\/v2\/types\/post"}],"author":[{"embeddable":true,"href":"https:\/\/kibrisdakik.com\/index.php?rest_route=\/wp\/v2\/users\/1"}],"replies":[{"embeddable":true,"href":"https:\/\/kibrisdakik.com\/index.php?rest_route=%2Fwp%2Fv2%2Fcomments&post=68719"}],"version-history":[{"count":0,"href":"https:\/\/kibrisdakik.com\/index.php?rest_route=\/wp\/v2\/posts\/68719\/revisions"}],"wp:featuredmedia":[{"embeddable":true,"href":"https:\/\/kibrisdakik.com\/index.php?rest_route=\/wp\/v2\/media\/68720"}],"wp:attachment":[{"href":"https:\/\/kibrisdakik.com\/index.php?rest_route=%2Fwp%2Fv2%2Fmedia&parent=68719"}],"wp:term":[{"taxonomy":"category","embeddable":true,"href":"https:\/\/kibrisdakik.com\/index.php?rest_route=%2Fwp%2Fv2%2Fcategories&post=68719"},{"taxonomy":"post_tag","embeddable":true,"href":"https:\/\/kibrisdakik.com\/index.php?rest_route=%2Fwp%2Fv2%2Ftags&post=68719"}],"curies":[{"name":"wp","href":"https:\/\/api.w.org\/{rel}","templated":true}]}}