{"id":68728,"date":"2024-11-10T12:59:34","date_gmt":"2024-11-10T09:59:34","guid":{"rendered":"https:\/\/kibrisdakik.com\/index.php\/2024\/11\/10\/meteoroloji-dairesinden-denizde-firtina-ve-kuvvetli-yagis-uyarisi\/"},"modified":"2024-11-10T12:59:34","modified_gmt":"2024-11-10T09:59:34","slug":"meteoroloji-dairesinden-denizde-firtina-ve-kuvvetli-yagis-uyarisi","status":"publish","type":"post","link":"https:\/\/kibrisdakik.com\/?p=68728","title":{"rendered":"Meteoroloji Dairesi\u2019nden denizde f\u0131rt\u0131na ve kuvvetli ya\u011f\u0131\u015f uyar\u0131s\u0131\u2026"},"content":{"rendered":"<div>\n<div class=\"mariselle-image-container center\">\n                                            <\/div>\n<p>\nMeteoroloji Dairesi bug\u00fcn i\u00e7in denizde f\u0131rt\u0131na ve kuvvetli ya\u011f\u0131\u015f uyar\u0131s\u0131nda bulundu.<\/p>\n<p>Daire b\u00f6lge denizlerinden Taurus\u2019ta kuzey ve do\u011fu y\u00f6nlerden \u201c7\u201d kuvvetinde \u201cf\u0131rt\u0131nams\u0131 r\u00fczgar\u201d \u015feklinde esen r\u00fczgar\u0131n zamanla kuvvetlenerek \u201c8\u201d kuvvetinde ve \u201cf\u0131rt\u0131na\u201d \u015feklinde devam etmesinin beklendi\u011fini duyurdu.<\/p>\n<p>Meteoroloji Dairesi taraf\u0131ndan yap\u0131lan yaz\u0131l\u0131 a\u00e7\u0131klamada sabah 5.00\u2019te ba\u015flayan r\u00fczgar\u0131n 14.00\u2019e kadar s\u00fcrece\u011fi \u00f6ng\u00f6r\u00fcs\u00fcnde bulunuldu.<\/p>\n<p>\u201cKuvvetli ya\u011f\u0131\u015f\u201d uyar\u0131s\u0131 da yapan Meteoroloji Dairesi\u2019ne g\u00f6re bug\u00fcn 10.00 ile yar\u0131n sabah saat 05.00\u2019e kadar b\u00f6lgede sa\u011fanak ve g\u00f6k g\u00fcr\u00fclt\u00fcl\u00fc sa\u011fanak ya\u011f\u0131\u015f bekleniyor.<\/p>\n<p>Ya\u011f\u0131\u015f\u0131n, zaman zaman kuvvetli (21-50 kg\/m\u00b2) yer yer \u00e7ok kuvvetli (51-75 kg\/m\u00b2) olmas\u0131 beklendi\u011finden ya\u015fanabilecek sel, ta\u015fk\u0131n, dolu ya\u011f\u0131\u015f\u0131, y\u0131ld\u0131r\u0131m d\u00fc\u015fmesi, ya\u011f\u0131\u015f an\u0131nda kuvvetli r\u00fczgar ve benzeri olumsuzluklara kar\u015f\u0131 yetkililerin ve vatanda\u015flar\u0131n tedbirli olmalar\u0131 istendi.<\/p>\n<p>\u00d6nceden bug\u00fcn i\u00e7in sar\u0131 alarm uyar\u0131s\u0131nda bulunulan G\u00fcney K\u0131br\u0131s\u2019ta da alarm seviyesi y\u00fckseltilerek turuncu alarmla ge\u00e7ildi, \u015fiddetli g\u00f6k g\u00fcr\u00fclt\u00fcl\u00fc sa\u011fanak ya\u011f\u0131\u015f uyar\u0131s\u0131 yap\u0131ld\u0131.<\/p>\n<\/p><\/div>\n<p><script async\n                    defer\n                    crossorigin=\"anonymous\"\n                    src=\"https:\/\/connect.facebook.net\/tr_TR\/sdk.js#xfbml=1&#038;version=v3.3\"\n            ><\/script><\/p>\n","protected":false},"excerpt":{"rendered":"<p>Meteoroloji Dairesi bug\u00fcn i\u00e7in denizde f\u0131rt\u0131na ve kuvvetli ya\u011f\u0131\u015f uyar\u0131s\u0131nda bulundu. Daire b\u00f6lge denizlerinden Taurus\u2019ta kuzey ve do\u011fu y\u00f6nlerden \u201c7\u201d kuvvetinde \u201cf\u0131rt\u0131nams\u0131 r\u00fczgar\u201d \u015feklinde esen r\u00fczgar\u0131n zamanla kuvvetlenerek \u201c8\u201d kuvvetinde ve \u201cf\u0131rt\u0131na\u201d \u015feklinde devam etmesinin beklendi\u011fini duyurdu. Meteoroloji Dairesi taraf\u0131ndan yap\u0131lan yaz\u0131l\u0131 a\u00e7\u0131klamada sabah 5.00\u2019te ba\u015flayan r\u00fczgar\u0131n 14.00\u2019e kadar s\u00fcrece\u011fi \u00f6ng\u00f6r\u00fcs\u00fcnde bulunuldu. \u201cKuvvetli ya\u011f\u0131\u015f\u201d uyar\u0131s\u0131<\/p>\n","protected":false},"author":1,"featured_media":68729,"comment_status":"open","ping_status":"open","sticky":false,"template":"","format":"standard","meta":{"footnotes":""},"categories":[81],"tags":[],"class_list":["post-68728","post","type-post","status-publish","format-standard","has-post-thumbnail","hentry","category-kibris"],"yoast_head":"<!-- This site is optimized with the Yoast SEO plugin v27.5 - https:\/\/yoast.com\/product\/yoast-seo-wordpress\/ -->\n<title>Meteoroloji Dairesi\u2019nden denizde f\u0131rt\u0131na ve kuvvetli ya\u011f\u0131\u015f uyar\u0131s\u0131\u2026 -<\/title>\n<meta name=\"robots\" content=\"index, follow, max-snippet:-1, max-image-preview:large, max-video-preview:-1\" \/>\n<link rel=\"canonical\" href=\"https:\/\/kibrisdakik.com\/?p=68728\" \/>\n<meta property=\"og:locale\" content=\"tr_TR\" \/>\n<meta property=\"og:type\" content=\"article\" \/>\n<meta property=\"og:title\" content=\"Meteoroloji Dairesi\u2019nden denizde f\u0131rt\u0131na ve kuvvetli ya\u011f\u0131\u015f uyar\u0131s\u0131\u2026 -\" \/>\n<meta property=\"og:description\" content=\"Meteoroloji Dairesi bug\u00fcn i\u00e7in denizde f\u0131rt\u0131na ve kuvvetli ya\u011f\u0131\u015f uyar\u0131s\u0131nda bulundu. Daire b\u00f6lge denizlerinden Taurus\u2019ta kuzey ve do\u011fu y\u00f6nlerden \u201c7\u201d kuvvetinde \u201cf\u0131rt\u0131nams\u0131 r\u00fczgar\u201d \u015feklinde esen r\u00fczgar\u0131n zamanla kuvvetlenerek \u201c8\u201d kuvvetinde ve \u201cf\u0131rt\u0131na\u201d \u015feklinde devam etmesinin beklendi\u011fini duyurdu. Meteoroloji Dairesi taraf\u0131ndan yap\u0131lan yaz\u0131l\u0131 a\u00e7\u0131klamada sabah 5.00\u2019te ba\u015flayan r\u00fczgar\u0131n 14.00\u2019e kadar s\u00fcrece\u011fi \u00f6ng\u00f6r\u00fcs\u00fcnde bulunuldu. \u201cKuvvetli ya\u011f\u0131\u015f\u201d uyar\u0131s\u0131\" \/>\n<meta property=\"og:url\" content=\"https:\/\/kibrisdakik.com\/?p=68728\" \/>\n<meta property=\"article:published_time\" content=\"2024-11-10T09:59:34+00:00\" \/>\n<meta property=\"og:image\" content=\"https:\/\/kibrisdakik.com\/wp-content\/uploads\/2024\/11\/yagis351-740x420.jpg\" \/>\n\t<meta property=\"og:image:width\" content=\"864\" \/>\n\t<meta property=\"og:image:height\" content=\"486\" \/>\n\t<meta property=\"og:image:type\" content=\"image\/jpeg\" \/>\n<meta name=\"author\" content=\"admin\" \/>\n<meta name=\"twitter:card\" content=\"summary_large_image\" \/>\n<meta name=\"twitter:label1\" content=\"Yazan:\" \/>\n\t<meta name=\"twitter:data1\" content=\"admin\" \/>\n\t<meta name=\"twitter:label2\" content=\"Tahmini okuma s\u00fcresi\" \/>\n\t<meta name=\"twitter:data2\" content=\"1 dakika\" \/>\n<script type=\"application\/ld+json\" class=\"yoast-schema-graph\">{\"@context\":\"https:\\\/\\\/schema.org\",\"@graph\":[{\"@type\":\"Article\",\"@id\":\"https:\\\/\\\/kibrisdakik.com\\\/?p=68728#article\",\"isPartOf\":{\"@id\":\"https:\\\/\\\/kibrisdakik.com\\\/?p=68728\"},\"author\":{\"name\":\"admin\",\"@id\":\"https:\\\/\\\/kibrisdakik.com\\\/#\\\/schema\\\/person\\\/9cd9d437bbb44f72b73ba127e06d8e79\"},\"headline\":\"Meteoroloji Dairesi\u2019nden denizde f\u0131rt\u0131na ve kuvvetli ya\u011f\u0131\u015f uyar\u0131s\u0131\u2026\",\"datePublished\":\"2024-11-10T09:59:34+00:00\",\"mainEntityOfPage\":{\"@id\":\"https:\\\/\\\/kibrisdakik.com\\\/?p=68728\"},\"wordCount\":217,\"commentCount\":0,\"image\":{\"@id\":\"https:\\\/\\\/kibrisdakik.com\\\/?p=68728#primaryimage\"},\"thumbnailUrl\":\"https:\\\/\\\/kibrisdakik.com\\\/wp-content\\\/uploads\\\/2024\\\/11\\\/yagis351-740x420.jpg\",\"articleSection\":[\"K\u0131br\u0131s\"],\"inLanguage\":\"tr\",\"potentialAction\":[{\"@type\":\"CommentAction\",\"name\":\"Comment\",\"target\":[\"https:\\\/\\\/kibrisdakik.com\\\/?p=68728#respond\"]}]},{\"@type\":\"WebPage\",\"@id\":\"https:\\\/\\\/kibrisdakik.com\\\/?p=68728\",\"url\":\"https:\\\/\\\/kibrisdakik.com\\\/?p=68728\",\"name\":\"Meteoroloji Dairesi\u2019nden denizde f\u0131rt\u0131na ve kuvvetli ya\u011f\u0131\u015f uyar\u0131s\u0131\u2026 -\",\"isPartOf\":{\"@id\":\"https:\\\/\\\/kibrisdakik.com\\\/#website\"},\"primaryImageOfPage\":{\"@id\":\"https:\\\/\\\/kibrisdakik.com\\\/?p=68728#primaryimage\"},\"image\":{\"@id\":\"https:\\\/\\\/kibrisdakik.com\\\/?p=68728#primaryimage\"},\"thumbnailUrl\":\"https:\\\/\\\/kibrisdakik.com\\\/wp-content\\\/uploads\\\/2024\\\/11\\\/yagis351-740x420.jpg\",\"datePublished\":\"2024-11-10T09:59:34+00:00\",\"author\":{\"@id\":\"https:\\\/\\\/kibrisdakik.com\\\/#\\\/schema\\\/person\\\/9cd9d437bbb44f72b73ba127e06d8e79\"},\"breadcrumb\":{\"@id\":\"https:\\\/\\\/kibrisdakik.com\\\/?p=68728#breadcrumb\"},\"inLanguage\":\"tr\",\"potentialAction\":[{\"@type\":\"ReadAction\",\"target\":[\"https:\\\/\\\/kibrisdakik.com\\\/?p=68728\"]}]},{\"@type\":\"ImageObject\",\"inLanguage\":\"tr\",\"@id\":\"https:\\\/\\\/kibrisdakik.com\\\/?p=68728#primaryimage\",\"url\":\"https:\\\/\\\/kibrisdakik.com\\\/wp-content\\\/uploads\\\/2024\\\/11\\\/yagis351-740x420.jpg\",\"contentUrl\":\"https:\\\/\\\/kibrisdakik.com\\\/wp-content\\\/uploads\\\/2024\\\/11\\\/yagis351-740x420.jpg\",\"width\":864,\"height\":486},{\"@type\":\"BreadcrumbList\",\"@id\":\"https:\\\/\\\/kibrisdakik.com\\\/?p=68728#breadcrumb\",\"itemListElement\":[{\"@type\":\"ListItem\",\"position\":1,\"name\":\"Home\",\"item\":\"https:\\\/\\\/kibrisdakik.com\\\/\"},{\"@type\":\"ListItem\",\"position\":2,\"name\":\"Meteoroloji Dairesi\u2019nden denizde f\u0131rt\u0131na ve kuvvetli ya\u011f\u0131\u015f uyar\u0131s\u0131\u2026\"}]},{\"@type\":\"WebSite\",\"@id\":\"https:\\\/\\\/kibrisdakik.com\\\/#website\",\"url\":\"https:\\\/\\\/kibrisdakik.com\\\/\",\"name\":\"\",\"description\":\"Tam vaktinde haber\",\"potentialAction\":[{\"@type\":\"SearchAction\",\"target\":{\"@type\":\"EntryPoint\",\"urlTemplate\":\"https:\\\/\\\/kibrisdakik.com\\\/?s={search_term_string}\"},\"query-input\":{\"@type\":\"PropertyValueSpecification\",\"valueRequired\":true,\"valueName\":\"search_term_string\"}}],\"inLanguage\":\"tr\"},{\"@type\":\"Person\",\"@id\":\"https:\\\/\\\/kibrisdakik.com\\\/#\\\/schema\\\/person\\\/9cd9d437bbb44f72b73ba127e06d8e79\",\"name\":\"admin\",\"image\":{\"@type\":\"ImageObject\",\"inLanguage\":\"tr\",\"@id\":\"https:\\\/\\\/secure.gravatar.com\\\/avatar\\\/ccc17943b9d660506c869530f897617f7cb1c21a4bf30023f252596d83e1f007?s=96&d=mm&r=g\",\"url\":\"https:\\\/\\\/secure.gravatar.com\\\/avatar\\\/ccc17943b9d660506c869530f897617f7cb1c21a4bf30023f252596d83e1f007?s=96&d=mm&r=g\",\"contentUrl\":\"https:\\\/\\\/secure.gravatar.com\\\/avatar\\\/ccc17943b9d660506c869530f897617f7cb1c21a4bf30023f252596d83e1f007?s=96&d=mm&r=g\",\"caption\":\"admin\"},\"sameAs\":[\"https:\\\/\\\/kibrisdakik.com\"],\"url\":\"https:\\\/\\\/kibrisdakik.com\\\/?author=1\"}]}<\/script>\n<!-- \/ Yoast SEO plugin. -->","yoast_head_json":{"title":"Meteoroloji Dairesi\u2019nden denizde f\u0131rt\u0131na ve kuvvetli ya\u011f\u0131\u015f uyar\u0131s\u0131\u2026 -","robots":{"index":"index","follow":"follow","max-snippet":"max-snippet:-1","max-image-preview":"max-image-preview:large","max-video-preview":"max-video-preview:-1"},"canonical":"https:\/\/kibrisdakik.com\/?p=68728","og_locale":"tr_TR","og_type":"article","og_title":"Meteoroloji Dairesi\u2019nden denizde f\u0131rt\u0131na ve kuvvetli ya\u011f\u0131\u015f uyar\u0131s\u0131\u2026 -","og_description":"Meteoroloji Dairesi bug\u00fcn i\u00e7in denizde f\u0131rt\u0131na ve kuvvetli ya\u011f\u0131\u015f uyar\u0131s\u0131nda bulundu. Daire b\u00f6lge denizlerinden Taurus\u2019ta kuzey ve do\u011fu y\u00f6nlerden \u201c7\u201d kuvvetinde \u201cf\u0131rt\u0131nams\u0131 r\u00fczgar\u201d \u015feklinde esen r\u00fczgar\u0131n zamanla kuvvetlenerek \u201c8\u201d kuvvetinde ve \u201cf\u0131rt\u0131na\u201d \u015feklinde devam etmesinin beklendi\u011fini duyurdu. Meteoroloji Dairesi taraf\u0131ndan yap\u0131lan yaz\u0131l\u0131 a\u00e7\u0131klamada sabah 5.00\u2019te ba\u015flayan r\u00fczgar\u0131n 14.00\u2019e kadar s\u00fcrece\u011fi \u00f6ng\u00f6r\u00fcs\u00fcnde bulunuldu. \u201cKuvvetli ya\u011f\u0131\u015f\u201d uyar\u0131s\u0131","og_url":"https:\/\/kibrisdakik.com\/?p=68728","article_published_time":"2024-11-10T09:59:34+00:00","og_image":[{"width":864,"height":486,"url":"https:\/\/kibrisdakik.com\/wp-content\/uploads\/2024\/11\/yagis351-740x420.jpg","type":"image\/jpeg"}],"author":"admin","twitter_card":"summary_large_image","twitter_misc":{"Yazan:":"admin","Tahmini okuma s\u00fcresi":"1 dakika"},"schema":{"@context":"https:\/\/schema.org","@graph":[{"@type":"Article","@id":"https:\/\/kibrisdakik.com\/?p=68728#article","isPartOf":{"@id":"https:\/\/kibrisdakik.com\/?p=68728"},"author":{"name":"admin","@id":"https:\/\/kibrisdakik.com\/#\/schema\/person\/9cd9d437bbb44f72b73ba127e06d8e79"},"headline":"Meteoroloji Dairesi\u2019nden denizde f\u0131rt\u0131na ve kuvvetli ya\u011f\u0131\u015f uyar\u0131s\u0131\u2026","datePublished":"2024-11-10T09:59:34+00:00","mainEntityOfPage":{"@id":"https:\/\/kibrisdakik.com\/?p=68728"},"wordCount":217,"commentCount":0,"image":{"@id":"https:\/\/kibrisdakik.com\/?p=68728#primaryimage"},"thumbnailUrl":"https:\/\/kibrisdakik.com\/wp-content\/uploads\/2024\/11\/yagis351-740x420.jpg","articleSection":["K\u0131br\u0131s"],"inLanguage":"tr","potentialAction":[{"@type":"CommentAction","name":"Comment","target":["https:\/\/kibrisdakik.com\/?p=68728#respond"]}]},{"@type":"WebPage","@id":"https:\/\/kibrisdakik.com\/?p=68728","url":"https:\/\/kibrisdakik.com\/?p=68728","name":"Meteoroloji Dairesi\u2019nden denizde f\u0131rt\u0131na ve kuvvetli ya\u011f\u0131\u015f uyar\u0131s\u0131\u2026 -","isPartOf":{"@id":"https:\/\/kibrisdakik.com\/#website"},"primaryImageOfPage":{"@id":"https:\/\/kibrisdakik.com\/?p=68728#primaryimage"},"image":{"@id":"https:\/\/kibrisdakik.com\/?p=68728#primaryimage"},"thumbnailUrl":"https:\/\/kibrisdakik.com\/wp-content\/uploads\/2024\/11\/yagis351-740x420.jpg","datePublished":"2024-11-10T09:59:34+00:00","author":{"@id":"https:\/\/kibrisdakik.com\/#\/schema\/person\/9cd9d437bbb44f72b73ba127e06d8e79"},"breadcrumb":{"@id":"https:\/\/kibrisdakik.com\/?p=68728#breadcrumb"},"inLanguage":"tr","potentialAction":[{"@type":"ReadAction","target":["https:\/\/kibrisdakik.com\/?p=68728"]}]},{"@type":"ImageObject","inLanguage":"tr","@id":"https:\/\/kibrisdakik.com\/?p=68728#primaryimage","url":"https:\/\/kibrisdakik.com\/wp-content\/uploads\/2024\/11\/yagis351-740x420.jpg","contentUrl":"https:\/\/kibrisdakik.com\/wp-content\/uploads\/2024\/11\/yagis351-740x420.jpg","width":864,"height":486},{"@type":"BreadcrumbList","@id":"https:\/\/kibrisdakik.com\/?p=68728#breadcrumb","itemListElement":[{"@type":"ListItem","position":1,"name":"Home","item":"https:\/\/kibrisdakik.com\/"},{"@type":"ListItem","position":2,"name":"Meteoroloji Dairesi\u2019nden denizde f\u0131rt\u0131na ve kuvvetli ya\u011f\u0131\u015f uyar\u0131s\u0131\u2026"}]},{"@type":"WebSite","@id":"https:\/\/kibrisdakik.com\/#website","url":"https:\/\/kibrisdakik.com\/","name":"","description":"Tam vaktinde haber","potentialAction":[{"@type":"SearchAction","target":{"@type":"EntryPoint","urlTemplate":"https:\/\/kibrisdakik.com\/?s={search_term_string}"},"query-input":{"@type":"PropertyValueSpecification","valueRequired":true,"valueName":"search_term_string"}}],"inLanguage":"tr"},{"@type":"Person","@id":"https:\/\/kibrisdakik.com\/#\/schema\/person\/9cd9d437bbb44f72b73ba127e06d8e79","name":"admin","image":{"@type":"ImageObject","inLanguage":"tr","@id":"https:\/\/secure.gravatar.com\/avatar\/ccc17943b9d660506c869530f897617f7cb1c21a4bf30023f252596d83e1f007?s=96&d=mm&r=g","url":"https:\/\/secure.gravatar.com\/avatar\/ccc17943b9d660506c869530f897617f7cb1c21a4bf30023f252596d83e1f007?s=96&d=mm&r=g","contentUrl":"https:\/\/secure.gravatar.com\/avatar\/ccc17943b9d660506c869530f897617f7cb1c21a4bf30023f252596d83e1f007?s=96&d=mm&r=g","caption":"admin"},"sameAs":["https:\/\/kibrisdakik.com"],"url":"https:\/\/kibrisdakik.com\/?author=1"}]}},"_links":{"self":[{"href":"https:\/\/kibrisdakik.com\/index.php?rest_route=\/wp\/v2\/posts\/68728","targetHints":{"allow":["GET"]}}],"collection":[{"href":"https:\/\/kibrisdakik.com\/index.php?rest_route=\/wp\/v2\/posts"}],"about":[{"href":"https:\/\/kibrisdakik.com\/index.php?rest_route=\/wp\/v2\/types\/post"}],"author":[{"embeddable":true,"href":"https:\/\/kibrisdakik.com\/index.php?rest_route=\/wp\/v2\/users\/1"}],"replies":[{"embeddable":true,"href":"https:\/\/kibrisdakik.com\/index.php?rest_route=%2Fwp%2Fv2%2Fcomments&post=68728"}],"version-history":[{"count":0,"href":"https:\/\/kibrisdakik.com\/index.php?rest_route=\/wp\/v2\/posts\/68728\/revisions"}],"wp:featuredmedia":[{"embeddable":true,"href":"https:\/\/kibrisdakik.com\/index.php?rest_route=\/wp\/v2\/media\/68729"}],"wp:attachment":[{"href":"https:\/\/kibrisdakik.com\/index.php?rest_route=%2Fwp%2Fv2%2Fmedia&parent=68728"}],"wp:term":[{"taxonomy":"category","embeddable":true,"href":"https:\/\/kibrisdakik.com\/index.php?rest_route=%2Fwp%2Fv2%2Fcategories&post=68728"},{"taxonomy":"post_tag","embeddable":true,"href":"https:\/\/kibrisdakik.com\/index.php?rest_route=%2Fwp%2Fv2%2Ftags&post=68728"}],"curies":[{"name":"wp","href":"https:\/\/api.w.org\/{rel}","templated":true}]}}