{"id":68764,"date":"2024-11-10T13:40:35","date_gmt":"2024-11-10T10:40:35","guid":{"rendered":"https:\/\/kibrisdakik.com\/index.php\/2024\/11\/10\/trump-yeni-ekibinde-eski-disisleri-bakani-pompeoya-gorev-vermeyecegini-bildirdi\/"},"modified":"2024-11-10T13:40:35","modified_gmt":"2024-11-10T10:40:35","slug":"trump-yeni-ekibinde-eski-disisleri-bakani-pompeoya-gorev-vermeyecegini-bildirdi","status":"publish","type":"post","link":"https:\/\/kibrisdakik.com\/?p=68764","title":{"rendered":"Trump, yeni ekibinde eski D\u0131\u015fi\u015fleri Bakan\u0131 Pompeo\u2019ya g\u00f6rev vermeyece\u011fini bildirdi"},"content":{"rendered":"<p><\/p>\n<div>\n<div class=\"mariselle-image-container center\">\n                <img loading=\"lazy\" decoding=\"async\" width=\"864\" height=\"486\" class=\"lazy-image\" alt=\"\" sizes=\"auto, (max-width: 864px) 100vw, 864px\" src=\"https:\/\/brtk.net\/wp-content\/uploads\/2024\/11\/10\/donald-trump1.jpg?ver=846d0b61070c3b1b70eaff0e0a60ba7f\" srcset=\"https:\/\/brtk.net\/wp-content\/uploads\/2024\/11\/10\/donald-trump1.jpg?ver=846d0b61070c3b1b70eaff0e0a60ba7f 864w, https:\/\/brtk.net\/wp-content\/uploads\/2024\/11\/10\/donald-trump1-300x169.jpg?ver=d5081a07921bdbd8994de9cca5f96a49 300w, https:\/\/brtk.net\/wp-content\/uploads\/2024\/11\/10\/donald-trump1-768x432.jpg?ver=d5081a07921bdbd8994de9cca5f96a49 768w\"\/>                            <\/div>\n<p>\nABD\u2019nin 47. Ba\u015fkan\u0131 se\u00e7ilen Donald Trump, yeni ekibinde eski D\u0131\u015fi\u015fleri Bakan\u0131 Mike Pompeo ve eski Birle\u015fmi\u015f Milletler (BM) Daimi Temsilcisi Nikki Haley\u2019e g\u00f6rev vermeyece\u011fini duyurdu.<\/p>\n<p>Trump, kendi sosyal medya hesab\u0131 Truth Social\u2019dan bir mesaj payla\u015ft\u0131.<\/p>\n<p>\u201cEski b\u00fcy\u00fckel\u00e7i Nikki Haley ve D\u0131\u015fi\u015fleri Bakan\u0131 Mike Pompeo\u2019yu halihaz\u0131rda olu\u015fmakta olan yeni y\u00f6netime davet etmeyece\u011fim.\u201d ifadesini kullanan Trump, daha \u00f6nce Haley ve Pompeo\u2019yla birlikte \u00e7al\u0131\u015fmaktan keyif ald\u0131\u011f\u0131n\u0131 ifade etti.<\/p>\n<p>Trump, Haley ve Pompeo\u2019ya daha \u00f6nce sa\u011flad\u0131klar\u0131 hizmetten \u00f6t\u00fcr\u00fc te\u015fekk\u00fcrlerini iletti.<\/p>\n<p>\u00d6n se\u00e7imlerde Trump\u2019a kar\u015f\u0131 yar\u0131\u015fan Haley, yar\u0131\u015ftan \u00e7ekildikten sonra Trump\u2019a deste\u011fini a\u00e7\u0131klam\u0131\u015ft\u0131.<\/p>\n<p>Haley, 2017-2018 y\u0131llar\u0131 aras\u0131nda ABD\u2019nin BM Daimi Temsilcili\u011fi g\u00f6revini y\u00fcr\u00fctm\u00fc\u015ft\u00fc.<\/p>\n<p>Pompeo ise Trump\u2019\u0131n ilk ba\u015fkanl\u0131k d\u00f6neminde 2017-2018 y\u0131llar\u0131 aras\u0131nda Merkezi \u0130stihbarat Te\u015fkilat\u0131n\u0131n (CIA) Direkt\u00f6rl\u00fc\u011f\u00fcn\u00fc y\u00fcr\u00fctm\u00fc\u015f, 2018-2021 y\u0131llar\u0131 aras\u0131nda ise D\u0131\u015fi\u015fleri Bakan\u0131 olarak g\u00f6rev yapm\u0131\u015ft\u0131.<\/p>\n<\/p><\/div>\n<p><script async\n                    defer\n                    crossorigin=\"anonymous\"\n                    src=\"https:\/\/connect.facebook.net\/tr_TR\/sdk.js#xfbml=1&#038;version=v3.3\"\n            ><\/script><\/p>\n","protected":false},"excerpt":{"rendered":"<p>ABD\u2019nin 47. Ba\u015fkan\u0131 se\u00e7ilen Donald Trump, yeni ekibinde eski D\u0131\u015fi\u015fleri Bakan\u0131 Mike Pompeo ve eski Birle\u015fmi\u015f Milletler (BM) Daimi Temsilcisi Nikki Haley\u2019e g\u00f6rev vermeyece\u011fini duyurdu. Trump, kendi sosyal medya hesab\u0131 Truth Social\u2019dan bir mesaj payla\u015ft\u0131. \u201cEski b\u00fcy\u00fckel\u00e7i Nikki Haley ve D\u0131\u015fi\u015fleri Bakan\u0131 Mike Pompeo\u2019yu halihaz\u0131rda olu\u015fmakta olan yeni y\u00f6netime davet etmeyece\u011fim.\u201d ifadesini kullanan Trump, daha<\/p>\n","protected":false},"author":1,"featured_media":68765,"comment_status":"open","ping_status":"open","sticky":false,"template":"","format":"standard","meta":{"footnotes":""},"categories":[1],"tags":[],"class_list":["post-68764","post","type-post","status-publish","format-standard","has-post-thumbnail","hentry","category-gundem"],"yoast_head":"<!-- This site is optimized with the Yoast SEO plugin v27.4 - https:\/\/yoast.com\/product\/yoast-seo-wordpress\/ -->\n<title>Trump, yeni ekibinde eski D\u0131\u015fi\u015fleri Bakan\u0131 Pompeo\u2019ya g\u00f6rev vermeyece\u011fini bildirdi -<\/title>\n<meta name=\"robots\" content=\"index, follow, max-snippet:-1, max-image-preview:large, max-video-preview:-1\" \/>\n<link rel=\"canonical\" href=\"https:\/\/kibrisdakik.com\/?p=68764\" \/>\n<meta property=\"og:locale\" content=\"tr_TR\" \/>\n<meta property=\"og:type\" content=\"article\" \/>\n<meta property=\"og:title\" content=\"Trump, yeni ekibinde eski D\u0131\u015fi\u015fleri Bakan\u0131 Pompeo\u2019ya g\u00f6rev vermeyece\u011fini bildirdi -\" \/>\n<meta property=\"og:description\" content=\"ABD\u2019nin 47. Ba\u015fkan\u0131 se\u00e7ilen Donald Trump, yeni ekibinde eski D\u0131\u015fi\u015fleri Bakan\u0131 Mike Pompeo ve eski Birle\u015fmi\u015f Milletler (BM) Daimi Temsilcisi Nikki Haley\u2019e g\u00f6rev vermeyece\u011fini duyurdu. Trump, kendi sosyal medya hesab\u0131 Truth Social\u2019dan bir mesaj payla\u015ft\u0131. \u201cEski b\u00fcy\u00fckel\u00e7i Nikki Haley ve D\u0131\u015fi\u015fleri Bakan\u0131 Mike Pompeo\u2019yu halihaz\u0131rda olu\u015fmakta olan yeni y\u00f6netime davet etmeyece\u011fim.\u201d ifadesini kullanan Trump, daha\" \/>\n<meta property=\"og:url\" content=\"https:\/\/kibrisdakik.com\/?p=68764\" \/>\n<meta property=\"article:published_time\" content=\"2024-11-10T10:40:35+00:00\" \/>\n<meta property=\"og:image\" content=\"https:\/\/kibrisdakik.com\/wp-content\/uploads\/2024\/11\/donald-trump1-740x420.jpg\" \/>\n\t<meta property=\"og:image:width\" content=\"864\" \/>\n\t<meta property=\"og:image:height\" content=\"486\" \/>\n\t<meta property=\"og:image:type\" content=\"image\/jpeg\" \/>\n<meta name=\"author\" content=\"admin\" \/>\n<meta name=\"twitter:card\" content=\"summary_large_image\" \/>\n<meta name=\"twitter:label1\" content=\"Yazan:\" \/>\n\t<meta name=\"twitter:data1\" content=\"admin\" \/>\n\t<meta name=\"twitter:label2\" content=\"Tahmini okuma s\u00fcresi\" \/>\n\t<meta name=\"twitter:data2\" content=\"1 dakika\" \/>\n<script type=\"application\/ld+json\" class=\"yoast-schema-graph\">{\"@context\":\"https:\\\/\\\/schema.org\",\"@graph\":[{\"@type\":\"Article\",\"@id\":\"https:\\\/\\\/kibrisdakik.com\\\/?p=68764#article\",\"isPartOf\":{\"@id\":\"https:\\\/\\\/kibrisdakik.com\\\/?p=68764\"},\"author\":{\"name\":\"admin\",\"@id\":\"https:\\\/\\\/kibrisdakik.com\\\/#\\\/schema\\\/person\\\/9cd9d437bbb44f72b73ba127e06d8e79\"},\"headline\":\"Trump, yeni ekibinde eski D\u0131\u015fi\u015fleri Bakan\u0131 Pompeo\u2019ya g\u00f6rev vermeyece\u011fini bildirdi\",\"datePublished\":\"2024-11-10T10:40:35+00:00\",\"mainEntityOfPage\":{\"@id\":\"https:\\\/\\\/kibrisdakik.com\\\/?p=68764\"},\"wordCount\":201,\"commentCount\":0,\"image\":{\"@id\":\"https:\\\/\\\/kibrisdakik.com\\\/?p=68764#primaryimage\"},\"thumbnailUrl\":\"https:\\\/\\\/kibrisdakik.com\\\/wp-content\\\/uploads\\\/2024\\\/11\\\/donald-trump1-740x420.jpg\",\"articleSection\":[\"G\u00fcndem\"],\"inLanguage\":\"tr\",\"potentialAction\":[{\"@type\":\"CommentAction\",\"name\":\"Comment\",\"target\":[\"https:\\\/\\\/kibrisdakik.com\\\/?p=68764#respond\"]}]},{\"@type\":\"WebPage\",\"@id\":\"https:\\\/\\\/kibrisdakik.com\\\/?p=68764\",\"url\":\"https:\\\/\\\/kibrisdakik.com\\\/?p=68764\",\"name\":\"Trump, yeni ekibinde eski D\u0131\u015fi\u015fleri Bakan\u0131 Pompeo\u2019ya g\u00f6rev vermeyece\u011fini bildirdi -\",\"isPartOf\":{\"@id\":\"https:\\\/\\\/kibrisdakik.com\\\/#website\"},\"primaryImageOfPage\":{\"@id\":\"https:\\\/\\\/kibrisdakik.com\\\/?p=68764#primaryimage\"},\"image\":{\"@id\":\"https:\\\/\\\/kibrisdakik.com\\\/?p=68764#primaryimage\"},\"thumbnailUrl\":\"https:\\\/\\\/kibrisdakik.com\\\/wp-content\\\/uploads\\\/2024\\\/11\\\/donald-trump1-740x420.jpg\",\"datePublished\":\"2024-11-10T10:40:35+00:00\",\"author\":{\"@id\":\"https:\\\/\\\/kibrisdakik.com\\\/#\\\/schema\\\/person\\\/9cd9d437bbb44f72b73ba127e06d8e79\"},\"breadcrumb\":{\"@id\":\"https:\\\/\\\/kibrisdakik.com\\\/?p=68764#breadcrumb\"},\"inLanguage\":\"tr\",\"potentialAction\":[{\"@type\":\"ReadAction\",\"target\":[\"https:\\\/\\\/kibrisdakik.com\\\/?p=68764\"]}]},{\"@type\":\"ImageObject\",\"inLanguage\":\"tr\",\"@id\":\"https:\\\/\\\/kibrisdakik.com\\\/?p=68764#primaryimage\",\"url\":\"https:\\\/\\\/kibrisdakik.com\\\/wp-content\\\/uploads\\\/2024\\\/11\\\/donald-trump1-740x420.jpg\",\"contentUrl\":\"https:\\\/\\\/kibrisdakik.com\\\/wp-content\\\/uploads\\\/2024\\\/11\\\/donald-trump1-740x420.jpg\",\"width\":864,\"height\":486},{\"@type\":\"BreadcrumbList\",\"@id\":\"https:\\\/\\\/kibrisdakik.com\\\/?p=68764#breadcrumb\",\"itemListElement\":[{\"@type\":\"ListItem\",\"position\":1,\"name\":\"Home\",\"item\":\"https:\\\/\\\/kibrisdakik.com\\\/\"},{\"@type\":\"ListItem\",\"position\":2,\"name\":\"Trump, yeni ekibinde eski D\u0131\u015fi\u015fleri Bakan\u0131 Pompeo\u2019ya g\u00f6rev vermeyece\u011fini bildirdi\"}]},{\"@type\":\"WebSite\",\"@id\":\"https:\\\/\\\/kibrisdakik.com\\\/#website\",\"url\":\"https:\\\/\\\/kibrisdakik.com\\\/\",\"name\":\"\",\"description\":\"Tam vaktinde haber\",\"potentialAction\":[{\"@type\":\"SearchAction\",\"target\":{\"@type\":\"EntryPoint\",\"urlTemplate\":\"https:\\\/\\\/kibrisdakik.com\\\/?s={search_term_string}\"},\"query-input\":{\"@type\":\"PropertyValueSpecification\",\"valueRequired\":true,\"valueName\":\"search_term_string\"}}],\"inLanguage\":\"tr\"},{\"@type\":\"Person\",\"@id\":\"https:\\\/\\\/kibrisdakik.com\\\/#\\\/schema\\\/person\\\/9cd9d437bbb44f72b73ba127e06d8e79\",\"name\":\"admin\",\"image\":{\"@type\":\"ImageObject\",\"inLanguage\":\"tr\",\"@id\":\"https:\\\/\\\/secure.gravatar.com\\\/avatar\\\/ccc17943b9d660506c869530f897617f7cb1c21a4bf30023f252596d83e1f007?s=96&d=mm&r=g\",\"url\":\"https:\\\/\\\/secure.gravatar.com\\\/avatar\\\/ccc17943b9d660506c869530f897617f7cb1c21a4bf30023f252596d83e1f007?s=96&d=mm&r=g\",\"contentUrl\":\"https:\\\/\\\/secure.gravatar.com\\\/avatar\\\/ccc17943b9d660506c869530f897617f7cb1c21a4bf30023f252596d83e1f007?s=96&d=mm&r=g\",\"caption\":\"admin\"},\"sameAs\":[\"https:\\\/\\\/kibrisdakik.com\"],\"url\":\"https:\\\/\\\/kibrisdakik.com\\\/?author=1\"}]}<\/script>\n<!-- \/ Yoast SEO plugin. -->","yoast_head_json":{"title":"Trump, yeni ekibinde eski D\u0131\u015fi\u015fleri Bakan\u0131 Pompeo\u2019ya g\u00f6rev vermeyece\u011fini bildirdi -","robots":{"index":"index","follow":"follow","max-snippet":"max-snippet:-1","max-image-preview":"max-image-preview:large","max-video-preview":"max-video-preview:-1"},"canonical":"https:\/\/kibrisdakik.com\/?p=68764","og_locale":"tr_TR","og_type":"article","og_title":"Trump, yeni ekibinde eski D\u0131\u015fi\u015fleri Bakan\u0131 Pompeo\u2019ya g\u00f6rev vermeyece\u011fini bildirdi -","og_description":"ABD\u2019nin 47. Ba\u015fkan\u0131 se\u00e7ilen Donald Trump, yeni ekibinde eski D\u0131\u015fi\u015fleri Bakan\u0131 Mike Pompeo ve eski Birle\u015fmi\u015f Milletler (BM) Daimi Temsilcisi Nikki Haley\u2019e g\u00f6rev vermeyece\u011fini duyurdu. Trump, kendi sosyal medya hesab\u0131 Truth Social\u2019dan bir mesaj payla\u015ft\u0131. \u201cEski b\u00fcy\u00fckel\u00e7i Nikki Haley ve D\u0131\u015fi\u015fleri Bakan\u0131 Mike Pompeo\u2019yu halihaz\u0131rda olu\u015fmakta olan yeni y\u00f6netime davet etmeyece\u011fim.\u201d ifadesini kullanan Trump, daha","og_url":"https:\/\/kibrisdakik.com\/?p=68764","article_published_time":"2024-11-10T10:40:35+00:00","og_image":[{"width":864,"height":486,"url":"https:\/\/kibrisdakik.com\/wp-content\/uploads\/2024\/11\/donald-trump1-740x420.jpg","type":"image\/jpeg"}],"author":"admin","twitter_card":"summary_large_image","twitter_misc":{"Yazan:":"admin","Tahmini okuma s\u00fcresi":"1 dakika"},"schema":{"@context":"https:\/\/schema.org","@graph":[{"@type":"Article","@id":"https:\/\/kibrisdakik.com\/?p=68764#article","isPartOf":{"@id":"https:\/\/kibrisdakik.com\/?p=68764"},"author":{"name":"admin","@id":"https:\/\/kibrisdakik.com\/#\/schema\/person\/9cd9d437bbb44f72b73ba127e06d8e79"},"headline":"Trump, yeni ekibinde eski D\u0131\u015fi\u015fleri Bakan\u0131 Pompeo\u2019ya g\u00f6rev vermeyece\u011fini bildirdi","datePublished":"2024-11-10T10:40:35+00:00","mainEntityOfPage":{"@id":"https:\/\/kibrisdakik.com\/?p=68764"},"wordCount":201,"commentCount":0,"image":{"@id":"https:\/\/kibrisdakik.com\/?p=68764#primaryimage"},"thumbnailUrl":"https:\/\/kibrisdakik.com\/wp-content\/uploads\/2024\/11\/donald-trump1-740x420.jpg","articleSection":["G\u00fcndem"],"inLanguage":"tr","potentialAction":[{"@type":"CommentAction","name":"Comment","target":["https:\/\/kibrisdakik.com\/?p=68764#respond"]}]},{"@type":"WebPage","@id":"https:\/\/kibrisdakik.com\/?p=68764","url":"https:\/\/kibrisdakik.com\/?p=68764","name":"Trump, yeni ekibinde eski D\u0131\u015fi\u015fleri Bakan\u0131 Pompeo\u2019ya g\u00f6rev vermeyece\u011fini bildirdi -","isPartOf":{"@id":"https:\/\/kibrisdakik.com\/#website"},"primaryImageOfPage":{"@id":"https:\/\/kibrisdakik.com\/?p=68764#primaryimage"},"image":{"@id":"https:\/\/kibrisdakik.com\/?p=68764#primaryimage"},"thumbnailUrl":"https:\/\/kibrisdakik.com\/wp-content\/uploads\/2024\/11\/donald-trump1-740x420.jpg","datePublished":"2024-11-10T10:40:35+00:00","author":{"@id":"https:\/\/kibrisdakik.com\/#\/schema\/person\/9cd9d437bbb44f72b73ba127e06d8e79"},"breadcrumb":{"@id":"https:\/\/kibrisdakik.com\/?p=68764#breadcrumb"},"inLanguage":"tr","potentialAction":[{"@type":"ReadAction","target":["https:\/\/kibrisdakik.com\/?p=68764"]}]},{"@type":"ImageObject","inLanguage":"tr","@id":"https:\/\/kibrisdakik.com\/?p=68764#primaryimage","url":"https:\/\/kibrisdakik.com\/wp-content\/uploads\/2024\/11\/donald-trump1-740x420.jpg","contentUrl":"https:\/\/kibrisdakik.com\/wp-content\/uploads\/2024\/11\/donald-trump1-740x420.jpg","width":864,"height":486},{"@type":"BreadcrumbList","@id":"https:\/\/kibrisdakik.com\/?p=68764#breadcrumb","itemListElement":[{"@type":"ListItem","position":1,"name":"Home","item":"https:\/\/kibrisdakik.com\/"},{"@type":"ListItem","position":2,"name":"Trump, yeni ekibinde eski D\u0131\u015fi\u015fleri Bakan\u0131 Pompeo\u2019ya g\u00f6rev vermeyece\u011fini bildirdi"}]},{"@type":"WebSite","@id":"https:\/\/kibrisdakik.com\/#website","url":"https:\/\/kibrisdakik.com\/","name":"","description":"Tam vaktinde haber","potentialAction":[{"@type":"SearchAction","target":{"@type":"EntryPoint","urlTemplate":"https:\/\/kibrisdakik.com\/?s={search_term_string}"},"query-input":{"@type":"PropertyValueSpecification","valueRequired":true,"valueName":"search_term_string"}}],"inLanguage":"tr"},{"@type":"Person","@id":"https:\/\/kibrisdakik.com\/#\/schema\/person\/9cd9d437bbb44f72b73ba127e06d8e79","name":"admin","image":{"@type":"ImageObject","inLanguage":"tr","@id":"https:\/\/secure.gravatar.com\/avatar\/ccc17943b9d660506c869530f897617f7cb1c21a4bf30023f252596d83e1f007?s=96&d=mm&r=g","url":"https:\/\/secure.gravatar.com\/avatar\/ccc17943b9d660506c869530f897617f7cb1c21a4bf30023f252596d83e1f007?s=96&d=mm&r=g","contentUrl":"https:\/\/secure.gravatar.com\/avatar\/ccc17943b9d660506c869530f897617f7cb1c21a4bf30023f252596d83e1f007?s=96&d=mm&r=g","caption":"admin"},"sameAs":["https:\/\/kibrisdakik.com"],"url":"https:\/\/kibrisdakik.com\/?author=1"}]}},"_links":{"self":[{"href":"https:\/\/kibrisdakik.com\/index.php?rest_route=\/wp\/v2\/posts\/68764","targetHints":{"allow":["GET"]}}],"collection":[{"href":"https:\/\/kibrisdakik.com\/index.php?rest_route=\/wp\/v2\/posts"}],"about":[{"href":"https:\/\/kibrisdakik.com\/index.php?rest_route=\/wp\/v2\/types\/post"}],"author":[{"embeddable":true,"href":"https:\/\/kibrisdakik.com\/index.php?rest_route=\/wp\/v2\/users\/1"}],"replies":[{"embeddable":true,"href":"https:\/\/kibrisdakik.com\/index.php?rest_route=%2Fwp%2Fv2%2Fcomments&post=68764"}],"version-history":[{"count":0,"href":"https:\/\/kibrisdakik.com\/index.php?rest_route=\/wp\/v2\/posts\/68764\/revisions"}],"wp:featuredmedia":[{"embeddable":true,"href":"https:\/\/kibrisdakik.com\/index.php?rest_route=\/wp\/v2\/media\/68765"}],"wp:attachment":[{"href":"https:\/\/kibrisdakik.com\/index.php?rest_route=%2Fwp%2Fv2%2Fmedia&parent=68764"}],"wp:term":[{"taxonomy":"category","embeddable":true,"href":"https:\/\/kibrisdakik.com\/index.php?rest_route=%2Fwp%2Fv2%2Fcategories&post=68764"},{"taxonomy":"post_tag","embeddable":true,"href":"https:\/\/kibrisdakik.com\/index.php?rest_route=%2Fwp%2Fv2%2Ftags&post=68764"}],"curies":[{"name":"wp","href":"https:\/\/api.w.org\/{rel}","templated":true}]}}