{"id":68779,"date":"2024-11-10T20:09:52","date_gmt":"2024-11-10T17:09:52","guid":{"rendered":"https:\/\/kibrisdakik.com\/index.php\/2024\/11\/10\/derince-taslica-koyleri-arasinda-yangin\/"},"modified":"2024-11-10T20:09:52","modified_gmt":"2024-11-10T17:09:52","slug":"derince-taslica-koyleri-arasinda-yangin","status":"publish","type":"post","link":"https:\/\/kibrisdakik.com\/?p=68779","title":{"rendered":"Derince-Ta\u015fl\u0131ca k\u00f6yleri aras\u0131nda yang\u0131n\u2026"},"content":{"rendered":"<p><\/p>\n<div>\n<div class=\"mariselle-image-container center\">\n                <img loading=\"lazy\" decoding=\"async\" width=\"1010\" height=\"574\" class=\"lazy-image\" alt=\"\" sizes=\"auto, (max-width: 1010px) 100vw, 1010px\" src=\"https:\/\/brtk.net\/wp-content\/uploads\/2023\/01\/20\/polis-yangin.jpg?ver=6d33a44b49389ad93d79ea0508c8c1b1\" srcset=\"https:\/\/brtk.net\/wp-content\/uploads\/2023\/01\/20\/polis-yangin.jpg?ver=6d33a44b49389ad93d79ea0508c8c1b1 1010w, https:\/\/brtk.net\/wp-content\/uploads\/2023\/01\/20\/polis-yangin-300x170.jpg?ver=84eeb70ebf110d02d938cbce0e4d3814 300w, https:\/\/brtk.net\/wp-content\/uploads\/2023\/01\/20\/polis-yangin-768x436.jpg?ver=84eeb70ebf110d02d938cbce0e4d3814 768w\"\/>                            <\/div>\n<p>Derince \u2013 Ta\u015fl\u0131ca k\u00f6yleri aras\u0131nda  B\u00fcy\u00fckkuyu Mevkiinde bug\u00fcn \u00f6\u011flen saatlerinde yang\u0131n \u00e7\u0131kt\u0131.<\/p>\n<p>Polisten verilen bilgiye g\u00f6re nedeni hen\u00fcz tespit edilemeyen yang\u0131n sonucu yakla\u015f\u0131k bir d\u00f6n\u00fcml\u00fck arazi i\u00e7erisindeki kuru otlar ile maki bitki \u00f6rt\u00fcs\u00fc yand\u0131. Yang\u0131n \u0130tfaiye Ekipleri taraf\u0131ndan s\u00f6nd\u00fcr\u00fclm\u00fc\u015f olup, soru\u015fturma devam ediyor.<\/p>\n<\/p><\/div>\n<p><script async\n                    defer\n                    crossorigin=\"anonymous\"\n                    src=\"https:\/\/connect.facebook.net\/tr_TR\/sdk.js#xfbml=1&#038;version=v3.3\"\n            ><\/script><\/p>\n","protected":false},"excerpt":{"rendered":"<p>Derince \u2013 Ta\u015fl\u0131ca k\u00f6yleri aras\u0131nda B\u00fcy\u00fckkuyu Mevkiinde bug\u00fcn \u00f6\u011flen saatlerinde yang\u0131n \u00e7\u0131kt\u0131. Polisten verilen bilgiye g\u00f6re nedeni hen\u00fcz tespit edilemeyen yang\u0131n sonucu yakla\u015f\u0131k bir d\u00f6n\u00fcml\u00fck arazi i\u00e7erisindeki kuru otlar ile maki bitki \u00f6rt\u00fcs\u00fc yand\u0131. Yang\u0131n \u0130tfaiye Ekipleri taraf\u0131ndan s\u00f6nd\u00fcr\u00fclm\u00fc\u015f olup, soru\u015fturma devam ediyor.<\/p>\n","protected":false},"author":1,"featured_media":5847,"comment_status":"open","ping_status":"open","sticky":false,"template":"","format":"standard","meta":{"footnotes":""},"categories":[1],"tags":[],"class_list":["post-68779","post","type-post","status-publish","format-standard","has-post-thumbnail","hentry","category-gundem"],"yoast_head":"<!-- This site is optimized with the Yoast SEO plugin v27.4 - https:\/\/yoast.com\/product\/yoast-seo-wordpress\/ -->\n<title>Derince-Ta\u015fl\u0131ca k\u00f6yleri aras\u0131nda yang\u0131n\u2026 -<\/title>\n<meta name=\"robots\" content=\"index, follow, max-snippet:-1, max-image-preview:large, max-video-preview:-1\" \/>\n<link rel=\"canonical\" href=\"https:\/\/kibrisdakik.com\/?p=68779\" \/>\n<meta property=\"og:locale\" content=\"tr_TR\" \/>\n<meta property=\"og:type\" content=\"article\" \/>\n<meta property=\"og:title\" content=\"Derince-Ta\u015fl\u0131ca k\u00f6yleri aras\u0131nda yang\u0131n\u2026 -\" \/>\n<meta property=\"og:description\" content=\"Derince \u2013 Ta\u015fl\u0131ca k\u00f6yleri aras\u0131nda B\u00fcy\u00fckkuyu Mevkiinde bug\u00fcn \u00f6\u011flen saatlerinde yang\u0131n \u00e7\u0131kt\u0131. Polisten verilen bilgiye g\u00f6re nedeni hen\u00fcz tespit edilemeyen yang\u0131n sonucu yakla\u015f\u0131k bir d\u00f6n\u00fcml\u00fck arazi i\u00e7erisindeki kuru otlar ile maki bitki \u00f6rt\u00fcs\u00fc yand\u0131. Yang\u0131n \u0130tfaiye Ekipleri taraf\u0131ndan s\u00f6nd\u00fcr\u00fclm\u00fc\u015f olup, soru\u015fturma devam ediyor.\" \/>\n<meta property=\"og:url\" content=\"https:\/\/kibrisdakik.com\/?p=68779\" \/>\n<meta property=\"article:published_time\" content=\"2024-11-10T17:09:52+00:00\" \/>\n<meta property=\"og:image\" content=\"https:\/\/kibrisdakik.com\/wp-content\/uploads\/2023\/04\/polis-yangin-740x420.jpg\" \/>\n\t<meta property=\"og:image:width\" content=\"1010\" \/>\n\t<meta property=\"og:image:height\" content=\"574\" \/>\n\t<meta property=\"og:image:type\" content=\"image\/jpeg\" \/>\n<meta name=\"author\" content=\"admin\" \/>\n<meta name=\"twitter:card\" content=\"summary_large_image\" \/>\n<meta name=\"twitter:label1\" content=\"Yazan:\" \/>\n\t<meta name=\"twitter:data1\" content=\"admin\" \/>\n<script type=\"application\/ld+json\" class=\"yoast-schema-graph\">{\"@context\":\"https:\\\/\\\/schema.org\",\"@graph\":[{\"@type\":\"Article\",\"@id\":\"https:\\\/\\\/kibrisdakik.com\\\/?p=68779#article\",\"isPartOf\":{\"@id\":\"https:\\\/\\\/kibrisdakik.com\\\/?p=68779\"},\"author\":{\"name\":\"admin\",\"@id\":\"https:\\\/\\\/kibrisdakik.com\\\/#\\\/schema\\\/person\\\/9cd9d437bbb44f72b73ba127e06d8e79\"},\"headline\":\"Derince-Ta\u015fl\u0131ca k\u00f6yleri aras\u0131nda yang\u0131n\u2026\",\"datePublished\":\"2024-11-10T17:09:52+00:00\",\"mainEntityOfPage\":{\"@id\":\"https:\\\/\\\/kibrisdakik.com\\\/?p=68779\"},\"wordCount\":74,\"commentCount\":0,\"image\":{\"@id\":\"https:\\\/\\\/kibrisdakik.com\\\/?p=68779#primaryimage\"},\"thumbnailUrl\":\"https:\\\/\\\/kibrisdakik.com\\\/wp-content\\\/uploads\\\/2023\\\/04\\\/polis-yangin-740x420.jpg\",\"articleSection\":[\"G\u00fcndem\"],\"inLanguage\":\"tr\",\"potentialAction\":[{\"@type\":\"CommentAction\",\"name\":\"Comment\",\"target\":[\"https:\\\/\\\/kibrisdakik.com\\\/?p=68779#respond\"]}]},{\"@type\":\"WebPage\",\"@id\":\"https:\\\/\\\/kibrisdakik.com\\\/?p=68779\",\"url\":\"https:\\\/\\\/kibrisdakik.com\\\/?p=68779\",\"name\":\"Derince-Ta\u015fl\u0131ca k\u00f6yleri aras\u0131nda yang\u0131n\u2026 -\",\"isPartOf\":{\"@id\":\"https:\\\/\\\/kibrisdakik.com\\\/#website\"},\"primaryImageOfPage\":{\"@id\":\"https:\\\/\\\/kibrisdakik.com\\\/?p=68779#primaryimage\"},\"image\":{\"@id\":\"https:\\\/\\\/kibrisdakik.com\\\/?p=68779#primaryimage\"},\"thumbnailUrl\":\"https:\\\/\\\/kibrisdakik.com\\\/wp-content\\\/uploads\\\/2023\\\/04\\\/polis-yangin-740x420.jpg\",\"datePublished\":\"2024-11-10T17:09:52+00:00\",\"author\":{\"@id\":\"https:\\\/\\\/kibrisdakik.com\\\/#\\\/schema\\\/person\\\/9cd9d437bbb44f72b73ba127e06d8e79\"},\"breadcrumb\":{\"@id\":\"https:\\\/\\\/kibrisdakik.com\\\/?p=68779#breadcrumb\"},\"inLanguage\":\"tr\",\"potentialAction\":[{\"@type\":\"ReadAction\",\"target\":[\"https:\\\/\\\/kibrisdakik.com\\\/?p=68779\"]}]},{\"@type\":\"ImageObject\",\"inLanguage\":\"tr\",\"@id\":\"https:\\\/\\\/kibrisdakik.com\\\/?p=68779#primaryimage\",\"url\":\"https:\\\/\\\/kibrisdakik.com\\\/wp-content\\\/uploads\\\/2023\\\/04\\\/polis-yangin-740x420.jpg\",\"contentUrl\":\"https:\\\/\\\/kibrisdakik.com\\\/wp-content\\\/uploads\\\/2023\\\/04\\\/polis-yangin-740x420.jpg\",\"width\":1010,\"height\":574},{\"@type\":\"BreadcrumbList\",\"@id\":\"https:\\\/\\\/kibrisdakik.com\\\/?p=68779#breadcrumb\",\"itemListElement\":[{\"@type\":\"ListItem\",\"position\":1,\"name\":\"Home\",\"item\":\"https:\\\/\\\/kibrisdakik.com\\\/\"},{\"@type\":\"ListItem\",\"position\":2,\"name\":\"Derince-Ta\u015fl\u0131ca k\u00f6yleri aras\u0131nda yang\u0131n\u2026\"}]},{\"@type\":\"WebSite\",\"@id\":\"https:\\\/\\\/kibrisdakik.com\\\/#website\",\"url\":\"https:\\\/\\\/kibrisdakik.com\\\/\",\"name\":\"\",\"description\":\"Tam vaktinde haber\",\"potentialAction\":[{\"@type\":\"SearchAction\",\"target\":{\"@type\":\"EntryPoint\",\"urlTemplate\":\"https:\\\/\\\/kibrisdakik.com\\\/?s={search_term_string}\"},\"query-input\":{\"@type\":\"PropertyValueSpecification\",\"valueRequired\":true,\"valueName\":\"search_term_string\"}}],\"inLanguage\":\"tr\"},{\"@type\":\"Person\",\"@id\":\"https:\\\/\\\/kibrisdakik.com\\\/#\\\/schema\\\/person\\\/9cd9d437bbb44f72b73ba127e06d8e79\",\"name\":\"admin\",\"image\":{\"@type\":\"ImageObject\",\"inLanguage\":\"tr\",\"@id\":\"https:\\\/\\\/secure.gravatar.com\\\/avatar\\\/ccc17943b9d660506c869530f897617f7cb1c21a4bf30023f252596d83e1f007?s=96&d=mm&r=g\",\"url\":\"https:\\\/\\\/secure.gravatar.com\\\/avatar\\\/ccc17943b9d660506c869530f897617f7cb1c21a4bf30023f252596d83e1f007?s=96&d=mm&r=g\",\"contentUrl\":\"https:\\\/\\\/secure.gravatar.com\\\/avatar\\\/ccc17943b9d660506c869530f897617f7cb1c21a4bf30023f252596d83e1f007?s=96&d=mm&r=g\",\"caption\":\"admin\"},\"sameAs\":[\"https:\\\/\\\/kibrisdakik.com\"],\"url\":\"https:\\\/\\\/kibrisdakik.com\\\/?author=1\"}]}<\/script>\n<!-- \/ Yoast SEO plugin. -->","yoast_head_json":{"title":"Derince-Ta\u015fl\u0131ca k\u00f6yleri aras\u0131nda yang\u0131n\u2026 -","robots":{"index":"index","follow":"follow","max-snippet":"max-snippet:-1","max-image-preview":"max-image-preview:large","max-video-preview":"max-video-preview:-1"},"canonical":"https:\/\/kibrisdakik.com\/?p=68779","og_locale":"tr_TR","og_type":"article","og_title":"Derince-Ta\u015fl\u0131ca k\u00f6yleri aras\u0131nda yang\u0131n\u2026 -","og_description":"Derince \u2013 Ta\u015fl\u0131ca k\u00f6yleri aras\u0131nda B\u00fcy\u00fckkuyu Mevkiinde bug\u00fcn \u00f6\u011flen saatlerinde yang\u0131n \u00e7\u0131kt\u0131. Polisten verilen bilgiye g\u00f6re nedeni hen\u00fcz tespit edilemeyen yang\u0131n sonucu yakla\u015f\u0131k bir d\u00f6n\u00fcml\u00fck arazi i\u00e7erisindeki kuru otlar ile maki bitki \u00f6rt\u00fcs\u00fc yand\u0131. Yang\u0131n \u0130tfaiye Ekipleri taraf\u0131ndan s\u00f6nd\u00fcr\u00fclm\u00fc\u015f olup, soru\u015fturma devam ediyor.","og_url":"https:\/\/kibrisdakik.com\/?p=68779","article_published_time":"2024-11-10T17:09:52+00:00","og_image":[{"width":1010,"height":574,"url":"https:\/\/kibrisdakik.com\/wp-content\/uploads\/2023\/04\/polis-yangin-740x420.jpg","type":"image\/jpeg"}],"author":"admin","twitter_card":"summary_large_image","twitter_misc":{"Yazan:":"admin"},"schema":{"@context":"https:\/\/schema.org","@graph":[{"@type":"Article","@id":"https:\/\/kibrisdakik.com\/?p=68779#article","isPartOf":{"@id":"https:\/\/kibrisdakik.com\/?p=68779"},"author":{"name":"admin","@id":"https:\/\/kibrisdakik.com\/#\/schema\/person\/9cd9d437bbb44f72b73ba127e06d8e79"},"headline":"Derince-Ta\u015fl\u0131ca k\u00f6yleri aras\u0131nda yang\u0131n\u2026","datePublished":"2024-11-10T17:09:52+00:00","mainEntityOfPage":{"@id":"https:\/\/kibrisdakik.com\/?p=68779"},"wordCount":74,"commentCount":0,"image":{"@id":"https:\/\/kibrisdakik.com\/?p=68779#primaryimage"},"thumbnailUrl":"https:\/\/kibrisdakik.com\/wp-content\/uploads\/2023\/04\/polis-yangin-740x420.jpg","articleSection":["G\u00fcndem"],"inLanguage":"tr","potentialAction":[{"@type":"CommentAction","name":"Comment","target":["https:\/\/kibrisdakik.com\/?p=68779#respond"]}]},{"@type":"WebPage","@id":"https:\/\/kibrisdakik.com\/?p=68779","url":"https:\/\/kibrisdakik.com\/?p=68779","name":"Derince-Ta\u015fl\u0131ca k\u00f6yleri aras\u0131nda yang\u0131n\u2026 -","isPartOf":{"@id":"https:\/\/kibrisdakik.com\/#website"},"primaryImageOfPage":{"@id":"https:\/\/kibrisdakik.com\/?p=68779#primaryimage"},"image":{"@id":"https:\/\/kibrisdakik.com\/?p=68779#primaryimage"},"thumbnailUrl":"https:\/\/kibrisdakik.com\/wp-content\/uploads\/2023\/04\/polis-yangin-740x420.jpg","datePublished":"2024-11-10T17:09:52+00:00","author":{"@id":"https:\/\/kibrisdakik.com\/#\/schema\/person\/9cd9d437bbb44f72b73ba127e06d8e79"},"breadcrumb":{"@id":"https:\/\/kibrisdakik.com\/?p=68779#breadcrumb"},"inLanguage":"tr","potentialAction":[{"@type":"ReadAction","target":["https:\/\/kibrisdakik.com\/?p=68779"]}]},{"@type":"ImageObject","inLanguage":"tr","@id":"https:\/\/kibrisdakik.com\/?p=68779#primaryimage","url":"https:\/\/kibrisdakik.com\/wp-content\/uploads\/2023\/04\/polis-yangin-740x420.jpg","contentUrl":"https:\/\/kibrisdakik.com\/wp-content\/uploads\/2023\/04\/polis-yangin-740x420.jpg","width":1010,"height":574},{"@type":"BreadcrumbList","@id":"https:\/\/kibrisdakik.com\/?p=68779#breadcrumb","itemListElement":[{"@type":"ListItem","position":1,"name":"Home","item":"https:\/\/kibrisdakik.com\/"},{"@type":"ListItem","position":2,"name":"Derince-Ta\u015fl\u0131ca k\u00f6yleri aras\u0131nda yang\u0131n\u2026"}]},{"@type":"WebSite","@id":"https:\/\/kibrisdakik.com\/#website","url":"https:\/\/kibrisdakik.com\/","name":"","description":"Tam vaktinde haber","potentialAction":[{"@type":"SearchAction","target":{"@type":"EntryPoint","urlTemplate":"https:\/\/kibrisdakik.com\/?s={search_term_string}"},"query-input":{"@type":"PropertyValueSpecification","valueRequired":true,"valueName":"search_term_string"}}],"inLanguage":"tr"},{"@type":"Person","@id":"https:\/\/kibrisdakik.com\/#\/schema\/person\/9cd9d437bbb44f72b73ba127e06d8e79","name":"admin","image":{"@type":"ImageObject","inLanguage":"tr","@id":"https:\/\/secure.gravatar.com\/avatar\/ccc17943b9d660506c869530f897617f7cb1c21a4bf30023f252596d83e1f007?s=96&d=mm&r=g","url":"https:\/\/secure.gravatar.com\/avatar\/ccc17943b9d660506c869530f897617f7cb1c21a4bf30023f252596d83e1f007?s=96&d=mm&r=g","contentUrl":"https:\/\/secure.gravatar.com\/avatar\/ccc17943b9d660506c869530f897617f7cb1c21a4bf30023f252596d83e1f007?s=96&d=mm&r=g","caption":"admin"},"sameAs":["https:\/\/kibrisdakik.com"],"url":"https:\/\/kibrisdakik.com\/?author=1"}]}},"_links":{"self":[{"href":"https:\/\/kibrisdakik.com\/index.php?rest_route=\/wp\/v2\/posts\/68779","targetHints":{"allow":["GET"]}}],"collection":[{"href":"https:\/\/kibrisdakik.com\/index.php?rest_route=\/wp\/v2\/posts"}],"about":[{"href":"https:\/\/kibrisdakik.com\/index.php?rest_route=\/wp\/v2\/types\/post"}],"author":[{"embeddable":true,"href":"https:\/\/kibrisdakik.com\/index.php?rest_route=\/wp\/v2\/users\/1"}],"replies":[{"embeddable":true,"href":"https:\/\/kibrisdakik.com\/index.php?rest_route=%2Fwp%2Fv2%2Fcomments&post=68779"}],"version-history":[{"count":0,"href":"https:\/\/kibrisdakik.com\/index.php?rest_route=\/wp\/v2\/posts\/68779\/revisions"}],"wp:featuredmedia":[{"embeddable":true,"href":"https:\/\/kibrisdakik.com\/index.php?rest_route=\/wp\/v2\/media\/5847"}],"wp:attachment":[{"href":"https:\/\/kibrisdakik.com\/index.php?rest_route=%2Fwp%2Fv2%2Fmedia&parent=68779"}],"wp:term":[{"taxonomy":"category","embeddable":true,"href":"https:\/\/kibrisdakik.com\/index.php?rest_route=%2Fwp%2Fv2%2Fcategories&post=68779"},{"taxonomy":"post_tag","embeddable":true,"href":"https:\/\/kibrisdakik.com\/index.php?rest_route=%2Fwp%2Fv2%2Ftags&post=68779"}],"curies":[{"name":"wp","href":"https:\/\/api.w.org\/{rel}","templated":true}]}}