{"id":68785,"date":"2024-11-11T08:25:41","date_gmt":"2024-11-11T05:25:41","guid":{"rendered":"https:\/\/kibrisdakik.com\/index.php\/2024\/11\/11\/sosyal-medyanin-ruh-sagligi-uzerindeki-etkisi-sanildigi-kadar-guclu-degil\/"},"modified":"2024-11-11T08:25:41","modified_gmt":"2024-11-11T05:25:41","slug":"sosyal-medyanin-ruh-sagligi-uzerindeki-etkisi-sanildigi-kadar-guclu-degil","status":"publish","type":"post","link":"https:\/\/kibrisdakik.com\/?p=68785","title":{"rendered":"Sosyal medyan\u0131n ruh sa\u011fl\u0131\u011f\u0131 \u00fczerindeki etkisi san\u0131ld\u0131\u011f\u0131 kadar g\u00fc\u00e7l\u00fc de\u011fil"},"content":{"rendered":"<p><\/p>\n<div>\n<div class=\"mariselle-image-container center\">\n                <img loading=\"lazy\" decoding=\"async\" width=\"1280\" height=\"720\" class=\"lazy-image\" alt=\"\" sizes=\"auto, (max-width: 1280px) 100vw, 1280px\" src=\"https:\/\/brtk.net\/wp-content\/uploads\/2024\/11\/11\/sosyal-medya-aa-2249489.jpg?ver=caa555ae6c8d4118bb779d8dbd3c31b4\" srcset=\"https:\/\/brtk.net\/wp-content\/uploads\/2024\/11\/11\/sosyal-medya-aa-2249489.jpg?ver=caa555ae6c8d4118bb779d8dbd3c31b4 1280w, https:\/\/brtk.net\/wp-content\/uploads\/2024\/11\/11\/sosyal-medya-aa-2249489-300x169.jpg?ver=1aae5fd660d9cd9801a5f08bcd15d58f 300w, https:\/\/brtk.net\/wp-content\/uploads\/2024\/11\/11\/sosyal-medya-aa-2249489-1024x576.jpg?ver=1aae5fd660d9cd9801a5f08bcd15d58f 1024w, https:\/\/brtk.net\/wp-content\/uploads\/2024\/11\/11\/sosyal-medya-aa-2249489-768x432.jpg?ver=fcf8b84d42691ac6c202f7b43282482d 768w\"\/>                            <\/div>\n<p>Bilim insanlar\u0131 a\u015f\u0131r\u0131 sosyal medya kullan\u0131m\u0131n\u0131n ruh sa\u011fl\u0131\u011f\u0131 \u00fczerinde neredeyse hi\u00e7bir etki yaratmad\u0131\u011f\u0131n\u0131 \u00f6ne s\u00fcrd\u00fc.<\/p>\n<p>Bug\u00fcne kadar yap\u0131lan pek \u00e7ok ara\u015ft\u0131rmada sosyal medyan\u0131n dikkat ve odaklanmay\u0131 olumsuz etkiledi\u011fi, \u00e7ocuklar\u0131n beyin geli\u015fimini sekteye u\u011fratabilece\u011fi ve depresyon gibi sorunlar\u0131n g\u00f6r\u00fclme riskini art\u0131rabilece\u011fi bulunmu\u015ftu.<\/p>\n<p>Fakat Avustralya\u2019daki Curtin \u00dcniversitesi\u2019nin y\u00fcr\u00fctt\u00fc\u011f\u00fc yeni \u00e7al\u0131\u015fmaya g\u00f6re bu platformlar\u0131n ruh sa\u011fl\u0131\u011f\u0131 \u00fczerindeki etkisi san\u0131ld\u0131\u011f\u0131ndan daha karma\u015f\u0131k olabilir.<\/p>\n<p><strong>Yeni \u00e7al\u0131\u015fman\u0131n y\u00f6ntemi: Objektif verilere dayal\u0131 de\u011ferlendirme<\/strong><br \/>\u00d6nceki ara\u015ft\u0131rmalar genellikle kat\u0131l\u0131mc\u0131lar\u0131n kendilerinin bildirdi\u011fi sosyal medya kullan\u0131m s\u00fcrelerine dayan\u0131yordu.<\/p>\n<p>Ancak Curtin \u00dcniversitesi\u2019ndeki ara\u015ft\u0131rma ekibi, bu sefer kat\u0131l\u0131mc\u0131lar\u0131n cep telefonlar\u0131ndaki verilere bakarak TikTok, Instagram, Snapchat, Facebook ve X (eski Twitter) gibi platformlarda ge\u00e7irdikleri s\u00fcreleri bir hafta boyunca objektif bir \u015fekilde inceledi. \u00c7al\u0131\u015fmaya 17-53 ya\u015flar\u0131 aras\u0131nda 425 ki\u015fi kat\u0131ld\u0131 ve bu s\u00fcreler, anksiyete, depresyon, stres ve dikkat kontrol\u00fc testleriyle kar\u015f\u0131la\u015ft\u0131r\u0131ld\u0131.<\/p>\n<p>Social Science &amp; Medicine dergisinde yay\u0131mlanan ara\u015ft\u0131rman\u0131n sonu\u00e7lar\u0131, sosyal medya kullan\u0131m s\u00fcresi ile depresyon ve stres aras\u0131nda bir ili\u015fki olmad\u0131\u011f\u0131n\u0131, anksiyete ile ise yaln\u0131zca zay\u0131f bir ili\u015fki bulundu\u011funu ortaya koydu. Ayr\u0131ca, sosyal medyada daha fazla vakit ge\u00e7irmenin dikkat kontrol\u00fcn\u00fc \u00e7ok az art\u0131rd\u0131\u011f\u0131 g\u00f6zlemlendi.<\/p>\n<p>Ara\u015ft\u0131rman\u0131n ba\u015f yazar\u0131 Chloe Jones, sa\u011fl\u0131kl\u0131 kararlar almak i\u00e7in y\u00fcksek kaliteli verilere ihtiya\u00e7 duyuldu\u011funu belirtti. Jones, \u201cSosyal medyada ge\u00e7irilen zaman\u0131 objektif olarak \u00f6l\u00e7t\u00fc\u011f\u00fcm\u00fczde, etkilerin \u00e7ok k\u00fc\u00e7\u00fck oldu\u011funu ya da hi\u00e7 olmad\u0131\u011f\u0131n\u0131 g\u00f6zlemliyoruz,\u201d ifadelerini kulland\u0131.<\/p>\n<p><strong>Platformdan platforma farkl\u0131 etkiler<\/strong><br \/>Ara\u015ft\u0131rmac\u0131lar, sosyal medyan\u0131n etkilerinin kullan\u0131lan platforma g\u00f6re de\u011fi\u015febilece\u011fini de fark etti. \u00d6rne\u011fin, TikTok kullan\u0131m\u0131yla dikkat kontrol\u00fc aras\u0131nda k\u00fc\u00e7\u00fck bir pozitif ili\u015fki bulunurken, Facebook kullan\u0131m\u0131n\u0131n ise s\u0131k\u0131nt\u0131l\u0131 hissetmeyle ili\u015fkili olabilece\u011fi g\u00f6zlemlendi. Ara\u015ft\u0131rman\u0131n bir di\u011fer yazar\u0131 Patrick Clarke, TikTok kullan\u0131c\u0131lar\u0131n\u0131n genelde gen\u00e7 oldu\u011funu ve bunun dikkat kontrol\u00fcyle ili\u015fkili olabilece\u011fini d\u00fc\u015f\u00fcnd\u00fcklerini, ancak ya\u015f hesaba kat\u0131ld\u0131\u011f\u0131nda bile bu ili\u015fkinin devam etti\u011fini belirtti.<\/p>\n<p>Ekip, bulgular\u0131n sosyal medyan\u0131n tamamen zarars\u0131z oldu\u011fu anlam\u0131na gelmedi\u011fini vurguluyor. Jones, \u00e7evrimi\u00e7i topluluklarla ba\u011flant\u0131 kurman\u0131n izole bir ya\u015fam s\u00fcren bireyler i\u00e7in destekleyici olabilece\u011fini ancak s\u00fcrekli fenomen sayfalar\u0131nda gezinmenin, \u00f6zellikle g\u00f6r\u00fcn\u00fc\u015f kayg\u0131s\u0131 ta\u015f\u0131yan bireyler i\u00e7in zararl\u0131 olabilece\u011fini belirtti.<\/p>\n<p>Clarke da bu bulgular\u0131n yanl\u0131\u015f anla\u015f\u0131lmamas\u0131 gerekti\u011fini vurgulayarak, ara\u015ft\u0131rman\u0131n yaln\u0131zca sosyal medyada ge\u00e7irilen s\u00fcreye odakland\u0131\u011f\u0131n\u0131, dolay\u0131s\u0131yla sosyal medyada ne kadar zaman ge\u00e7irildi\u011finden ziyade, platformlarla nas\u0131l etkile\u015fim kuruldu\u011funun ruh sa\u011fl\u0131\u011f\u0131 a\u00e7\u0131s\u0131ndan daha \u00f6nemli olabilece\u011fine dikkat \u00e7ekti.<\/p>\n<\/p><\/div>\n<p><script async\n                    defer\n                    crossorigin=\"anonymous\"\n                    src=\"https:\/\/connect.facebook.net\/tr_TR\/sdk.js#xfbml=1&#038;version=v3.3\"\n            ><\/script><\/p>\n","protected":false},"excerpt":{"rendered":"<p>Bilim insanlar\u0131 a\u015f\u0131r\u0131 sosyal medya kullan\u0131m\u0131n\u0131n ruh sa\u011fl\u0131\u011f\u0131 \u00fczerinde neredeyse hi\u00e7bir etki yaratmad\u0131\u011f\u0131n\u0131 \u00f6ne s\u00fcrd\u00fc. Bug\u00fcne kadar yap\u0131lan pek \u00e7ok ara\u015ft\u0131rmada sosyal medyan\u0131n dikkat ve odaklanmay\u0131 olumsuz etkiledi\u011fi, \u00e7ocuklar\u0131n beyin geli\u015fimini sekteye u\u011fratabilece\u011fi ve depresyon gibi sorunlar\u0131n g\u00f6r\u00fclme riskini art\u0131rabilece\u011fi bulunmu\u015ftu. Fakat Avustralya\u2019daki Curtin \u00dcniversitesi\u2019nin y\u00fcr\u00fctt\u00fc\u011f\u00fc yeni \u00e7al\u0131\u015fmaya g\u00f6re bu platformlar\u0131n ruh sa\u011fl\u0131\u011f\u0131 \u00fczerindeki etkisi<\/p>\n","protected":false},"author":1,"featured_media":68786,"comment_status":"open","ping_status":"open","sticky":false,"template":"","format":"standard","meta":{"footnotes":""},"categories":[1],"tags":[],"class_list":["post-68785","post","type-post","status-publish","format-standard","has-post-thumbnail","hentry","category-gundem"],"yoast_head":"<!-- This site is optimized with the Yoast SEO plugin v27.5 - https:\/\/yoast.com\/product\/yoast-seo-wordpress\/ -->\n<title>Sosyal medyan\u0131n ruh sa\u011fl\u0131\u011f\u0131 \u00fczerindeki etkisi san\u0131ld\u0131\u011f\u0131 kadar g\u00fc\u00e7l\u00fc de\u011fil -<\/title>\n<meta name=\"robots\" content=\"index, follow, max-snippet:-1, max-image-preview:large, max-video-preview:-1\" \/>\n<link rel=\"canonical\" href=\"https:\/\/kibrisdakik.com\/?p=68785\" \/>\n<meta property=\"og:locale\" content=\"tr_TR\" \/>\n<meta property=\"og:type\" content=\"article\" \/>\n<meta property=\"og:title\" content=\"Sosyal medyan\u0131n ruh sa\u011fl\u0131\u011f\u0131 \u00fczerindeki etkisi san\u0131ld\u0131\u011f\u0131 kadar g\u00fc\u00e7l\u00fc de\u011fil -\" \/>\n<meta property=\"og:description\" content=\"Bilim insanlar\u0131 a\u015f\u0131r\u0131 sosyal medya kullan\u0131m\u0131n\u0131n ruh sa\u011fl\u0131\u011f\u0131 \u00fczerinde neredeyse hi\u00e7bir etki yaratmad\u0131\u011f\u0131n\u0131 \u00f6ne s\u00fcrd\u00fc. Bug\u00fcne kadar yap\u0131lan pek \u00e7ok ara\u015ft\u0131rmada sosyal medyan\u0131n dikkat ve odaklanmay\u0131 olumsuz etkiledi\u011fi, \u00e7ocuklar\u0131n beyin geli\u015fimini sekteye u\u011fratabilece\u011fi ve depresyon gibi sorunlar\u0131n g\u00f6r\u00fclme riskini art\u0131rabilece\u011fi bulunmu\u015ftu. Fakat Avustralya\u2019daki Curtin \u00dcniversitesi\u2019nin y\u00fcr\u00fctt\u00fc\u011f\u00fc yeni \u00e7al\u0131\u015fmaya g\u00f6re bu platformlar\u0131n ruh sa\u011fl\u0131\u011f\u0131 \u00fczerindeki etkisi\" \/>\n<meta property=\"og:url\" content=\"https:\/\/kibrisdakik.com\/?p=68785\" \/>\n<meta property=\"article:published_time\" content=\"2024-11-11T05:25:41+00:00\" \/>\n<meta property=\"og:image\" content=\"https:\/\/kibrisdakik.com\/wp-content\/uploads\/2024\/11\/sosyal-medya-aa-2249489-740x420.jpg\" \/>\n\t<meta property=\"og:image:width\" content=\"1280\" \/>\n\t<meta property=\"og:image:height\" content=\"720\" \/>\n\t<meta property=\"og:image:type\" content=\"image\/jpeg\" \/>\n<meta name=\"author\" content=\"admin\" \/>\n<meta name=\"twitter:card\" content=\"summary_large_image\" \/>\n<meta name=\"twitter:label1\" content=\"Yazan:\" \/>\n\t<meta name=\"twitter:data1\" content=\"admin\" \/>\n\t<meta name=\"twitter:label2\" content=\"Tahmini okuma s\u00fcresi\" \/>\n\t<meta name=\"twitter:data2\" content=\"3 dakika\" \/>\n<script type=\"application\/ld+json\" class=\"yoast-schema-graph\">{\"@context\":\"https:\\\/\\\/schema.org\",\"@graph\":[{\"@type\":\"Article\",\"@id\":\"https:\\\/\\\/kibrisdakik.com\\\/?p=68785#article\",\"isPartOf\":{\"@id\":\"https:\\\/\\\/kibrisdakik.com\\\/?p=68785\"},\"author\":{\"name\":\"admin\",\"@id\":\"https:\\\/\\\/kibrisdakik.com\\\/#\\\/schema\\\/person\\\/9cd9d437bbb44f72b73ba127e06d8e79\"},\"headline\":\"Sosyal medyan\u0131n ruh sa\u011fl\u0131\u011f\u0131 \u00fczerindeki etkisi san\u0131ld\u0131\u011f\u0131 kadar g\u00fc\u00e7l\u00fc de\u011fil\",\"datePublished\":\"2024-11-11T05:25:41+00:00\",\"mainEntityOfPage\":{\"@id\":\"https:\\\/\\\/kibrisdakik.com\\\/?p=68785\"},\"wordCount\":539,\"commentCount\":0,\"image\":{\"@id\":\"https:\\\/\\\/kibrisdakik.com\\\/?p=68785#primaryimage\"},\"thumbnailUrl\":\"https:\\\/\\\/kibrisdakik.com\\\/wp-content\\\/uploads\\\/2024\\\/11\\\/sosyal-medya-aa-2249489-740x420.jpg\",\"articleSection\":[\"G\u00fcndem\"],\"inLanguage\":\"tr\",\"potentialAction\":[{\"@type\":\"CommentAction\",\"name\":\"Comment\",\"target\":[\"https:\\\/\\\/kibrisdakik.com\\\/?p=68785#respond\"]}]},{\"@type\":\"WebPage\",\"@id\":\"https:\\\/\\\/kibrisdakik.com\\\/?p=68785\",\"url\":\"https:\\\/\\\/kibrisdakik.com\\\/?p=68785\",\"name\":\"Sosyal medyan\u0131n ruh sa\u011fl\u0131\u011f\u0131 \u00fczerindeki etkisi san\u0131ld\u0131\u011f\u0131 kadar g\u00fc\u00e7l\u00fc de\u011fil -\",\"isPartOf\":{\"@id\":\"https:\\\/\\\/kibrisdakik.com\\\/#website\"},\"primaryImageOfPage\":{\"@id\":\"https:\\\/\\\/kibrisdakik.com\\\/?p=68785#primaryimage\"},\"image\":{\"@id\":\"https:\\\/\\\/kibrisdakik.com\\\/?p=68785#primaryimage\"},\"thumbnailUrl\":\"https:\\\/\\\/kibrisdakik.com\\\/wp-content\\\/uploads\\\/2024\\\/11\\\/sosyal-medya-aa-2249489-740x420.jpg\",\"datePublished\":\"2024-11-11T05:25:41+00:00\",\"author\":{\"@id\":\"https:\\\/\\\/kibrisdakik.com\\\/#\\\/schema\\\/person\\\/9cd9d437bbb44f72b73ba127e06d8e79\"},\"breadcrumb\":{\"@id\":\"https:\\\/\\\/kibrisdakik.com\\\/?p=68785#breadcrumb\"},\"inLanguage\":\"tr\",\"potentialAction\":[{\"@type\":\"ReadAction\",\"target\":[\"https:\\\/\\\/kibrisdakik.com\\\/?p=68785\"]}]},{\"@type\":\"ImageObject\",\"inLanguage\":\"tr\",\"@id\":\"https:\\\/\\\/kibrisdakik.com\\\/?p=68785#primaryimage\",\"url\":\"https:\\\/\\\/kibrisdakik.com\\\/wp-content\\\/uploads\\\/2024\\\/11\\\/sosyal-medya-aa-2249489-740x420.jpg\",\"contentUrl\":\"https:\\\/\\\/kibrisdakik.com\\\/wp-content\\\/uploads\\\/2024\\\/11\\\/sosyal-medya-aa-2249489-740x420.jpg\",\"width\":1280,\"height\":720},{\"@type\":\"BreadcrumbList\",\"@id\":\"https:\\\/\\\/kibrisdakik.com\\\/?p=68785#breadcrumb\",\"itemListElement\":[{\"@type\":\"ListItem\",\"position\":1,\"name\":\"Home\",\"item\":\"https:\\\/\\\/kibrisdakik.com\\\/\"},{\"@type\":\"ListItem\",\"position\":2,\"name\":\"Sosyal medyan\u0131n ruh sa\u011fl\u0131\u011f\u0131 \u00fczerindeki etkisi san\u0131ld\u0131\u011f\u0131 kadar g\u00fc\u00e7l\u00fc de\u011fil\"}]},{\"@type\":\"WebSite\",\"@id\":\"https:\\\/\\\/kibrisdakik.com\\\/#website\",\"url\":\"https:\\\/\\\/kibrisdakik.com\\\/\",\"name\":\"\",\"description\":\"Tam vaktinde haber\",\"potentialAction\":[{\"@type\":\"SearchAction\",\"target\":{\"@type\":\"EntryPoint\",\"urlTemplate\":\"https:\\\/\\\/kibrisdakik.com\\\/?s={search_term_string}\"},\"query-input\":{\"@type\":\"PropertyValueSpecification\",\"valueRequired\":true,\"valueName\":\"search_term_string\"}}],\"inLanguage\":\"tr\"},{\"@type\":\"Person\",\"@id\":\"https:\\\/\\\/kibrisdakik.com\\\/#\\\/schema\\\/person\\\/9cd9d437bbb44f72b73ba127e06d8e79\",\"name\":\"admin\",\"image\":{\"@type\":\"ImageObject\",\"inLanguage\":\"tr\",\"@id\":\"https:\\\/\\\/secure.gravatar.com\\\/avatar\\\/ccc17943b9d660506c869530f897617f7cb1c21a4bf30023f252596d83e1f007?s=96&d=mm&r=g\",\"url\":\"https:\\\/\\\/secure.gravatar.com\\\/avatar\\\/ccc17943b9d660506c869530f897617f7cb1c21a4bf30023f252596d83e1f007?s=96&d=mm&r=g\",\"contentUrl\":\"https:\\\/\\\/secure.gravatar.com\\\/avatar\\\/ccc17943b9d660506c869530f897617f7cb1c21a4bf30023f252596d83e1f007?s=96&d=mm&r=g\",\"caption\":\"admin\"},\"sameAs\":[\"https:\\\/\\\/kibrisdakik.com\"],\"url\":\"https:\\\/\\\/kibrisdakik.com\\\/?author=1\"}]}<\/script>\n<!-- \/ Yoast SEO plugin. -->","yoast_head_json":{"title":"Sosyal medyan\u0131n ruh sa\u011fl\u0131\u011f\u0131 \u00fczerindeki etkisi san\u0131ld\u0131\u011f\u0131 kadar g\u00fc\u00e7l\u00fc de\u011fil -","robots":{"index":"index","follow":"follow","max-snippet":"max-snippet:-1","max-image-preview":"max-image-preview:large","max-video-preview":"max-video-preview:-1"},"canonical":"https:\/\/kibrisdakik.com\/?p=68785","og_locale":"tr_TR","og_type":"article","og_title":"Sosyal medyan\u0131n ruh sa\u011fl\u0131\u011f\u0131 \u00fczerindeki etkisi san\u0131ld\u0131\u011f\u0131 kadar g\u00fc\u00e7l\u00fc de\u011fil -","og_description":"Bilim insanlar\u0131 a\u015f\u0131r\u0131 sosyal medya kullan\u0131m\u0131n\u0131n ruh sa\u011fl\u0131\u011f\u0131 \u00fczerinde neredeyse hi\u00e7bir etki yaratmad\u0131\u011f\u0131n\u0131 \u00f6ne s\u00fcrd\u00fc. Bug\u00fcne kadar yap\u0131lan pek \u00e7ok ara\u015ft\u0131rmada sosyal medyan\u0131n dikkat ve odaklanmay\u0131 olumsuz etkiledi\u011fi, \u00e7ocuklar\u0131n beyin geli\u015fimini sekteye u\u011fratabilece\u011fi ve depresyon gibi sorunlar\u0131n g\u00f6r\u00fclme riskini art\u0131rabilece\u011fi bulunmu\u015ftu. Fakat Avustralya\u2019daki Curtin \u00dcniversitesi\u2019nin y\u00fcr\u00fctt\u00fc\u011f\u00fc yeni \u00e7al\u0131\u015fmaya g\u00f6re bu platformlar\u0131n ruh sa\u011fl\u0131\u011f\u0131 \u00fczerindeki etkisi","og_url":"https:\/\/kibrisdakik.com\/?p=68785","article_published_time":"2024-11-11T05:25:41+00:00","og_image":[{"width":1280,"height":720,"url":"https:\/\/kibrisdakik.com\/wp-content\/uploads\/2024\/11\/sosyal-medya-aa-2249489-740x420.jpg","type":"image\/jpeg"}],"author":"admin","twitter_card":"summary_large_image","twitter_misc":{"Yazan:":"admin","Tahmini okuma s\u00fcresi":"3 dakika"},"schema":{"@context":"https:\/\/schema.org","@graph":[{"@type":"Article","@id":"https:\/\/kibrisdakik.com\/?p=68785#article","isPartOf":{"@id":"https:\/\/kibrisdakik.com\/?p=68785"},"author":{"name":"admin","@id":"https:\/\/kibrisdakik.com\/#\/schema\/person\/9cd9d437bbb44f72b73ba127e06d8e79"},"headline":"Sosyal medyan\u0131n ruh sa\u011fl\u0131\u011f\u0131 \u00fczerindeki etkisi san\u0131ld\u0131\u011f\u0131 kadar g\u00fc\u00e7l\u00fc de\u011fil","datePublished":"2024-11-11T05:25:41+00:00","mainEntityOfPage":{"@id":"https:\/\/kibrisdakik.com\/?p=68785"},"wordCount":539,"commentCount":0,"image":{"@id":"https:\/\/kibrisdakik.com\/?p=68785#primaryimage"},"thumbnailUrl":"https:\/\/kibrisdakik.com\/wp-content\/uploads\/2024\/11\/sosyal-medya-aa-2249489-740x420.jpg","articleSection":["G\u00fcndem"],"inLanguage":"tr","potentialAction":[{"@type":"CommentAction","name":"Comment","target":["https:\/\/kibrisdakik.com\/?p=68785#respond"]}]},{"@type":"WebPage","@id":"https:\/\/kibrisdakik.com\/?p=68785","url":"https:\/\/kibrisdakik.com\/?p=68785","name":"Sosyal medyan\u0131n ruh sa\u011fl\u0131\u011f\u0131 \u00fczerindeki etkisi san\u0131ld\u0131\u011f\u0131 kadar g\u00fc\u00e7l\u00fc de\u011fil -","isPartOf":{"@id":"https:\/\/kibrisdakik.com\/#website"},"primaryImageOfPage":{"@id":"https:\/\/kibrisdakik.com\/?p=68785#primaryimage"},"image":{"@id":"https:\/\/kibrisdakik.com\/?p=68785#primaryimage"},"thumbnailUrl":"https:\/\/kibrisdakik.com\/wp-content\/uploads\/2024\/11\/sosyal-medya-aa-2249489-740x420.jpg","datePublished":"2024-11-11T05:25:41+00:00","author":{"@id":"https:\/\/kibrisdakik.com\/#\/schema\/person\/9cd9d437bbb44f72b73ba127e06d8e79"},"breadcrumb":{"@id":"https:\/\/kibrisdakik.com\/?p=68785#breadcrumb"},"inLanguage":"tr","potentialAction":[{"@type":"ReadAction","target":["https:\/\/kibrisdakik.com\/?p=68785"]}]},{"@type":"ImageObject","inLanguage":"tr","@id":"https:\/\/kibrisdakik.com\/?p=68785#primaryimage","url":"https:\/\/kibrisdakik.com\/wp-content\/uploads\/2024\/11\/sosyal-medya-aa-2249489-740x420.jpg","contentUrl":"https:\/\/kibrisdakik.com\/wp-content\/uploads\/2024\/11\/sosyal-medya-aa-2249489-740x420.jpg","width":1280,"height":720},{"@type":"BreadcrumbList","@id":"https:\/\/kibrisdakik.com\/?p=68785#breadcrumb","itemListElement":[{"@type":"ListItem","position":1,"name":"Home","item":"https:\/\/kibrisdakik.com\/"},{"@type":"ListItem","position":2,"name":"Sosyal medyan\u0131n ruh sa\u011fl\u0131\u011f\u0131 \u00fczerindeki etkisi san\u0131ld\u0131\u011f\u0131 kadar g\u00fc\u00e7l\u00fc de\u011fil"}]},{"@type":"WebSite","@id":"https:\/\/kibrisdakik.com\/#website","url":"https:\/\/kibrisdakik.com\/","name":"","description":"Tam vaktinde haber","potentialAction":[{"@type":"SearchAction","target":{"@type":"EntryPoint","urlTemplate":"https:\/\/kibrisdakik.com\/?s={search_term_string}"},"query-input":{"@type":"PropertyValueSpecification","valueRequired":true,"valueName":"search_term_string"}}],"inLanguage":"tr"},{"@type":"Person","@id":"https:\/\/kibrisdakik.com\/#\/schema\/person\/9cd9d437bbb44f72b73ba127e06d8e79","name":"admin","image":{"@type":"ImageObject","inLanguage":"tr","@id":"https:\/\/secure.gravatar.com\/avatar\/ccc17943b9d660506c869530f897617f7cb1c21a4bf30023f252596d83e1f007?s=96&d=mm&r=g","url":"https:\/\/secure.gravatar.com\/avatar\/ccc17943b9d660506c869530f897617f7cb1c21a4bf30023f252596d83e1f007?s=96&d=mm&r=g","contentUrl":"https:\/\/secure.gravatar.com\/avatar\/ccc17943b9d660506c869530f897617f7cb1c21a4bf30023f252596d83e1f007?s=96&d=mm&r=g","caption":"admin"},"sameAs":["https:\/\/kibrisdakik.com"],"url":"https:\/\/kibrisdakik.com\/?author=1"}]}},"_links":{"self":[{"href":"https:\/\/kibrisdakik.com\/index.php?rest_route=\/wp\/v2\/posts\/68785","targetHints":{"allow":["GET"]}}],"collection":[{"href":"https:\/\/kibrisdakik.com\/index.php?rest_route=\/wp\/v2\/posts"}],"about":[{"href":"https:\/\/kibrisdakik.com\/index.php?rest_route=\/wp\/v2\/types\/post"}],"author":[{"embeddable":true,"href":"https:\/\/kibrisdakik.com\/index.php?rest_route=\/wp\/v2\/users\/1"}],"replies":[{"embeddable":true,"href":"https:\/\/kibrisdakik.com\/index.php?rest_route=%2Fwp%2Fv2%2Fcomments&post=68785"}],"version-history":[{"count":0,"href":"https:\/\/kibrisdakik.com\/index.php?rest_route=\/wp\/v2\/posts\/68785\/revisions"}],"wp:featuredmedia":[{"embeddable":true,"href":"https:\/\/kibrisdakik.com\/index.php?rest_route=\/wp\/v2\/media\/68786"}],"wp:attachment":[{"href":"https:\/\/kibrisdakik.com\/index.php?rest_route=%2Fwp%2Fv2%2Fmedia&parent=68785"}],"wp:term":[{"taxonomy":"category","embeddable":true,"href":"https:\/\/kibrisdakik.com\/index.php?rest_route=%2Fwp%2Fv2%2Fcategories&post=68785"},{"taxonomy":"post_tag","embeddable":true,"href":"https:\/\/kibrisdakik.com\/index.php?rest_route=%2Fwp%2Fv2%2Ftags&post=68785"}],"curies":[{"name":"wp","href":"https:\/\/api.w.org\/{rel}","templated":true}]}}