{"id":68791,"date":"2024-11-11T13:35:38","date_gmt":"2024-11-11T10:35:38","guid":{"rendered":"https:\/\/kibrisdakik.com\/?p=68791"},"modified":"2024-11-11T13:35:38","modified_gmt":"2024-11-11T10:35:38","slug":"uluslararasi-kuzey-kibris-muzik-festivalinde-piyanist-andrievskaya-resital-verecek","status":"publish","type":"post","link":"https:\/\/kibrisdakik.com\/?p=68791","title":{"rendered":"Uluslararas\u0131 Kuzey K\u0131br\u0131s M\u00fczik Festivali\u2019nde Piyanist Andrievskaya resital verecek"},"content":{"rendered":"<p> <br \/>\n<\/p>\n<div>\n<div class=\"mariselle-image-container center\">\n                <img loading=\"lazy\" decoding=\"async\" width=\"1080\" height=\"608\" class=\"lazy-image\" alt=\"\" sizes=\"auto, (max-width: 1080px) 100vw, 1080px\" src=\"https:\/\/brtk.net\/wp-content\/uploads\/2024\/11\/11\/2323.jpg?ver=898c9c69f0e8157b3676c27f74926420\" srcset=\"https:\/\/brtk.net\/wp-content\/uploads\/2024\/11\/11\/2323.jpg?ver=898c9c69f0e8157b3676c27f74926420 1080w, https:\/\/brtk.net\/wp-content\/uploads\/2024\/11\/11\/2323-300x169.jpg?ver=8e50754242a26b1b70a5481dacb2b1b5 300w, https:\/\/brtk.net\/wp-content\/uploads\/2024\/11\/11\/2323-1024x576.jpg?ver=8e50754242a26b1b70a5481dacb2b1b5 1024w, https:\/\/brtk.net\/wp-content\/uploads\/2024\/11\/11\/2323-768x432.jpg?ver=8e50754242a26b1b70a5481dacb2b1b5 768w\"\/>                            <\/div>\n<p>Uluslararas\u0131 Kuzey K\u0131br\u0131s M\u00fczik Festivali \u00e7er\u00e7evesinde 13 Kas\u0131m \u00c7ar\u015famba ak\u015fam\u0131 \u201cAnastasiia Andrievskaya Piyano Resitali\u201d yer alacak.<\/p>\n<p>Kuzey K\u0131br\u0131s M\u00fczik Derne\u011fi\u2019nin her y\u0131l d\u00fczenledi\u011fi festival, bu y\u0131l Ba\u015fbakan Yard\u0131mc\u0131l\u0131\u011f\u0131 Turizm K\u00fclt\u00fcr  Gen\u00e7lik ve \u00c7evre Bakanl\u0131\u011f\u0131, Deniz Plaza, Rocks Hotel, Bellapais Gardens, Kybele ve Huzur A\u011fa\u00e7 katk\u0131lar\u0131yla yap\u0131l\u0131yor.<\/p>\n<p>Piyanist, Besteci, Y\u00f6netmen, koreograf ve \u015eair Anastasiia Andrievskaya 13 Kas\u0131m \u00c7ar\u015famba ak\u015fam\u0131 saat 20.30\u2032 da verece\u011fi piyano resitalinde Johann Sebastian Bach\u2019 \u0131n eserleri yan\u0131nda \u00e7a\u011fda\u015f besteciler; Jean Cras, Erik Satie, Avro P\u00e4rt, Valentin Silvestrov, Giya Kancheli ve Philip Glass\u2019 \u0131n eserlerini de seslendirecek.<\/p>\n<p>Festival 16 Kas\u0131m Cumartesi ak\u015fam\u0131 Lefko\u015fa Belediye Orkestras\u0131 Konseri ile sona erecek.<\/p>\n<p>T\u00fcm konserlerin biletlerine Deniz Plazalardan, Bellapais Manast\u0131r\u0131 bilet ofisinden ve online olarak Biletfest.com ile Gisekibris.com dan ula\u015f\u0131labiliyor.<\/p>\n<\/p><\/div>\n<p><script async\n                    defer\n                    crossorigin=\"anonymous\"\n                    src=\"https:\/\/connect.facebook.net\/tr_TR\/sdk.js#xfbml=1&#038;version=v3.3\"\n            ><\/script><br \/>\n<br \/><br \/>\n<br \/><a href=\"https:\/\/brtk.net\/uluslararasi-kuzey-kibris-muzik-festivalinde-piyanist-andrievskaya-resital-verecek\/\">kpostasi <\/a><\/p>\n","protected":false},"excerpt":{"rendered":"<p>Uluslararas\u0131 Kuzey K\u0131br\u0131s M\u00fczik Festivali \u00e7er\u00e7evesinde 13 Kas\u0131m \u00c7ar\u015famba ak\u015fam\u0131 \u201cAnastasiia Andrievskaya Piyano Resitali\u201d yer alacak. Kuzey K\u0131br\u0131s M\u00fczik Derne\u011fi\u2019nin her y\u0131l d\u00fczenledi\u011fi festival, bu y\u0131l Ba\u015fbakan Yard\u0131mc\u0131l\u0131\u011f\u0131 Turizm K\u00fclt\u00fcr Gen\u00e7lik ve \u00c7evre Bakanl\u0131\u011f\u0131, Deniz Plaza, Rocks Hotel, Bellapais Gardens, Kybele ve Huzur A\u011fa\u00e7 katk\u0131lar\u0131yla yap\u0131l\u0131yor. Piyanist, Besteci, Y\u00f6netmen, koreograf ve \u015eair Anastasiia Andrievskaya 13<\/p>\n","protected":false},"author":1,"featured_media":68792,"comment_status":"open","ping_status":"open","sticky":false,"template":"","format":"standard","meta":{"footnotes":""},"categories":[1,81],"tags":[],"class_list":["post-68791","post","type-post","status-publish","format-standard","has-post-thumbnail","hentry","category-gundem","category-kibris"],"yoast_head":"<!-- This site is optimized with the Yoast SEO plugin v27.5 - https:\/\/yoast.com\/product\/yoast-seo-wordpress\/ -->\n<title>Uluslararas\u0131 Kuzey K\u0131br\u0131s M\u00fczik Festivali\u2019nde Piyanist Andrievskaya resital verecek -<\/title>\n<meta name=\"robots\" content=\"index, follow, max-snippet:-1, max-image-preview:large, max-video-preview:-1\" \/>\n<link rel=\"canonical\" href=\"https:\/\/kibrisdakik.com\/?p=68791\" \/>\n<meta property=\"og:locale\" content=\"tr_TR\" \/>\n<meta property=\"og:type\" content=\"article\" \/>\n<meta property=\"og:title\" content=\"Uluslararas\u0131 Kuzey K\u0131br\u0131s M\u00fczik Festivali\u2019nde Piyanist Andrievskaya resital verecek -\" \/>\n<meta property=\"og:description\" content=\"Uluslararas\u0131 Kuzey K\u0131br\u0131s M\u00fczik Festivali \u00e7er\u00e7evesinde 13 Kas\u0131m \u00c7ar\u015famba ak\u015fam\u0131 \u201cAnastasiia Andrievskaya Piyano Resitali\u201d yer alacak. Kuzey K\u0131br\u0131s M\u00fczik Derne\u011fi\u2019nin her y\u0131l d\u00fczenledi\u011fi festival, bu y\u0131l Ba\u015fbakan Yard\u0131mc\u0131l\u0131\u011f\u0131 Turizm K\u00fclt\u00fcr Gen\u00e7lik ve \u00c7evre Bakanl\u0131\u011f\u0131, Deniz Plaza, Rocks Hotel, Bellapais Gardens, Kybele ve Huzur A\u011fa\u00e7 katk\u0131lar\u0131yla yap\u0131l\u0131yor. Piyanist, Besteci, Y\u00f6netmen, koreograf ve \u015eair Anastasiia Andrievskaya 13\" \/>\n<meta property=\"og:url\" content=\"https:\/\/kibrisdakik.com\/?p=68791\" \/>\n<meta property=\"article:published_time\" content=\"2024-11-11T10:35:38+00:00\" \/>\n<meta property=\"og:image\" content=\"https:\/\/kibrisdakik.com\/wp-content\/uploads\/2024\/11\/2323-740x420.jpg\" \/>\n\t<meta property=\"og:image:width\" content=\"1080\" \/>\n\t<meta property=\"og:image:height\" content=\"608\" \/>\n\t<meta property=\"og:image:type\" content=\"image\/jpeg\" \/>\n<meta name=\"author\" content=\"admin\" \/>\n<meta name=\"twitter:card\" content=\"summary_large_image\" \/>\n<meta name=\"twitter:label1\" content=\"Yazan:\" \/>\n\t<meta name=\"twitter:data1\" content=\"admin\" \/>\n\t<meta name=\"twitter:label2\" content=\"Tahmini okuma s\u00fcresi\" \/>\n\t<meta name=\"twitter:data2\" content=\"1 dakika\" \/>\n<script type=\"application\/ld+json\" class=\"yoast-schema-graph\">{\"@context\":\"https:\\\/\\\/schema.org\",\"@graph\":[{\"@type\":\"Article\",\"@id\":\"https:\\\/\\\/kibrisdakik.com\\\/?p=68791#article\",\"isPartOf\":{\"@id\":\"https:\\\/\\\/kibrisdakik.com\\\/?p=68791\"},\"author\":{\"name\":\"admin\",\"@id\":\"https:\\\/\\\/kibrisdakik.com\\\/#\\\/schema\\\/person\\\/9cd9d437bbb44f72b73ba127e06d8e79\"},\"headline\":\"Uluslararas\u0131 Kuzey K\u0131br\u0131s M\u00fczik Festivali\u2019nde Piyanist Andrievskaya resital verecek\",\"datePublished\":\"2024-11-11T10:35:38+00:00\",\"mainEntityOfPage\":{\"@id\":\"https:\\\/\\\/kibrisdakik.com\\\/?p=68791\"},\"wordCount\":173,\"commentCount\":0,\"image\":{\"@id\":\"https:\\\/\\\/kibrisdakik.com\\\/?p=68791#primaryimage\"},\"thumbnailUrl\":\"https:\\\/\\\/kibrisdakik.com\\\/wp-content\\\/uploads\\\/2024\\\/11\\\/2323-740x420.jpg\",\"articleSection\":[\"G\u00fcndem\",\"K\u0131br\u0131s\"],\"inLanguage\":\"tr\",\"potentialAction\":[{\"@type\":\"CommentAction\",\"name\":\"Comment\",\"target\":[\"https:\\\/\\\/kibrisdakik.com\\\/?p=68791#respond\"]}]},{\"@type\":\"WebPage\",\"@id\":\"https:\\\/\\\/kibrisdakik.com\\\/?p=68791\",\"url\":\"https:\\\/\\\/kibrisdakik.com\\\/?p=68791\",\"name\":\"Uluslararas\u0131 Kuzey K\u0131br\u0131s M\u00fczik Festivali\u2019nde Piyanist Andrievskaya resital verecek -\",\"isPartOf\":{\"@id\":\"https:\\\/\\\/kibrisdakik.com\\\/#website\"},\"primaryImageOfPage\":{\"@id\":\"https:\\\/\\\/kibrisdakik.com\\\/?p=68791#primaryimage\"},\"image\":{\"@id\":\"https:\\\/\\\/kibrisdakik.com\\\/?p=68791#primaryimage\"},\"thumbnailUrl\":\"https:\\\/\\\/kibrisdakik.com\\\/wp-content\\\/uploads\\\/2024\\\/11\\\/2323-740x420.jpg\",\"datePublished\":\"2024-11-11T10:35:38+00:00\",\"author\":{\"@id\":\"https:\\\/\\\/kibrisdakik.com\\\/#\\\/schema\\\/person\\\/9cd9d437bbb44f72b73ba127e06d8e79\"},\"breadcrumb\":{\"@id\":\"https:\\\/\\\/kibrisdakik.com\\\/?p=68791#breadcrumb\"},\"inLanguage\":\"tr\",\"potentialAction\":[{\"@type\":\"ReadAction\",\"target\":[\"https:\\\/\\\/kibrisdakik.com\\\/?p=68791\"]}]},{\"@type\":\"ImageObject\",\"inLanguage\":\"tr\",\"@id\":\"https:\\\/\\\/kibrisdakik.com\\\/?p=68791#primaryimage\",\"url\":\"https:\\\/\\\/kibrisdakik.com\\\/wp-content\\\/uploads\\\/2024\\\/11\\\/2323-740x420.jpg\",\"contentUrl\":\"https:\\\/\\\/kibrisdakik.com\\\/wp-content\\\/uploads\\\/2024\\\/11\\\/2323-740x420.jpg\",\"width\":1080,\"height\":608},{\"@type\":\"BreadcrumbList\",\"@id\":\"https:\\\/\\\/kibrisdakik.com\\\/?p=68791#breadcrumb\",\"itemListElement\":[{\"@type\":\"ListItem\",\"position\":1,\"name\":\"Home\",\"item\":\"https:\\\/\\\/kibrisdakik.com\\\/\"},{\"@type\":\"ListItem\",\"position\":2,\"name\":\"Uluslararas\u0131 Kuzey K\u0131br\u0131s M\u00fczik Festivali\u2019nde Piyanist Andrievskaya resital verecek\"}]},{\"@type\":\"WebSite\",\"@id\":\"https:\\\/\\\/kibrisdakik.com\\\/#website\",\"url\":\"https:\\\/\\\/kibrisdakik.com\\\/\",\"name\":\"\",\"description\":\"Tam vaktinde haber\",\"potentialAction\":[{\"@type\":\"SearchAction\",\"target\":{\"@type\":\"EntryPoint\",\"urlTemplate\":\"https:\\\/\\\/kibrisdakik.com\\\/?s={search_term_string}\"},\"query-input\":{\"@type\":\"PropertyValueSpecification\",\"valueRequired\":true,\"valueName\":\"search_term_string\"}}],\"inLanguage\":\"tr\"},{\"@type\":\"Person\",\"@id\":\"https:\\\/\\\/kibrisdakik.com\\\/#\\\/schema\\\/person\\\/9cd9d437bbb44f72b73ba127e06d8e79\",\"name\":\"admin\",\"image\":{\"@type\":\"ImageObject\",\"inLanguage\":\"tr\",\"@id\":\"https:\\\/\\\/secure.gravatar.com\\\/avatar\\\/ccc17943b9d660506c869530f897617f7cb1c21a4bf30023f252596d83e1f007?s=96&d=mm&r=g\",\"url\":\"https:\\\/\\\/secure.gravatar.com\\\/avatar\\\/ccc17943b9d660506c869530f897617f7cb1c21a4bf30023f252596d83e1f007?s=96&d=mm&r=g\",\"contentUrl\":\"https:\\\/\\\/secure.gravatar.com\\\/avatar\\\/ccc17943b9d660506c869530f897617f7cb1c21a4bf30023f252596d83e1f007?s=96&d=mm&r=g\",\"caption\":\"admin\"},\"sameAs\":[\"https:\\\/\\\/kibrisdakik.com\"],\"url\":\"https:\\\/\\\/kibrisdakik.com\\\/?author=1\"}]}<\/script>\n<!-- \/ Yoast SEO plugin. -->","yoast_head_json":{"title":"Uluslararas\u0131 Kuzey K\u0131br\u0131s M\u00fczik Festivali\u2019nde Piyanist Andrievskaya resital verecek -","robots":{"index":"index","follow":"follow","max-snippet":"max-snippet:-1","max-image-preview":"max-image-preview:large","max-video-preview":"max-video-preview:-1"},"canonical":"https:\/\/kibrisdakik.com\/?p=68791","og_locale":"tr_TR","og_type":"article","og_title":"Uluslararas\u0131 Kuzey K\u0131br\u0131s M\u00fczik Festivali\u2019nde Piyanist Andrievskaya resital verecek -","og_description":"Uluslararas\u0131 Kuzey K\u0131br\u0131s M\u00fczik Festivali \u00e7er\u00e7evesinde 13 Kas\u0131m \u00c7ar\u015famba ak\u015fam\u0131 \u201cAnastasiia Andrievskaya Piyano Resitali\u201d yer alacak. Kuzey K\u0131br\u0131s M\u00fczik Derne\u011fi\u2019nin her y\u0131l d\u00fczenledi\u011fi festival, bu y\u0131l Ba\u015fbakan Yard\u0131mc\u0131l\u0131\u011f\u0131 Turizm K\u00fclt\u00fcr Gen\u00e7lik ve \u00c7evre Bakanl\u0131\u011f\u0131, Deniz Plaza, Rocks Hotel, Bellapais Gardens, Kybele ve Huzur A\u011fa\u00e7 katk\u0131lar\u0131yla yap\u0131l\u0131yor. Piyanist, Besteci, Y\u00f6netmen, koreograf ve \u015eair Anastasiia Andrievskaya 13","og_url":"https:\/\/kibrisdakik.com\/?p=68791","article_published_time":"2024-11-11T10:35:38+00:00","og_image":[{"width":1080,"height":608,"url":"https:\/\/kibrisdakik.com\/wp-content\/uploads\/2024\/11\/2323-740x420.jpg","type":"image\/jpeg"}],"author":"admin","twitter_card":"summary_large_image","twitter_misc":{"Yazan:":"admin","Tahmini okuma s\u00fcresi":"1 dakika"},"schema":{"@context":"https:\/\/schema.org","@graph":[{"@type":"Article","@id":"https:\/\/kibrisdakik.com\/?p=68791#article","isPartOf":{"@id":"https:\/\/kibrisdakik.com\/?p=68791"},"author":{"name":"admin","@id":"https:\/\/kibrisdakik.com\/#\/schema\/person\/9cd9d437bbb44f72b73ba127e06d8e79"},"headline":"Uluslararas\u0131 Kuzey K\u0131br\u0131s M\u00fczik Festivali\u2019nde Piyanist Andrievskaya resital verecek","datePublished":"2024-11-11T10:35:38+00:00","mainEntityOfPage":{"@id":"https:\/\/kibrisdakik.com\/?p=68791"},"wordCount":173,"commentCount":0,"image":{"@id":"https:\/\/kibrisdakik.com\/?p=68791#primaryimage"},"thumbnailUrl":"https:\/\/kibrisdakik.com\/wp-content\/uploads\/2024\/11\/2323-740x420.jpg","articleSection":["G\u00fcndem","K\u0131br\u0131s"],"inLanguage":"tr","potentialAction":[{"@type":"CommentAction","name":"Comment","target":["https:\/\/kibrisdakik.com\/?p=68791#respond"]}]},{"@type":"WebPage","@id":"https:\/\/kibrisdakik.com\/?p=68791","url":"https:\/\/kibrisdakik.com\/?p=68791","name":"Uluslararas\u0131 Kuzey K\u0131br\u0131s M\u00fczik Festivali\u2019nde Piyanist Andrievskaya resital verecek -","isPartOf":{"@id":"https:\/\/kibrisdakik.com\/#website"},"primaryImageOfPage":{"@id":"https:\/\/kibrisdakik.com\/?p=68791#primaryimage"},"image":{"@id":"https:\/\/kibrisdakik.com\/?p=68791#primaryimage"},"thumbnailUrl":"https:\/\/kibrisdakik.com\/wp-content\/uploads\/2024\/11\/2323-740x420.jpg","datePublished":"2024-11-11T10:35:38+00:00","author":{"@id":"https:\/\/kibrisdakik.com\/#\/schema\/person\/9cd9d437bbb44f72b73ba127e06d8e79"},"breadcrumb":{"@id":"https:\/\/kibrisdakik.com\/?p=68791#breadcrumb"},"inLanguage":"tr","potentialAction":[{"@type":"ReadAction","target":["https:\/\/kibrisdakik.com\/?p=68791"]}]},{"@type":"ImageObject","inLanguage":"tr","@id":"https:\/\/kibrisdakik.com\/?p=68791#primaryimage","url":"https:\/\/kibrisdakik.com\/wp-content\/uploads\/2024\/11\/2323-740x420.jpg","contentUrl":"https:\/\/kibrisdakik.com\/wp-content\/uploads\/2024\/11\/2323-740x420.jpg","width":1080,"height":608},{"@type":"BreadcrumbList","@id":"https:\/\/kibrisdakik.com\/?p=68791#breadcrumb","itemListElement":[{"@type":"ListItem","position":1,"name":"Home","item":"https:\/\/kibrisdakik.com\/"},{"@type":"ListItem","position":2,"name":"Uluslararas\u0131 Kuzey K\u0131br\u0131s M\u00fczik Festivali\u2019nde Piyanist Andrievskaya resital verecek"}]},{"@type":"WebSite","@id":"https:\/\/kibrisdakik.com\/#website","url":"https:\/\/kibrisdakik.com\/","name":"","description":"Tam vaktinde haber","potentialAction":[{"@type":"SearchAction","target":{"@type":"EntryPoint","urlTemplate":"https:\/\/kibrisdakik.com\/?s={search_term_string}"},"query-input":{"@type":"PropertyValueSpecification","valueRequired":true,"valueName":"search_term_string"}}],"inLanguage":"tr"},{"@type":"Person","@id":"https:\/\/kibrisdakik.com\/#\/schema\/person\/9cd9d437bbb44f72b73ba127e06d8e79","name":"admin","image":{"@type":"ImageObject","inLanguage":"tr","@id":"https:\/\/secure.gravatar.com\/avatar\/ccc17943b9d660506c869530f897617f7cb1c21a4bf30023f252596d83e1f007?s=96&d=mm&r=g","url":"https:\/\/secure.gravatar.com\/avatar\/ccc17943b9d660506c869530f897617f7cb1c21a4bf30023f252596d83e1f007?s=96&d=mm&r=g","contentUrl":"https:\/\/secure.gravatar.com\/avatar\/ccc17943b9d660506c869530f897617f7cb1c21a4bf30023f252596d83e1f007?s=96&d=mm&r=g","caption":"admin"},"sameAs":["https:\/\/kibrisdakik.com"],"url":"https:\/\/kibrisdakik.com\/?author=1"}]}},"_links":{"self":[{"href":"https:\/\/kibrisdakik.com\/index.php?rest_route=\/wp\/v2\/posts\/68791","targetHints":{"allow":["GET"]}}],"collection":[{"href":"https:\/\/kibrisdakik.com\/index.php?rest_route=\/wp\/v2\/posts"}],"about":[{"href":"https:\/\/kibrisdakik.com\/index.php?rest_route=\/wp\/v2\/types\/post"}],"author":[{"embeddable":true,"href":"https:\/\/kibrisdakik.com\/index.php?rest_route=\/wp\/v2\/users\/1"}],"replies":[{"embeddable":true,"href":"https:\/\/kibrisdakik.com\/index.php?rest_route=%2Fwp%2Fv2%2Fcomments&post=68791"}],"version-history":[{"count":1,"href":"https:\/\/kibrisdakik.com\/index.php?rest_route=\/wp\/v2\/posts\/68791\/revisions"}],"predecessor-version":[{"id":68808,"href":"https:\/\/kibrisdakik.com\/index.php?rest_route=\/wp\/v2\/posts\/68791\/revisions\/68808"}],"wp:featuredmedia":[{"embeddable":true,"href":"https:\/\/kibrisdakik.com\/index.php?rest_route=\/wp\/v2\/media\/68792"}],"wp:attachment":[{"href":"https:\/\/kibrisdakik.com\/index.php?rest_route=%2Fwp%2Fv2%2Fmedia&parent=68791"}],"wp:term":[{"taxonomy":"category","embeddable":true,"href":"https:\/\/kibrisdakik.com\/index.php?rest_route=%2Fwp%2Fv2%2Fcategories&post=68791"},{"taxonomy":"post_tag","embeddable":true,"href":"https:\/\/kibrisdakik.com\/index.php?rest_route=%2Fwp%2Fv2%2Ftags&post=68791"}],"curies":[{"name":"wp","href":"https:\/\/api.w.org\/{rel}","templated":true}]}}