{"id":68803,"date":"2024-11-11T13:01:37","date_gmt":"2024-11-11T10:01:37","guid":{"rendered":"https:\/\/kibrisdakik.com\/index.php\/2024\/11\/11\/kibrisin-klasik-bisikletleri-sergisi-ve-kitap-tanitimi-18-kasimda-girnede\/"},"modified":"2024-11-11T13:01:37","modified_gmt":"2024-11-11T10:01:37","slug":"kibrisin-klasik-bisikletleri-sergisi-ve-kitap-tanitimi-18-kasimda-girnede","status":"publish","type":"post","link":"https:\/\/kibrisdakik.com\/?p=68803","title":{"rendered":"\u201cK\u0131br\u0131s\u2019\u0131n Klasik Bisikletleri\u201d sergisi ve kitap tan\u0131t\u0131m\u0131 18 Kas\u0131m\u2019da Girne\u2019de\u2026"},"content":{"rendered":"<p> <br \/>\n<\/p>\n<div>\n<div class=\"mariselle-image-container center\">\n                <img loading=\"lazy\" decoding=\"async\" width=\"1280\" height=\"720\" class=\"lazy-image\" alt=\"\" sizes=\"auto, (max-width: 1280px) 100vw, 1280px\" src=\"https:\/\/brtk.net\/wp-content\/uploads\/2024\/11\/11\/bisklet-klasik.webp?ver=d3f57d6c197489e7b82700f3ba2203d4\" srcset=\"https:\/\/brtk.net\/wp-content\/uploads\/2024\/11\/11\/bisklet-klasik.webp?ver=d3f57d6c197489e7b82700f3ba2203d4 1280w, https:\/\/brtk.net\/wp-content\/uploads\/2024\/11\/11\/bisklet-klasik-300x169.webp?ver=d3f57d6c197489e7b82700f3ba2203d4 300w, https:\/\/brtk.net\/wp-content\/uploads\/2024\/11\/11\/bisklet-klasik-1024x576.webp?ver=b6e7d026ee6cb966f78b82f695c67635 1024w, https:\/\/brtk.net\/wp-content\/uploads\/2024\/11\/11\/bisklet-klasik-768x432.webp?ver=b6e7d026ee6cb966f78b82f695c67635 768w\"\/>                            <\/div>\n<p>Dr. Kenan Arifo\u011flu taraf\u0131ndan kaleme al\u0131nan \u201c\u0130ki Tekerlek \u00dczerinde Uzun Bir Zaman\u201d isimli kitab\u0131n tan\u0131t\u0131m\u0131 ve \u201cK\u0131br\u0131s\u2019\u0131n Klasik Bisikletleri\u201d sergisi, Girne Belediyesi Yeni Hizmet Binas\u0131\u2019nda sanatseverlerle bulu\u015facak<\/p>\n<p>Girne Belediyesi\u2019nden verilen bilgiye g\u00f6re, 28 Kas\u0131m\u2019a kadar a\u00e7\u0131k kalacak serginin a\u00e7\u0131l\u0131\u015f kokteyli ve kitap tan\u0131t\u0131m\u0131, 18 Kas\u0131m Pazartesi saat 19.00\u2019da Girne Belediyesi Yeni Hizmet Binas\u0131 Sergi Salonu\u2019nda yap\u0131lacak.<\/p>\n<p>Dr. Kenan Airfo\u011flu, kitab\u0131nda, bir tutku olarak ba\u015flad\u0131\u011f\u0131 K\u0131br\u0131s\u2019\u0131n eski bisikletlerini toplama ve koleksiyona d\u00f6n\u00fc\u015ft\u00fcrme s\u00fcrecini ve bisikletlerin tarih\u00e7esini anlat\u0131yor.<\/p>\n<\/p><\/div>\n<p><script async\n                    defer\n                    crossorigin=\"anonymous\"\n                    src=\"https:\/\/connect.facebook.net\/tr_TR\/sdk.js#xfbml=1&#038;version=v3.3\"\n            ><\/script><br \/>\n<br \/><br \/>\n<br \/><a href=\"https:\/\/brtk.net\/kibrisin-klasik-bisikletleri-sergisi-ve-kitap-tanitimi-18-kasimda-girnede\/\">kpostasi <\/a><\/p>\n","protected":false},"excerpt":{"rendered":"<p>Dr. Kenan Arifo\u011flu taraf\u0131ndan kaleme al\u0131nan \u201c\u0130ki Tekerlek \u00dczerinde Uzun Bir Zaman\u201d isimli kitab\u0131n tan\u0131t\u0131m\u0131 ve \u201cK\u0131br\u0131s\u2019\u0131n Klasik Bisikletleri\u201d sergisi, Girne Belediyesi Yeni Hizmet Binas\u0131\u2019nda sanatseverlerle bulu\u015facak Girne Belediyesi\u2019nden verilen bilgiye g\u00f6re, 28 Kas\u0131m\u2019a kadar a\u00e7\u0131k kalacak serginin a\u00e7\u0131l\u0131\u015f kokteyli ve kitap tan\u0131t\u0131m\u0131, 18 Kas\u0131m Pazartesi saat 19.00\u2019da Girne Belediyesi Yeni Hizmet Binas\u0131 Sergi Salonu\u2019nda<\/p>\n","protected":false},"author":1,"featured_media":68804,"comment_status":"open","ping_status":"open","sticky":false,"template":"","format":"standard","meta":{"footnotes":""},"categories":[1,81],"tags":[],"class_list":["post-68803","post","type-post","status-publish","format-standard","has-post-thumbnail","hentry","category-gundem","category-kibris"],"yoast_head":"<!-- This site is optimized with the Yoast SEO plugin v27.4 - https:\/\/yoast.com\/product\/yoast-seo-wordpress\/ -->\n<title>\u201cK\u0131br\u0131s\u2019\u0131n Klasik Bisikletleri\u201d sergisi ve kitap tan\u0131t\u0131m\u0131 18 Kas\u0131m\u2019da Girne\u2019de\u2026 -<\/title>\n<meta name=\"robots\" content=\"index, follow, max-snippet:-1, max-image-preview:large, max-video-preview:-1\" \/>\n<link rel=\"canonical\" href=\"https:\/\/kibrisdakik.com\/?p=68803\" \/>\n<meta property=\"og:locale\" content=\"tr_TR\" \/>\n<meta property=\"og:type\" content=\"article\" \/>\n<meta property=\"og:title\" content=\"\u201cK\u0131br\u0131s\u2019\u0131n Klasik Bisikletleri\u201d sergisi ve kitap tan\u0131t\u0131m\u0131 18 Kas\u0131m\u2019da Girne\u2019de\u2026 -\" \/>\n<meta property=\"og:description\" content=\"Dr. Kenan Arifo\u011flu taraf\u0131ndan kaleme al\u0131nan \u201c\u0130ki Tekerlek \u00dczerinde Uzun Bir Zaman\u201d isimli kitab\u0131n tan\u0131t\u0131m\u0131 ve \u201cK\u0131br\u0131s\u2019\u0131n Klasik Bisikletleri\u201d sergisi, Girne Belediyesi Yeni Hizmet Binas\u0131\u2019nda sanatseverlerle bulu\u015facak Girne Belediyesi\u2019nden verilen bilgiye g\u00f6re, 28 Kas\u0131m\u2019a kadar a\u00e7\u0131k kalacak serginin a\u00e7\u0131l\u0131\u015f kokteyli ve kitap tan\u0131t\u0131m\u0131, 18 Kas\u0131m Pazartesi saat 19.00\u2019da Girne Belediyesi Yeni Hizmet Binas\u0131 Sergi Salonu\u2019nda\" \/>\n<meta property=\"og:url\" content=\"https:\/\/kibrisdakik.com\/?p=68803\" \/>\n<meta property=\"article:published_time\" content=\"2024-11-11T10:01:37+00:00\" \/>\n<meta property=\"og:image\" content=\"https:\/\/kibrisdakik.com\/wp-content\/uploads\/2024\/11\/bisklet-klasik.webp-740x420.webp\" \/>\n\t<meta property=\"og:image:width\" content=\"1280\" \/>\n\t<meta property=\"og:image:height\" content=\"720\" \/>\n\t<meta property=\"og:image:type\" content=\"image\/webp\" \/>\n<meta name=\"author\" content=\"admin\" \/>\n<meta name=\"twitter:card\" content=\"summary_large_image\" \/>\n<meta name=\"twitter:label1\" content=\"Yazan:\" \/>\n\t<meta name=\"twitter:data1\" content=\"admin\" \/>\n\t<meta name=\"twitter:label2\" content=\"Tahmini okuma s\u00fcresi\" \/>\n\t<meta name=\"twitter:data2\" content=\"1 dakika\" \/>\n<script type=\"application\/ld+json\" class=\"yoast-schema-graph\">{\"@context\":\"https:\\\/\\\/schema.org\",\"@graph\":[{\"@type\":\"Article\",\"@id\":\"https:\\\/\\\/kibrisdakik.com\\\/?p=68803#article\",\"isPartOf\":{\"@id\":\"https:\\\/\\\/kibrisdakik.com\\\/?p=68803\"},\"author\":{\"name\":\"admin\",\"@id\":\"https:\\\/\\\/kibrisdakik.com\\\/#\\\/schema\\\/person\\\/9cd9d437bbb44f72b73ba127e06d8e79\"},\"headline\":\"\u201cK\u0131br\u0131s\u2019\u0131n Klasik Bisikletleri\u201d sergisi ve kitap tan\u0131t\u0131m\u0131 18 Kas\u0131m\u2019da Girne\u2019de\u2026\",\"datePublished\":\"2024-11-11T10:01:37+00:00\",\"mainEntityOfPage\":{\"@id\":\"https:\\\/\\\/kibrisdakik.com\\\/?p=68803\"},\"wordCount\":128,\"commentCount\":0,\"image\":{\"@id\":\"https:\\\/\\\/kibrisdakik.com\\\/?p=68803#primaryimage\"},\"thumbnailUrl\":\"https:\\\/\\\/kibrisdakik.com\\\/wp-content\\\/uploads\\\/2024\\\/11\\\/bisklet-klasik.webp-740x420.webp\",\"articleSection\":[\"G\u00fcndem\",\"K\u0131br\u0131s\"],\"inLanguage\":\"tr\",\"potentialAction\":[{\"@type\":\"CommentAction\",\"name\":\"Comment\",\"target\":[\"https:\\\/\\\/kibrisdakik.com\\\/?p=68803#respond\"]}]},{\"@type\":\"WebPage\",\"@id\":\"https:\\\/\\\/kibrisdakik.com\\\/?p=68803\",\"url\":\"https:\\\/\\\/kibrisdakik.com\\\/?p=68803\",\"name\":\"\u201cK\u0131br\u0131s\u2019\u0131n Klasik Bisikletleri\u201d sergisi ve kitap tan\u0131t\u0131m\u0131 18 Kas\u0131m\u2019da Girne\u2019de\u2026 -\",\"isPartOf\":{\"@id\":\"https:\\\/\\\/kibrisdakik.com\\\/#website\"},\"primaryImageOfPage\":{\"@id\":\"https:\\\/\\\/kibrisdakik.com\\\/?p=68803#primaryimage\"},\"image\":{\"@id\":\"https:\\\/\\\/kibrisdakik.com\\\/?p=68803#primaryimage\"},\"thumbnailUrl\":\"https:\\\/\\\/kibrisdakik.com\\\/wp-content\\\/uploads\\\/2024\\\/11\\\/bisklet-klasik.webp-740x420.webp\",\"datePublished\":\"2024-11-11T10:01:37+00:00\",\"author\":{\"@id\":\"https:\\\/\\\/kibrisdakik.com\\\/#\\\/schema\\\/person\\\/9cd9d437bbb44f72b73ba127e06d8e79\"},\"breadcrumb\":{\"@id\":\"https:\\\/\\\/kibrisdakik.com\\\/?p=68803#breadcrumb\"},\"inLanguage\":\"tr\",\"potentialAction\":[{\"@type\":\"ReadAction\",\"target\":[\"https:\\\/\\\/kibrisdakik.com\\\/?p=68803\"]}]},{\"@type\":\"ImageObject\",\"inLanguage\":\"tr\",\"@id\":\"https:\\\/\\\/kibrisdakik.com\\\/?p=68803#primaryimage\",\"url\":\"https:\\\/\\\/kibrisdakik.com\\\/wp-content\\\/uploads\\\/2024\\\/11\\\/bisklet-klasik.webp-740x420.webp\",\"contentUrl\":\"https:\\\/\\\/kibrisdakik.com\\\/wp-content\\\/uploads\\\/2024\\\/11\\\/bisklet-klasik.webp-740x420.webp\",\"width\":1280,\"height\":720},{\"@type\":\"BreadcrumbList\",\"@id\":\"https:\\\/\\\/kibrisdakik.com\\\/?p=68803#breadcrumb\",\"itemListElement\":[{\"@type\":\"ListItem\",\"position\":1,\"name\":\"Home\",\"item\":\"https:\\\/\\\/kibrisdakik.com\\\/\"},{\"@type\":\"ListItem\",\"position\":2,\"name\":\"\u201cK\u0131br\u0131s\u2019\u0131n Klasik Bisikletleri\u201d sergisi ve kitap tan\u0131t\u0131m\u0131 18 Kas\u0131m\u2019da Girne\u2019de\u2026\"}]},{\"@type\":\"WebSite\",\"@id\":\"https:\\\/\\\/kibrisdakik.com\\\/#website\",\"url\":\"https:\\\/\\\/kibrisdakik.com\\\/\",\"name\":\"\",\"description\":\"Tam vaktinde haber\",\"potentialAction\":[{\"@type\":\"SearchAction\",\"target\":{\"@type\":\"EntryPoint\",\"urlTemplate\":\"https:\\\/\\\/kibrisdakik.com\\\/?s={search_term_string}\"},\"query-input\":{\"@type\":\"PropertyValueSpecification\",\"valueRequired\":true,\"valueName\":\"search_term_string\"}}],\"inLanguage\":\"tr\"},{\"@type\":\"Person\",\"@id\":\"https:\\\/\\\/kibrisdakik.com\\\/#\\\/schema\\\/person\\\/9cd9d437bbb44f72b73ba127e06d8e79\",\"name\":\"admin\",\"image\":{\"@type\":\"ImageObject\",\"inLanguage\":\"tr\",\"@id\":\"https:\\\/\\\/secure.gravatar.com\\\/avatar\\\/ccc17943b9d660506c869530f897617f7cb1c21a4bf30023f252596d83e1f007?s=96&d=mm&r=g\",\"url\":\"https:\\\/\\\/secure.gravatar.com\\\/avatar\\\/ccc17943b9d660506c869530f897617f7cb1c21a4bf30023f252596d83e1f007?s=96&d=mm&r=g\",\"contentUrl\":\"https:\\\/\\\/secure.gravatar.com\\\/avatar\\\/ccc17943b9d660506c869530f897617f7cb1c21a4bf30023f252596d83e1f007?s=96&d=mm&r=g\",\"caption\":\"admin\"},\"sameAs\":[\"https:\\\/\\\/kibrisdakik.com\"],\"url\":\"https:\\\/\\\/kibrisdakik.com\\\/?author=1\"}]}<\/script>\n<!-- \/ Yoast SEO plugin. -->","yoast_head_json":{"title":"\u201cK\u0131br\u0131s\u2019\u0131n Klasik Bisikletleri\u201d sergisi ve kitap tan\u0131t\u0131m\u0131 18 Kas\u0131m\u2019da Girne\u2019de\u2026 -","robots":{"index":"index","follow":"follow","max-snippet":"max-snippet:-1","max-image-preview":"max-image-preview:large","max-video-preview":"max-video-preview:-1"},"canonical":"https:\/\/kibrisdakik.com\/?p=68803","og_locale":"tr_TR","og_type":"article","og_title":"\u201cK\u0131br\u0131s\u2019\u0131n Klasik Bisikletleri\u201d sergisi ve kitap tan\u0131t\u0131m\u0131 18 Kas\u0131m\u2019da Girne\u2019de\u2026 -","og_description":"Dr. Kenan Arifo\u011flu taraf\u0131ndan kaleme al\u0131nan \u201c\u0130ki Tekerlek \u00dczerinde Uzun Bir Zaman\u201d isimli kitab\u0131n tan\u0131t\u0131m\u0131 ve \u201cK\u0131br\u0131s\u2019\u0131n Klasik Bisikletleri\u201d sergisi, Girne Belediyesi Yeni Hizmet Binas\u0131\u2019nda sanatseverlerle bulu\u015facak Girne Belediyesi\u2019nden verilen bilgiye g\u00f6re, 28 Kas\u0131m\u2019a kadar a\u00e7\u0131k kalacak serginin a\u00e7\u0131l\u0131\u015f kokteyli ve kitap tan\u0131t\u0131m\u0131, 18 Kas\u0131m Pazartesi saat 19.00\u2019da Girne Belediyesi Yeni Hizmet Binas\u0131 Sergi Salonu\u2019nda","og_url":"https:\/\/kibrisdakik.com\/?p=68803","article_published_time":"2024-11-11T10:01:37+00:00","og_image":[{"width":1280,"height":720,"url":"https:\/\/kibrisdakik.com\/wp-content\/uploads\/2024\/11\/bisklet-klasik.webp-740x420.webp","type":"image\/webp"}],"author":"admin","twitter_card":"summary_large_image","twitter_misc":{"Yazan:":"admin","Tahmini okuma s\u00fcresi":"1 dakika"},"schema":{"@context":"https:\/\/schema.org","@graph":[{"@type":"Article","@id":"https:\/\/kibrisdakik.com\/?p=68803#article","isPartOf":{"@id":"https:\/\/kibrisdakik.com\/?p=68803"},"author":{"name":"admin","@id":"https:\/\/kibrisdakik.com\/#\/schema\/person\/9cd9d437bbb44f72b73ba127e06d8e79"},"headline":"\u201cK\u0131br\u0131s\u2019\u0131n Klasik Bisikletleri\u201d sergisi ve kitap tan\u0131t\u0131m\u0131 18 Kas\u0131m\u2019da Girne\u2019de\u2026","datePublished":"2024-11-11T10:01:37+00:00","mainEntityOfPage":{"@id":"https:\/\/kibrisdakik.com\/?p=68803"},"wordCount":128,"commentCount":0,"image":{"@id":"https:\/\/kibrisdakik.com\/?p=68803#primaryimage"},"thumbnailUrl":"https:\/\/kibrisdakik.com\/wp-content\/uploads\/2024\/11\/bisklet-klasik.webp-740x420.webp","articleSection":["G\u00fcndem","K\u0131br\u0131s"],"inLanguage":"tr","potentialAction":[{"@type":"CommentAction","name":"Comment","target":["https:\/\/kibrisdakik.com\/?p=68803#respond"]}]},{"@type":"WebPage","@id":"https:\/\/kibrisdakik.com\/?p=68803","url":"https:\/\/kibrisdakik.com\/?p=68803","name":"\u201cK\u0131br\u0131s\u2019\u0131n Klasik Bisikletleri\u201d sergisi ve kitap tan\u0131t\u0131m\u0131 18 Kas\u0131m\u2019da Girne\u2019de\u2026 -","isPartOf":{"@id":"https:\/\/kibrisdakik.com\/#website"},"primaryImageOfPage":{"@id":"https:\/\/kibrisdakik.com\/?p=68803#primaryimage"},"image":{"@id":"https:\/\/kibrisdakik.com\/?p=68803#primaryimage"},"thumbnailUrl":"https:\/\/kibrisdakik.com\/wp-content\/uploads\/2024\/11\/bisklet-klasik.webp-740x420.webp","datePublished":"2024-11-11T10:01:37+00:00","author":{"@id":"https:\/\/kibrisdakik.com\/#\/schema\/person\/9cd9d437bbb44f72b73ba127e06d8e79"},"breadcrumb":{"@id":"https:\/\/kibrisdakik.com\/?p=68803#breadcrumb"},"inLanguage":"tr","potentialAction":[{"@type":"ReadAction","target":["https:\/\/kibrisdakik.com\/?p=68803"]}]},{"@type":"ImageObject","inLanguage":"tr","@id":"https:\/\/kibrisdakik.com\/?p=68803#primaryimage","url":"https:\/\/kibrisdakik.com\/wp-content\/uploads\/2024\/11\/bisklet-klasik.webp-740x420.webp","contentUrl":"https:\/\/kibrisdakik.com\/wp-content\/uploads\/2024\/11\/bisklet-klasik.webp-740x420.webp","width":1280,"height":720},{"@type":"BreadcrumbList","@id":"https:\/\/kibrisdakik.com\/?p=68803#breadcrumb","itemListElement":[{"@type":"ListItem","position":1,"name":"Home","item":"https:\/\/kibrisdakik.com\/"},{"@type":"ListItem","position":2,"name":"\u201cK\u0131br\u0131s\u2019\u0131n Klasik Bisikletleri\u201d sergisi ve kitap tan\u0131t\u0131m\u0131 18 Kas\u0131m\u2019da Girne\u2019de\u2026"}]},{"@type":"WebSite","@id":"https:\/\/kibrisdakik.com\/#website","url":"https:\/\/kibrisdakik.com\/","name":"","description":"Tam vaktinde haber","potentialAction":[{"@type":"SearchAction","target":{"@type":"EntryPoint","urlTemplate":"https:\/\/kibrisdakik.com\/?s={search_term_string}"},"query-input":{"@type":"PropertyValueSpecification","valueRequired":true,"valueName":"search_term_string"}}],"inLanguage":"tr"},{"@type":"Person","@id":"https:\/\/kibrisdakik.com\/#\/schema\/person\/9cd9d437bbb44f72b73ba127e06d8e79","name":"admin","image":{"@type":"ImageObject","inLanguage":"tr","@id":"https:\/\/secure.gravatar.com\/avatar\/ccc17943b9d660506c869530f897617f7cb1c21a4bf30023f252596d83e1f007?s=96&d=mm&r=g","url":"https:\/\/secure.gravatar.com\/avatar\/ccc17943b9d660506c869530f897617f7cb1c21a4bf30023f252596d83e1f007?s=96&d=mm&r=g","contentUrl":"https:\/\/secure.gravatar.com\/avatar\/ccc17943b9d660506c869530f897617f7cb1c21a4bf30023f252596d83e1f007?s=96&d=mm&r=g","caption":"admin"},"sameAs":["https:\/\/kibrisdakik.com"],"url":"https:\/\/kibrisdakik.com\/?author=1"}]}},"_links":{"self":[{"href":"https:\/\/kibrisdakik.com\/index.php?rest_route=\/wp\/v2\/posts\/68803","targetHints":{"allow":["GET"]}}],"collection":[{"href":"https:\/\/kibrisdakik.com\/index.php?rest_route=\/wp\/v2\/posts"}],"about":[{"href":"https:\/\/kibrisdakik.com\/index.php?rest_route=\/wp\/v2\/types\/post"}],"author":[{"embeddable":true,"href":"https:\/\/kibrisdakik.com\/index.php?rest_route=\/wp\/v2\/users\/1"}],"replies":[{"embeddable":true,"href":"https:\/\/kibrisdakik.com\/index.php?rest_route=%2Fwp%2Fv2%2Fcomments&post=68803"}],"version-history":[{"count":0,"href":"https:\/\/kibrisdakik.com\/index.php?rest_route=\/wp\/v2\/posts\/68803\/revisions"}],"wp:featuredmedia":[{"embeddable":true,"href":"https:\/\/kibrisdakik.com\/index.php?rest_route=\/wp\/v2\/media\/68804"}],"wp:attachment":[{"href":"https:\/\/kibrisdakik.com\/index.php?rest_route=%2Fwp%2Fv2%2Fmedia&parent=68803"}],"wp:term":[{"taxonomy":"category","embeddable":true,"href":"https:\/\/kibrisdakik.com\/index.php?rest_route=%2Fwp%2Fv2%2Fcategories&post=68803"},{"taxonomy":"post_tag","embeddable":true,"href":"https:\/\/kibrisdakik.com\/index.php?rest_route=%2Fwp%2Fv2%2Ftags&post=68803"}],"curies":[{"name":"wp","href":"https:\/\/api.w.org\/{rel}","templated":true}]}}