{"id":68805,"date":"2024-11-11T13:04:13","date_gmt":"2024-11-11T10:04:13","guid":{"rendered":"https:\/\/kibrisdakik.com\/index.php\/2024\/11\/11\/meclis-genel-kurulunda-tartisma-yasaniyor\/"},"modified":"2024-11-11T13:04:13","modified_gmt":"2024-11-11T10:04:13","slug":"meclis-genel-kurulunda-tartisma-yasaniyor","status":"publish","type":"post","link":"https:\/\/kibrisdakik.com\/?p=68805","title":{"rendered":"Meclis Genel Kurulu\u2019nda tart\u0131\u015fma ya\u015fan\u0131yor"},"content":{"rendered":"<div>\n<div class=\"mariselle-image-container center\">\n                                            <\/div>\n<p>Cumhuriyet Meclisi Genel Kurulu\u2019nda tart\u0131\u015fma ya\u015fan\u0131yor.<\/p>\n<p>Saat 11.45 s\u0131ralar\u0131nda Ziya \u00d6zt\u00fcrkler\u2019in Meclis Ba\u015fkanl\u0131\u011f\u0131 koltu\u011funa oturmas\u0131na muhalefet tepki g\u00f6sterdi. Milletvekilleri aras\u0131nda s\u00f6zl\u00fc ve fiziksel tart\u0131\u015fma ba\u015flad\u0131. <\/p>\n<p>\u00d6zt\u00fcrkler\u2019in Meclis Ba\u015fkanl\u0131\u011f\u0131na se\u00e7ilip se\u00e7ilmedi\u011fi tart\u0131\u015fmas\u0131 s\u0131ras\u0131nda CTP Ba\u015fkan\u0131 Tufan Erh\u00fcrman, \u201cFazilet \u00d6zdenefe\u2019nin Meclis\u2019i a\u00e7mas\u0131n\u0131 b\u00fct\u00e7e komitesinin a\u00e7\u0131lmas\u0131 i\u00e7in teskerenin onaylanmas\u0131n\u0131 \u00f6nerdik. Biz yap\u0131c\u0131 \u00f6nerimizi yapt\u0131k.\u201d dedi.<\/p>\n<p>Ard\u0131ndan tansiyon yine y\u00fckseldi.<\/p>\n<\/p><\/div>\n<p><script async\n                    defer\n                    crossorigin=\"anonymous\"\n                    src=\"https:\/\/connect.facebook.net\/tr_TR\/sdk.js#xfbml=1&#038;version=v3.3\"\n            ><\/script><\/p>\n","protected":false},"excerpt":{"rendered":"<p>Cumhuriyet Meclisi Genel Kurulu\u2019nda tart\u0131\u015fma ya\u015fan\u0131yor. Saat 11.45 s\u0131ralar\u0131nda Ziya \u00d6zt\u00fcrkler\u2019in Meclis Ba\u015fkanl\u0131\u011f\u0131 koltu\u011funa oturmas\u0131na muhalefet tepki g\u00f6sterdi. Milletvekilleri aras\u0131nda s\u00f6zl\u00fc ve fiziksel tart\u0131\u015fma ba\u015flad\u0131. \u00d6zt\u00fcrkler\u2019in Meclis Ba\u015fkanl\u0131\u011f\u0131na se\u00e7ilip se\u00e7ilmedi\u011fi tart\u0131\u015fmas\u0131 s\u0131ras\u0131nda CTP Ba\u015fkan\u0131 Tufan Erh\u00fcrman, \u201cFazilet \u00d6zdenefe\u2019nin Meclis\u2019i a\u00e7mas\u0131n\u0131 b\u00fct\u00e7e komitesinin a\u00e7\u0131lmas\u0131 i\u00e7in teskerenin onaylanmas\u0131n\u0131 \u00f6nerdik. Biz yap\u0131c\u0131 \u00f6nerimizi yapt\u0131k.\u201d dedi. Ard\u0131ndan tansiyon yine<\/p>\n","protected":false},"author":1,"featured_media":68806,"comment_status":"open","ping_status":"open","sticky":false,"template":"","format":"standard","meta":{"footnotes":""},"categories":[81],"tags":[],"class_list":["post-68805","post","type-post","status-publish","format-standard","has-post-thumbnail","hentry","category-kibris"],"yoast_head":"<!-- This site is optimized with the Yoast SEO plugin v27.5 - https:\/\/yoast.com\/product\/yoast-seo-wordpress\/ -->\n<title>Meclis Genel Kurulu\u2019nda tart\u0131\u015fma ya\u015fan\u0131yor -<\/title>\n<meta name=\"robots\" content=\"index, follow, max-snippet:-1, max-image-preview:large, max-video-preview:-1\" \/>\n<link rel=\"canonical\" href=\"https:\/\/kibrisdakik.com\/?p=68805\" \/>\n<meta property=\"og:locale\" content=\"tr_TR\" \/>\n<meta property=\"og:type\" content=\"article\" \/>\n<meta property=\"og:title\" content=\"Meclis Genel Kurulu\u2019nda tart\u0131\u015fma ya\u015fan\u0131yor -\" \/>\n<meta property=\"og:description\" content=\"Cumhuriyet Meclisi Genel Kurulu\u2019nda tart\u0131\u015fma ya\u015fan\u0131yor. Saat 11.45 s\u0131ralar\u0131nda Ziya \u00d6zt\u00fcrkler\u2019in Meclis Ba\u015fkanl\u0131\u011f\u0131 koltu\u011funa oturmas\u0131na muhalefet tepki g\u00f6sterdi. Milletvekilleri aras\u0131nda s\u00f6zl\u00fc ve fiziksel tart\u0131\u015fma ba\u015flad\u0131. \u00d6zt\u00fcrkler\u2019in Meclis Ba\u015fkanl\u0131\u011f\u0131na se\u00e7ilip se\u00e7ilmedi\u011fi tart\u0131\u015fmas\u0131 s\u0131ras\u0131nda CTP Ba\u015fkan\u0131 Tufan Erh\u00fcrman, \u201cFazilet \u00d6zdenefe\u2019nin Meclis\u2019i a\u00e7mas\u0131n\u0131 b\u00fct\u00e7e komitesinin a\u00e7\u0131lmas\u0131 i\u00e7in teskerenin onaylanmas\u0131n\u0131 \u00f6nerdik. Biz yap\u0131c\u0131 \u00f6nerimizi yapt\u0131k.\u201d dedi. Ard\u0131ndan tansiyon yine\" \/>\n<meta property=\"og:url\" content=\"https:\/\/kibrisdakik.com\/?p=68805\" \/>\n<meta property=\"article:published_time\" content=\"2024-11-11T10:04:13+00:00\" \/>\n<meta property=\"og:image\" content=\"https:\/\/kibrisdakik.com\/wp-content\/uploads\/2024\/11\/66-740x420.jpg\" \/>\n\t<meta property=\"og:image:width\" content=\"1436\" \/>\n\t<meta property=\"og:image:height\" content=\"537\" \/>\n\t<meta property=\"og:image:type\" content=\"image\/jpeg\" \/>\n<meta name=\"author\" content=\"admin\" \/>\n<meta name=\"twitter:card\" content=\"summary_large_image\" \/>\n<meta name=\"twitter:label1\" content=\"Yazan:\" \/>\n\t<meta name=\"twitter:data1\" content=\"admin\" \/>\n<script type=\"application\/ld+json\" class=\"yoast-schema-graph\">{\"@context\":\"https:\\\/\\\/schema.org\",\"@graph\":[{\"@type\":\"Article\",\"@id\":\"https:\\\/\\\/kibrisdakik.com\\\/?p=68805#article\",\"isPartOf\":{\"@id\":\"https:\\\/\\\/kibrisdakik.com\\\/?p=68805\"},\"author\":{\"name\":\"admin\",\"@id\":\"https:\\\/\\\/kibrisdakik.com\\\/#\\\/schema\\\/person\\\/9cd9d437bbb44f72b73ba127e06d8e79\"},\"headline\":\"Meclis Genel Kurulu\u2019nda tart\u0131\u015fma ya\u015fan\u0131yor\",\"datePublished\":\"2024-11-11T10:04:13+00:00\",\"mainEntityOfPage\":{\"@id\":\"https:\\\/\\\/kibrisdakik.com\\\/?p=68805\"},\"wordCount\":105,\"commentCount\":0,\"image\":{\"@id\":\"https:\\\/\\\/kibrisdakik.com\\\/?p=68805#primaryimage\"},\"thumbnailUrl\":\"https:\\\/\\\/kibrisdakik.com\\\/wp-content\\\/uploads\\\/2024\\\/11\\\/66-740x420.jpg\",\"articleSection\":[\"K\u0131br\u0131s\"],\"inLanguage\":\"tr\",\"potentialAction\":[{\"@type\":\"CommentAction\",\"name\":\"Comment\",\"target\":[\"https:\\\/\\\/kibrisdakik.com\\\/?p=68805#respond\"]}]},{\"@type\":\"WebPage\",\"@id\":\"https:\\\/\\\/kibrisdakik.com\\\/?p=68805\",\"url\":\"https:\\\/\\\/kibrisdakik.com\\\/?p=68805\",\"name\":\"Meclis Genel Kurulu\u2019nda tart\u0131\u015fma ya\u015fan\u0131yor -\",\"isPartOf\":{\"@id\":\"https:\\\/\\\/kibrisdakik.com\\\/#website\"},\"primaryImageOfPage\":{\"@id\":\"https:\\\/\\\/kibrisdakik.com\\\/?p=68805#primaryimage\"},\"image\":{\"@id\":\"https:\\\/\\\/kibrisdakik.com\\\/?p=68805#primaryimage\"},\"thumbnailUrl\":\"https:\\\/\\\/kibrisdakik.com\\\/wp-content\\\/uploads\\\/2024\\\/11\\\/66-740x420.jpg\",\"datePublished\":\"2024-11-11T10:04:13+00:00\",\"author\":{\"@id\":\"https:\\\/\\\/kibrisdakik.com\\\/#\\\/schema\\\/person\\\/9cd9d437bbb44f72b73ba127e06d8e79\"},\"breadcrumb\":{\"@id\":\"https:\\\/\\\/kibrisdakik.com\\\/?p=68805#breadcrumb\"},\"inLanguage\":\"tr\",\"potentialAction\":[{\"@type\":\"ReadAction\",\"target\":[\"https:\\\/\\\/kibrisdakik.com\\\/?p=68805\"]}]},{\"@type\":\"ImageObject\",\"inLanguage\":\"tr\",\"@id\":\"https:\\\/\\\/kibrisdakik.com\\\/?p=68805#primaryimage\",\"url\":\"https:\\\/\\\/kibrisdakik.com\\\/wp-content\\\/uploads\\\/2024\\\/11\\\/66-740x420.jpg\",\"contentUrl\":\"https:\\\/\\\/kibrisdakik.com\\\/wp-content\\\/uploads\\\/2024\\\/11\\\/66-740x420.jpg\",\"width\":1436,\"height\":537},{\"@type\":\"BreadcrumbList\",\"@id\":\"https:\\\/\\\/kibrisdakik.com\\\/?p=68805#breadcrumb\",\"itemListElement\":[{\"@type\":\"ListItem\",\"position\":1,\"name\":\"Home\",\"item\":\"https:\\\/\\\/kibrisdakik.com\\\/\"},{\"@type\":\"ListItem\",\"position\":2,\"name\":\"Meclis Genel Kurulu\u2019nda tart\u0131\u015fma ya\u015fan\u0131yor\"}]},{\"@type\":\"WebSite\",\"@id\":\"https:\\\/\\\/kibrisdakik.com\\\/#website\",\"url\":\"https:\\\/\\\/kibrisdakik.com\\\/\",\"name\":\"\",\"description\":\"Tam vaktinde haber\",\"potentialAction\":[{\"@type\":\"SearchAction\",\"target\":{\"@type\":\"EntryPoint\",\"urlTemplate\":\"https:\\\/\\\/kibrisdakik.com\\\/?s={search_term_string}\"},\"query-input\":{\"@type\":\"PropertyValueSpecification\",\"valueRequired\":true,\"valueName\":\"search_term_string\"}}],\"inLanguage\":\"tr\"},{\"@type\":\"Person\",\"@id\":\"https:\\\/\\\/kibrisdakik.com\\\/#\\\/schema\\\/person\\\/9cd9d437bbb44f72b73ba127e06d8e79\",\"name\":\"admin\",\"image\":{\"@type\":\"ImageObject\",\"inLanguage\":\"tr\",\"@id\":\"https:\\\/\\\/secure.gravatar.com\\\/avatar\\\/ccc17943b9d660506c869530f897617f7cb1c21a4bf30023f252596d83e1f007?s=96&d=mm&r=g\",\"url\":\"https:\\\/\\\/secure.gravatar.com\\\/avatar\\\/ccc17943b9d660506c869530f897617f7cb1c21a4bf30023f252596d83e1f007?s=96&d=mm&r=g\",\"contentUrl\":\"https:\\\/\\\/secure.gravatar.com\\\/avatar\\\/ccc17943b9d660506c869530f897617f7cb1c21a4bf30023f252596d83e1f007?s=96&d=mm&r=g\",\"caption\":\"admin\"},\"sameAs\":[\"https:\\\/\\\/kibrisdakik.com\"],\"url\":\"https:\\\/\\\/kibrisdakik.com\\\/?author=1\"}]}<\/script>\n<!-- \/ Yoast SEO plugin. -->","yoast_head_json":{"title":"Meclis Genel Kurulu\u2019nda tart\u0131\u015fma ya\u015fan\u0131yor -","robots":{"index":"index","follow":"follow","max-snippet":"max-snippet:-1","max-image-preview":"max-image-preview:large","max-video-preview":"max-video-preview:-1"},"canonical":"https:\/\/kibrisdakik.com\/?p=68805","og_locale":"tr_TR","og_type":"article","og_title":"Meclis Genel Kurulu\u2019nda tart\u0131\u015fma ya\u015fan\u0131yor -","og_description":"Cumhuriyet Meclisi Genel Kurulu\u2019nda tart\u0131\u015fma ya\u015fan\u0131yor. Saat 11.45 s\u0131ralar\u0131nda Ziya \u00d6zt\u00fcrkler\u2019in Meclis Ba\u015fkanl\u0131\u011f\u0131 koltu\u011funa oturmas\u0131na muhalefet tepki g\u00f6sterdi. Milletvekilleri aras\u0131nda s\u00f6zl\u00fc ve fiziksel tart\u0131\u015fma ba\u015flad\u0131. \u00d6zt\u00fcrkler\u2019in Meclis Ba\u015fkanl\u0131\u011f\u0131na se\u00e7ilip se\u00e7ilmedi\u011fi tart\u0131\u015fmas\u0131 s\u0131ras\u0131nda CTP Ba\u015fkan\u0131 Tufan Erh\u00fcrman, \u201cFazilet \u00d6zdenefe\u2019nin Meclis\u2019i a\u00e7mas\u0131n\u0131 b\u00fct\u00e7e komitesinin a\u00e7\u0131lmas\u0131 i\u00e7in teskerenin onaylanmas\u0131n\u0131 \u00f6nerdik. Biz yap\u0131c\u0131 \u00f6nerimizi yapt\u0131k.\u201d dedi. Ard\u0131ndan tansiyon yine","og_url":"https:\/\/kibrisdakik.com\/?p=68805","article_published_time":"2024-11-11T10:04:13+00:00","og_image":[{"width":1436,"height":537,"url":"https:\/\/kibrisdakik.com\/wp-content\/uploads\/2024\/11\/66-740x420.jpg","type":"image\/jpeg"}],"author":"admin","twitter_card":"summary_large_image","twitter_misc":{"Yazan:":"admin"},"schema":{"@context":"https:\/\/schema.org","@graph":[{"@type":"Article","@id":"https:\/\/kibrisdakik.com\/?p=68805#article","isPartOf":{"@id":"https:\/\/kibrisdakik.com\/?p=68805"},"author":{"name":"admin","@id":"https:\/\/kibrisdakik.com\/#\/schema\/person\/9cd9d437bbb44f72b73ba127e06d8e79"},"headline":"Meclis Genel Kurulu\u2019nda tart\u0131\u015fma ya\u015fan\u0131yor","datePublished":"2024-11-11T10:04:13+00:00","mainEntityOfPage":{"@id":"https:\/\/kibrisdakik.com\/?p=68805"},"wordCount":105,"commentCount":0,"image":{"@id":"https:\/\/kibrisdakik.com\/?p=68805#primaryimage"},"thumbnailUrl":"https:\/\/kibrisdakik.com\/wp-content\/uploads\/2024\/11\/66-740x420.jpg","articleSection":["K\u0131br\u0131s"],"inLanguage":"tr","potentialAction":[{"@type":"CommentAction","name":"Comment","target":["https:\/\/kibrisdakik.com\/?p=68805#respond"]}]},{"@type":"WebPage","@id":"https:\/\/kibrisdakik.com\/?p=68805","url":"https:\/\/kibrisdakik.com\/?p=68805","name":"Meclis Genel Kurulu\u2019nda tart\u0131\u015fma ya\u015fan\u0131yor -","isPartOf":{"@id":"https:\/\/kibrisdakik.com\/#website"},"primaryImageOfPage":{"@id":"https:\/\/kibrisdakik.com\/?p=68805#primaryimage"},"image":{"@id":"https:\/\/kibrisdakik.com\/?p=68805#primaryimage"},"thumbnailUrl":"https:\/\/kibrisdakik.com\/wp-content\/uploads\/2024\/11\/66-740x420.jpg","datePublished":"2024-11-11T10:04:13+00:00","author":{"@id":"https:\/\/kibrisdakik.com\/#\/schema\/person\/9cd9d437bbb44f72b73ba127e06d8e79"},"breadcrumb":{"@id":"https:\/\/kibrisdakik.com\/?p=68805#breadcrumb"},"inLanguage":"tr","potentialAction":[{"@type":"ReadAction","target":["https:\/\/kibrisdakik.com\/?p=68805"]}]},{"@type":"ImageObject","inLanguage":"tr","@id":"https:\/\/kibrisdakik.com\/?p=68805#primaryimage","url":"https:\/\/kibrisdakik.com\/wp-content\/uploads\/2024\/11\/66-740x420.jpg","contentUrl":"https:\/\/kibrisdakik.com\/wp-content\/uploads\/2024\/11\/66-740x420.jpg","width":1436,"height":537},{"@type":"BreadcrumbList","@id":"https:\/\/kibrisdakik.com\/?p=68805#breadcrumb","itemListElement":[{"@type":"ListItem","position":1,"name":"Home","item":"https:\/\/kibrisdakik.com\/"},{"@type":"ListItem","position":2,"name":"Meclis Genel Kurulu\u2019nda tart\u0131\u015fma ya\u015fan\u0131yor"}]},{"@type":"WebSite","@id":"https:\/\/kibrisdakik.com\/#website","url":"https:\/\/kibrisdakik.com\/","name":"","description":"Tam vaktinde haber","potentialAction":[{"@type":"SearchAction","target":{"@type":"EntryPoint","urlTemplate":"https:\/\/kibrisdakik.com\/?s={search_term_string}"},"query-input":{"@type":"PropertyValueSpecification","valueRequired":true,"valueName":"search_term_string"}}],"inLanguage":"tr"},{"@type":"Person","@id":"https:\/\/kibrisdakik.com\/#\/schema\/person\/9cd9d437bbb44f72b73ba127e06d8e79","name":"admin","image":{"@type":"ImageObject","inLanguage":"tr","@id":"https:\/\/secure.gravatar.com\/avatar\/ccc17943b9d660506c869530f897617f7cb1c21a4bf30023f252596d83e1f007?s=96&d=mm&r=g","url":"https:\/\/secure.gravatar.com\/avatar\/ccc17943b9d660506c869530f897617f7cb1c21a4bf30023f252596d83e1f007?s=96&d=mm&r=g","contentUrl":"https:\/\/secure.gravatar.com\/avatar\/ccc17943b9d660506c869530f897617f7cb1c21a4bf30023f252596d83e1f007?s=96&d=mm&r=g","caption":"admin"},"sameAs":["https:\/\/kibrisdakik.com"],"url":"https:\/\/kibrisdakik.com\/?author=1"}]}},"_links":{"self":[{"href":"https:\/\/kibrisdakik.com\/index.php?rest_route=\/wp\/v2\/posts\/68805","targetHints":{"allow":["GET"]}}],"collection":[{"href":"https:\/\/kibrisdakik.com\/index.php?rest_route=\/wp\/v2\/posts"}],"about":[{"href":"https:\/\/kibrisdakik.com\/index.php?rest_route=\/wp\/v2\/types\/post"}],"author":[{"embeddable":true,"href":"https:\/\/kibrisdakik.com\/index.php?rest_route=\/wp\/v2\/users\/1"}],"replies":[{"embeddable":true,"href":"https:\/\/kibrisdakik.com\/index.php?rest_route=%2Fwp%2Fv2%2Fcomments&post=68805"}],"version-history":[{"count":0,"href":"https:\/\/kibrisdakik.com\/index.php?rest_route=\/wp\/v2\/posts\/68805\/revisions"}],"wp:featuredmedia":[{"embeddable":true,"href":"https:\/\/kibrisdakik.com\/index.php?rest_route=\/wp\/v2\/media\/68806"}],"wp:attachment":[{"href":"https:\/\/kibrisdakik.com\/index.php?rest_route=%2Fwp%2Fv2%2Fmedia&parent=68805"}],"wp:term":[{"taxonomy":"category","embeddable":true,"href":"https:\/\/kibrisdakik.com\/index.php?rest_route=%2Fwp%2Fv2%2Fcategories&post=68805"},{"taxonomy":"post_tag","embeddable":true,"href":"https:\/\/kibrisdakik.com\/index.php?rest_route=%2Fwp%2Fv2%2Ftags&post=68805"}],"curies":[{"name":"wp","href":"https:\/\/api.w.org\/{rel}","templated":true}]}}