{"id":68821,"date":"2024-11-11T14:08:18","date_gmt":"2024-11-11T11:08:18","guid":{"rendered":"https:\/\/kibrisdakik.com\/index.php\/2024\/11\/11\/polis-haberleri-gemikonaginda-kavga-dort-tutuklu\/"},"modified":"2024-11-11T14:08:18","modified_gmt":"2024-11-11T11:08:18","slug":"polis-haberleri-gemikonaginda-kavga-dort-tutuklu","status":"publish","type":"post","link":"https:\/\/kibrisdakik.com\/?p=68821","title":{"rendered":"Polis haberleri; Gemikona\u011fi\u2019nda kavga, d\u00f6rt tutuklu"},"content":{"rendered":"<p><\/p>\n<div>\n<div class=\"mariselle-image-container none\">\n                <img loading=\"lazy\" decoding=\"async\" width=\"960\" height=\"960\" class=\"lazy-image\" alt=\"\" sizes=\"auto, (max-width: 960px) 100vw, 960px\" src=\"https:\/\/brtk.net\/wp-content\/uploads\/2024\/11\/10\/polis-logo52.jpg?ver=d1d2ef2bad5f98233d08a83a38e5edb7\" srcset=\"https:\/\/brtk.net\/wp-content\/uploads\/2024\/11\/10\/polis-logo52.jpg?ver=d1d2ef2bad5f98233d08a83a38e5edb7 960w, https:\/\/brtk.net\/wp-content\/uploads\/2024\/11\/10\/polis-logo52-300x300.jpg?ver=f4ea6e9ce87a1522c3a0c100e10fb15f 300w, https:\/\/brtk.net\/wp-content\/uploads\/2024\/11\/10\/polis-logo52-150x150.jpg?ver=f4ea6e9ce87a1522c3a0c100e10fb15f 150w, https:\/\/brtk.net\/wp-content\/uploads\/2024\/11\/10\/polis-logo52-768x768.jpg?ver=f4ea6e9ce87a1522c3a0c100e10fb15f 768w, https:\/\/brtk.net\/wp-content\/uploads\/2024\/11\/10\/polis-logo52-800x800.jpg?ver=5f057461a3e93838847a71f14b91fb4d 800w\"\/>                            <\/div>\n<p>Gemikona\u011f\u0131\u2019nda \u201cyan bakma\u201d gerek\u00e7esiyle \u00e7\u0131kan kavgada bir ki\u015finin di\u015fi k\u0131r\u0131l\u0131rken, d\u00f6rt ki\u015fi tutukland\u0131.<\/p>\n<p>Polis Bas\u0131n B\u00fcltenine g\u00f6re, d\u00fcn saat 01.30\u2019da Gemikona\u011f\u0131\u2019nda Ecevit Caddesi \u00fczerinde, S.D. (E-22), S.G. (E-20), F.E. (E-23) ve H.A. (E-24) y\u00fcr\u00fcd\u00fckleri s\u0131rada \u201ckendilerine yan bakt\u0131klar\u0131\u201d gerek\u00e7esiyle, B.D.D. (E-21), R.F.\u015e. (E-22) ve B.P.\u2019nin (E-20) y\u00fczlerine vurdu. S\u00f6z konusu \u015fah\u0131slar bu s\u0131rada R.F.\u015e.\u2019nin (E-22) bir di\u015finin k\u0131r\u0131lmas\u0131na sebep oldu. Ayr\u0131ca H.A. ise R.F.\u015e\u2019ye k\u00fcf\u00fcr etti.<\/p>\n<p>Y\u00fcr\u00fct\u00fclen soru\u015fturma kapsam\u0131nda S.D. (E-22), S.G. (E-20), F.E. (E-23) ve H.A. (E-24) tutukland\u0131.<\/p>\n<p>-G\u00fcney men\u015feili av t\u00fcfe\u011fi fi\u015fe\u011fi bulundu iki avc\u0131 tutukland\u0131<\/p>\n<p>D\u00fcn Top\u00e7uk\u00f6y\u2019\u00fcn bat\u0131 k\u0131sm\u0131ndaki ava a\u00e7\u0131k b\u00f6lgede polis taraf\u0131ndan yap\u0131lan rutin avc\u0131 kontrolleri s\u0131ras\u0131nda iki avc\u0131n\u0131n tasarrufunda <a href=\"https:\/\/brtk.net\/\">KKTC<\/a>\u2019ye ithali yasak\u00a0 G\u00fcney K\u0131br\u0131s Rum Y\u00f6netimi men\u015feili toplam 11 av t\u00fcfe\u011fi fi\u015fe\u011fi bulundu. Fi\u015feklere emare olarak el konulurken bahse konu \u015fah\u0131slar tutukland\u0131.<\/p>\n<p>-Karpaz\u2019daki kavga<\/p>\n<p>Dipkarpaz\u2019da Aposdolos Andreas Manast\u0131r\u0131\u2019na ait ara\u00e7 park yerinde, \u00f6nceki g\u00fcn iki grup aras\u0131nda ya\u015fanan kavgayla ilgili y\u00fcr\u00fct\u00fclen ileri soru\u015fturmada, F.A.\u2019n\u0131n (E-33) da olaylara kar\u0131\u015f\u0131p kavga ve rahats\u0131zl\u0131k su\u00e7lar\u0131n\u0131 i\u015fledi\u011fi tespit edildi. Bahse konu \u015fah\u0131s tutukland\u0131.<\/p>\n<p>-Lapta\u2019da izinsiz ate\u015f yakma<\/p>\n<p>Lapta\u2019da d\u00fcn Dumlup\u0131nar Sokak\u2019ta, M.A.\u2019n\u0131n (E-61), yetkili makamdan izinsiz olarak bir \u015fahs\u0131n arazisindeki kuru otlar\u0131 ate\u015fe vermek suretiyle yang\u0131n \u00e7\u0131kmas\u0131na sebep oldu\u011fu tespit edildi. Yang\u0131n \u0130tfaiye ekipleri taraf\u0131ndan s\u00f6nd\u00fcr\u00fcl\u00fcrken, bahse konu \u015fah\u0131s hakk\u0131nda yasal i\u015flem ba\u015flat\u0131ld\u0131.<\/p>\n<p>-Gazima\u011fusa\u2019da sarho\u015fluk<\/p>\n<p>Gazima\u011fusa\u2019da, d\u00fcn, 147 miligram alkoll\u00fc H.T. (E-24) ile nefes \u00f6rne\u011fi vermeyi kabul etmeyen V.D.\u2019nin (E-44) sarho\u015f olduklar\u0131 s\u0131rada, makul mazeretleri olmaks\u0131z\u0131n y\u00fcksek sesle ba\u011f\u0131rarak, \u00e7evreye rahats\u0131zl\u0131k verdikleri tespit edildi. Bahse konu \u015fah\u0131slar tutukland\u0131.<\/p>\n<p>Olaylar hakk\u0131ndaki polis soru\u015fturmalar\u0131 devam ediyor.<\/p>\n<\/p><\/div>\n<p><script async\n                    defer\n                    crossorigin=\"anonymous\"\n                    src=\"https:\/\/connect.facebook.net\/tr_TR\/sdk.js#xfbml=1&#038;version=v3.3\"\n            ><\/script><\/p>\n","protected":false},"excerpt":{"rendered":"<p>Gemikona\u011f\u0131\u2019nda \u201cyan bakma\u201d gerek\u00e7esiyle \u00e7\u0131kan kavgada bir ki\u015finin di\u015fi k\u0131r\u0131l\u0131rken, d\u00f6rt ki\u015fi tutukland\u0131. Polis Bas\u0131n B\u00fcltenine g\u00f6re, d\u00fcn saat 01.30\u2019da Gemikona\u011f\u0131\u2019nda Ecevit Caddesi \u00fczerinde, S.D. (E-22), S.G. (E-20), F.E. (E-23) ve H.A. (E-24) y\u00fcr\u00fcd\u00fckleri s\u0131rada \u201ckendilerine yan bakt\u0131klar\u0131\u201d gerek\u00e7esiyle, B.D.D. (E-21), R.F.\u015e. (E-22) ve B.P.\u2019nin (E-20) y\u00fczlerine vurdu. S\u00f6z konusu \u015fah\u0131slar bu s\u0131rada R.F.\u015e.\u2019nin (E-22)<\/p>\n","protected":false},"author":1,"featured_media":68822,"comment_status":"open","ping_status":"open","sticky":false,"template":"","format":"standard","meta":{"footnotes":""},"categories":[1],"tags":[],"class_list":["post-68821","post","type-post","status-publish","format-standard","has-post-thumbnail","hentry","category-gundem"],"yoast_head":"<!-- This site is optimized with the Yoast SEO plugin v27.4 - https:\/\/yoast.com\/product\/yoast-seo-wordpress\/ -->\n<title>Polis haberleri; Gemikona\u011fi\u2019nda kavga, d\u00f6rt tutuklu -<\/title>\n<meta name=\"robots\" content=\"index, follow, max-snippet:-1, max-image-preview:large, max-video-preview:-1\" \/>\n<link rel=\"canonical\" href=\"https:\/\/kibrisdakik.com\/?p=68821\" \/>\n<meta property=\"og:locale\" content=\"tr_TR\" \/>\n<meta property=\"og:type\" content=\"article\" \/>\n<meta property=\"og:title\" content=\"Polis haberleri; Gemikona\u011fi\u2019nda kavga, d\u00f6rt tutuklu -\" \/>\n<meta property=\"og:description\" content=\"Gemikona\u011f\u0131\u2019nda \u201cyan bakma\u201d gerek\u00e7esiyle \u00e7\u0131kan kavgada bir ki\u015finin di\u015fi k\u0131r\u0131l\u0131rken, d\u00f6rt ki\u015fi tutukland\u0131. Polis Bas\u0131n B\u00fcltenine g\u00f6re, d\u00fcn saat 01.30\u2019da Gemikona\u011f\u0131\u2019nda Ecevit Caddesi \u00fczerinde, S.D. (E-22), S.G. (E-20), F.E. (E-23) ve H.A. (E-24) y\u00fcr\u00fcd\u00fckleri s\u0131rada \u201ckendilerine yan bakt\u0131klar\u0131\u201d gerek\u00e7esiyle, B.D.D. (E-21), R.F.\u015e. (E-22) ve B.P.\u2019nin (E-20) y\u00fczlerine vurdu. S\u00f6z konusu \u015fah\u0131slar bu s\u0131rada R.F.\u015e.\u2019nin (E-22)\" \/>\n<meta property=\"og:url\" content=\"https:\/\/kibrisdakik.com\/?p=68821\" \/>\n<meta property=\"article:published_time\" content=\"2024-11-11T11:08:18+00:00\" \/>\n<meta property=\"og:image\" content=\"https:\/\/kibrisdakik.com\/wp-content\/uploads\/2024\/11\/polis-logo52-740x420.jpg\" \/>\n\t<meta property=\"og:image:width\" content=\"960\" \/>\n\t<meta property=\"og:image:height\" content=\"960\" \/>\n\t<meta property=\"og:image:type\" content=\"image\/jpeg\" \/>\n<meta name=\"author\" content=\"admin\" \/>\n<meta name=\"twitter:card\" content=\"summary_large_image\" \/>\n<meta name=\"twitter:label1\" content=\"Yazan:\" \/>\n\t<meta name=\"twitter:data1\" content=\"admin\" \/>\n\t<meta name=\"twitter:label2\" content=\"Tahmini okuma s\u00fcresi\" \/>\n\t<meta name=\"twitter:data2\" content=\"2 dakika\" \/>\n<script type=\"application\/ld+json\" class=\"yoast-schema-graph\">{\"@context\":\"https:\\\/\\\/schema.org\",\"@graph\":[{\"@type\":\"Article\",\"@id\":\"https:\\\/\\\/kibrisdakik.com\\\/?p=68821#article\",\"isPartOf\":{\"@id\":\"https:\\\/\\\/kibrisdakik.com\\\/?p=68821\"},\"author\":{\"name\":\"admin\",\"@id\":\"https:\\\/\\\/kibrisdakik.com\\\/#\\\/schema\\\/person\\\/9cd9d437bbb44f72b73ba127e06d8e79\"},\"headline\":\"Polis haberleri; Gemikona\u011fi\u2019nda kavga, d\u00f6rt tutuklu\",\"datePublished\":\"2024-11-11T11:08:18+00:00\",\"mainEntityOfPage\":{\"@id\":\"https:\\\/\\\/kibrisdakik.com\\\/?p=68821\"},\"wordCount\":405,\"commentCount\":0,\"image\":{\"@id\":\"https:\\\/\\\/kibrisdakik.com\\\/?p=68821#primaryimage\"},\"thumbnailUrl\":\"https:\\\/\\\/kibrisdakik.com\\\/wp-content\\\/uploads\\\/2024\\\/11\\\/polis-logo52-740x420.jpg\",\"articleSection\":[\"G\u00fcndem\"],\"inLanguage\":\"tr\",\"potentialAction\":[{\"@type\":\"CommentAction\",\"name\":\"Comment\",\"target\":[\"https:\\\/\\\/kibrisdakik.com\\\/?p=68821#respond\"]}]},{\"@type\":\"WebPage\",\"@id\":\"https:\\\/\\\/kibrisdakik.com\\\/?p=68821\",\"url\":\"https:\\\/\\\/kibrisdakik.com\\\/?p=68821\",\"name\":\"Polis haberleri; Gemikona\u011fi\u2019nda kavga, d\u00f6rt tutuklu -\",\"isPartOf\":{\"@id\":\"https:\\\/\\\/kibrisdakik.com\\\/#website\"},\"primaryImageOfPage\":{\"@id\":\"https:\\\/\\\/kibrisdakik.com\\\/?p=68821#primaryimage\"},\"image\":{\"@id\":\"https:\\\/\\\/kibrisdakik.com\\\/?p=68821#primaryimage\"},\"thumbnailUrl\":\"https:\\\/\\\/kibrisdakik.com\\\/wp-content\\\/uploads\\\/2024\\\/11\\\/polis-logo52-740x420.jpg\",\"datePublished\":\"2024-11-11T11:08:18+00:00\",\"author\":{\"@id\":\"https:\\\/\\\/kibrisdakik.com\\\/#\\\/schema\\\/person\\\/9cd9d437bbb44f72b73ba127e06d8e79\"},\"breadcrumb\":{\"@id\":\"https:\\\/\\\/kibrisdakik.com\\\/?p=68821#breadcrumb\"},\"inLanguage\":\"tr\",\"potentialAction\":[{\"@type\":\"ReadAction\",\"target\":[\"https:\\\/\\\/kibrisdakik.com\\\/?p=68821\"]}]},{\"@type\":\"ImageObject\",\"inLanguage\":\"tr\",\"@id\":\"https:\\\/\\\/kibrisdakik.com\\\/?p=68821#primaryimage\",\"url\":\"https:\\\/\\\/kibrisdakik.com\\\/wp-content\\\/uploads\\\/2024\\\/11\\\/polis-logo52-740x420.jpg\",\"contentUrl\":\"https:\\\/\\\/kibrisdakik.com\\\/wp-content\\\/uploads\\\/2024\\\/11\\\/polis-logo52-740x420.jpg\",\"width\":960,\"height\":960},{\"@type\":\"BreadcrumbList\",\"@id\":\"https:\\\/\\\/kibrisdakik.com\\\/?p=68821#breadcrumb\",\"itemListElement\":[{\"@type\":\"ListItem\",\"position\":1,\"name\":\"Home\",\"item\":\"https:\\\/\\\/kibrisdakik.com\\\/\"},{\"@type\":\"ListItem\",\"position\":2,\"name\":\"Polis haberleri; Gemikona\u011fi\u2019nda kavga, d\u00f6rt tutuklu\"}]},{\"@type\":\"WebSite\",\"@id\":\"https:\\\/\\\/kibrisdakik.com\\\/#website\",\"url\":\"https:\\\/\\\/kibrisdakik.com\\\/\",\"name\":\"\",\"description\":\"Tam vaktinde haber\",\"potentialAction\":[{\"@type\":\"SearchAction\",\"target\":{\"@type\":\"EntryPoint\",\"urlTemplate\":\"https:\\\/\\\/kibrisdakik.com\\\/?s={search_term_string}\"},\"query-input\":{\"@type\":\"PropertyValueSpecification\",\"valueRequired\":true,\"valueName\":\"search_term_string\"}}],\"inLanguage\":\"tr\"},{\"@type\":\"Person\",\"@id\":\"https:\\\/\\\/kibrisdakik.com\\\/#\\\/schema\\\/person\\\/9cd9d437bbb44f72b73ba127e06d8e79\",\"name\":\"admin\",\"image\":{\"@type\":\"ImageObject\",\"inLanguage\":\"tr\",\"@id\":\"https:\\\/\\\/secure.gravatar.com\\\/avatar\\\/ccc17943b9d660506c869530f897617f7cb1c21a4bf30023f252596d83e1f007?s=96&d=mm&r=g\",\"url\":\"https:\\\/\\\/secure.gravatar.com\\\/avatar\\\/ccc17943b9d660506c869530f897617f7cb1c21a4bf30023f252596d83e1f007?s=96&d=mm&r=g\",\"contentUrl\":\"https:\\\/\\\/secure.gravatar.com\\\/avatar\\\/ccc17943b9d660506c869530f897617f7cb1c21a4bf30023f252596d83e1f007?s=96&d=mm&r=g\",\"caption\":\"admin\"},\"sameAs\":[\"https:\\\/\\\/kibrisdakik.com\"],\"url\":\"https:\\\/\\\/kibrisdakik.com\\\/?author=1\"}]}<\/script>\n<!-- \/ Yoast SEO plugin. -->","yoast_head_json":{"title":"Polis haberleri; Gemikona\u011fi\u2019nda kavga, d\u00f6rt tutuklu -","robots":{"index":"index","follow":"follow","max-snippet":"max-snippet:-1","max-image-preview":"max-image-preview:large","max-video-preview":"max-video-preview:-1"},"canonical":"https:\/\/kibrisdakik.com\/?p=68821","og_locale":"tr_TR","og_type":"article","og_title":"Polis haberleri; Gemikona\u011fi\u2019nda kavga, d\u00f6rt tutuklu -","og_description":"Gemikona\u011f\u0131\u2019nda \u201cyan bakma\u201d gerek\u00e7esiyle \u00e7\u0131kan kavgada bir ki\u015finin di\u015fi k\u0131r\u0131l\u0131rken, d\u00f6rt ki\u015fi tutukland\u0131. Polis Bas\u0131n B\u00fcltenine g\u00f6re, d\u00fcn saat 01.30\u2019da Gemikona\u011f\u0131\u2019nda Ecevit Caddesi \u00fczerinde, S.D. (E-22), S.G. (E-20), F.E. (E-23) ve H.A. (E-24) y\u00fcr\u00fcd\u00fckleri s\u0131rada \u201ckendilerine yan bakt\u0131klar\u0131\u201d gerek\u00e7esiyle, B.D.D. (E-21), R.F.\u015e. (E-22) ve B.P.\u2019nin (E-20) y\u00fczlerine vurdu. S\u00f6z konusu \u015fah\u0131slar bu s\u0131rada R.F.\u015e.\u2019nin (E-22)","og_url":"https:\/\/kibrisdakik.com\/?p=68821","article_published_time":"2024-11-11T11:08:18+00:00","og_image":[{"width":960,"height":960,"url":"https:\/\/kibrisdakik.com\/wp-content\/uploads\/2024\/11\/polis-logo52-740x420.jpg","type":"image\/jpeg"}],"author":"admin","twitter_card":"summary_large_image","twitter_misc":{"Yazan:":"admin","Tahmini okuma s\u00fcresi":"2 dakika"},"schema":{"@context":"https:\/\/schema.org","@graph":[{"@type":"Article","@id":"https:\/\/kibrisdakik.com\/?p=68821#article","isPartOf":{"@id":"https:\/\/kibrisdakik.com\/?p=68821"},"author":{"name":"admin","@id":"https:\/\/kibrisdakik.com\/#\/schema\/person\/9cd9d437bbb44f72b73ba127e06d8e79"},"headline":"Polis haberleri; Gemikona\u011fi\u2019nda kavga, d\u00f6rt tutuklu","datePublished":"2024-11-11T11:08:18+00:00","mainEntityOfPage":{"@id":"https:\/\/kibrisdakik.com\/?p=68821"},"wordCount":405,"commentCount":0,"image":{"@id":"https:\/\/kibrisdakik.com\/?p=68821#primaryimage"},"thumbnailUrl":"https:\/\/kibrisdakik.com\/wp-content\/uploads\/2024\/11\/polis-logo52-740x420.jpg","articleSection":["G\u00fcndem"],"inLanguage":"tr","potentialAction":[{"@type":"CommentAction","name":"Comment","target":["https:\/\/kibrisdakik.com\/?p=68821#respond"]}]},{"@type":"WebPage","@id":"https:\/\/kibrisdakik.com\/?p=68821","url":"https:\/\/kibrisdakik.com\/?p=68821","name":"Polis haberleri; Gemikona\u011fi\u2019nda kavga, d\u00f6rt tutuklu -","isPartOf":{"@id":"https:\/\/kibrisdakik.com\/#website"},"primaryImageOfPage":{"@id":"https:\/\/kibrisdakik.com\/?p=68821#primaryimage"},"image":{"@id":"https:\/\/kibrisdakik.com\/?p=68821#primaryimage"},"thumbnailUrl":"https:\/\/kibrisdakik.com\/wp-content\/uploads\/2024\/11\/polis-logo52-740x420.jpg","datePublished":"2024-11-11T11:08:18+00:00","author":{"@id":"https:\/\/kibrisdakik.com\/#\/schema\/person\/9cd9d437bbb44f72b73ba127e06d8e79"},"breadcrumb":{"@id":"https:\/\/kibrisdakik.com\/?p=68821#breadcrumb"},"inLanguage":"tr","potentialAction":[{"@type":"ReadAction","target":["https:\/\/kibrisdakik.com\/?p=68821"]}]},{"@type":"ImageObject","inLanguage":"tr","@id":"https:\/\/kibrisdakik.com\/?p=68821#primaryimage","url":"https:\/\/kibrisdakik.com\/wp-content\/uploads\/2024\/11\/polis-logo52-740x420.jpg","contentUrl":"https:\/\/kibrisdakik.com\/wp-content\/uploads\/2024\/11\/polis-logo52-740x420.jpg","width":960,"height":960},{"@type":"BreadcrumbList","@id":"https:\/\/kibrisdakik.com\/?p=68821#breadcrumb","itemListElement":[{"@type":"ListItem","position":1,"name":"Home","item":"https:\/\/kibrisdakik.com\/"},{"@type":"ListItem","position":2,"name":"Polis haberleri; Gemikona\u011fi\u2019nda kavga, d\u00f6rt tutuklu"}]},{"@type":"WebSite","@id":"https:\/\/kibrisdakik.com\/#website","url":"https:\/\/kibrisdakik.com\/","name":"","description":"Tam vaktinde haber","potentialAction":[{"@type":"SearchAction","target":{"@type":"EntryPoint","urlTemplate":"https:\/\/kibrisdakik.com\/?s={search_term_string}"},"query-input":{"@type":"PropertyValueSpecification","valueRequired":true,"valueName":"search_term_string"}}],"inLanguage":"tr"},{"@type":"Person","@id":"https:\/\/kibrisdakik.com\/#\/schema\/person\/9cd9d437bbb44f72b73ba127e06d8e79","name":"admin","image":{"@type":"ImageObject","inLanguage":"tr","@id":"https:\/\/secure.gravatar.com\/avatar\/ccc17943b9d660506c869530f897617f7cb1c21a4bf30023f252596d83e1f007?s=96&d=mm&r=g","url":"https:\/\/secure.gravatar.com\/avatar\/ccc17943b9d660506c869530f897617f7cb1c21a4bf30023f252596d83e1f007?s=96&d=mm&r=g","contentUrl":"https:\/\/secure.gravatar.com\/avatar\/ccc17943b9d660506c869530f897617f7cb1c21a4bf30023f252596d83e1f007?s=96&d=mm&r=g","caption":"admin"},"sameAs":["https:\/\/kibrisdakik.com"],"url":"https:\/\/kibrisdakik.com\/?author=1"}]}},"_links":{"self":[{"href":"https:\/\/kibrisdakik.com\/index.php?rest_route=\/wp\/v2\/posts\/68821","targetHints":{"allow":["GET"]}}],"collection":[{"href":"https:\/\/kibrisdakik.com\/index.php?rest_route=\/wp\/v2\/posts"}],"about":[{"href":"https:\/\/kibrisdakik.com\/index.php?rest_route=\/wp\/v2\/types\/post"}],"author":[{"embeddable":true,"href":"https:\/\/kibrisdakik.com\/index.php?rest_route=\/wp\/v2\/users\/1"}],"replies":[{"embeddable":true,"href":"https:\/\/kibrisdakik.com\/index.php?rest_route=%2Fwp%2Fv2%2Fcomments&post=68821"}],"version-history":[{"count":0,"href":"https:\/\/kibrisdakik.com\/index.php?rest_route=\/wp\/v2\/posts\/68821\/revisions"}],"wp:featuredmedia":[{"embeddable":true,"href":"https:\/\/kibrisdakik.com\/index.php?rest_route=\/wp\/v2\/media\/68822"}],"wp:attachment":[{"href":"https:\/\/kibrisdakik.com\/index.php?rest_route=%2Fwp%2Fv2%2Fmedia&parent=68821"}],"wp:term":[{"taxonomy":"category","embeddable":true,"href":"https:\/\/kibrisdakik.com\/index.php?rest_route=%2Fwp%2Fv2%2Fcategories&post=68821"},{"taxonomy":"post_tag","embeddable":true,"href":"https:\/\/kibrisdakik.com\/index.php?rest_route=%2Fwp%2Fv2%2Ftags&post=68821"}],"curies":[{"name":"wp","href":"https:\/\/api.w.org\/{rel}","templated":true}]}}