{"id":68843,"date":"2024-11-11T16:10:56","date_gmt":"2024-11-11T13:10:56","guid":{"rendered":"https:\/\/kibrisdakik.com\/index.php\/2024\/11\/11\/catalkoy-teknecik-ve-esentepe-bolgesinde-notam-esas-atisi-yapilacak\/"},"modified":"2024-11-11T16:10:56","modified_gmt":"2024-11-11T13:10:56","slug":"catalkoy-teknecik-ve-esentepe-bolgesinde-notam-esas-atisi-yapilacak","status":"publish","type":"post","link":"https:\/\/kibrisdakik.com\/?p=68843","title":{"rendered":"\u00c7atalk\u00f6y, Teknecik ve Esentepe b\u00f6lgesinde Notam Esas At\u0131\u015f\u0131 yap\u0131lacak"},"content":{"rendered":"<div>\n<div class=\"mariselle-image-container center\">\n                                            <\/div>\n<p>\u00a0<\/p>\n<p style=\"font-weight: 300;\"><span style=\"font-weight: 300 !important;\">Girne il\u00e7esine ba\u011fl\u0131 \u00c7atalk\u00f6y, Teknecik ve Esentepe b\u00f6lgesinde 18-22 Kas\u0131m tarihlerini kapsayan s\u00fcre i\u00e7inde K\u0131br\u0131s T\u00fcrk Bar\u0131\u015f Kuvvetleri Komutanl\u0131\u011f\u0131 Hava Savunma Birlikleri taraf\u0131ndan Notam Esas At\u0131\u015f\u0131 yap\u0131lacak.<\/span><\/p>\n<p style=\"font-weight: 300;\"><span style=\"font-weight: 300 !important;\">Girne Kaymakam\u0131 Cemal \u00d6zcemo\u011flu taraf\u0131ndan yap\u0131lan duyuruya g\u00f6re, \u0130ncekum At\u0131\u015f Alan\u0131\u2019nda yer alacak at\u0131\u015f s\u00fcresince can ve mal g\u00fcvenli\u011finin sa\u011flanmas\u0131 amac\u0131yla baz\u0131 tedbirler al\u0131nd\u0131.<\/span><\/p>\n<p style=\"font-weight: 300;\"><span style=\"font-weight: 300 !important;\">Buna g\u00f6re, s\u00f6z konusu b\u00f6lgede \u201cs\u00fcr\u00fc otlatmamak, zeytin harup ve di\u011fer \u00fcr\u00fcnleri hasat etmemek, tar\u0131msal faaliyetlerde bulunmamak, bal\u0131k avlamamak; b\u00f6lgeye gezinti yapmak, k\u00f6pek gezdirmek veya ba\u015fka herhangi bir ama\u00e7la gidilmemesi; helikopter u\u00e7u\u015flar\u0131na, ini\u015f kalk\u0131\u015f\u0131na engel te\u015fkil edebilecek su r\u00f6morklar\u0131 ve di\u011fer benzer malzemelerin b\u00f6lgeden uzakla\u015ft\u0131r\u0131lmas\u0131\u201d gerekiyor.<\/span><\/p>\n<\/p><\/div>\n<p><script async\n                    defer\n                    crossorigin=\"anonymous\"\n                    src=\"https:\/\/connect.facebook.net\/tr_TR\/sdk.js#xfbml=1&#038;version=v3.3\"\n            ><\/script><\/p>\n","protected":false},"excerpt":{"rendered":"<p>\u00a0 Girne il\u00e7esine ba\u011fl\u0131 \u00c7atalk\u00f6y, Teknecik ve Esentepe b\u00f6lgesinde 18-22 Kas\u0131m tarihlerini kapsayan s\u00fcre i\u00e7inde K\u0131br\u0131s T\u00fcrk Bar\u0131\u015f Kuvvetleri Komutanl\u0131\u011f\u0131 Hava Savunma Birlikleri taraf\u0131ndan Notam Esas At\u0131\u015f\u0131 yap\u0131lacak. Girne Kaymakam\u0131 Cemal \u00d6zcemo\u011flu taraf\u0131ndan yap\u0131lan duyuruya g\u00f6re, \u0130ncekum At\u0131\u015f Alan\u0131\u2019nda yer alacak at\u0131\u015f s\u00fcresince can ve mal g\u00fcvenli\u011finin sa\u011flanmas\u0131 amac\u0131yla baz\u0131 tedbirler al\u0131nd\u0131. Buna g\u00f6re, s\u00f6z<\/p>\n","protected":false},"author":1,"featured_media":68844,"comment_status":"open","ping_status":"open","sticky":false,"template":"","format":"standard","meta":{"footnotes":""},"categories":[81],"tags":[],"class_list":["post-68843","post","type-post","status-publish","format-standard","has-post-thumbnail","hentry","category-kibris"],"yoast_head":"<!-- This site is optimized with the Yoast SEO plugin v27.4 - https:\/\/yoast.com\/product\/yoast-seo-wordpress\/ -->\n<title>\u00c7atalk\u00f6y, Teknecik ve Esentepe b\u00f6lgesinde Notam Esas At\u0131\u015f\u0131 yap\u0131lacak -<\/title>\n<meta name=\"robots\" content=\"index, follow, max-snippet:-1, max-image-preview:large, max-video-preview:-1\" \/>\n<link rel=\"canonical\" href=\"https:\/\/kibrisdakik.com\/?p=68843\" \/>\n<meta property=\"og:locale\" content=\"tr_TR\" \/>\n<meta property=\"og:type\" content=\"article\" \/>\n<meta property=\"og:title\" content=\"\u00c7atalk\u00f6y, Teknecik ve Esentepe b\u00f6lgesinde Notam Esas At\u0131\u015f\u0131 yap\u0131lacak -\" \/>\n<meta property=\"og:description\" content=\"\u00a0 Girne il\u00e7esine ba\u011fl\u0131 \u00c7atalk\u00f6y, Teknecik ve Esentepe b\u00f6lgesinde 18-22 Kas\u0131m tarihlerini kapsayan s\u00fcre i\u00e7inde K\u0131br\u0131s T\u00fcrk Bar\u0131\u015f Kuvvetleri Komutanl\u0131\u011f\u0131 Hava Savunma Birlikleri taraf\u0131ndan Notam Esas At\u0131\u015f\u0131 yap\u0131lacak. Girne Kaymakam\u0131 Cemal \u00d6zcemo\u011flu taraf\u0131ndan yap\u0131lan duyuruya g\u00f6re, \u0130ncekum At\u0131\u015f Alan\u0131\u2019nda yer alacak at\u0131\u015f s\u00fcresince can ve mal g\u00fcvenli\u011finin sa\u011flanmas\u0131 amac\u0131yla baz\u0131 tedbirler al\u0131nd\u0131. Buna g\u00f6re, s\u00f6z\" \/>\n<meta property=\"og:url\" content=\"https:\/\/kibrisdakik.com\/?p=68843\" \/>\n<meta property=\"article:published_time\" content=\"2024-11-11T13:10:56+00:00\" \/>\n<meta property=\"og:image\" content=\"https:\/\/kibrisdakik.com\/wp-content\/uploads\/2024\/11\/qoeuiiqou-740x420.jpg\" \/>\n\t<meta property=\"og:image:width\" content=\"1239\" \/>\n\t<meta property=\"og:image:height\" content=\"587\" \/>\n\t<meta property=\"og:image:type\" content=\"image\/jpeg\" \/>\n<meta name=\"author\" content=\"admin\" \/>\n<meta name=\"twitter:card\" content=\"summary_large_image\" \/>\n<meta name=\"twitter:label1\" content=\"Yazan:\" \/>\n\t<meta name=\"twitter:data1\" content=\"admin\" \/>\n\t<meta name=\"twitter:label2\" content=\"Tahmini okuma s\u00fcresi\" \/>\n\t<meta name=\"twitter:data2\" content=\"1 dakika\" \/>\n<script type=\"application\/ld+json\" class=\"yoast-schema-graph\">{\"@context\":\"https:\\\/\\\/schema.org\",\"@graph\":[{\"@type\":\"Article\",\"@id\":\"https:\\\/\\\/kibrisdakik.com\\\/?p=68843#article\",\"isPartOf\":{\"@id\":\"https:\\\/\\\/kibrisdakik.com\\\/?p=68843\"},\"author\":{\"name\":\"admin\",\"@id\":\"https:\\\/\\\/kibrisdakik.com\\\/#\\\/schema\\\/person\\\/9cd9d437bbb44f72b73ba127e06d8e79\"},\"headline\":\"\u00c7atalk\u00f6y, Teknecik ve Esentepe b\u00f6lgesinde Notam Esas At\u0131\u015f\u0131 yap\u0131lacak\",\"datePublished\":\"2024-11-11T13:10:56+00:00\",\"mainEntityOfPage\":{\"@id\":\"https:\\\/\\\/kibrisdakik.com\\\/?p=68843\"},\"wordCount\":155,\"commentCount\":0,\"image\":{\"@id\":\"https:\\\/\\\/kibrisdakik.com\\\/?p=68843#primaryimage\"},\"thumbnailUrl\":\"https:\\\/\\\/kibrisdakik.com\\\/wp-content\\\/uploads\\\/2024\\\/11\\\/qoeuiiqou-740x420.jpg\",\"articleSection\":[\"K\u0131br\u0131s\"],\"inLanguage\":\"tr\",\"potentialAction\":[{\"@type\":\"CommentAction\",\"name\":\"Comment\",\"target\":[\"https:\\\/\\\/kibrisdakik.com\\\/?p=68843#respond\"]}]},{\"@type\":\"WebPage\",\"@id\":\"https:\\\/\\\/kibrisdakik.com\\\/?p=68843\",\"url\":\"https:\\\/\\\/kibrisdakik.com\\\/?p=68843\",\"name\":\"\u00c7atalk\u00f6y, Teknecik ve Esentepe b\u00f6lgesinde Notam Esas At\u0131\u015f\u0131 yap\u0131lacak -\",\"isPartOf\":{\"@id\":\"https:\\\/\\\/kibrisdakik.com\\\/#website\"},\"primaryImageOfPage\":{\"@id\":\"https:\\\/\\\/kibrisdakik.com\\\/?p=68843#primaryimage\"},\"image\":{\"@id\":\"https:\\\/\\\/kibrisdakik.com\\\/?p=68843#primaryimage\"},\"thumbnailUrl\":\"https:\\\/\\\/kibrisdakik.com\\\/wp-content\\\/uploads\\\/2024\\\/11\\\/qoeuiiqou-740x420.jpg\",\"datePublished\":\"2024-11-11T13:10:56+00:00\",\"author\":{\"@id\":\"https:\\\/\\\/kibrisdakik.com\\\/#\\\/schema\\\/person\\\/9cd9d437bbb44f72b73ba127e06d8e79\"},\"breadcrumb\":{\"@id\":\"https:\\\/\\\/kibrisdakik.com\\\/?p=68843#breadcrumb\"},\"inLanguage\":\"tr\",\"potentialAction\":[{\"@type\":\"ReadAction\",\"target\":[\"https:\\\/\\\/kibrisdakik.com\\\/?p=68843\"]}]},{\"@type\":\"ImageObject\",\"inLanguage\":\"tr\",\"@id\":\"https:\\\/\\\/kibrisdakik.com\\\/?p=68843#primaryimage\",\"url\":\"https:\\\/\\\/kibrisdakik.com\\\/wp-content\\\/uploads\\\/2024\\\/11\\\/qoeuiiqou-740x420.jpg\",\"contentUrl\":\"https:\\\/\\\/kibrisdakik.com\\\/wp-content\\\/uploads\\\/2024\\\/11\\\/qoeuiiqou-740x420.jpg\",\"width\":1239,\"height\":587},{\"@type\":\"BreadcrumbList\",\"@id\":\"https:\\\/\\\/kibrisdakik.com\\\/?p=68843#breadcrumb\",\"itemListElement\":[{\"@type\":\"ListItem\",\"position\":1,\"name\":\"Home\",\"item\":\"https:\\\/\\\/kibrisdakik.com\\\/\"},{\"@type\":\"ListItem\",\"position\":2,\"name\":\"\u00c7atalk\u00f6y, Teknecik ve Esentepe b\u00f6lgesinde Notam Esas At\u0131\u015f\u0131 yap\u0131lacak\"}]},{\"@type\":\"WebSite\",\"@id\":\"https:\\\/\\\/kibrisdakik.com\\\/#website\",\"url\":\"https:\\\/\\\/kibrisdakik.com\\\/\",\"name\":\"\",\"description\":\"Tam vaktinde haber\",\"potentialAction\":[{\"@type\":\"SearchAction\",\"target\":{\"@type\":\"EntryPoint\",\"urlTemplate\":\"https:\\\/\\\/kibrisdakik.com\\\/?s={search_term_string}\"},\"query-input\":{\"@type\":\"PropertyValueSpecification\",\"valueRequired\":true,\"valueName\":\"search_term_string\"}}],\"inLanguage\":\"tr\"},{\"@type\":\"Person\",\"@id\":\"https:\\\/\\\/kibrisdakik.com\\\/#\\\/schema\\\/person\\\/9cd9d437bbb44f72b73ba127e06d8e79\",\"name\":\"admin\",\"image\":{\"@type\":\"ImageObject\",\"inLanguage\":\"tr\",\"@id\":\"https:\\\/\\\/secure.gravatar.com\\\/avatar\\\/ccc17943b9d660506c869530f897617f7cb1c21a4bf30023f252596d83e1f007?s=96&d=mm&r=g\",\"url\":\"https:\\\/\\\/secure.gravatar.com\\\/avatar\\\/ccc17943b9d660506c869530f897617f7cb1c21a4bf30023f252596d83e1f007?s=96&d=mm&r=g\",\"contentUrl\":\"https:\\\/\\\/secure.gravatar.com\\\/avatar\\\/ccc17943b9d660506c869530f897617f7cb1c21a4bf30023f252596d83e1f007?s=96&d=mm&r=g\",\"caption\":\"admin\"},\"sameAs\":[\"https:\\\/\\\/kibrisdakik.com\"],\"url\":\"https:\\\/\\\/kibrisdakik.com\\\/?author=1\"}]}<\/script>\n<!-- \/ Yoast SEO plugin. -->","yoast_head_json":{"title":"\u00c7atalk\u00f6y, Teknecik ve Esentepe b\u00f6lgesinde Notam Esas At\u0131\u015f\u0131 yap\u0131lacak -","robots":{"index":"index","follow":"follow","max-snippet":"max-snippet:-1","max-image-preview":"max-image-preview:large","max-video-preview":"max-video-preview:-1"},"canonical":"https:\/\/kibrisdakik.com\/?p=68843","og_locale":"tr_TR","og_type":"article","og_title":"\u00c7atalk\u00f6y, Teknecik ve Esentepe b\u00f6lgesinde Notam Esas At\u0131\u015f\u0131 yap\u0131lacak -","og_description":"\u00a0 Girne il\u00e7esine ba\u011fl\u0131 \u00c7atalk\u00f6y, Teknecik ve Esentepe b\u00f6lgesinde 18-22 Kas\u0131m tarihlerini kapsayan s\u00fcre i\u00e7inde K\u0131br\u0131s T\u00fcrk Bar\u0131\u015f Kuvvetleri Komutanl\u0131\u011f\u0131 Hava Savunma Birlikleri taraf\u0131ndan Notam Esas At\u0131\u015f\u0131 yap\u0131lacak. Girne Kaymakam\u0131 Cemal \u00d6zcemo\u011flu taraf\u0131ndan yap\u0131lan duyuruya g\u00f6re, \u0130ncekum At\u0131\u015f Alan\u0131\u2019nda yer alacak at\u0131\u015f s\u00fcresince can ve mal g\u00fcvenli\u011finin sa\u011flanmas\u0131 amac\u0131yla baz\u0131 tedbirler al\u0131nd\u0131. Buna g\u00f6re, s\u00f6z","og_url":"https:\/\/kibrisdakik.com\/?p=68843","article_published_time":"2024-11-11T13:10:56+00:00","og_image":[{"width":1239,"height":587,"url":"https:\/\/kibrisdakik.com\/wp-content\/uploads\/2024\/11\/qoeuiiqou-740x420.jpg","type":"image\/jpeg"}],"author":"admin","twitter_card":"summary_large_image","twitter_misc":{"Yazan:":"admin","Tahmini okuma s\u00fcresi":"1 dakika"},"schema":{"@context":"https:\/\/schema.org","@graph":[{"@type":"Article","@id":"https:\/\/kibrisdakik.com\/?p=68843#article","isPartOf":{"@id":"https:\/\/kibrisdakik.com\/?p=68843"},"author":{"name":"admin","@id":"https:\/\/kibrisdakik.com\/#\/schema\/person\/9cd9d437bbb44f72b73ba127e06d8e79"},"headline":"\u00c7atalk\u00f6y, Teknecik ve Esentepe b\u00f6lgesinde Notam Esas At\u0131\u015f\u0131 yap\u0131lacak","datePublished":"2024-11-11T13:10:56+00:00","mainEntityOfPage":{"@id":"https:\/\/kibrisdakik.com\/?p=68843"},"wordCount":155,"commentCount":0,"image":{"@id":"https:\/\/kibrisdakik.com\/?p=68843#primaryimage"},"thumbnailUrl":"https:\/\/kibrisdakik.com\/wp-content\/uploads\/2024\/11\/qoeuiiqou-740x420.jpg","articleSection":["K\u0131br\u0131s"],"inLanguage":"tr","potentialAction":[{"@type":"CommentAction","name":"Comment","target":["https:\/\/kibrisdakik.com\/?p=68843#respond"]}]},{"@type":"WebPage","@id":"https:\/\/kibrisdakik.com\/?p=68843","url":"https:\/\/kibrisdakik.com\/?p=68843","name":"\u00c7atalk\u00f6y, Teknecik ve Esentepe b\u00f6lgesinde Notam Esas At\u0131\u015f\u0131 yap\u0131lacak -","isPartOf":{"@id":"https:\/\/kibrisdakik.com\/#website"},"primaryImageOfPage":{"@id":"https:\/\/kibrisdakik.com\/?p=68843#primaryimage"},"image":{"@id":"https:\/\/kibrisdakik.com\/?p=68843#primaryimage"},"thumbnailUrl":"https:\/\/kibrisdakik.com\/wp-content\/uploads\/2024\/11\/qoeuiiqou-740x420.jpg","datePublished":"2024-11-11T13:10:56+00:00","author":{"@id":"https:\/\/kibrisdakik.com\/#\/schema\/person\/9cd9d437bbb44f72b73ba127e06d8e79"},"breadcrumb":{"@id":"https:\/\/kibrisdakik.com\/?p=68843#breadcrumb"},"inLanguage":"tr","potentialAction":[{"@type":"ReadAction","target":["https:\/\/kibrisdakik.com\/?p=68843"]}]},{"@type":"ImageObject","inLanguage":"tr","@id":"https:\/\/kibrisdakik.com\/?p=68843#primaryimage","url":"https:\/\/kibrisdakik.com\/wp-content\/uploads\/2024\/11\/qoeuiiqou-740x420.jpg","contentUrl":"https:\/\/kibrisdakik.com\/wp-content\/uploads\/2024\/11\/qoeuiiqou-740x420.jpg","width":1239,"height":587},{"@type":"BreadcrumbList","@id":"https:\/\/kibrisdakik.com\/?p=68843#breadcrumb","itemListElement":[{"@type":"ListItem","position":1,"name":"Home","item":"https:\/\/kibrisdakik.com\/"},{"@type":"ListItem","position":2,"name":"\u00c7atalk\u00f6y, Teknecik ve Esentepe b\u00f6lgesinde Notam Esas At\u0131\u015f\u0131 yap\u0131lacak"}]},{"@type":"WebSite","@id":"https:\/\/kibrisdakik.com\/#website","url":"https:\/\/kibrisdakik.com\/","name":"","description":"Tam vaktinde haber","potentialAction":[{"@type":"SearchAction","target":{"@type":"EntryPoint","urlTemplate":"https:\/\/kibrisdakik.com\/?s={search_term_string}"},"query-input":{"@type":"PropertyValueSpecification","valueRequired":true,"valueName":"search_term_string"}}],"inLanguage":"tr"},{"@type":"Person","@id":"https:\/\/kibrisdakik.com\/#\/schema\/person\/9cd9d437bbb44f72b73ba127e06d8e79","name":"admin","image":{"@type":"ImageObject","inLanguage":"tr","@id":"https:\/\/secure.gravatar.com\/avatar\/ccc17943b9d660506c869530f897617f7cb1c21a4bf30023f252596d83e1f007?s=96&d=mm&r=g","url":"https:\/\/secure.gravatar.com\/avatar\/ccc17943b9d660506c869530f897617f7cb1c21a4bf30023f252596d83e1f007?s=96&d=mm&r=g","contentUrl":"https:\/\/secure.gravatar.com\/avatar\/ccc17943b9d660506c869530f897617f7cb1c21a4bf30023f252596d83e1f007?s=96&d=mm&r=g","caption":"admin"},"sameAs":["https:\/\/kibrisdakik.com"],"url":"https:\/\/kibrisdakik.com\/?author=1"}]}},"_links":{"self":[{"href":"https:\/\/kibrisdakik.com\/index.php?rest_route=\/wp\/v2\/posts\/68843","targetHints":{"allow":["GET"]}}],"collection":[{"href":"https:\/\/kibrisdakik.com\/index.php?rest_route=\/wp\/v2\/posts"}],"about":[{"href":"https:\/\/kibrisdakik.com\/index.php?rest_route=\/wp\/v2\/types\/post"}],"author":[{"embeddable":true,"href":"https:\/\/kibrisdakik.com\/index.php?rest_route=\/wp\/v2\/users\/1"}],"replies":[{"embeddable":true,"href":"https:\/\/kibrisdakik.com\/index.php?rest_route=%2Fwp%2Fv2%2Fcomments&post=68843"}],"version-history":[{"count":0,"href":"https:\/\/kibrisdakik.com\/index.php?rest_route=\/wp\/v2\/posts\/68843\/revisions"}],"wp:featuredmedia":[{"embeddable":true,"href":"https:\/\/kibrisdakik.com\/index.php?rest_route=\/wp\/v2\/media\/68844"}],"wp:attachment":[{"href":"https:\/\/kibrisdakik.com\/index.php?rest_route=%2Fwp%2Fv2%2Fmedia&parent=68843"}],"wp:term":[{"taxonomy":"category","embeddable":true,"href":"https:\/\/kibrisdakik.com\/index.php?rest_route=%2Fwp%2Fv2%2Fcategories&post=68843"},{"taxonomy":"post_tag","embeddable":true,"href":"https:\/\/kibrisdakik.com\/index.php?rest_route=%2Fwp%2Fv2%2Ftags&post=68843"}],"curies":[{"name":"wp","href":"https:\/\/api.w.org\/{rel}","templated":true}]}}