{"id":68873,"date":"2024-11-11T21:34:13","date_gmt":"2024-11-11T18:34:13","guid":{"rendered":"https:\/\/kibrisdakik.com\/index.php\/2024\/11\/11\/dikkatsiz-surucu-yayaya-carpti\/"},"modified":"2024-11-11T21:34:13","modified_gmt":"2024-11-11T18:34:13","slug":"dikkatsiz-surucu-yayaya-carpti","status":"publish","type":"post","link":"https:\/\/kibrisdakik.com\/?p=68873","title":{"rendered":"Dikkatsiz s\u00fcr\u00fcc\u00fc yayaya \u00e7arpt\u0131!"},"content":{"rendered":"<p><\/p>\n<div>\n<p>\u00a0<\/p>\n<div class=\"mariselle-image-container center\">\n                <img loading=\"lazy\" decoding=\"async\" width=\"557\" height=\"311\" class=\"lazy-image\" alt=\"\" sizes=\"auto, (max-width: 557px) 100vw, 557px\" src=\"https:\/\/brtk.net\/wp-content\/uploads\/2024\/11\/11\/14i1ksqa.jpg?ver=0b3c3d05292809dc320ac62c4201ea7d\" srcset=\"https:\/\/brtk.net\/wp-content\/uploads\/2024\/11\/11\/14i1ksqa.jpg?ver=0b3c3d05292809dc320ac62c4201ea7d 557w, https:\/\/brtk.net\/wp-content\/uploads\/2024\/11\/11\/14i1ksqa-300x168.jpg?ver=ec0f8f0b99e1f2619500a2863fd4946d 300w\"\/>                            <\/div>\n<p>Polis Bas\u0131n Subayl\u0131\u011f\u0131\u2019ndan verilen bilgiye g\u00f6re bug\u00fcn saat 17:45 s\u0131ralar\u0131nda, Gazima\u011fusa \u2013 Karpaz anayolu \u00fczerinde, Ramazan BA\u015eARIR (E-21) y\u00f6netimindeki DS 116 plakal\u0131 ara\u00e7 ile Karpaz istikametine do\u011fru seyretti\u011fi s\u0131rada \u0130skele \u2013 Bo\u011faz mevkiine geldi\u011finde, dikkatsizli\u011fi sonucu yolun kuzey k\u0131sm\u0131ndan g\u00fcney k\u0131sm\u0131na do\u011fru yaya olarak ge\u00e7meye \u00e7al\u0131\u015fan H\u00fcseyin \u00d6ZG\u00dcL (E-30)\u2019e \u00e7arpm\u0131\u015ft\u0131r.<\/p>\n<p>\u00a0<\/p>\n<p>Kaza sonucu yaralanan yaya H\u00fcseyin \u00d6ZG\u00dcL, kald\u0131r\u0131ld\u0131\u011f\u0131 Gazima\u011fusa Devlet Hastanesinde yap\u0131lan m\u00fcdahalenin ard\u0131ndan Lefko\u015fa Dr. Burhan Nalbanto\u011flu Devlet Hastanesine sevk edilmi\u015f olup tedavisi halen s\u00fcrmektedir. Ara\u00e7 s\u00fcr\u00fcc\u00fcs\u00fc Ramazan BA\u015eARIR tutuklanm\u0131\u015f olup,\u00a0 polisin kazayla ilgili soru\u015fturmas\u0131 devam etmektedir.<\/p>\n<\/p><\/div>\n<p><script async\n                    defer\n                    crossorigin=\"anonymous\"\n                    src=\"https:\/\/connect.facebook.net\/tr_TR\/sdk.js#xfbml=1&#038;version=v3.3\"\n            ><\/script><\/p>\n","protected":false},"excerpt":{"rendered":"<p>\u00a0 Polis Bas\u0131n Subayl\u0131\u011f\u0131\u2019ndan verilen bilgiye g\u00f6re bug\u00fcn saat 17:45 s\u0131ralar\u0131nda, Gazima\u011fusa \u2013 Karpaz anayolu \u00fczerinde, Ramazan BA\u015eARIR (E-21) y\u00f6netimindeki DS 116 plakal\u0131 ara\u00e7 ile Karpaz istikametine do\u011fru seyretti\u011fi s\u0131rada \u0130skele \u2013 Bo\u011faz mevkiine geldi\u011finde, dikkatsizli\u011fi sonucu yolun kuzey k\u0131sm\u0131ndan g\u00fcney k\u0131sm\u0131na do\u011fru yaya olarak ge\u00e7meye \u00e7al\u0131\u015fan H\u00fcseyin \u00d6ZG\u00dcL (E-30)\u2019e \u00e7arpm\u0131\u015ft\u0131r. \u00a0 Kaza sonucu yaralanan<\/p>\n","protected":false},"author":1,"featured_media":68874,"comment_status":"open","ping_status":"open","sticky":false,"template":"","format":"standard","meta":{"footnotes":""},"categories":[1],"tags":[],"class_list":["post-68873","post","type-post","status-publish","format-standard","has-post-thumbnail","hentry","category-gundem"],"yoast_head":"<!-- This site is optimized with the Yoast SEO plugin v27.5 - https:\/\/yoast.com\/product\/yoast-seo-wordpress\/ -->\n<title>Dikkatsiz s\u00fcr\u00fcc\u00fc yayaya \u00e7arpt\u0131! -<\/title>\n<meta name=\"robots\" content=\"index, follow, max-snippet:-1, max-image-preview:large, max-video-preview:-1\" \/>\n<link rel=\"canonical\" href=\"https:\/\/kibrisdakik.com\/?p=68873\" \/>\n<meta property=\"og:locale\" content=\"tr_TR\" \/>\n<meta property=\"og:type\" content=\"article\" \/>\n<meta property=\"og:title\" content=\"Dikkatsiz s\u00fcr\u00fcc\u00fc yayaya \u00e7arpt\u0131! -\" \/>\n<meta property=\"og:description\" content=\"\u00a0 Polis Bas\u0131n Subayl\u0131\u011f\u0131\u2019ndan verilen bilgiye g\u00f6re bug\u00fcn saat 17:45 s\u0131ralar\u0131nda, Gazima\u011fusa \u2013 Karpaz anayolu \u00fczerinde, Ramazan BA\u015eARIR (E-21) y\u00f6netimindeki DS 116 plakal\u0131 ara\u00e7 ile Karpaz istikametine do\u011fru seyretti\u011fi s\u0131rada \u0130skele \u2013 Bo\u011faz mevkiine geldi\u011finde, dikkatsizli\u011fi sonucu yolun kuzey k\u0131sm\u0131ndan g\u00fcney k\u0131sm\u0131na do\u011fru yaya olarak ge\u00e7meye \u00e7al\u0131\u015fan H\u00fcseyin \u00d6ZG\u00dcL (E-30)\u2019e \u00e7arpm\u0131\u015ft\u0131r. \u00a0 Kaza sonucu yaralanan\" \/>\n<meta property=\"og:url\" content=\"https:\/\/kibrisdakik.com\/?p=68873\" \/>\n<meta property=\"article:published_time\" content=\"2024-11-11T18:34:13+00:00\" \/>\n<meta property=\"og:image\" content=\"https:\/\/kibrisdakik.com\/wp-content\/uploads\/2024\/11\/14i1ksqa.jpg\" \/>\n\t<meta property=\"og:image:width\" content=\"557\" \/>\n\t<meta property=\"og:image:height\" content=\"311\" \/>\n\t<meta property=\"og:image:type\" content=\"image\/jpeg\" \/>\n<meta name=\"author\" content=\"admin\" \/>\n<meta name=\"twitter:card\" content=\"summary_large_image\" \/>\n<meta name=\"twitter:label1\" content=\"Yazan:\" \/>\n\t<meta name=\"twitter:data1\" content=\"admin\" \/>\n\t<meta name=\"twitter:label2\" content=\"Tahmini okuma s\u00fcresi\" \/>\n\t<meta name=\"twitter:data2\" content=\"1 dakika\" \/>\n<script type=\"application\/ld+json\" class=\"yoast-schema-graph\">{\"@context\":\"https:\\\/\\\/schema.org\",\"@graph\":[{\"@type\":\"Article\",\"@id\":\"https:\\\/\\\/kibrisdakik.com\\\/?p=68873#article\",\"isPartOf\":{\"@id\":\"https:\\\/\\\/kibrisdakik.com\\\/?p=68873\"},\"author\":{\"name\":\"admin\",\"@id\":\"https:\\\/\\\/kibrisdakik.com\\\/#\\\/schema\\\/person\\\/9cd9d437bbb44f72b73ba127e06d8e79\"},\"headline\":\"Dikkatsiz s\u00fcr\u00fcc\u00fc yayaya \u00e7arpt\u0131!\",\"datePublished\":\"2024-11-11T18:34:13+00:00\",\"mainEntityOfPage\":{\"@id\":\"https:\\\/\\\/kibrisdakik.com\\\/?p=68873\"},\"wordCount\":133,\"commentCount\":0,\"image\":{\"@id\":\"https:\\\/\\\/kibrisdakik.com\\\/?p=68873#primaryimage\"},\"thumbnailUrl\":\"https:\\\/\\\/kibrisdakik.com\\\/wp-content\\\/uploads\\\/2024\\\/11\\\/14i1ksqa.jpg\",\"articleSection\":[\"G\u00fcndem\"],\"inLanguage\":\"tr\",\"potentialAction\":[{\"@type\":\"CommentAction\",\"name\":\"Comment\",\"target\":[\"https:\\\/\\\/kibrisdakik.com\\\/?p=68873#respond\"]}]},{\"@type\":\"WebPage\",\"@id\":\"https:\\\/\\\/kibrisdakik.com\\\/?p=68873\",\"url\":\"https:\\\/\\\/kibrisdakik.com\\\/?p=68873\",\"name\":\"Dikkatsiz s\u00fcr\u00fcc\u00fc yayaya \u00e7arpt\u0131! -\",\"isPartOf\":{\"@id\":\"https:\\\/\\\/kibrisdakik.com\\\/#website\"},\"primaryImageOfPage\":{\"@id\":\"https:\\\/\\\/kibrisdakik.com\\\/?p=68873#primaryimage\"},\"image\":{\"@id\":\"https:\\\/\\\/kibrisdakik.com\\\/?p=68873#primaryimage\"},\"thumbnailUrl\":\"https:\\\/\\\/kibrisdakik.com\\\/wp-content\\\/uploads\\\/2024\\\/11\\\/14i1ksqa.jpg\",\"datePublished\":\"2024-11-11T18:34:13+00:00\",\"author\":{\"@id\":\"https:\\\/\\\/kibrisdakik.com\\\/#\\\/schema\\\/person\\\/9cd9d437bbb44f72b73ba127e06d8e79\"},\"breadcrumb\":{\"@id\":\"https:\\\/\\\/kibrisdakik.com\\\/?p=68873#breadcrumb\"},\"inLanguage\":\"tr\",\"potentialAction\":[{\"@type\":\"ReadAction\",\"target\":[\"https:\\\/\\\/kibrisdakik.com\\\/?p=68873\"]}]},{\"@type\":\"ImageObject\",\"inLanguage\":\"tr\",\"@id\":\"https:\\\/\\\/kibrisdakik.com\\\/?p=68873#primaryimage\",\"url\":\"https:\\\/\\\/kibrisdakik.com\\\/wp-content\\\/uploads\\\/2024\\\/11\\\/14i1ksqa.jpg\",\"contentUrl\":\"https:\\\/\\\/kibrisdakik.com\\\/wp-content\\\/uploads\\\/2024\\\/11\\\/14i1ksqa.jpg\",\"width\":557,\"height\":311},{\"@type\":\"BreadcrumbList\",\"@id\":\"https:\\\/\\\/kibrisdakik.com\\\/?p=68873#breadcrumb\",\"itemListElement\":[{\"@type\":\"ListItem\",\"position\":1,\"name\":\"Home\",\"item\":\"https:\\\/\\\/kibrisdakik.com\\\/\"},{\"@type\":\"ListItem\",\"position\":2,\"name\":\"Dikkatsiz s\u00fcr\u00fcc\u00fc yayaya \u00e7arpt\u0131!\"}]},{\"@type\":\"WebSite\",\"@id\":\"https:\\\/\\\/kibrisdakik.com\\\/#website\",\"url\":\"https:\\\/\\\/kibrisdakik.com\\\/\",\"name\":\"\",\"description\":\"Tam vaktinde haber\",\"potentialAction\":[{\"@type\":\"SearchAction\",\"target\":{\"@type\":\"EntryPoint\",\"urlTemplate\":\"https:\\\/\\\/kibrisdakik.com\\\/?s={search_term_string}\"},\"query-input\":{\"@type\":\"PropertyValueSpecification\",\"valueRequired\":true,\"valueName\":\"search_term_string\"}}],\"inLanguage\":\"tr\"},{\"@type\":\"Person\",\"@id\":\"https:\\\/\\\/kibrisdakik.com\\\/#\\\/schema\\\/person\\\/9cd9d437bbb44f72b73ba127e06d8e79\",\"name\":\"admin\",\"image\":{\"@type\":\"ImageObject\",\"inLanguage\":\"tr\",\"@id\":\"https:\\\/\\\/secure.gravatar.com\\\/avatar\\\/ccc17943b9d660506c869530f897617f7cb1c21a4bf30023f252596d83e1f007?s=96&d=mm&r=g\",\"url\":\"https:\\\/\\\/secure.gravatar.com\\\/avatar\\\/ccc17943b9d660506c869530f897617f7cb1c21a4bf30023f252596d83e1f007?s=96&d=mm&r=g\",\"contentUrl\":\"https:\\\/\\\/secure.gravatar.com\\\/avatar\\\/ccc17943b9d660506c869530f897617f7cb1c21a4bf30023f252596d83e1f007?s=96&d=mm&r=g\",\"caption\":\"admin\"},\"sameAs\":[\"https:\\\/\\\/kibrisdakik.com\"],\"url\":\"https:\\\/\\\/kibrisdakik.com\\\/?author=1\"}]}<\/script>\n<!-- \/ Yoast SEO plugin. -->","yoast_head_json":{"title":"Dikkatsiz s\u00fcr\u00fcc\u00fc yayaya \u00e7arpt\u0131! -","robots":{"index":"index","follow":"follow","max-snippet":"max-snippet:-1","max-image-preview":"max-image-preview:large","max-video-preview":"max-video-preview:-1"},"canonical":"https:\/\/kibrisdakik.com\/?p=68873","og_locale":"tr_TR","og_type":"article","og_title":"Dikkatsiz s\u00fcr\u00fcc\u00fc yayaya \u00e7arpt\u0131! -","og_description":"\u00a0 Polis Bas\u0131n Subayl\u0131\u011f\u0131\u2019ndan verilen bilgiye g\u00f6re bug\u00fcn saat 17:45 s\u0131ralar\u0131nda, Gazima\u011fusa \u2013 Karpaz anayolu \u00fczerinde, Ramazan BA\u015eARIR (E-21) y\u00f6netimindeki DS 116 plakal\u0131 ara\u00e7 ile Karpaz istikametine do\u011fru seyretti\u011fi s\u0131rada \u0130skele \u2013 Bo\u011faz mevkiine geldi\u011finde, dikkatsizli\u011fi sonucu yolun kuzey k\u0131sm\u0131ndan g\u00fcney k\u0131sm\u0131na do\u011fru yaya olarak ge\u00e7meye \u00e7al\u0131\u015fan H\u00fcseyin \u00d6ZG\u00dcL (E-30)\u2019e \u00e7arpm\u0131\u015ft\u0131r. \u00a0 Kaza sonucu yaralanan","og_url":"https:\/\/kibrisdakik.com\/?p=68873","article_published_time":"2024-11-11T18:34:13+00:00","og_image":[{"width":557,"height":311,"url":"https:\/\/kibrisdakik.com\/wp-content\/uploads\/2024\/11\/14i1ksqa.jpg","type":"image\/jpeg"}],"author":"admin","twitter_card":"summary_large_image","twitter_misc":{"Yazan:":"admin","Tahmini okuma s\u00fcresi":"1 dakika"},"schema":{"@context":"https:\/\/schema.org","@graph":[{"@type":"Article","@id":"https:\/\/kibrisdakik.com\/?p=68873#article","isPartOf":{"@id":"https:\/\/kibrisdakik.com\/?p=68873"},"author":{"name":"admin","@id":"https:\/\/kibrisdakik.com\/#\/schema\/person\/9cd9d437bbb44f72b73ba127e06d8e79"},"headline":"Dikkatsiz s\u00fcr\u00fcc\u00fc yayaya \u00e7arpt\u0131!","datePublished":"2024-11-11T18:34:13+00:00","mainEntityOfPage":{"@id":"https:\/\/kibrisdakik.com\/?p=68873"},"wordCount":133,"commentCount":0,"image":{"@id":"https:\/\/kibrisdakik.com\/?p=68873#primaryimage"},"thumbnailUrl":"https:\/\/kibrisdakik.com\/wp-content\/uploads\/2024\/11\/14i1ksqa.jpg","articleSection":["G\u00fcndem"],"inLanguage":"tr","potentialAction":[{"@type":"CommentAction","name":"Comment","target":["https:\/\/kibrisdakik.com\/?p=68873#respond"]}]},{"@type":"WebPage","@id":"https:\/\/kibrisdakik.com\/?p=68873","url":"https:\/\/kibrisdakik.com\/?p=68873","name":"Dikkatsiz s\u00fcr\u00fcc\u00fc yayaya \u00e7arpt\u0131! -","isPartOf":{"@id":"https:\/\/kibrisdakik.com\/#website"},"primaryImageOfPage":{"@id":"https:\/\/kibrisdakik.com\/?p=68873#primaryimage"},"image":{"@id":"https:\/\/kibrisdakik.com\/?p=68873#primaryimage"},"thumbnailUrl":"https:\/\/kibrisdakik.com\/wp-content\/uploads\/2024\/11\/14i1ksqa.jpg","datePublished":"2024-11-11T18:34:13+00:00","author":{"@id":"https:\/\/kibrisdakik.com\/#\/schema\/person\/9cd9d437bbb44f72b73ba127e06d8e79"},"breadcrumb":{"@id":"https:\/\/kibrisdakik.com\/?p=68873#breadcrumb"},"inLanguage":"tr","potentialAction":[{"@type":"ReadAction","target":["https:\/\/kibrisdakik.com\/?p=68873"]}]},{"@type":"ImageObject","inLanguage":"tr","@id":"https:\/\/kibrisdakik.com\/?p=68873#primaryimage","url":"https:\/\/kibrisdakik.com\/wp-content\/uploads\/2024\/11\/14i1ksqa.jpg","contentUrl":"https:\/\/kibrisdakik.com\/wp-content\/uploads\/2024\/11\/14i1ksqa.jpg","width":557,"height":311},{"@type":"BreadcrumbList","@id":"https:\/\/kibrisdakik.com\/?p=68873#breadcrumb","itemListElement":[{"@type":"ListItem","position":1,"name":"Home","item":"https:\/\/kibrisdakik.com\/"},{"@type":"ListItem","position":2,"name":"Dikkatsiz s\u00fcr\u00fcc\u00fc yayaya \u00e7arpt\u0131!"}]},{"@type":"WebSite","@id":"https:\/\/kibrisdakik.com\/#website","url":"https:\/\/kibrisdakik.com\/","name":"","description":"Tam vaktinde haber","potentialAction":[{"@type":"SearchAction","target":{"@type":"EntryPoint","urlTemplate":"https:\/\/kibrisdakik.com\/?s={search_term_string}"},"query-input":{"@type":"PropertyValueSpecification","valueRequired":true,"valueName":"search_term_string"}}],"inLanguage":"tr"},{"@type":"Person","@id":"https:\/\/kibrisdakik.com\/#\/schema\/person\/9cd9d437bbb44f72b73ba127e06d8e79","name":"admin","image":{"@type":"ImageObject","inLanguage":"tr","@id":"https:\/\/secure.gravatar.com\/avatar\/ccc17943b9d660506c869530f897617f7cb1c21a4bf30023f252596d83e1f007?s=96&d=mm&r=g","url":"https:\/\/secure.gravatar.com\/avatar\/ccc17943b9d660506c869530f897617f7cb1c21a4bf30023f252596d83e1f007?s=96&d=mm&r=g","contentUrl":"https:\/\/secure.gravatar.com\/avatar\/ccc17943b9d660506c869530f897617f7cb1c21a4bf30023f252596d83e1f007?s=96&d=mm&r=g","caption":"admin"},"sameAs":["https:\/\/kibrisdakik.com"],"url":"https:\/\/kibrisdakik.com\/?author=1"}]}},"_links":{"self":[{"href":"https:\/\/kibrisdakik.com\/index.php?rest_route=\/wp\/v2\/posts\/68873","targetHints":{"allow":["GET"]}}],"collection":[{"href":"https:\/\/kibrisdakik.com\/index.php?rest_route=\/wp\/v2\/posts"}],"about":[{"href":"https:\/\/kibrisdakik.com\/index.php?rest_route=\/wp\/v2\/types\/post"}],"author":[{"embeddable":true,"href":"https:\/\/kibrisdakik.com\/index.php?rest_route=\/wp\/v2\/users\/1"}],"replies":[{"embeddable":true,"href":"https:\/\/kibrisdakik.com\/index.php?rest_route=%2Fwp%2Fv2%2Fcomments&post=68873"}],"version-history":[{"count":0,"href":"https:\/\/kibrisdakik.com\/index.php?rest_route=\/wp\/v2\/posts\/68873\/revisions"}],"wp:featuredmedia":[{"embeddable":true,"href":"https:\/\/kibrisdakik.com\/index.php?rest_route=\/wp\/v2\/media\/68874"}],"wp:attachment":[{"href":"https:\/\/kibrisdakik.com\/index.php?rest_route=%2Fwp%2Fv2%2Fmedia&parent=68873"}],"wp:term":[{"taxonomy":"category","embeddable":true,"href":"https:\/\/kibrisdakik.com\/index.php?rest_route=%2Fwp%2Fv2%2Fcategories&post=68873"},{"taxonomy":"post_tag","embeddable":true,"href":"https:\/\/kibrisdakik.com\/index.php?rest_route=%2Fwp%2Fv2%2Ftags&post=68873"}],"curies":[{"name":"wp","href":"https:\/\/api.w.org\/{rel}","templated":true}]}}