{"id":68907,"date":"2024-11-12T14:16:17","date_gmt":"2024-11-12T11:16:17","guid":{"rendered":"https:\/\/kibrisdakik.com\/index.php\/2024\/11\/12\/feza-aygin-sanivarin-dogadan-kagida-sergisi-ercan-havalimaninda-acildi\/"},"modified":"2024-11-12T14:16:17","modified_gmt":"2024-11-12T11:16:17","slug":"feza-aygin-sanivarin-dogadan-kagida-sergisi-ercan-havalimaninda-acildi","status":"publish","type":"post","link":"https:\/\/kibrisdakik.com\/?p=68907","title":{"rendered":"Feza Ayg\u0131n San\u0131var\u2019\u0131n \u201cDo\u011fadan Ka\u011f\u0131da\u201d sergisi Ercan Havaliman\u0131\u2019nda a\u00e7\u0131ld\u0131"},"content":{"rendered":"<p> <br \/>\n<\/p>\n<div>\n<div class=\"mariselle-image-container center\">\n                <img loading=\"lazy\" decoding=\"async\" width=\"2560\" height=\"1920\" class=\"lazy-image\" alt=\"\" sizes=\"auto, (max-width: 2560px) 100vw, 2560px\" src=\"https:\/\/brtk.net\/wp-content\/uploads\/2024\/11\/12\/feza-aygin-sanivar-2--scaled.jpeg?ver=4eee71e77fbb462e8ea1b85590e597dc\" srcset=\"https:\/\/brtk.net\/wp-content\/uploads\/2024\/11\/12\/feza-aygin-sanivar-2--scaled.jpeg?ver=4eee71e77fbb462e8ea1b85590e597dc 2560w, https:\/\/brtk.net\/wp-content\/uploads\/2024\/11\/12\/feza-aygin-sanivar-2--300x225.jpeg?ver=4eee71e77fbb462e8ea1b85590e597dc 300w, https:\/\/brtk.net\/wp-content\/uploads\/2024\/11\/12\/feza-aygin-sanivar-2--1024x768.jpeg?ver=0dfcf9a59e2052839918023447a3d8df 1024w, https:\/\/brtk.net\/wp-content\/uploads\/2024\/11\/12\/feza-aygin-sanivar-2--768x576.jpeg?ver=d00760c7869ce381d3ceb136bf925c3b 768w, https:\/\/brtk.net\/wp-content\/uploads\/2024\/11\/12\/feza-aygin-sanivar-2--1536x1152.jpeg?ver=79945c84d9f268472c5c947fdd565b21 1536w, https:\/\/brtk.net\/wp-content\/uploads\/2024\/11\/12\/feza-aygin-sanivar-2--2048x1536.jpeg?ver=55490d15f7bb63a7f555fa81bff181de 2048w\"\/>                            <\/div>\n<p>Sanat\u00e7\u0131 Feza Ayg\u0131n San\u0131var\u2019\u0131n el yap\u0131m\u0131 bitkilerden ve geri d\u00f6n\u00fc\u015f\u00fcm ka\u011f\u0131tlar\u0131ndan yapt\u0131\u011f\u0131 \u201cDo\u011fadan Ka\u011f\u0131da\u201d isimli ilk ki\u015fisel sergisi Ercan Havaliman\u0131\u2019nda a\u00e7\u0131ld\u0131. <\/p>\n<p>Kendine \u00f6zg\u00fc stili ve deneyimleri ile bitki yapraklar\u0131n\u0131, do\u011fadaki bitkileri ve geri d\u00f6n\u00fc\u015f\u00fcm malzemelerini s\u0131v\u0131la\u015ft\u0131r\u0131p daha sonra sanata d\u00f6n\u00fc\u015ft\u00fcrmesi ile olu\u015fan eserler Ercan Havaliman\u0131\u2019ndaki yolcular\u0131n be\u011fenisine sunuluyor.<\/p>\n<p>Ercan Havaliman\u0131\u2019nda sergi a\u00e7man\u0131n kendisi i\u00e7in b\u00fcy\u00fck \u00f6nemi oldu\u011funu ifade eden Feza Ayg\u0131n San\u0131var, \u201cErcan Havaliman\u0131\u2019nda vatanda\u015flar\u0131m\u0131z\u0131n yan\u0131 s\u0131ra yabanc\u0131lar\u0131n el eme\u011fi ile yapt\u0131\u011f\u0131m ve form\u00fcl\u00fc tamamen \u015fahs\u0131ma ait olan eserlerimi g\u00f6rme imkan\u0131 bulmam \u00e7ok \u00f6nemlidir. T&amp;T Havalinan\u0131 \u0130\u015fletmecili\u011fi\u2019ne bana bu sergiyi a\u00e7ma f\u0131rsat\u0131 verdi\u011fi i\u00e7in te\u015fekk\u00fcr ederim.\u201d dedi.<\/p>\n<p>Feza Ayg\u0131n San\u0131var\u2019\u0131n sergisi Ercan Havaliman\u0131\u2019n\u0131n giden yolcu b\u00f6l\u00fcm\u00fcnde pasaport sonras\u0131 yolcular taraf\u0131ndan gezilebilecek.<\/p>\n<p><strong>-\u00d6z\u00e7elik: \u201cK\u0131br\u0131s sanat\u00e7\u0131lar\u0131m\u0131z\u0131n eserlerini sergilemekten mutlu oluyoruz\u201d<\/strong><\/p>\n<p>T&amp;T Havaliman\u0131 \u0130\u015fletmecili\u011fi Genel M\u00fcd\u00fcr\u00fc M. Serhat \u00d6z\u00e7elik, Ercan Havaliman\u0131\u2019ndaki iki sergi salonunda her ay s\u00fcrekli sergilerin, K\u0131br\u0131s k\u00fclt\u00fcr\u00fcn\u00fc, gelenek ve g\u00f6reneklerini \u00f6ne \u00e7\u0131karan faaliyetlerin yap\u0131ld\u0131\u011f\u0131n\u0131 s\u00f6yledi.<\/p>\n<p>Havaliman\u0131nda her ay K\u0131br\u0131sl\u0131 ve yabanc\u0131 sanat\u00e7\u0131lar\u0131n eserlerinin sergilendi\u011fini kaydeden \u00d6z\u00e7elik, \u201cK\u0131br\u0131s\u2019\u0131n k\u00fclt\u00fcr\u00fcn\u00fc, gelenek ve g\u00f6reneklerinin yan\u0131 s\u0131ra K\u0131br\u0131sl\u0131 sanat\u00e7\u0131lar\u0131n kendilerine \u00f6zg\u00fc yapt\u0131klar\u0131 eserleri sergilemekten mutluluk duyuyoruz. Havaliman\u0131m\u0131z\u0131n bu ayki konu\u011fu K\u0131br\u0131sl\u0131 sanat\u00e7\u0131m\u0131z Feza Ayg\u0131n San\u0131var\u2019\u0131n tamamen kendine ait \u00e7al\u0131\u015fmalarla do\u011fan\u0131n renklerini ve at\u0131k malzemelerini \u00f6nce s\u0131v\u0131la\u015ft\u0131r\u0131p sonra ise bunlar\u0131 tuale d\u00f6k\u00fcp bir sanatsal eser olarak kar\u015f\u0131m\u0131za \u00e7\u0131karmas\u0131 \u00e7ok g\u00fczel bir \u015feydir. Kendisini bu \u00e7al\u0131\u015fmalar\u0131ndan dolay\u0131 kutluyoruz.   <\/p>\n<p>Yerli ve yabanc\u0131 sanat\u00e7\u0131lar\u0131m\u0131z\u0131n eserlerini havaliman\u0131n\u0131 kullanan misafirlerimizin yan\u0131 s\u0131ra yerli ve yabanc\u0131 turistlerin be\u011fenisine sunmak onlar\u0131 halk ile bulu\u015fturmak bizler i\u00e7in de \u00f6nemlidir.\u201d dedi.<\/p>\n<p>Havaliman\u0131ndaki iki sergi alan\u0131n\u0131n t\u00fcm sanat\u00e7\u0131lara a\u00e7\u0131k oldu\u011funun alt\u0131n\u0131 \u00e7izen \u00d6z\u00e7elik, <a href=\"https:\/\/brtk.net\/\">KKTC<\/a>\u2019nin kurulu\u015funun 41. y\u0131l d\u00f6n\u00fcm\u00fcnde Ercan Havaliman\u0131\u2019nda da g\u00fcn boyunca K\u0131br\u0131s\u2019a \u00f6zg\u00fc etkinlikler d\u00fczenlenece\u011fini de belirtti.<\/p>\n<\/p><\/div>\n<p><script async\n                    defer\n                    crossorigin=\"anonymous\"\n                    src=\"https:\/\/connect.facebook.net\/tr_TR\/sdk.js#xfbml=1&#038;version=v3.3\"\n            ><\/script><br \/>\n<br \/><br \/>\n<br \/><a href=\"https:\/\/brtk.net\/feza-aygin-sanivarin-dogadan-kagida-sergisi-ercan-havalimaninda-acildi\/\">kpostasi <\/a><\/p>\n","protected":false},"excerpt":{"rendered":"<p>Sanat\u00e7\u0131 Feza Ayg\u0131n San\u0131var\u2019\u0131n el yap\u0131m\u0131 bitkilerden ve geri d\u00f6n\u00fc\u015f\u00fcm ka\u011f\u0131tlar\u0131ndan yapt\u0131\u011f\u0131 \u201cDo\u011fadan Ka\u011f\u0131da\u201d isimli ilk ki\u015fisel sergisi Ercan Havaliman\u0131\u2019nda a\u00e7\u0131ld\u0131. Kendine \u00f6zg\u00fc stili ve deneyimleri ile bitki yapraklar\u0131n\u0131, do\u011fadaki bitkileri ve geri d\u00f6n\u00fc\u015f\u00fcm malzemelerini s\u0131v\u0131la\u015ft\u0131r\u0131p daha sonra sanata d\u00f6n\u00fc\u015ft\u00fcrmesi ile olu\u015fan eserler Ercan Havaliman\u0131\u2019ndaki yolcular\u0131n be\u011fenisine sunuluyor. Ercan Havaliman\u0131\u2019nda sergi a\u00e7man\u0131n kendisi i\u00e7in b\u00fcy\u00fck<\/p>\n","protected":false},"author":1,"featured_media":68908,"comment_status":"open","ping_status":"open","sticky":false,"template":"","format":"standard","meta":{"footnotes":""},"categories":[1,81],"tags":[],"class_list":["post-68907","post","type-post","status-publish","format-standard","has-post-thumbnail","hentry","category-gundem","category-kibris"],"yoast_head":"<!-- This site is optimized with the Yoast SEO plugin v27.5 - https:\/\/yoast.com\/product\/yoast-seo-wordpress\/ -->\n<title>Feza Ayg\u0131n San\u0131var\u2019\u0131n \u201cDo\u011fadan Ka\u011f\u0131da\u201d sergisi Ercan Havaliman\u0131\u2019nda a\u00e7\u0131ld\u0131 -<\/title>\n<meta name=\"robots\" content=\"index, follow, max-snippet:-1, max-image-preview:large, max-video-preview:-1\" \/>\n<link rel=\"canonical\" href=\"https:\/\/kibrisdakik.com\/?p=68907\" \/>\n<meta property=\"og:locale\" content=\"tr_TR\" \/>\n<meta property=\"og:type\" content=\"article\" \/>\n<meta property=\"og:title\" content=\"Feza Ayg\u0131n San\u0131var\u2019\u0131n \u201cDo\u011fadan Ka\u011f\u0131da\u201d sergisi Ercan Havaliman\u0131\u2019nda a\u00e7\u0131ld\u0131 -\" \/>\n<meta property=\"og:description\" content=\"Sanat\u00e7\u0131 Feza Ayg\u0131n San\u0131var\u2019\u0131n el yap\u0131m\u0131 bitkilerden ve geri d\u00f6n\u00fc\u015f\u00fcm ka\u011f\u0131tlar\u0131ndan yapt\u0131\u011f\u0131 \u201cDo\u011fadan Ka\u011f\u0131da\u201d isimli ilk ki\u015fisel sergisi Ercan Havaliman\u0131\u2019nda a\u00e7\u0131ld\u0131. Kendine \u00f6zg\u00fc stili ve deneyimleri ile bitki yapraklar\u0131n\u0131, do\u011fadaki bitkileri ve geri d\u00f6n\u00fc\u015f\u00fcm malzemelerini s\u0131v\u0131la\u015ft\u0131r\u0131p daha sonra sanata d\u00f6n\u00fc\u015ft\u00fcrmesi ile olu\u015fan eserler Ercan Havaliman\u0131\u2019ndaki yolcular\u0131n be\u011fenisine sunuluyor. Ercan Havaliman\u0131\u2019nda sergi a\u00e7man\u0131n kendisi i\u00e7in b\u00fcy\u00fck\" \/>\n<meta property=\"og:url\" content=\"https:\/\/kibrisdakik.com\/?p=68907\" \/>\n<meta property=\"article:published_time\" content=\"2024-11-12T11:16:17+00:00\" \/>\n<meta property=\"og:image\" content=\"https:\/\/kibrisdakik.com\/wp-content\/uploads\/2024\/11\/feza-aygin-sanivar-2-scaled-740x420.jpeg\" \/>\n\t<meta property=\"og:image:width\" content=\"2560\" \/>\n\t<meta property=\"og:image:height\" content=\"1920\" \/>\n\t<meta property=\"og:image:type\" content=\"image\/jpeg\" \/>\n<meta name=\"author\" content=\"admin\" \/>\n<meta name=\"twitter:card\" content=\"summary_large_image\" \/>\n<meta name=\"twitter:label1\" content=\"Yazan:\" \/>\n\t<meta name=\"twitter:data1\" content=\"admin\" \/>\n\t<meta name=\"twitter:label2\" content=\"Tahmini okuma s\u00fcresi\" \/>\n\t<meta name=\"twitter:data2\" content=\"2 dakika\" \/>\n<script type=\"application\/ld+json\" class=\"yoast-schema-graph\">{\"@context\":\"https:\\\/\\\/schema.org\",\"@graph\":[{\"@type\":\"Article\",\"@id\":\"https:\\\/\\\/kibrisdakik.com\\\/?p=68907#article\",\"isPartOf\":{\"@id\":\"https:\\\/\\\/kibrisdakik.com\\\/?p=68907\"},\"author\":{\"name\":\"admin\",\"@id\":\"https:\\\/\\\/kibrisdakik.com\\\/#\\\/schema\\\/person\\\/9cd9d437bbb44f72b73ba127e06d8e79\"},\"headline\":\"Feza Ayg\u0131n San\u0131var\u2019\u0131n \u201cDo\u011fadan Ka\u011f\u0131da\u201d sergisi Ercan Havaliman\u0131\u2019nda a\u00e7\u0131ld\u0131\",\"datePublished\":\"2024-11-12T11:16:17+00:00\",\"mainEntityOfPage\":{\"@id\":\"https:\\\/\\\/kibrisdakik.com\\\/?p=68907\"},\"wordCount\":455,\"commentCount\":0,\"image\":{\"@id\":\"https:\\\/\\\/kibrisdakik.com\\\/?p=68907#primaryimage\"},\"thumbnailUrl\":\"https:\\\/\\\/kibrisdakik.com\\\/wp-content\\\/uploads\\\/2024\\\/11\\\/feza-aygin-sanivar-2-scaled-740x420.jpeg\",\"articleSection\":[\"G\u00fcndem\",\"K\u0131br\u0131s\"],\"inLanguage\":\"tr\",\"potentialAction\":[{\"@type\":\"CommentAction\",\"name\":\"Comment\",\"target\":[\"https:\\\/\\\/kibrisdakik.com\\\/?p=68907#respond\"]}]},{\"@type\":\"WebPage\",\"@id\":\"https:\\\/\\\/kibrisdakik.com\\\/?p=68907\",\"url\":\"https:\\\/\\\/kibrisdakik.com\\\/?p=68907\",\"name\":\"Feza Ayg\u0131n San\u0131var\u2019\u0131n \u201cDo\u011fadan Ka\u011f\u0131da\u201d sergisi Ercan Havaliman\u0131\u2019nda a\u00e7\u0131ld\u0131 -\",\"isPartOf\":{\"@id\":\"https:\\\/\\\/kibrisdakik.com\\\/#website\"},\"primaryImageOfPage\":{\"@id\":\"https:\\\/\\\/kibrisdakik.com\\\/?p=68907#primaryimage\"},\"image\":{\"@id\":\"https:\\\/\\\/kibrisdakik.com\\\/?p=68907#primaryimage\"},\"thumbnailUrl\":\"https:\\\/\\\/kibrisdakik.com\\\/wp-content\\\/uploads\\\/2024\\\/11\\\/feza-aygin-sanivar-2-scaled-740x420.jpeg\",\"datePublished\":\"2024-11-12T11:16:17+00:00\",\"author\":{\"@id\":\"https:\\\/\\\/kibrisdakik.com\\\/#\\\/schema\\\/person\\\/9cd9d437bbb44f72b73ba127e06d8e79\"},\"breadcrumb\":{\"@id\":\"https:\\\/\\\/kibrisdakik.com\\\/?p=68907#breadcrumb\"},\"inLanguage\":\"tr\",\"potentialAction\":[{\"@type\":\"ReadAction\",\"target\":[\"https:\\\/\\\/kibrisdakik.com\\\/?p=68907\"]}]},{\"@type\":\"ImageObject\",\"inLanguage\":\"tr\",\"@id\":\"https:\\\/\\\/kibrisdakik.com\\\/?p=68907#primaryimage\",\"url\":\"https:\\\/\\\/kibrisdakik.com\\\/wp-content\\\/uploads\\\/2024\\\/11\\\/feza-aygin-sanivar-2-scaled-740x420.jpeg\",\"contentUrl\":\"https:\\\/\\\/kibrisdakik.com\\\/wp-content\\\/uploads\\\/2024\\\/11\\\/feza-aygin-sanivar-2-scaled-740x420.jpeg\",\"width\":2560,\"height\":1920},{\"@type\":\"BreadcrumbList\",\"@id\":\"https:\\\/\\\/kibrisdakik.com\\\/?p=68907#breadcrumb\",\"itemListElement\":[{\"@type\":\"ListItem\",\"position\":1,\"name\":\"Home\",\"item\":\"https:\\\/\\\/kibrisdakik.com\\\/\"},{\"@type\":\"ListItem\",\"position\":2,\"name\":\"Feza Ayg\u0131n San\u0131var\u2019\u0131n \u201cDo\u011fadan Ka\u011f\u0131da\u201d sergisi Ercan Havaliman\u0131\u2019nda a\u00e7\u0131ld\u0131\"}]},{\"@type\":\"WebSite\",\"@id\":\"https:\\\/\\\/kibrisdakik.com\\\/#website\",\"url\":\"https:\\\/\\\/kibrisdakik.com\\\/\",\"name\":\"\",\"description\":\"Tam vaktinde haber\",\"potentialAction\":[{\"@type\":\"SearchAction\",\"target\":{\"@type\":\"EntryPoint\",\"urlTemplate\":\"https:\\\/\\\/kibrisdakik.com\\\/?s={search_term_string}\"},\"query-input\":{\"@type\":\"PropertyValueSpecification\",\"valueRequired\":true,\"valueName\":\"search_term_string\"}}],\"inLanguage\":\"tr\"},{\"@type\":\"Person\",\"@id\":\"https:\\\/\\\/kibrisdakik.com\\\/#\\\/schema\\\/person\\\/9cd9d437bbb44f72b73ba127e06d8e79\",\"name\":\"admin\",\"image\":{\"@type\":\"ImageObject\",\"inLanguage\":\"tr\",\"@id\":\"https:\\\/\\\/secure.gravatar.com\\\/avatar\\\/ccc17943b9d660506c869530f897617f7cb1c21a4bf30023f252596d83e1f007?s=96&d=mm&r=g\",\"url\":\"https:\\\/\\\/secure.gravatar.com\\\/avatar\\\/ccc17943b9d660506c869530f897617f7cb1c21a4bf30023f252596d83e1f007?s=96&d=mm&r=g\",\"contentUrl\":\"https:\\\/\\\/secure.gravatar.com\\\/avatar\\\/ccc17943b9d660506c869530f897617f7cb1c21a4bf30023f252596d83e1f007?s=96&d=mm&r=g\",\"caption\":\"admin\"},\"sameAs\":[\"https:\\\/\\\/kibrisdakik.com\"],\"url\":\"https:\\\/\\\/kibrisdakik.com\\\/?author=1\"}]}<\/script>\n<!-- \/ Yoast SEO plugin. -->","yoast_head_json":{"title":"Feza Ayg\u0131n San\u0131var\u2019\u0131n \u201cDo\u011fadan Ka\u011f\u0131da\u201d sergisi Ercan Havaliman\u0131\u2019nda a\u00e7\u0131ld\u0131 -","robots":{"index":"index","follow":"follow","max-snippet":"max-snippet:-1","max-image-preview":"max-image-preview:large","max-video-preview":"max-video-preview:-1"},"canonical":"https:\/\/kibrisdakik.com\/?p=68907","og_locale":"tr_TR","og_type":"article","og_title":"Feza Ayg\u0131n San\u0131var\u2019\u0131n \u201cDo\u011fadan Ka\u011f\u0131da\u201d sergisi Ercan Havaliman\u0131\u2019nda a\u00e7\u0131ld\u0131 -","og_description":"Sanat\u00e7\u0131 Feza Ayg\u0131n San\u0131var\u2019\u0131n el yap\u0131m\u0131 bitkilerden ve geri d\u00f6n\u00fc\u015f\u00fcm ka\u011f\u0131tlar\u0131ndan yapt\u0131\u011f\u0131 \u201cDo\u011fadan Ka\u011f\u0131da\u201d isimli ilk ki\u015fisel sergisi Ercan Havaliman\u0131\u2019nda a\u00e7\u0131ld\u0131. Kendine \u00f6zg\u00fc stili ve deneyimleri ile bitki yapraklar\u0131n\u0131, do\u011fadaki bitkileri ve geri d\u00f6n\u00fc\u015f\u00fcm malzemelerini s\u0131v\u0131la\u015ft\u0131r\u0131p daha sonra sanata d\u00f6n\u00fc\u015ft\u00fcrmesi ile olu\u015fan eserler Ercan Havaliman\u0131\u2019ndaki yolcular\u0131n be\u011fenisine sunuluyor. Ercan Havaliman\u0131\u2019nda sergi a\u00e7man\u0131n kendisi i\u00e7in b\u00fcy\u00fck","og_url":"https:\/\/kibrisdakik.com\/?p=68907","article_published_time":"2024-11-12T11:16:17+00:00","og_image":[{"width":2560,"height":1920,"url":"https:\/\/kibrisdakik.com\/wp-content\/uploads\/2024\/11\/feza-aygin-sanivar-2-scaled-740x420.jpeg","type":"image\/jpeg"}],"author":"admin","twitter_card":"summary_large_image","twitter_misc":{"Yazan:":"admin","Tahmini okuma s\u00fcresi":"2 dakika"},"schema":{"@context":"https:\/\/schema.org","@graph":[{"@type":"Article","@id":"https:\/\/kibrisdakik.com\/?p=68907#article","isPartOf":{"@id":"https:\/\/kibrisdakik.com\/?p=68907"},"author":{"name":"admin","@id":"https:\/\/kibrisdakik.com\/#\/schema\/person\/9cd9d437bbb44f72b73ba127e06d8e79"},"headline":"Feza Ayg\u0131n San\u0131var\u2019\u0131n \u201cDo\u011fadan Ka\u011f\u0131da\u201d sergisi Ercan Havaliman\u0131\u2019nda a\u00e7\u0131ld\u0131","datePublished":"2024-11-12T11:16:17+00:00","mainEntityOfPage":{"@id":"https:\/\/kibrisdakik.com\/?p=68907"},"wordCount":455,"commentCount":0,"image":{"@id":"https:\/\/kibrisdakik.com\/?p=68907#primaryimage"},"thumbnailUrl":"https:\/\/kibrisdakik.com\/wp-content\/uploads\/2024\/11\/feza-aygin-sanivar-2-scaled-740x420.jpeg","articleSection":["G\u00fcndem","K\u0131br\u0131s"],"inLanguage":"tr","potentialAction":[{"@type":"CommentAction","name":"Comment","target":["https:\/\/kibrisdakik.com\/?p=68907#respond"]}]},{"@type":"WebPage","@id":"https:\/\/kibrisdakik.com\/?p=68907","url":"https:\/\/kibrisdakik.com\/?p=68907","name":"Feza Ayg\u0131n San\u0131var\u2019\u0131n \u201cDo\u011fadan Ka\u011f\u0131da\u201d sergisi Ercan Havaliman\u0131\u2019nda a\u00e7\u0131ld\u0131 -","isPartOf":{"@id":"https:\/\/kibrisdakik.com\/#website"},"primaryImageOfPage":{"@id":"https:\/\/kibrisdakik.com\/?p=68907#primaryimage"},"image":{"@id":"https:\/\/kibrisdakik.com\/?p=68907#primaryimage"},"thumbnailUrl":"https:\/\/kibrisdakik.com\/wp-content\/uploads\/2024\/11\/feza-aygin-sanivar-2-scaled-740x420.jpeg","datePublished":"2024-11-12T11:16:17+00:00","author":{"@id":"https:\/\/kibrisdakik.com\/#\/schema\/person\/9cd9d437bbb44f72b73ba127e06d8e79"},"breadcrumb":{"@id":"https:\/\/kibrisdakik.com\/?p=68907#breadcrumb"},"inLanguage":"tr","potentialAction":[{"@type":"ReadAction","target":["https:\/\/kibrisdakik.com\/?p=68907"]}]},{"@type":"ImageObject","inLanguage":"tr","@id":"https:\/\/kibrisdakik.com\/?p=68907#primaryimage","url":"https:\/\/kibrisdakik.com\/wp-content\/uploads\/2024\/11\/feza-aygin-sanivar-2-scaled-740x420.jpeg","contentUrl":"https:\/\/kibrisdakik.com\/wp-content\/uploads\/2024\/11\/feza-aygin-sanivar-2-scaled-740x420.jpeg","width":2560,"height":1920},{"@type":"BreadcrumbList","@id":"https:\/\/kibrisdakik.com\/?p=68907#breadcrumb","itemListElement":[{"@type":"ListItem","position":1,"name":"Home","item":"https:\/\/kibrisdakik.com\/"},{"@type":"ListItem","position":2,"name":"Feza Ayg\u0131n San\u0131var\u2019\u0131n \u201cDo\u011fadan Ka\u011f\u0131da\u201d sergisi Ercan Havaliman\u0131\u2019nda a\u00e7\u0131ld\u0131"}]},{"@type":"WebSite","@id":"https:\/\/kibrisdakik.com\/#website","url":"https:\/\/kibrisdakik.com\/","name":"","description":"Tam vaktinde haber","potentialAction":[{"@type":"SearchAction","target":{"@type":"EntryPoint","urlTemplate":"https:\/\/kibrisdakik.com\/?s={search_term_string}"},"query-input":{"@type":"PropertyValueSpecification","valueRequired":true,"valueName":"search_term_string"}}],"inLanguage":"tr"},{"@type":"Person","@id":"https:\/\/kibrisdakik.com\/#\/schema\/person\/9cd9d437bbb44f72b73ba127e06d8e79","name":"admin","image":{"@type":"ImageObject","inLanguage":"tr","@id":"https:\/\/secure.gravatar.com\/avatar\/ccc17943b9d660506c869530f897617f7cb1c21a4bf30023f252596d83e1f007?s=96&d=mm&r=g","url":"https:\/\/secure.gravatar.com\/avatar\/ccc17943b9d660506c869530f897617f7cb1c21a4bf30023f252596d83e1f007?s=96&d=mm&r=g","contentUrl":"https:\/\/secure.gravatar.com\/avatar\/ccc17943b9d660506c869530f897617f7cb1c21a4bf30023f252596d83e1f007?s=96&d=mm&r=g","caption":"admin"},"sameAs":["https:\/\/kibrisdakik.com"],"url":"https:\/\/kibrisdakik.com\/?author=1"}]}},"_links":{"self":[{"href":"https:\/\/kibrisdakik.com\/index.php?rest_route=\/wp\/v2\/posts\/68907","targetHints":{"allow":["GET"]}}],"collection":[{"href":"https:\/\/kibrisdakik.com\/index.php?rest_route=\/wp\/v2\/posts"}],"about":[{"href":"https:\/\/kibrisdakik.com\/index.php?rest_route=\/wp\/v2\/types\/post"}],"author":[{"embeddable":true,"href":"https:\/\/kibrisdakik.com\/index.php?rest_route=\/wp\/v2\/users\/1"}],"replies":[{"embeddable":true,"href":"https:\/\/kibrisdakik.com\/index.php?rest_route=%2Fwp%2Fv2%2Fcomments&post=68907"}],"version-history":[{"count":0,"href":"https:\/\/kibrisdakik.com\/index.php?rest_route=\/wp\/v2\/posts\/68907\/revisions"}],"wp:featuredmedia":[{"embeddable":true,"href":"https:\/\/kibrisdakik.com\/index.php?rest_route=\/wp\/v2\/media\/68908"}],"wp:attachment":[{"href":"https:\/\/kibrisdakik.com\/index.php?rest_route=%2Fwp%2Fv2%2Fmedia&parent=68907"}],"wp:term":[{"taxonomy":"category","embeddable":true,"href":"https:\/\/kibrisdakik.com\/index.php?rest_route=%2Fwp%2Fv2%2Fcategories&post=68907"},{"taxonomy":"post_tag","embeddable":true,"href":"https:\/\/kibrisdakik.com\/index.php?rest_route=%2Fwp%2Fv2%2Ftags&post=68907"}],"curies":[{"name":"wp","href":"https:\/\/api.w.org\/{rel}","templated":true}]}}