{"id":68912,"date":"2024-11-12T14:22:55","date_gmt":"2024-11-12T11:22:55","guid":{"rendered":"https:\/\/kibrisdakik.com\/index.php\/2024\/11\/12\/kurucu-cumhurbaskani-denktasin-adina-yakisir-bir-proje-olacak\/"},"modified":"2024-11-12T14:22:55","modified_gmt":"2024-11-12T11:22:55","slug":"kurucu-cumhurbaskani-denktasin-adina-yakisir-bir-proje-olacak","status":"publish","type":"post","link":"https:\/\/kibrisdakik.com\/?p=68912","title":{"rendered":"\u201cKurucu Cumhurba\u015fkan\u0131 Denkta\u015f\u2019\u0131n ad\u0131na yak\u0131\u015f\u0131r bir proje olacak\u201d"},"content":{"rendered":"<div>\n<div class=\"mariselle-image-container center\">\n                                            <\/div>\n<p>Cumhurba\u015fkan\u0131 Ersin Tatar, yap\u0131m\u0131 devam eden Rauf Raif Denkta\u015f An\u0131t\u0131 ve Cumhuriyet Park\u0131n\u0131 ziyaret etti, yerinde incelemeler yaparak, yetkililerden bilgi ald\u0131.<\/p>\n<p>Cumhurba\u015fkan\u0131 Tatar, burada yapt\u0131\u011f\u0131 konu\u015fmada, Rauf Raif Denkta\u015f An\u0131t\u0131 ve Cumhuriyet Park\u0131\u2019n\u0131n yap\u0131m\u0131nda eme\u011fi ge\u00e7en mimar, m\u00fchendis ve \u00e7al\u0131\u015fanlara te\u015fekk\u00fcr etti.<\/p>\n<p>G\u00f6sterdi\u011fi hassasiyetten dolay\u0131 Ba\u015fbakan Yard\u0131mc\u0131s\u0131, Turizm, K\u00fclt\u00fcr, Gen\u00e7lik ve \u00c7evre Bakan\u0131 Fikri Atao\u011flu\u2019na da te\u015fekk\u00fcr eden Cumhurba\u015fkan\u0131 Tatar, projenin Kurucu Cumhurba\u015fkan\u0131 Rauf Raif Denkta\u015f\u2019\u0131n ad\u0131na yak\u0131\u015f\u0131r bir \u015fekilde tamamlanabilmesi i\u00e7in h\u00fck\u00fcmetin gayretlerini s\u00fcrd\u00fcrd\u00fc\u011f\u00fcn\u00fc ifade etti.<\/p>\n<p>Projede ilerlemeler kaydedildi\u011fini g\u00f6rmenin kendisini mutlu etti\u011fini anlatan Cumhurba\u015fkan\u0131 Tatar, 60 d\u00f6n\u00fcm arazi i\u00e7indeki projenin b\u00fcy\u00fckl\u00fc\u011f\u00fcne dikkat \u00e7ekti.<\/p>\n<p>Kuzey K\u0131br\u0131s T\u00fcrk Cumhuriyeti\u2019nin 15 Kas\u0131m\u2019da 41\u2019inci kurulu\u015f y\u0131ld\u00f6n\u00fcm\u00fcn\u00fcn kutlanaca\u011f\u0131na i\u015faret eden Cumhurba\u015fkan\u0131 Tatar, Kurucu Cumhurba\u015fkan\u0131 Rauf Raif Denkta\u015f\u2019\u0131n K\u0131br\u0131s T\u00fcrk\u00fc\u2019n\u00fcn \u00f6zg\u00fcrl\u00fc\u011f\u00fc, ba\u011f\u0131ms\u0131zl\u0131\u011f\u0131 ve devletinin kurulmas\u0131 i\u00e7in m\u00fccahit, komutan, avukat, hukuk\u00e7u ve siyaset\u00e7i olarak b\u00fcy\u00fck m\u00fccadeleler verdi\u011fini vurgulad\u0131.<\/p>\n<p>\u201cKurucu Cumhurba\u015fkan\u0131 Rauf Raif Denkta\u015f\u2019\u0131 rahmet, minnet ve sevgiyle an\u0131yorum\u201d diyen Cumhurba\u015fkan\u0131 Tatar, ki\u015fili\u011fi, kimli\u011fi ve maneviyat\u0131n\u0131n an\u0131lmas\u0131 i\u00e7in Lefko\u015fa\u2019n\u0131n merkezinde \u00f6nemli ve anlaml\u0131 bir yerin, Kuzey K\u0131br\u0131s T\u00fcrk Cumhruiyeti\u2019ne kazand\u0131r\u0131laca\u011f\u0131n\u0131 aktard\u0131.<\/p>\n<p>Rauf Raif Denkta\u015f An\u0131t\u0131 ve Cumhuriyet Park\u0131\u2019n\u0131n ziyarete a\u00e7\u0131lacak olmas\u0131n\u0131n \u00f6nemine dikkat \u00e7eken Cumhurba\u015fkan\u0131 Tatar, ziyaret\u00e7ilerin Raif Raif Denkta\u015f\u2019n liderli\u011fini ve verdi\u011fi m\u00fccadeleleri inceleme ve \u00f6\u011frenme f\u0131rsat\u0131 bulunaca\u011f\u0131n\u0131 ifade etti.<\/p>\n<p>Projenin yar\u0131\u015fma ve ihaleyle yap\u0131ld\u0131\u011f\u0131n\u0131 dile getiren Cumhurba\u015fkan\u0131 Tatar, kendisinin Maliye Bakan\u0131 ve Ba\u015fbakan oldu\u011fu d\u00f6nemde projenin yap\u0131lmas\u0131yla ilgili direktiflerin verildi\u011fini, d\u00f6nemin Maliye Bakan\u0131 Serdar Denkta\u015f\u2019\u0131n yan\u0131 s\u0131ra Ba\u015fbakan Yard\u0131mc\u0131s\u0131, Turizm, K\u00fclt\u00fcr, Gen\u00e7lik ve \u00c7evre Bakan\u0131 Fikri Atao\u011flu\u2019nun da gerekli giri\u015fimleri yapt\u0131\u011f\u0131n\u0131 kaydetti.<\/p>\n<\/p><\/div>\n<p><script async\n                    defer\n                    crossorigin=\"anonymous\"\n                    src=\"https:\/\/connect.facebook.net\/tr_TR\/sdk.js#xfbml=1&#038;version=v3.3\"\n            ><\/script><\/p>\n","protected":false},"excerpt":{"rendered":"<p>Cumhurba\u015fkan\u0131 Ersin Tatar, yap\u0131m\u0131 devam eden Rauf Raif Denkta\u015f An\u0131t\u0131 ve Cumhuriyet Park\u0131n\u0131 ziyaret etti, yerinde incelemeler yaparak, yetkililerden bilgi ald\u0131. Cumhurba\u015fkan\u0131 Tatar, burada yapt\u0131\u011f\u0131 konu\u015fmada, Rauf Raif Denkta\u015f An\u0131t\u0131 ve Cumhuriyet Park\u0131\u2019n\u0131n yap\u0131m\u0131nda eme\u011fi ge\u00e7en mimar, m\u00fchendis ve \u00e7al\u0131\u015fanlara te\u015fekk\u00fcr etti. G\u00f6sterdi\u011fi hassasiyetten dolay\u0131 Ba\u015fbakan Yard\u0131mc\u0131s\u0131, Turizm, K\u00fclt\u00fcr, Gen\u00e7lik ve \u00c7evre Bakan\u0131 Fikri Atao\u011flu\u2019na<\/p>\n","protected":false},"author":1,"featured_media":68913,"comment_status":"open","ping_status":"open","sticky":false,"template":"","format":"standard","meta":{"footnotes":""},"categories":[81],"tags":[],"class_list":["post-68912","post","type-post","status-publish","format-standard","has-post-thumbnail","hentry","category-kibris"],"yoast_head":"<!-- This site is optimized with the Yoast SEO plugin v27.5 - https:\/\/yoast.com\/product\/yoast-seo-wordpress\/ -->\n<title>\u201cKurucu Cumhurba\u015fkan\u0131 Denkta\u015f\u2019\u0131n ad\u0131na yak\u0131\u015f\u0131r bir proje olacak\u201d -<\/title>\n<meta name=\"robots\" content=\"index, follow, max-snippet:-1, max-image-preview:large, max-video-preview:-1\" \/>\n<link rel=\"canonical\" href=\"https:\/\/kibrisdakik.com\/?p=68912\" \/>\n<meta property=\"og:locale\" content=\"tr_TR\" \/>\n<meta property=\"og:type\" content=\"article\" \/>\n<meta property=\"og:title\" content=\"\u201cKurucu Cumhurba\u015fkan\u0131 Denkta\u015f\u2019\u0131n ad\u0131na yak\u0131\u015f\u0131r bir proje olacak\u201d -\" \/>\n<meta property=\"og:description\" content=\"Cumhurba\u015fkan\u0131 Ersin Tatar, yap\u0131m\u0131 devam eden Rauf Raif Denkta\u015f An\u0131t\u0131 ve Cumhuriyet Park\u0131n\u0131 ziyaret etti, yerinde incelemeler yaparak, yetkililerden bilgi ald\u0131. Cumhurba\u015fkan\u0131 Tatar, burada yapt\u0131\u011f\u0131 konu\u015fmada, Rauf Raif Denkta\u015f An\u0131t\u0131 ve Cumhuriyet Park\u0131\u2019n\u0131n yap\u0131m\u0131nda eme\u011fi ge\u00e7en mimar, m\u00fchendis ve \u00e7al\u0131\u015fanlara te\u015fekk\u00fcr etti. G\u00f6sterdi\u011fi hassasiyetten dolay\u0131 Ba\u015fbakan Yard\u0131mc\u0131s\u0131, Turizm, K\u00fclt\u00fcr, Gen\u00e7lik ve \u00c7evre Bakan\u0131 Fikri Atao\u011flu\u2019na\" \/>\n<meta property=\"og:url\" content=\"https:\/\/kibrisdakik.com\/?p=68912\" \/>\n<meta property=\"article:published_time\" content=\"2024-11-12T11:22:55+00:00\" \/>\n<meta property=\"og:image\" content=\"https:\/\/kibrisdakik.com\/wp-content\/uploads\/2024\/11\/537845819-740x420.jpg\" \/>\n\t<meta property=\"og:image:width\" content=\"819\" \/>\n\t<meta property=\"og:image:height\" content=\"546\" \/>\n\t<meta property=\"og:image:type\" content=\"image\/jpeg\" \/>\n<meta name=\"author\" content=\"admin\" \/>\n<meta name=\"twitter:card\" content=\"summary_large_image\" \/>\n<meta name=\"twitter:label1\" content=\"Yazan:\" \/>\n\t<meta name=\"twitter:data1\" content=\"admin\" \/>\n\t<meta name=\"twitter:label2\" content=\"Tahmini okuma s\u00fcresi\" \/>\n\t<meta name=\"twitter:data2\" content=\"2 dakika\" \/>\n<script type=\"application\/ld+json\" class=\"yoast-schema-graph\">{\"@context\":\"https:\\\/\\\/schema.org\",\"@graph\":[{\"@type\":\"Article\",\"@id\":\"https:\\\/\\\/kibrisdakik.com\\\/?p=68912#article\",\"isPartOf\":{\"@id\":\"https:\\\/\\\/kibrisdakik.com\\\/?p=68912\"},\"author\":{\"name\":\"admin\",\"@id\":\"https:\\\/\\\/kibrisdakik.com\\\/#\\\/schema\\\/person\\\/9cd9d437bbb44f72b73ba127e06d8e79\"},\"headline\":\"\u201cKurucu Cumhurba\u015fkan\u0131 Denkta\u015f\u2019\u0131n ad\u0131na yak\u0131\u015f\u0131r bir proje olacak\u201d\",\"datePublished\":\"2024-11-12T11:22:55+00:00\",\"mainEntityOfPage\":{\"@id\":\"https:\\\/\\\/kibrisdakik.com\\\/?p=68912\"},\"wordCount\":387,\"commentCount\":0,\"image\":{\"@id\":\"https:\\\/\\\/kibrisdakik.com\\\/?p=68912#primaryimage\"},\"thumbnailUrl\":\"https:\\\/\\\/kibrisdakik.com\\\/wp-content\\\/uploads\\\/2024\\\/11\\\/537845819-740x420.jpg\",\"articleSection\":[\"K\u0131br\u0131s\"],\"inLanguage\":\"tr\",\"potentialAction\":[{\"@type\":\"CommentAction\",\"name\":\"Comment\",\"target\":[\"https:\\\/\\\/kibrisdakik.com\\\/?p=68912#respond\"]}]},{\"@type\":\"WebPage\",\"@id\":\"https:\\\/\\\/kibrisdakik.com\\\/?p=68912\",\"url\":\"https:\\\/\\\/kibrisdakik.com\\\/?p=68912\",\"name\":\"\u201cKurucu Cumhurba\u015fkan\u0131 Denkta\u015f\u2019\u0131n ad\u0131na yak\u0131\u015f\u0131r bir proje olacak\u201d -\",\"isPartOf\":{\"@id\":\"https:\\\/\\\/kibrisdakik.com\\\/#website\"},\"primaryImageOfPage\":{\"@id\":\"https:\\\/\\\/kibrisdakik.com\\\/?p=68912#primaryimage\"},\"image\":{\"@id\":\"https:\\\/\\\/kibrisdakik.com\\\/?p=68912#primaryimage\"},\"thumbnailUrl\":\"https:\\\/\\\/kibrisdakik.com\\\/wp-content\\\/uploads\\\/2024\\\/11\\\/537845819-740x420.jpg\",\"datePublished\":\"2024-11-12T11:22:55+00:00\",\"author\":{\"@id\":\"https:\\\/\\\/kibrisdakik.com\\\/#\\\/schema\\\/person\\\/9cd9d437bbb44f72b73ba127e06d8e79\"},\"breadcrumb\":{\"@id\":\"https:\\\/\\\/kibrisdakik.com\\\/?p=68912#breadcrumb\"},\"inLanguage\":\"tr\",\"potentialAction\":[{\"@type\":\"ReadAction\",\"target\":[\"https:\\\/\\\/kibrisdakik.com\\\/?p=68912\"]}]},{\"@type\":\"ImageObject\",\"inLanguage\":\"tr\",\"@id\":\"https:\\\/\\\/kibrisdakik.com\\\/?p=68912#primaryimage\",\"url\":\"https:\\\/\\\/kibrisdakik.com\\\/wp-content\\\/uploads\\\/2024\\\/11\\\/537845819-740x420.jpg\",\"contentUrl\":\"https:\\\/\\\/kibrisdakik.com\\\/wp-content\\\/uploads\\\/2024\\\/11\\\/537845819-740x420.jpg\",\"width\":819,\"height\":546},{\"@type\":\"BreadcrumbList\",\"@id\":\"https:\\\/\\\/kibrisdakik.com\\\/?p=68912#breadcrumb\",\"itemListElement\":[{\"@type\":\"ListItem\",\"position\":1,\"name\":\"Home\",\"item\":\"https:\\\/\\\/kibrisdakik.com\\\/\"},{\"@type\":\"ListItem\",\"position\":2,\"name\":\"\u201cKurucu Cumhurba\u015fkan\u0131 Denkta\u015f\u2019\u0131n ad\u0131na yak\u0131\u015f\u0131r bir proje olacak\u201d\"}]},{\"@type\":\"WebSite\",\"@id\":\"https:\\\/\\\/kibrisdakik.com\\\/#website\",\"url\":\"https:\\\/\\\/kibrisdakik.com\\\/\",\"name\":\"\",\"description\":\"Tam vaktinde haber\",\"potentialAction\":[{\"@type\":\"SearchAction\",\"target\":{\"@type\":\"EntryPoint\",\"urlTemplate\":\"https:\\\/\\\/kibrisdakik.com\\\/?s={search_term_string}\"},\"query-input\":{\"@type\":\"PropertyValueSpecification\",\"valueRequired\":true,\"valueName\":\"search_term_string\"}}],\"inLanguage\":\"tr\"},{\"@type\":\"Person\",\"@id\":\"https:\\\/\\\/kibrisdakik.com\\\/#\\\/schema\\\/person\\\/9cd9d437bbb44f72b73ba127e06d8e79\",\"name\":\"admin\",\"image\":{\"@type\":\"ImageObject\",\"inLanguage\":\"tr\",\"@id\":\"https:\\\/\\\/secure.gravatar.com\\\/avatar\\\/ccc17943b9d660506c869530f897617f7cb1c21a4bf30023f252596d83e1f007?s=96&d=mm&r=g\",\"url\":\"https:\\\/\\\/secure.gravatar.com\\\/avatar\\\/ccc17943b9d660506c869530f897617f7cb1c21a4bf30023f252596d83e1f007?s=96&d=mm&r=g\",\"contentUrl\":\"https:\\\/\\\/secure.gravatar.com\\\/avatar\\\/ccc17943b9d660506c869530f897617f7cb1c21a4bf30023f252596d83e1f007?s=96&d=mm&r=g\",\"caption\":\"admin\"},\"sameAs\":[\"https:\\\/\\\/kibrisdakik.com\"],\"url\":\"https:\\\/\\\/kibrisdakik.com\\\/?author=1\"}]}<\/script>\n<!-- \/ Yoast SEO plugin. -->","yoast_head_json":{"title":"\u201cKurucu Cumhurba\u015fkan\u0131 Denkta\u015f\u2019\u0131n ad\u0131na yak\u0131\u015f\u0131r bir proje olacak\u201d -","robots":{"index":"index","follow":"follow","max-snippet":"max-snippet:-1","max-image-preview":"max-image-preview:large","max-video-preview":"max-video-preview:-1"},"canonical":"https:\/\/kibrisdakik.com\/?p=68912","og_locale":"tr_TR","og_type":"article","og_title":"\u201cKurucu Cumhurba\u015fkan\u0131 Denkta\u015f\u2019\u0131n ad\u0131na yak\u0131\u015f\u0131r bir proje olacak\u201d -","og_description":"Cumhurba\u015fkan\u0131 Ersin Tatar, yap\u0131m\u0131 devam eden Rauf Raif Denkta\u015f An\u0131t\u0131 ve Cumhuriyet Park\u0131n\u0131 ziyaret etti, yerinde incelemeler yaparak, yetkililerden bilgi ald\u0131. Cumhurba\u015fkan\u0131 Tatar, burada yapt\u0131\u011f\u0131 konu\u015fmada, Rauf Raif Denkta\u015f An\u0131t\u0131 ve Cumhuriyet Park\u0131\u2019n\u0131n yap\u0131m\u0131nda eme\u011fi ge\u00e7en mimar, m\u00fchendis ve \u00e7al\u0131\u015fanlara te\u015fekk\u00fcr etti. G\u00f6sterdi\u011fi hassasiyetten dolay\u0131 Ba\u015fbakan Yard\u0131mc\u0131s\u0131, Turizm, K\u00fclt\u00fcr, Gen\u00e7lik ve \u00c7evre Bakan\u0131 Fikri Atao\u011flu\u2019na","og_url":"https:\/\/kibrisdakik.com\/?p=68912","article_published_time":"2024-11-12T11:22:55+00:00","og_image":[{"width":819,"height":546,"url":"https:\/\/kibrisdakik.com\/wp-content\/uploads\/2024\/11\/537845819-740x420.jpg","type":"image\/jpeg"}],"author":"admin","twitter_card":"summary_large_image","twitter_misc":{"Yazan:":"admin","Tahmini okuma s\u00fcresi":"2 dakika"},"schema":{"@context":"https:\/\/schema.org","@graph":[{"@type":"Article","@id":"https:\/\/kibrisdakik.com\/?p=68912#article","isPartOf":{"@id":"https:\/\/kibrisdakik.com\/?p=68912"},"author":{"name":"admin","@id":"https:\/\/kibrisdakik.com\/#\/schema\/person\/9cd9d437bbb44f72b73ba127e06d8e79"},"headline":"\u201cKurucu Cumhurba\u015fkan\u0131 Denkta\u015f\u2019\u0131n ad\u0131na yak\u0131\u015f\u0131r bir proje olacak\u201d","datePublished":"2024-11-12T11:22:55+00:00","mainEntityOfPage":{"@id":"https:\/\/kibrisdakik.com\/?p=68912"},"wordCount":387,"commentCount":0,"image":{"@id":"https:\/\/kibrisdakik.com\/?p=68912#primaryimage"},"thumbnailUrl":"https:\/\/kibrisdakik.com\/wp-content\/uploads\/2024\/11\/537845819-740x420.jpg","articleSection":["K\u0131br\u0131s"],"inLanguage":"tr","potentialAction":[{"@type":"CommentAction","name":"Comment","target":["https:\/\/kibrisdakik.com\/?p=68912#respond"]}]},{"@type":"WebPage","@id":"https:\/\/kibrisdakik.com\/?p=68912","url":"https:\/\/kibrisdakik.com\/?p=68912","name":"\u201cKurucu Cumhurba\u015fkan\u0131 Denkta\u015f\u2019\u0131n ad\u0131na yak\u0131\u015f\u0131r bir proje olacak\u201d -","isPartOf":{"@id":"https:\/\/kibrisdakik.com\/#website"},"primaryImageOfPage":{"@id":"https:\/\/kibrisdakik.com\/?p=68912#primaryimage"},"image":{"@id":"https:\/\/kibrisdakik.com\/?p=68912#primaryimage"},"thumbnailUrl":"https:\/\/kibrisdakik.com\/wp-content\/uploads\/2024\/11\/537845819-740x420.jpg","datePublished":"2024-11-12T11:22:55+00:00","author":{"@id":"https:\/\/kibrisdakik.com\/#\/schema\/person\/9cd9d437bbb44f72b73ba127e06d8e79"},"breadcrumb":{"@id":"https:\/\/kibrisdakik.com\/?p=68912#breadcrumb"},"inLanguage":"tr","potentialAction":[{"@type":"ReadAction","target":["https:\/\/kibrisdakik.com\/?p=68912"]}]},{"@type":"ImageObject","inLanguage":"tr","@id":"https:\/\/kibrisdakik.com\/?p=68912#primaryimage","url":"https:\/\/kibrisdakik.com\/wp-content\/uploads\/2024\/11\/537845819-740x420.jpg","contentUrl":"https:\/\/kibrisdakik.com\/wp-content\/uploads\/2024\/11\/537845819-740x420.jpg","width":819,"height":546},{"@type":"BreadcrumbList","@id":"https:\/\/kibrisdakik.com\/?p=68912#breadcrumb","itemListElement":[{"@type":"ListItem","position":1,"name":"Home","item":"https:\/\/kibrisdakik.com\/"},{"@type":"ListItem","position":2,"name":"\u201cKurucu Cumhurba\u015fkan\u0131 Denkta\u015f\u2019\u0131n ad\u0131na yak\u0131\u015f\u0131r bir proje olacak\u201d"}]},{"@type":"WebSite","@id":"https:\/\/kibrisdakik.com\/#website","url":"https:\/\/kibrisdakik.com\/","name":"","description":"Tam vaktinde haber","potentialAction":[{"@type":"SearchAction","target":{"@type":"EntryPoint","urlTemplate":"https:\/\/kibrisdakik.com\/?s={search_term_string}"},"query-input":{"@type":"PropertyValueSpecification","valueRequired":true,"valueName":"search_term_string"}}],"inLanguage":"tr"},{"@type":"Person","@id":"https:\/\/kibrisdakik.com\/#\/schema\/person\/9cd9d437bbb44f72b73ba127e06d8e79","name":"admin","image":{"@type":"ImageObject","inLanguage":"tr","@id":"https:\/\/secure.gravatar.com\/avatar\/ccc17943b9d660506c869530f897617f7cb1c21a4bf30023f252596d83e1f007?s=96&d=mm&r=g","url":"https:\/\/secure.gravatar.com\/avatar\/ccc17943b9d660506c869530f897617f7cb1c21a4bf30023f252596d83e1f007?s=96&d=mm&r=g","contentUrl":"https:\/\/secure.gravatar.com\/avatar\/ccc17943b9d660506c869530f897617f7cb1c21a4bf30023f252596d83e1f007?s=96&d=mm&r=g","caption":"admin"},"sameAs":["https:\/\/kibrisdakik.com"],"url":"https:\/\/kibrisdakik.com\/?author=1"}]}},"_links":{"self":[{"href":"https:\/\/kibrisdakik.com\/index.php?rest_route=\/wp\/v2\/posts\/68912","targetHints":{"allow":["GET"]}}],"collection":[{"href":"https:\/\/kibrisdakik.com\/index.php?rest_route=\/wp\/v2\/posts"}],"about":[{"href":"https:\/\/kibrisdakik.com\/index.php?rest_route=\/wp\/v2\/types\/post"}],"author":[{"embeddable":true,"href":"https:\/\/kibrisdakik.com\/index.php?rest_route=\/wp\/v2\/users\/1"}],"replies":[{"embeddable":true,"href":"https:\/\/kibrisdakik.com\/index.php?rest_route=%2Fwp%2Fv2%2Fcomments&post=68912"}],"version-history":[{"count":0,"href":"https:\/\/kibrisdakik.com\/index.php?rest_route=\/wp\/v2\/posts\/68912\/revisions"}],"wp:featuredmedia":[{"embeddable":true,"href":"https:\/\/kibrisdakik.com\/index.php?rest_route=\/wp\/v2\/media\/68913"}],"wp:attachment":[{"href":"https:\/\/kibrisdakik.com\/index.php?rest_route=%2Fwp%2Fv2%2Fmedia&parent=68912"}],"wp:term":[{"taxonomy":"category","embeddable":true,"href":"https:\/\/kibrisdakik.com\/index.php?rest_route=%2Fwp%2Fv2%2Fcategories&post=68912"},{"taxonomy":"post_tag","embeddable":true,"href":"https:\/\/kibrisdakik.com\/index.php?rest_route=%2Fwp%2Fv2%2Ftags&post=68912"}],"curies":[{"name":"wp","href":"https:\/\/api.w.org\/{rel}","templated":true}]}}