{"id":68948,"date":"2024-11-12T19:01:02","date_gmt":"2024-11-12T16:01:02","guid":{"rendered":"https:\/\/kibrisdakik.com\/index.php\/2024\/11\/12\/derinya-sinir-kapisinin-acilis-yil-donumu-icin-etkinlik-duzenlendi\/"},"modified":"2024-11-12T19:01:02","modified_gmt":"2024-11-12T16:01:02","slug":"derinya-sinir-kapisinin-acilis-yil-donumu-icin-etkinlik-duzenlendi","status":"publish","type":"post","link":"https:\/\/kibrisdakik.com\/?p=68948","title":{"rendered":"Derinya S\u0131n\u0131r Kap\u0131s\u0131\u2019n\u0131n a\u00e7\u0131l\u0131\u015f y\u0131l d\u00f6n\u00fcm\u00fc i\u00e7in etkinlik d\u00fczenlendi"},"content":{"rendered":"<div>\n<div class=\"mariselle-image-container center\">\n                                            <\/div>\n<p>Derinya S\u0131n\u0131r Kap\u0131s\u0131\u2019n\u0131n a\u00e7\u0131l\u0131\u015f\u0131n\u0131n 6\u2019nc\u0131 y\u0131l d\u00f6n\u00fcm\u00fc nedeniyle etkinlik d\u00fczenlendi.<\/p>\n<p>Etkinlikte 6 y\u0131l \u00f6nce s\u0131n\u0131r\u0131n her iki yan\u0131na dikilen, fideden a\u011faca d\u00f6n\u00fc\u015fen zeytin a\u011fac\u0131na beyaz dilek kurdelesi ba\u011fland\u0131.<\/p>\n<p>Gazima\u011fusa Belediyesi\u2019nden verilen bilgiye g\u00f6re, Gazima\u011fusa Belediye Ba\u015fkan\u0131 S\u00fcleyman Ulu\u00e7ay\u2019\u0131n da yer ald\u0131\u011f\u0131 etkinlikte Ma\u011fusa K\u00fclt\u00fcr Derne\u011fi \u00fcyelerinin de kat\u0131l\u0131m\u0131yla bar\u0131\u015f\u0131n sembol\u00fc olarak kabul edilen beyaz g\u00fcvercin u\u00e7uruldu.<\/p>\n<div class=\"mariselle-image-container center\">\n                <img loading=\"lazy\" decoding=\"async\" width=\"848\" height=\"480\" class=\"lazy-image\" alt=\"\" sizes=\"auto, (max-width: 848px) 100vw, 848px\" src=\"https:\/\/brtk.net\/wp-content\/uploads\/2024\/11\/12\/derinya-kapisinin-acilis-1-.jpeg?ver=d492d3c0cf5e79c677dcb7c7e35a7d8b\" srcset=\"https:\/\/brtk.net\/wp-content\/uploads\/2024\/11\/12\/derinya-kapisinin-acilis-1-.jpeg?ver=d492d3c0cf5e79c677dcb7c7e35a7d8b 848w, https:\/\/brtk.net\/wp-content\/uploads\/2024\/11\/12\/derinya-kapisinin-acilis-1--300x170.jpeg?ver=d492d3c0cf5e79c677dcb7c7e35a7d8b 300w, https:\/\/brtk.net\/wp-content\/uploads\/2024\/11\/12\/derinya-kapisinin-acilis-1--768x435.jpeg?ver=08aafc3ec435f93ad4cc2be260eaec39 768w\"\/>                            <\/div>\n<p>\nGazima\u011fusa Belediye Ba\u015fkan\u0131 Ulu\u00e7ay etkinlikte yapt\u0131\u011f\u0131 konu\u015fmada, iki toplumun daha yak\u0131n olabilmesi, daha rahat bir araya gelmesi i\u00e7in Derinya S\u0131n\u0131r Kap\u0131s\u0131\u2019n\u0131n olduk\u00e7a \u00f6nemli oldu\u011funu kaydederek, yeni s\u0131n\u0131r kap\u0131lar\u0131n\u0131n a\u00e7\u0131lmas\u0131 i\u00e7in g\u00f6r\u00fc\u015fmelerin devam etti\u011fini belirtti.<\/p>\n<p>S\u0131n\u0131r kap\u0131lar\u0131n\u0131n a\u00e7\u0131lmas\u0131n\u0131n \u00f6nemli oldu\u011funu kaydeden Ulu\u00e7ay, en \u00f6nemlisinin K\u0131br\u0131s\u2019ta bir \u00e7\u00f6z\u00fcm olmas\u0131 ve gelecek nesillere daha huzurlu bir \u00fclke b\u0131rak\u0131lmas\u0131 oldu\u011funu s\u00f6yledi.<\/p>\n<p>Etkinlikte Ma\u011fusa K\u00fclt\u00fcr Derne\u011fi Ba\u015fkan\u0131 Dudu Cumao\u011fullar\u0131 da konu\u015fma yapt\u0131<\/p>\n<\/p><\/div>\n<p><script async\n                    defer\n                    crossorigin=\"anonymous\"\n                    src=\"https:\/\/connect.facebook.net\/tr_TR\/sdk.js#xfbml=1&#038;version=v3.3\"\n            ><\/script><\/p>\n","protected":false},"excerpt":{"rendered":"<p>Derinya S\u0131n\u0131r Kap\u0131s\u0131\u2019n\u0131n a\u00e7\u0131l\u0131\u015f\u0131n\u0131n 6\u2019nc\u0131 y\u0131l d\u00f6n\u00fcm\u00fc nedeniyle etkinlik d\u00fczenlendi. Etkinlikte 6 y\u0131l \u00f6nce s\u0131n\u0131r\u0131n her iki yan\u0131na dikilen, fideden a\u011faca d\u00f6n\u00fc\u015fen zeytin a\u011fac\u0131na beyaz dilek kurdelesi ba\u011fland\u0131. Gazima\u011fusa Belediyesi\u2019nden verilen bilgiye g\u00f6re, Gazima\u011fusa Belediye Ba\u015fkan\u0131 S\u00fcleyman Ulu\u00e7ay\u2019\u0131n da yer ald\u0131\u011f\u0131 etkinlikte Ma\u011fusa K\u00fclt\u00fcr Derne\u011fi \u00fcyelerinin de kat\u0131l\u0131m\u0131yla bar\u0131\u015f\u0131n sembol\u00fc olarak kabul edilen beyaz g\u00fcvercin<\/p>\n","protected":false},"author":1,"featured_media":68949,"comment_status":"open","ping_status":"open","sticky":false,"template":"","format":"standard","meta":{"footnotes":""},"categories":[81],"tags":[],"class_list":["post-68948","post","type-post","status-publish","format-standard","has-post-thumbnail","hentry","category-kibris"],"yoast_head":"<!-- This site is optimized with the Yoast SEO plugin v27.5 - https:\/\/yoast.com\/product\/yoast-seo-wordpress\/ -->\n<title>Derinya S\u0131n\u0131r Kap\u0131s\u0131\u2019n\u0131n a\u00e7\u0131l\u0131\u015f y\u0131l d\u00f6n\u00fcm\u00fc i\u00e7in etkinlik d\u00fczenlendi -<\/title>\n<meta name=\"robots\" content=\"index, follow, max-snippet:-1, max-image-preview:large, max-video-preview:-1\" \/>\n<link rel=\"canonical\" href=\"https:\/\/kibrisdakik.com\/?p=68948\" \/>\n<meta property=\"og:locale\" content=\"tr_TR\" \/>\n<meta property=\"og:type\" content=\"article\" \/>\n<meta property=\"og:title\" content=\"Derinya S\u0131n\u0131r Kap\u0131s\u0131\u2019n\u0131n a\u00e7\u0131l\u0131\u015f y\u0131l d\u00f6n\u00fcm\u00fc i\u00e7in etkinlik d\u00fczenlendi -\" \/>\n<meta property=\"og:description\" content=\"Derinya S\u0131n\u0131r Kap\u0131s\u0131\u2019n\u0131n a\u00e7\u0131l\u0131\u015f\u0131n\u0131n 6\u2019nc\u0131 y\u0131l d\u00f6n\u00fcm\u00fc nedeniyle etkinlik d\u00fczenlendi. Etkinlikte 6 y\u0131l \u00f6nce s\u0131n\u0131r\u0131n her iki yan\u0131na dikilen, fideden a\u011faca d\u00f6n\u00fc\u015fen zeytin a\u011fac\u0131na beyaz dilek kurdelesi ba\u011fland\u0131. Gazima\u011fusa Belediyesi\u2019nden verilen bilgiye g\u00f6re, Gazima\u011fusa Belediye Ba\u015fkan\u0131 S\u00fcleyman Ulu\u00e7ay\u2019\u0131n da yer ald\u0131\u011f\u0131 etkinlikte Ma\u011fusa K\u00fclt\u00fcr Derne\u011fi \u00fcyelerinin de kat\u0131l\u0131m\u0131yla bar\u0131\u015f\u0131n sembol\u00fc olarak kabul edilen beyaz g\u00fcvercin\" \/>\n<meta property=\"og:url\" content=\"https:\/\/kibrisdakik.com\/?p=68948\" \/>\n<meta property=\"article:published_time\" content=\"2024-11-12T16:01:02+00:00\" \/>\n<meta property=\"og:image\" content=\"https:\/\/kibrisdakik.com\/wp-content\/uploads\/2024\/11\/derinya-kapisinin-acilis-5--740x420.jpeg\" \/>\n\t<meta property=\"og:image:width\" content=\"1600\" \/>\n\t<meta property=\"og:image:height\" content=\"1200\" \/>\n\t<meta property=\"og:image:type\" content=\"image\/jpeg\" \/>\n<meta name=\"author\" content=\"admin\" \/>\n<meta name=\"twitter:card\" content=\"summary_large_image\" \/>\n<meta name=\"twitter:label1\" content=\"Yazan:\" \/>\n\t<meta name=\"twitter:data1\" content=\"admin\" \/>\n\t<meta name=\"twitter:label2\" content=\"Tahmini okuma s\u00fcresi\" \/>\n\t<meta name=\"twitter:data2\" content=\"1 dakika\" \/>\n<script type=\"application\/ld+json\" class=\"yoast-schema-graph\">{\"@context\":\"https:\\\/\\\/schema.org\",\"@graph\":[{\"@type\":\"Article\",\"@id\":\"https:\\\/\\\/kibrisdakik.com\\\/?p=68948#article\",\"isPartOf\":{\"@id\":\"https:\\\/\\\/kibrisdakik.com\\\/?p=68948\"},\"author\":{\"name\":\"admin\",\"@id\":\"https:\\\/\\\/kibrisdakik.com\\\/#\\\/schema\\\/person\\\/9cd9d437bbb44f72b73ba127e06d8e79\"},\"headline\":\"Derinya S\u0131n\u0131r Kap\u0131s\u0131\u2019n\u0131n a\u00e7\u0131l\u0131\u015f y\u0131l d\u00f6n\u00fcm\u00fc i\u00e7in etkinlik d\u00fczenlendi\",\"datePublished\":\"2024-11-12T16:01:02+00:00\",\"mainEntityOfPage\":{\"@id\":\"https:\\\/\\\/kibrisdakik.com\\\/?p=68948\"},\"wordCount\":231,\"commentCount\":0,\"image\":{\"@id\":\"https:\\\/\\\/kibrisdakik.com\\\/?p=68948#primaryimage\"},\"thumbnailUrl\":\"https:\\\/\\\/kibrisdakik.com\\\/wp-content\\\/uploads\\\/2024\\\/11\\\/derinya-kapisinin-acilis-5--740x420.jpeg\",\"articleSection\":[\"K\u0131br\u0131s\"],\"inLanguage\":\"tr\",\"potentialAction\":[{\"@type\":\"CommentAction\",\"name\":\"Comment\",\"target\":[\"https:\\\/\\\/kibrisdakik.com\\\/?p=68948#respond\"]}]},{\"@type\":\"WebPage\",\"@id\":\"https:\\\/\\\/kibrisdakik.com\\\/?p=68948\",\"url\":\"https:\\\/\\\/kibrisdakik.com\\\/?p=68948\",\"name\":\"Derinya S\u0131n\u0131r Kap\u0131s\u0131\u2019n\u0131n a\u00e7\u0131l\u0131\u015f y\u0131l d\u00f6n\u00fcm\u00fc i\u00e7in etkinlik d\u00fczenlendi -\",\"isPartOf\":{\"@id\":\"https:\\\/\\\/kibrisdakik.com\\\/#website\"},\"primaryImageOfPage\":{\"@id\":\"https:\\\/\\\/kibrisdakik.com\\\/?p=68948#primaryimage\"},\"image\":{\"@id\":\"https:\\\/\\\/kibrisdakik.com\\\/?p=68948#primaryimage\"},\"thumbnailUrl\":\"https:\\\/\\\/kibrisdakik.com\\\/wp-content\\\/uploads\\\/2024\\\/11\\\/derinya-kapisinin-acilis-5--740x420.jpeg\",\"datePublished\":\"2024-11-12T16:01:02+00:00\",\"author\":{\"@id\":\"https:\\\/\\\/kibrisdakik.com\\\/#\\\/schema\\\/person\\\/9cd9d437bbb44f72b73ba127e06d8e79\"},\"breadcrumb\":{\"@id\":\"https:\\\/\\\/kibrisdakik.com\\\/?p=68948#breadcrumb\"},\"inLanguage\":\"tr\",\"potentialAction\":[{\"@type\":\"ReadAction\",\"target\":[\"https:\\\/\\\/kibrisdakik.com\\\/?p=68948\"]}]},{\"@type\":\"ImageObject\",\"inLanguage\":\"tr\",\"@id\":\"https:\\\/\\\/kibrisdakik.com\\\/?p=68948#primaryimage\",\"url\":\"https:\\\/\\\/kibrisdakik.com\\\/wp-content\\\/uploads\\\/2024\\\/11\\\/derinya-kapisinin-acilis-5--740x420.jpeg\",\"contentUrl\":\"https:\\\/\\\/kibrisdakik.com\\\/wp-content\\\/uploads\\\/2024\\\/11\\\/derinya-kapisinin-acilis-5--740x420.jpeg\",\"width\":1600,\"height\":1200},{\"@type\":\"BreadcrumbList\",\"@id\":\"https:\\\/\\\/kibrisdakik.com\\\/?p=68948#breadcrumb\",\"itemListElement\":[{\"@type\":\"ListItem\",\"position\":1,\"name\":\"Home\",\"item\":\"https:\\\/\\\/kibrisdakik.com\\\/\"},{\"@type\":\"ListItem\",\"position\":2,\"name\":\"Derinya S\u0131n\u0131r Kap\u0131s\u0131\u2019n\u0131n a\u00e7\u0131l\u0131\u015f y\u0131l d\u00f6n\u00fcm\u00fc i\u00e7in etkinlik d\u00fczenlendi\"}]},{\"@type\":\"WebSite\",\"@id\":\"https:\\\/\\\/kibrisdakik.com\\\/#website\",\"url\":\"https:\\\/\\\/kibrisdakik.com\\\/\",\"name\":\"\",\"description\":\"Tam vaktinde haber\",\"potentialAction\":[{\"@type\":\"SearchAction\",\"target\":{\"@type\":\"EntryPoint\",\"urlTemplate\":\"https:\\\/\\\/kibrisdakik.com\\\/?s={search_term_string}\"},\"query-input\":{\"@type\":\"PropertyValueSpecification\",\"valueRequired\":true,\"valueName\":\"search_term_string\"}}],\"inLanguage\":\"tr\"},{\"@type\":\"Person\",\"@id\":\"https:\\\/\\\/kibrisdakik.com\\\/#\\\/schema\\\/person\\\/9cd9d437bbb44f72b73ba127e06d8e79\",\"name\":\"admin\",\"image\":{\"@type\":\"ImageObject\",\"inLanguage\":\"tr\",\"@id\":\"https:\\\/\\\/secure.gravatar.com\\\/avatar\\\/ccc17943b9d660506c869530f897617f7cb1c21a4bf30023f252596d83e1f007?s=96&d=mm&r=g\",\"url\":\"https:\\\/\\\/secure.gravatar.com\\\/avatar\\\/ccc17943b9d660506c869530f897617f7cb1c21a4bf30023f252596d83e1f007?s=96&d=mm&r=g\",\"contentUrl\":\"https:\\\/\\\/secure.gravatar.com\\\/avatar\\\/ccc17943b9d660506c869530f897617f7cb1c21a4bf30023f252596d83e1f007?s=96&d=mm&r=g\",\"caption\":\"admin\"},\"sameAs\":[\"https:\\\/\\\/kibrisdakik.com\"],\"url\":\"https:\\\/\\\/kibrisdakik.com\\\/?author=1\"}]}<\/script>\n<!-- \/ Yoast SEO plugin. -->","yoast_head_json":{"title":"Derinya S\u0131n\u0131r Kap\u0131s\u0131\u2019n\u0131n a\u00e7\u0131l\u0131\u015f y\u0131l d\u00f6n\u00fcm\u00fc i\u00e7in etkinlik d\u00fczenlendi -","robots":{"index":"index","follow":"follow","max-snippet":"max-snippet:-1","max-image-preview":"max-image-preview:large","max-video-preview":"max-video-preview:-1"},"canonical":"https:\/\/kibrisdakik.com\/?p=68948","og_locale":"tr_TR","og_type":"article","og_title":"Derinya S\u0131n\u0131r Kap\u0131s\u0131\u2019n\u0131n a\u00e7\u0131l\u0131\u015f y\u0131l d\u00f6n\u00fcm\u00fc i\u00e7in etkinlik d\u00fczenlendi -","og_description":"Derinya S\u0131n\u0131r Kap\u0131s\u0131\u2019n\u0131n a\u00e7\u0131l\u0131\u015f\u0131n\u0131n 6\u2019nc\u0131 y\u0131l d\u00f6n\u00fcm\u00fc nedeniyle etkinlik d\u00fczenlendi. Etkinlikte 6 y\u0131l \u00f6nce s\u0131n\u0131r\u0131n her iki yan\u0131na dikilen, fideden a\u011faca d\u00f6n\u00fc\u015fen zeytin a\u011fac\u0131na beyaz dilek kurdelesi ba\u011fland\u0131. Gazima\u011fusa Belediyesi\u2019nden verilen bilgiye g\u00f6re, Gazima\u011fusa Belediye Ba\u015fkan\u0131 S\u00fcleyman Ulu\u00e7ay\u2019\u0131n da yer ald\u0131\u011f\u0131 etkinlikte Ma\u011fusa K\u00fclt\u00fcr Derne\u011fi \u00fcyelerinin de kat\u0131l\u0131m\u0131yla bar\u0131\u015f\u0131n sembol\u00fc olarak kabul edilen beyaz g\u00fcvercin","og_url":"https:\/\/kibrisdakik.com\/?p=68948","article_published_time":"2024-11-12T16:01:02+00:00","og_image":[{"width":1600,"height":1200,"url":"https:\/\/kibrisdakik.com\/wp-content\/uploads\/2024\/11\/derinya-kapisinin-acilis-5--740x420.jpeg","type":"image\/jpeg"}],"author":"admin","twitter_card":"summary_large_image","twitter_misc":{"Yazan:":"admin","Tahmini okuma s\u00fcresi":"1 dakika"},"schema":{"@context":"https:\/\/schema.org","@graph":[{"@type":"Article","@id":"https:\/\/kibrisdakik.com\/?p=68948#article","isPartOf":{"@id":"https:\/\/kibrisdakik.com\/?p=68948"},"author":{"name":"admin","@id":"https:\/\/kibrisdakik.com\/#\/schema\/person\/9cd9d437bbb44f72b73ba127e06d8e79"},"headline":"Derinya S\u0131n\u0131r Kap\u0131s\u0131\u2019n\u0131n a\u00e7\u0131l\u0131\u015f y\u0131l d\u00f6n\u00fcm\u00fc i\u00e7in etkinlik d\u00fczenlendi","datePublished":"2024-11-12T16:01:02+00:00","mainEntityOfPage":{"@id":"https:\/\/kibrisdakik.com\/?p=68948"},"wordCount":231,"commentCount":0,"image":{"@id":"https:\/\/kibrisdakik.com\/?p=68948#primaryimage"},"thumbnailUrl":"https:\/\/kibrisdakik.com\/wp-content\/uploads\/2024\/11\/derinya-kapisinin-acilis-5--740x420.jpeg","articleSection":["K\u0131br\u0131s"],"inLanguage":"tr","potentialAction":[{"@type":"CommentAction","name":"Comment","target":["https:\/\/kibrisdakik.com\/?p=68948#respond"]}]},{"@type":"WebPage","@id":"https:\/\/kibrisdakik.com\/?p=68948","url":"https:\/\/kibrisdakik.com\/?p=68948","name":"Derinya S\u0131n\u0131r Kap\u0131s\u0131\u2019n\u0131n a\u00e7\u0131l\u0131\u015f y\u0131l d\u00f6n\u00fcm\u00fc i\u00e7in etkinlik d\u00fczenlendi -","isPartOf":{"@id":"https:\/\/kibrisdakik.com\/#website"},"primaryImageOfPage":{"@id":"https:\/\/kibrisdakik.com\/?p=68948#primaryimage"},"image":{"@id":"https:\/\/kibrisdakik.com\/?p=68948#primaryimage"},"thumbnailUrl":"https:\/\/kibrisdakik.com\/wp-content\/uploads\/2024\/11\/derinya-kapisinin-acilis-5--740x420.jpeg","datePublished":"2024-11-12T16:01:02+00:00","author":{"@id":"https:\/\/kibrisdakik.com\/#\/schema\/person\/9cd9d437bbb44f72b73ba127e06d8e79"},"breadcrumb":{"@id":"https:\/\/kibrisdakik.com\/?p=68948#breadcrumb"},"inLanguage":"tr","potentialAction":[{"@type":"ReadAction","target":["https:\/\/kibrisdakik.com\/?p=68948"]}]},{"@type":"ImageObject","inLanguage":"tr","@id":"https:\/\/kibrisdakik.com\/?p=68948#primaryimage","url":"https:\/\/kibrisdakik.com\/wp-content\/uploads\/2024\/11\/derinya-kapisinin-acilis-5--740x420.jpeg","contentUrl":"https:\/\/kibrisdakik.com\/wp-content\/uploads\/2024\/11\/derinya-kapisinin-acilis-5--740x420.jpeg","width":1600,"height":1200},{"@type":"BreadcrumbList","@id":"https:\/\/kibrisdakik.com\/?p=68948#breadcrumb","itemListElement":[{"@type":"ListItem","position":1,"name":"Home","item":"https:\/\/kibrisdakik.com\/"},{"@type":"ListItem","position":2,"name":"Derinya S\u0131n\u0131r Kap\u0131s\u0131\u2019n\u0131n a\u00e7\u0131l\u0131\u015f y\u0131l d\u00f6n\u00fcm\u00fc i\u00e7in etkinlik d\u00fczenlendi"}]},{"@type":"WebSite","@id":"https:\/\/kibrisdakik.com\/#website","url":"https:\/\/kibrisdakik.com\/","name":"","description":"Tam vaktinde haber","potentialAction":[{"@type":"SearchAction","target":{"@type":"EntryPoint","urlTemplate":"https:\/\/kibrisdakik.com\/?s={search_term_string}"},"query-input":{"@type":"PropertyValueSpecification","valueRequired":true,"valueName":"search_term_string"}}],"inLanguage":"tr"},{"@type":"Person","@id":"https:\/\/kibrisdakik.com\/#\/schema\/person\/9cd9d437bbb44f72b73ba127e06d8e79","name":"admin","image":{"@type":"ImageObject","inLanguage":"tr","@id":"https:\/\/secure.gravatar.com\/avatar\/ccc17943b9d660506c869530f897617f7cb1c21a4bf30023f252596d83e1f007?s=96&d=mm&r=g","url":"https:\/\/secure.gravatar.com\/avatar\/ccc17943b9d660506c869530f897617f7cb1c21a4bf30023f252596d83e1f007?s=96&d=mm&r=g","contentUrl":"https:\/\/secure.gravatar.com\/avatar\/ccc17943b9d660506c869530f897617f7cb1c21a4bf30023f252596d83e1f007?s=96&d=mm&r=g","caption":"admin"},"sameAs":["https:\/\/kibrisdakik.com"],"url":"https:\/\/kibrisdakik.com\/?author=1"}]}},"_links":{"self":[{"href":"https:\/\/kibrisdakik.com\/index.php?rest_route=\/wp\/v2\/posts\/68948","targetHints":{"allow":["GET"]}}],"collection":[{"href":"https:\/\/kibrisdakik.com\/index.php?rest_route=\/wp\/v2\/posts"}],"about":[{"href":"https:\/\/kibrisdakik.com\/index.php?rest_route=\/wp\/v2\/types\/post"}],"author":[{"embeddable":true,"href":"https:\/\/kibrisdakik.com\/index.php?rest_route=\/wp\/v2\/users\/1"}],"replies":[{"embeddable":true,"href":"https:\/\/kibrisdakik.com\/index.php?rest_route=%2Fwp%2Fv2%2Fcomments&post=68948"}],"version-history":[{"count":0,"href":"https:\/\/kibrisdakik.com\/index.php?rest_route=\/wp\/v2\/posts\/68948\/revisions"}],"wp:featuredmedia":[{"embeddable":true,"href":"https:\/\/kibrisdakik.com\/index.php?rest_route=\/wp\/v2\/media\/68949"}],"wp:attachment":[{"href":"https:\/\/kibrisdakik.com\/index.php?rest_route=%2Fwp%2Fv2%2Fmedia&parent=68948"}],"wp:term":[{"taxonomy":"category","embeddable":true,"href":"https:\/\/kibrisdakik.com\/index.php?rest_route=%2Fwp%2Fv2%2Fcategories&post=68948"},{"taxonomy":"post_tag","embeddable":true,"href":"https:\/\/kibrisdakik.com\/index.php?rest_route=%2Fwp%2Fv2%2Ftags&post=68948"}],"curies":[{"name":"wp","href":"https:\/\/api.w.org\/{rel}","templated":true}]}}