{"id":68963,"date":"2024-11-12T15:57:16","date_gmt":"2024-11-12T12:57:16","guid":{"rendered":"https:\/\/kibrisdakik.com\/index.php\/2024\/11\/12\/israil-ordusu-lubnanin-guneyine-saldiri-duzenledi\/"},"modified":"2024-11-12T15:57:16","modified_gmt":"2024-11-12T12:57:16","slug":"israil-ordusu-lubnanin-guneyine-saldiri-duzenledi","status":"publish","type":"post","link":"https:\/\/kibrisdakik.com\/?p=68963","title":{"rendered":"\u0130srail ordusu, L\u00fcbnan\u2019\u0131n g\u00fcneyine sald\u0131r\u0131 d\u00fczenledi"},"content":{"rendered":"<p><\/p>\n<div>\n<div class=\"mariselle-image-container center\">\n                <img loading=\"lazy\" decoding=\"async\" width=\"2560\" height=\"1707\" class=\"lazy-image\" alt=\"\" sizes=\"auto, (max-width: 2560px) 100vw, 2560px\" src=\"https:\/\/brtk.net\/wp-content\/uploads\/2024\/11\/12\/aa-20241112-36173309-36173302-israil-beyrutun-guneyine-yonelik-hava-saldirilarini-surdurdu-scaled.jpg?ver=6ce8fb3b7b89953913572dc44f7ff364\" srcset=\"https:\/\/brtk.net\/wp-content\/uploads\/2024\/11\/12\/aa-20241112-36173309-36173302-israil-beyrutun-guneyine-yonelik-hava-saldirilarini-surdurdu-scaled.jpg?ver=6ce8fb3b7b89953913572dc44f7ff364 2560w, https:\/\/brtk.net\/wp-content\/uploads\/2024\/11\/12\/aa-20241112-36173309-36173302-israil-beyrutun-guneyine-yonelik-hava-saldirilarini-surdurdu-300x200.jpg?ver=6ce8fb3b7b89953913572dc44f7ff364 300w, https:\/\/brtk.net\/wp-content\/uploads\/2024\/11\/12\/aa-20241112-36173309-36173302-israil-beyrutun-guneyine-yonelik-hava-saldirilarini-surdurdu-1024x683.jpg?ver=6ce8fb3b7b89953913572dc44f7ff364 1024w, https:\/\/brtk.net\/wp-content\/uploads\/2024\/11\/12\/aa-20241112-36173309-36173302-israil-beyrutun-guneyine-yonelik-hava-saldirilarini-surdurdu-768x512.jpg?ver=469a34d2a77ba6d64bc7802021ee5386 768w, https:\/\/brtk.net\/wp-content\/uploads\/2024\/11\/12\/aa-20241112-36173309-36173302-israil-beyrutun-guneyine-yonelik-hava-saldirilarini-surdurdu-1536x1024.jpg?ver=4de58200d5d0af5906bbcaa096e6d1d4 1536w, https:\/\/brtk.net\/wp-content\/uploads\/2024\/11\/12\/aa-20241112-36173309-36173302-israil-beyrutun-guneyine-yonelik-hava-saldirilarini-surdurdu-2048x1366.jpg?ver=fdf928ff9f1b7641d889dfcd69d90a8e 2048w\"\/>                            <\/div>\n<p>\u0130srail ordusunun, L\u00fcbnan\u2019\u0131n g\u00fcneyindeki \u00e7e\u015fitli b\u00f6lgelere hava bombard\u0131man\u0131 ve top\u00e7u at\u0131\u015f\u0131yla sald\u0131r\u0131 d\u00fczenledi\u011fi belirtildi.<\/p>\n<p>L\u00fcbnan resmi haber ajans\u0131 NNA, \u0130srail\u2019in \u00fclkenin g\u00fcneyindeki Sur ve Nebatiye illerine y\u00f6nelik yapt\u0131\u011f\u0131 sald\u0131r\u0131larda \u00e7ok say\u0131da \u00f6l\u00fc ve yaral\u0131n\u0131n bulundu\u011funu aktard\u0131.<\/p>\n<p>Sur\u2019a ba\u011fl\u0131 Dibal kasabas\u0131na sald\u0131ran \u0130srail g\u00fc\u00e7lerinin hedef ald\u0131\u011f\u0131 binan\u0131n y\u0131k\u0131lmas\u0131 sonucu \u00f6l\u00fc ve yaral\u0131lar\u0131n bulundu\u011fu ifade edildi.<\/p>\n<p>\u0130srail gemilerinden sabah saatlerinde Sur\u2019un Nakura beldesi, Cebel el-Lebune ve Alma e\u015f-\u015eaab b\u00f6lgelerine top\u00e7u ate\u015fi yap\u0131ld\u0131\u011f\u0131 kaydedilirken, sald\u0131r\u0131n\u0131n sonu\u00e7lar\u0131 hakk\u0131nda bilgi verilmedi.<\/p>\n<p>Nebatiye ilindeki Yahmar e\u015f-\u015eerif, El-Cami El-Kadim ve Et-Tahta mahallelerini hedef alan \u0130srail\u2019in Arnun beldesine de sald\u0131r\u0131 d\u00fczenledi\u011fi bildirildi.<\/p>\n<p>Sald\u0131r\u0131larda \u00f6len ve yaralananlar\u0131n say\u0131s\u0131 hakk\u0131nda bilgiye yer verilmedi.<\/p>\n<\/p><\/div>\n<p><script async\n                    defer\n                    crossorigin=\"anonymous\"\n                    src=\"https:\/\/connect.facebook.net\/tr_TR\/sdk.js#xfbml=1&#038;version=v3.3\"\n            ><\/script><\/p>\n","protected":false},"excerpt":{"rendered":"<p>\u0130srail ordusunun, L\u00fcbnan\u2019\u0131n g\u00fcneyindeki \u00e7e\u015fitli b\u00f6lgelere hava bombard\u0131man\u0131 ve top\u00e7u at\u0131\u015f\u0131yla sald\u0131r\u0131 d\u00fczenledi\u011fi belirtildi. L\u00fcbnan resmi haber ajans\u0131 NNA, \u0130srail\u2019in \u00fclkenin g\u00fcneyindeki Sur ve Nebatiye illerine y\u00f6nelik yapt\u0131\u011f\u0131 sald\u0131r\u0131larda \u00e7ok say\u0131da \u00f6l\u00fc ve yaral\u0131n\u0131n bulundu\u011funu aktard\u0131. Sur\u2019a ba\u011fl\u0131 Dibal kasabas\u0131na sald\u0131ran \u0130srail g\u00fc\u00e7lerinin hedef ald\u0131\u011f\u0131 binan\u0131n y\u0131k\u0131lmas\u0131 sonucu \u00f6l\u00fc ve yaral\u0131lar\u0131n bulundu\u011fu ifade edildi. \u0130srail<\/p>\n","protected":false},"author":1,"featured_media":68964,"comment_status":"open","ping_status":"open","sticky":false,"template":"","format":"standard","meta":{"footnotes":""},"categories":[1],"tags":[],"class_list":["post-68963","post","type-post","status-publish","format-standard","has-post-thumbnail","hentry","category-gundem"],"yoast_head":"<!-- This site is optimized with the Yoast SEO plugin v27.4 - https:\/\/yoast.com\/product\/yoast-seo-wordpress\/ -->\n<title>\u0130srail ordusu, L\u00fcbnan\u2019\u0131n g\u00fcneyine sald\u0131r\u0131 d\u00fczenledi -<\/title>\n<meta name=\"robots\" content=\"index, follow, max-snippet:-1, max-image-preview:large, max-video-preview:-1\" \/>\n<link rel=\"canonical\" href=\"https:\/\/kibrisdakik.com\/?p=68963\" \/>\n<meta property=\"og:locale\" content=\"tr_TR\" \/>\n<meta property=\"og:type\" content=\"article\" \/>\n<meta property=\"og:title\" content=\"\u0130srail ordusu, L\u00fcbnan\u2019\u0131n g\u00fcneyine sald\u0131r\u0131 d\u00fczenledi -\" \/>\n<meta property=\"og:description\" content=\"\u0130srail ordusunun, L\u00fcbnan\u2019\u0131n g\u00fcneyindeki \u00e7e\u015fitli b\u00f6lgelere hava bombard\u0131man\u0131 ve top\u00e7u at\u0131\u015f\u0131yla sald\u0131r\u0131 d\u00fczenledi\u011fi belirtildi. L\u00fcbnan resmi haber ajans\u0131 NNA, \u0130srail\u2019in \u00fclkenin g\u00fcneyindeki Sur ve Nebatiye illerine y\u00f6nelik yapt\u0131\u011f\u0131 sald\u0131r\u0131larda \u00e7ok say\u0131da \u00f6l\u00fc ve yaral\u0131n\u0131n bulundu\u011funu aktard\u0131. Sur\u2019a ba\u011fl\u0131 Dibal kasabas\u0131na sald\u0131ran \u0130srail g\u00fc\u00e7lerinin hedef ald\u0131\u011f\u0131 binan\u0131n y\u0131k\u0131lmas\u0131 sonucu \u00f6l\u00fc ve yaral\u0131lar\u0131n bulundu\u011fu ifade edildi. \u0130srail\" \/>\n<meta property=\"og:url\" content=\"https:\/\/kibrisdakik.com\/?p=68963\" \/>\n<meta property=\"article:published_time\" content=\"2024-11-12T12:57:16+00:00\" \/>\n<meta property=\"og:image\" content=\"https:\/\/kibrisdakik.com\/wp-content\/uploads\/2024\/11\/aa-20241112-36173309-36173302-israil-beyrutun-guneyine-yonelik-hava-saldirilarini-surdurdu-scaled.jp-740x420.jpeg\" \/>\n\t<meta property=\"og:image:width\" content=\"2560\" \/>\n\t<meta property=\"og:image:height\" content=\"1707\" \/>\n\t<meta property=\"og:image:type\" content=\"image\/jpeg\" \/>\n<meta name=\"author\" content=\"admin\" \/>\n<meta name=\"twitter:card\" content=\"summary_large_image\" \/>\n<meta name=\"twitter:label1\" content=\"Yazan:\" \/>\n\t<meta name=\"twitter:data1\" content=\"admin\" \/>\n\t<meta name=\"twitter:label2\" content=\"Tahmini okuma s\u00fcresi\" \/>\n\t<meta name=\"twitter:data2\" content=\"1 dakika\" \/>\n<script type=\"application\/ld+json\" class=\"yoast-schema-graph\">{\"@context\":\"https:\\\/\\\/schema.org\",\"@graph\":[{\"@type\":\"Article\",\"@id\":\"https:\\\/\\\/kibrisdakik.com\\\/?p=68963#article\",\"isPartOf\":{\"@id\":\"https:\\\/\\\/kibrisdakik.com\\\/?p=68963\"},\"author\":{\"name\":\"admin\",\"@id\":\"https:\\\/\\\/kibrisdakik.com\\\/#\\\/schema\\\/person\\\/9cd9d437bbb44f72b73ba127e06d8e79\"},\"headline\":\"\u0130srail ordusu, L\u00fcbnan\u2019\u0131n g\u00fcneyine sald\u0131r\u0131 d\u00fczenledi\",\"datePublished\":\"2024-11-12T12:57:16+00:00\",\"mainEntityOfPage\":{\"@id\":\"https:\\\/\\\/kibrisdakik.com\\\/?p=68963\"},\"wordCount\":169,\"commentCount\":0,\"image\":{\"@id\":\"https:\\\/\\\/kibrisdakik.com\\\/?p=68963#primaryimage\"},\"thumbnailUrl\":\"https:\\\/\\\/kibrisdakik.com\\\/wp-content\\\/uploads\\\/2024\\\/11\\\/aa-20241112-36173309-36173302-israil-beyrutun-guneyine-yonelik-hava-saldirilarini-surdurdu-scaled.jp-740x420.jpeg\",\"articleSection\":[\"G\u00fcndem\"],\"inLanguage\":\"tr\",\"potentialAction\":[{\"@type\":\"CommentAction\",\"name\":\"Comment\",\"target\":[\"https:\\\/\\\/kibrisdakik.com\\\/?p=68963#respond\"]}]},{\"@type\":\"WebPage\",\"@id\":\"https:\\\/\\\/kibrisdakik.com\\\/?p=68963\",\"url\":\"https:\\\/\\\/kibrisdakik.com\\\/?p=68963\",\"name\":\"\u0130srail ordusu, L\u00fcbnan\u2019\u0131n g\u00fcneyine sald\u0131r\u0131 d\u00fczenledi -\",\"isPartOf\":{\"@id\":\"https:\\\/\\\/kibrisdakik.com\\\/#website\"},\"primaryImageOfPage\":{\"@id\":\"https:\\\/\\\/kibrisdakik.com\\\/?p=68963#primaryimage\"},\"image\":{\"@id\":\"https:\\\/\\\/kibrisdakik.com\\\/?p=68963#primaryimage\"},\"thumbnailUrl\":\"https:\\\/\\\/kibrisdakik.com\\\/wp-content\\\/uploads\\\/2024\\\/11\\\/aa-20241112-36173309-36173302-israil-beyrutun-guneyine-yonelik-hava-saldirilarini-surdurdu-scaled.jp-740x420.jpeg\",\"datePublished\":\"2024-11-12T12:57:16+00:00\",\"author\":{\"@id\":\"https:\\\/\\\/kibrisdakik.com\\\/#\\\/schema\\\/person\\\/9cd9d437bbb44f72b73ba127e06d8e79\"},\"breadcrumb\":{\"@id\":\"https:\\\/\\\/kibrisdakik.com\\\/?p=68963#breadcrumb\"},\"inLanguage\":\"tr\",\"potentialAction\":[{\"@type\":\"ReadAction\",\"target\":[\"https:\\\/\\\/kibrisdakik.com\\\/?p=68963\"]}]},{\"@type\":\"ImageObject\",\"inLanguage\":\"tr\",\"@id\":\"https:\\\/\\\/kibrisdakik.com\\\/?p=68963#primaryimage\",\"url\":\"https:\\\/\\\/kibrisdakik.com\\\/wp-content\\\/uploads\\\/2024\\\/11\\\/aa-20241112-36173309-36173302-israil-beyrutun-guneyine-yonelik-hava-saldirilarini-surdurdu-scaled.jp-740x420.jpeg\",\"contentUrl\":\"https:\\\/\\\/kibrisdakik.com\\\/wp-content\\\/uploads\\\/2024\\\/11\\\/aa-20241112-36173309-36173302-israil-beyrutun-guneyine-yonelik-hava-saldirilarini-surdurdu-scaled.jp-740x420.jpeg\",\"width\":2560,\"height\":1707},{\"@type\":\"BreadcrumbList\",\"@id\":\"https:\\\/\\\/kibrisdakik.com\\\/?p=68963#breadcrumb\",\"itemListElement\":[{\"@type\":\"ListItem\",\"position\":1,\"name\":\"Home\",\"item\":\"https:\\\/\\\/kibrisdakik.com\\\/\"},{\"@type\":\"ListItem\",\"position\":2,\"name\":\"\u0130srail ordusu, L\u00fcbnan\u2019\u0131n g\u00fcneyine sald\u0131r\u0131 d\u00fczenledi\"}]},{\"@type\":\"WebSite\",\"@id\":\"https:\\\/\\\/kibrisdakik.com\\\/#website\",\"url\":\"https:\\\/\\\/kibrisdakik.com\\\/\",\"name\":\"\",\"description\":\"Tam vaktinde haber\",\"potentialAction\":[{\"@type\":\"SearchAction\",\"target\":{\"@type\":\"EntryPoint\",\"urlTemplate\":\"https:\\\/\\\/kibrisdakik.com\\\/?s={search_term_string}\"},\"query-input\":{\"@type\":\"PropertyValueSpecification\",\"valueRequired\":true,\"valueName\":\"search_term_string\"}}],\"inLanguage\":\"tr\"},{\"@type\":\"Person\",\"@id\":\"https:\\\/\\\/kibrisdakik.com\\\/#\\\/schema\\\/person\\\/9cd9d437bbb44f72b73ba127e06d8e79\",\"name\":\"admin\",\"image\":{\"@type\":\"ImageObject\",\"inLanguage\":\"tr\",\"@id\":\"https:\\\/\\\/secure.gravatar.com\\\/avatar\\\/ccc17943b9d660506c869530f897617f7cb1c21a4bf30023f252596d83e1f007?s=96&d=mm&r=g\",\"url\":\"https:\\\/\\\/secure.gravatar.com\\\/avatar\\\/ccc17943b9d660506c869530f897617f7cb1c21a4bf30023f252596d83e1f007?s=96&d=mm&r=g\",\"contentUrl\":\"https:\\\/\\\/secure.gravatar.com\\\/avatar\\\/ccc17943b9d660506c869530f897617f7cb1c21a4bf30023f252596d83e1f007?s=96&d=mm&r=g\",\"caption\":\"admin\"},\"sameAs\":[\"https:\\\/\\\/kibrisdakik.com\"],\"url\":\"https:\\\/\\\/kibrisdakik.com\\\/?author=1\"}]}<\/script>\n<!-- \/ Yoast SEO plugin. -->","yoast_head_json":{"title":"\u0130srail ordusu, L\u00fcbnan\u2019\u0131n g\u00fcneyine sald\u0131r\u0131 d\u00fczenledi -","robots":{"index":"index","follow":"follow","max-snippet":"max-snippet:-1","max-image-preview":"max-image-preview:large","max-video-preview":"max-video-preview:-1"},"canonical":"https:\/\/kibrisdakik.com\/?p=68963","og_locale":"tr_TR","og_type":"article","og_title":"\u0130srail ordusu, L\u00fcbnan\u2019\u0131n g\u00fcneyine sald\u0131r\u0131 d\u00fczenledi -","og_description":"\u0130srail ordusunun, L\u00fcbnan\u2019\u0131n g\u00fcneyindeki \u00e7e\u015fitli b\u00f6lgelere hava bombard\u0131man\u0131 ve top\u00e7u at\u0131\u015f\u0131yla sald\u0131r\u0131 d\u00fczenledi\u011fi belirtildi. L\u00fcbnan resmi haber ajans\u0131 NNA, \u0130srail\u2019in \u00fclkenin g\u00fcneyindeki Sur ve Nebatiye illerine y\u00f6nelik yapt\u0131\u011f\u0131 sald\u0131r\u0131larda \u00e7ok say\u0131da \u00f6l\u00fc ve yaral\u0131n\u0131n bulundu\u011funu aktard\u0131. Sur\u2019a ba\u011fl\u0131 Dibal kasabas\u0131na sald\u0131ran \u0130srail g\u00fc\u00e7lerinin hedef ald\u0131\u011f\u0131 binan\u0131n y\u0131k\u0131lmas\u0131 sonucu \u00f6l\u00fc ve yaral\u0131lar\u0131n bulundu\u011fu ifade edildi. \u0130srail","og_url":"https:\/\/kibrisdakik.com\/?p=68963","article_published_time":"2024-11-12T12:57:16+00:00","og_image":[{"width":2560,"height":1707,"url":"https:\/\/kibrisdakik.com\/wp-content\/uploads\/2024\/11\/aa-20241112-36173309-36173302-israil-beyrutun-guneyine-yonelik-hava-saldirilarini-surdurdu-scaled.jp-740x420.jpeg","type":"image\/jpeg"}],"author":"admin","twitter_card":"summary_large_image","twitter_misc":{"Yazan:":"admin","Tahmini okuma s\u00fcresi":"1 dakika"},"schema":{"@context":"https:\/\/schema.org","@graph":[{"@type":"Article","@id":"https:\/\/kibrisdakik.com\/?p=68963#article","isPartOf":{"@id":"https:\/\/kibrisdakik.com\/?p=68963"},"author":{"name":"admin","@id":"https:\/\/kibrisdakik.com\/#\/schema\/person\/9cd9d437bbb44f72b73ba127e06d8e79"},"headline":"\u0130srail ordusu, L\u00fcbnan\u2019\u0131n g\u00fcneyine sald\u0131r\u0131 d\u00fczenledi","datePublished":"2024-11-12T12:57:16+00:00","mainEntityOfPage":{"@id":"https:\/\/kibrisdakik.com\/?p=68963"},"wordCount":169,"commentCount":0,"image":{"@id":"https:\/\/kibrisdakik.com\/?p=68963#primaryimage"},"thumbnailUrl":"https:\/\/kibrisdakik.com\/wp-content\/uploads\/2024\/11\/aa-20241112-36173309-36173302-israil-beyrutun-guneyine-yonelik-hava-saldirilarini-surdurdu-scaled.jp-740x420.jpeg","articleSection":["G\u00fcndem"],"inLanguage":"tr","potentialAction":[{"@type":"CommentAction","name":"Comment","target":["https:\/\/kibrisdakik.com\/?p=68963#respond"]}]},{"@type":"WebPage","@id":"https:\/\/kibrisdakik.com\/?p=68963","url":"https:\/\/kibrisdakik.com\/?p=68963","name":"\u0130srail ordusu, L\u00fcbnan\u2019\u0131n g\u00fcneyine sald\u0131r\u0131 d\u00fczenledi -","isPartOf":{"@id":"https:\/\/kibrisdakik.com\/#website"},"primaryImageOfPage":{"@id":"https:\/\/kibrisdakik.com\/?p=68963#primaryimage"},"image":{"@id":"https:\/\/kibrisdakik.com\/?p=68963#primaryimage"},"thumbnailUrl":"https:\/\/kibrisdakik.com\/wp-content\/uploads\/2024\/11\/aa-20241112-36173309-36173302-israil-beyrutun-guneyine-yonelik-hava-saldirilarini-surdurdu-scaled.jp-740x420.jpeg","datePublished":"2024-11-12T12:57:16+00:00","author":{"@id":"https:\/\/kibrisdakik.com\/#\/schema\/person\/9cd9d437bbb44f72b73ba127e06d8e79"},"breadcrumb":{"@id":"https:\/\/kibrisdakik.com\/?p=68963#breadcrumb"},"inLanguage":"tr","potentialAction":[{"@type":"ReadAction","target":["https:\/\/kibrisdakik.com\/?p=68963"]}]},{"@type":"ImageObject","inLanguage":"tr","@id":"https:\/\/kibrisdakik.com\/?p=68963#primaryimage","url":"https:\/\/kibrisdakik.com\/wp-content\/uploads\/2024\/11\/aa-20241112-36173309-36173302-israil-beyrutun-guneyine-yonelik-hava-saldirilarini-surdurdu-scaled.jp-740x420.jpeg","contentUrl":"https:\/\/kibrisdakik.com\/wp-content\/uploads\/2024\/11\/aa-20241112-36173309-36173302-israil-beyrutun-guneyine-yonelik-hava-saldirilarini-surdurdu-scaled.jp-740x420.jpeg","width":2560,"height":1707},{"@type":"BreadcrumbList","@id":"https:\/\/kibrisdakik.com\/?p=68963#breadcrumb","itemListElement":[{"@type":"ListItem","position":1,"name":"Home","item":"https:\/\/kibrisdakik.com\/"},{"@type":"ListItem","position":2,"name":"\u0130srail ordusu, L\u00fcbnan\u2019\u0131n g\u00fcneyine sald\u0131r\u0131 d\u00fczenledi"}]},{"@type":"WebSite","@id":"https:\/\/kibrisdakik.com\/#website","url":"https:\/\/kibrisdakik.com\/","name":"","description":"Tam vaktinde haber","potentialAction":[{"@type":"SearchAction","target":{"@type":"EntryPoint","urlTemplate":"https:\/\/kibrisdakik.com\/?s={search_term_string}"},"query-input":{"@type":"PropertyValueSpecification","valueRequired":true,"valueName":"search_term_string"}}],"inLanguage":"tr"},{"@type":"Person","@id":"https:\/\/kibrisdakik.com\/#\/schema\/person\/9cd9d437bbb44f72b73ba127e06d8e79","name":"admin","image":{"@type":"ImageObject","inLanguage":"tr","@id":"https:\/\/secure.gravatar.com\/avatar\/ccc17943b9d660506c869530f897617f7cb1c21a4bf30023f252596d83e1f007?s=96&d=mm&r=g","url":"https:\/\/secure.gravatar.com\/avatar\/ccc17943b9d660506c869530f897617f7cb1c21a4bf30023f252596d83e1f007?s=96&d=mm&r=g","contentUrl":"https:\/\/secure.gravatar.com\/avatar\/ccc17943b9d660506c869530f897617f7cb1c21a4bf30023f252596d83e1f007?s=96&d=mm&r=g","caption":"admin"},"sameAs":["https:\/\/kibrisdakik.com"],"url":"https:\/\/kibrisdakik.com\/?author=1"}]}},"_links":{"self":[{"href":"https:\/\/kibrisdakik.com\/index.php?rest_route=\/wp\/v2\/posts\/68963","targetHints":{"allow":["GET"]}}],"collection":[{"href":"https:\/\/kibrisdakik.com\/index.php?rest_route=\/wp\/v2\/posts"}],"about":[{"href":"https:\/\/kibrisdakik.com\/index.php?rest_route=\/wp\/v2\/types\/post"}],"author":[{"embeddable":true,"href":"https:\/\/kibrisdakik.com\/index.php?rest_route=\/wp\/v2\/users\/1"}],"replies":[{"embeddable":true,"href":"https:\/\/kibrisdakik.com\/index.php?rest_route=%2Fwp%2Fv2%2Fcomments&post=68963"}],"version-history":[{"count":0,"href":"https:\/\/kibrisdakik.com\/index.php?rest_route=\/wp\/v2\/posts\/68963\/revisions"}],"wp:featuredmedia":[{"embeddable":true,"href":"https:\/\/kibrisdakik.com\/index.php?rest_route=\/wp\/v2\/media\/68964"}],"wp:attachment":[{"href":"https:\/\/kibrisdakik.com\/index.php?rest_route=%2Fwp%2Fv2%2Fmedia&parent=68963"}],"wp:term":[{"taxonomy":"category","embeddable":true,"href":"https:\/\/kibrisdakik.com\/index.php?rest_route=%2Fwp%2Fv2%2Fcategories&post=68963"},{"taxonomy":"post_tag","embeddable":true,"href":"https:\/\/kibrisdakik.com\/index.php?rest_route=%2Fwp%2Fv2%2Ftags&post=68963"}],"curies":[{"name":"wp","href":"https:\/\/api.w.org\/{rel}","templated":true}]}}