{"id":68987,"date":"2024-11-13T14:13:33","date_gmt":"2024-11-13T11:13:33","guid":{"rendered":"https:\/\/kibrisdakik.com\/index.php\/2024\/11\/13\/bagimsizlik-yolu-meclis-baskanligi-secimini-yargiya-tasidi\/"},"modified":"2024-11-13T14:13:33","modified_gmt":"2024-11-13T11:13:33","slug":"bagimsizlik-yolu-meclis-baskanligi-secimini-yargiya-tasidi","status":"publish","type":"post","link":"https:\/\/kibrisdakik.com\/?p=68987","title":{"rendered":"Ba\u011f\u0131ms\u0131zl\u0131k Yolu, Meclis Ba\u015fkanl\u0131\u011f\u0131 se\u00e7imini yarg\u0131ya ta\u015f\u0131d\u0131"},"content":{"rendered":"<div>\n<div class=\"mariselle-image-container center\">\n                                            <\/div>\n<p>Ba\u011f\u0131ms\u0131zl\u0131k Yolu Genel Sekreteri Umut Ersoy ile Avukat Serkan Mesuto\u011flu, Meclis Ba\u015fkanl\u0131\u011f\u0131 se\u00e7imini yarg\u0131ya ta\u015f\u0131malar\u0131 konusunda ba\u015f\u0131na a\u00e7\u0131klamalarda bulundu.<br \/>\u0130lk s\u00f6z\u00fc alan Ba\u011f\u0131ms\u0131zl\u0131k Yolu Genel Sekreteri Umut Ersoy, bir ay\u0131 a\u015fk\u0131n s\u00fcredir Meclis Ba\u015fkanl\u0131\u011f\u0131 se\u00e7imiyle ilgili siyasi kriz ya\u015fand\u0131\u011f\u0131n\u0131 s\u00f6yledi. <\/p>\n<p>Bu konuda siyasal analizler, eylemler ortaya koyduklar\u0131n\u0131, b\u00fct\u00fcn olarak g\u00f6rd\u00fckleri m\u00fccadele kapsam\u0131nda bug\u00fcn de hukuk yoluna ba\u015fvurduklar\u0131n\u0131 ifade eden Umut Ersoy, Yarg\u0131tay nezdinde a\u00e7acaklar\u0131 Quo Warranto davas\u0131n\u0131n hukuk tarihinde bir ilk olaca\u011f\u0131n\u0131 kaydetti.<br \/>\u201cBizim i\u00e7in \u00f6nemli olan halk\u0131n ger\u00e7ek sorunlar\u0131n\u0131n konu\u015fulabilmesi, bunlara \u00e7\u00f6z\u00fcmler \u00fcretilmesidir\u201d diye konu\u015fan Ersoy, hukuksal bir yorumla s\u00fcrecin tamamlanabilece\u011fine inan\u00e7 belirtti.<\/p>\n<p>Ba\u011f\u0131ms\u0131zl\u0131k Yolu\u2019nu davada temsil edecek Avukat Serkan Mesuto\u011flu, Meclis Ba\u015fkanl\u0131\u011f\u0131 se\u00e7iminin siyasi boyutu oldu\u011fu kadar hukuksal boyutu oldu\u011funu da kaydederek, taraflar\u0131n hukuksal boyutta uzla\u015famad\u0131\u011f\u0131 i\u00e7in siyasi uzla\u015f\u0131ya da varamad\u0131\u011f\u0131n\u0131 belirtti.<\/p>\n<p>Bunun Anayasa Mahkemesi\u2019nde a\u00e7\u0131lm\u0131\u015f bir dava olmayaca\u011f\u0131n\u0131, yarg\u0131tay nezdinde Quo Warranto ba\u015fvurusuyla hukuksal bir s\u00fcre\u00e7 ba\u015flat\u0131laca\u011f\u0131n\u0131 belirten Mesuto\u011flu, Quo Warranto\u2019nun \u201catanmak ya da se\u00e7ilmek suretiyle bir makama gelen ki\u015finin atanma veyahut se\u00e7ilme s\u00fcrecinin hukuka uygun \u015fekilde y\u00fcr\u00fct\u00fcl\u00fcp y\u00fcr\u00fct\u00fclmedi\u011finin denetlenmesiyle ilgili oldu\u011funu\u201d belirtti.<\/p>\n<p>Mesuto\u011flu, mahkemenin Meclis Ba\u015fkanl\u0131\u011f\u0131 se\u00e7iminin hukuka ayk\u0131r\u0131 \u015fekilde y\u00fcr\u00fct\u00fcld\u00fc\u011f\u00fcne kanaat getirmesi halinde Meclis Ba\u015fkanl\u0131\u011f\u0131 makam\u0131n\u0131n hukuksal olarak bo\u015f ilan edebilece\u011fini de aktararak, Ba\u011f\u0131ms\u0131zl\u0131k Yolu\u2019nun talebinin de bu y\u00f6nde oldu\u011funu s\u00f6yledi.<br \/>A\u00e7\u0131klamalar\u0131n ard\u0131ndan dava, Y\u00fcksek Mahkeme Mukayyitli\u011fi\u2019nde dosyaland\u0131.<\/p>\n<\/p><\/div>\n<p><script async\n                    defer\n                    crossorigin=\"anonymous\"\n                    src=\"https:\/\/connect.facebook.net\/tr_TR\/sdk.js#xfbml=1&#038;version=v3.3\"\n            ><\/script><\/p>\n","protected":false},"excerpt":{"rendered":"<p>Ba\u011f\u0131ms\u0131zl\u0131k Yolu Genel Sekreteri Umut Ersoy ile Avukat Serkan Mesuto\u011flu, Meclis Ba\u015fkanl\u0131\u011f\u0131 se\u00e7imini yarg\u0131ya ta\u015f\u0131malar\u0131 konusunda ba\u015f\u0131na a\u00e7\u0131klamalarda bulundu.\u0130lk s\u00f6z\u00fc alan Ba\u011f\u0131ms\u0131zl\u0131k Yolu Genel Sekreteri Umut Ersoy, bir ay\u0131 a\u015fk\u0131n s\u00fcredir Meclis Ba\u015fkanl\u0131\u011f\u0131 se\u00e7imiyle ilgili siyasi kriz ya\u015fand\u0131\u011f\u0131n\u0131 s\u00f6yledi. Bu konuda siyasal analizler, eylemler ortaya koyduklar\u0131n\u0131, b\u00fct\u00fcn olarak g\u00f6rd\u00fckleri m\u00fccadele kapsam\u0131nda bug\u00fcn de hukuk yoluna<\/p>\n","protected":false},"author":1,"featured_media":68988,"comment_status":"open","ping_status":"open","sticky":false,"template":"","format":"standard","meta":{"footnotes":""},"categories":[81],"tags":[],"class_list":["post-68987","post","type-post","status-publish","format-standard","has-post-thumbnail","hentry","category-kibris"],"yoast_head":"<!-- This site is optimized with the Yoast SEO plugin v27.5 - https:\/\/yoast.com\/product\/yoast-seo-wordpress\/ -->\n<title>Ba\u011f\u0131ms\u0131zl\u0131k Yolu, Meclis Ba\u015fkanl\u0131\u011f\u0131 se\u00e7imini yarg\u0131ya ta\u015f\u0131d\u0131 -<\/title>\n<meta name=\"robots\" content=\"index, follow, max-snippet:-1, max-image-preview:large, max-video-preview:-1\" \/>\n<link rel=\"canonical\" href=\"https:\/\/kibrisdakik.com\/?p=68987\" \/>\n<meta property=\"og:locale\" content=\"tr_TR\" \/>\n<meta property=\"og:type\" content=\"article\" \/>\n<meta property=\"og:title\" content=\"Ba\u011f\u0131ms\u0131zl\u0131k Yolu, Meclis Ba\u015fkanl\u0131\u011f\u0131 se\u00e7imini yarg\u0131ya ta\u015f\u0131d\u0131 -\" \/>\n<meta property=\"og:description\" content=\"Ba\u011f\u0131ms\u0131zl\u0131k Yolu Genel Sekreteri Umut Ersoy ile Avukat Serkan Mesuto\u011flu, Meclis Ba\u015fkanl\u0131\u011f\u0131 se\u00e7imini yarg\u0131ya ta\u015f\u0131malar\u0131 konusunda ba\u015f\u0131na a\u00e7\u0131klamalarda bulundu.\u0130lk s\u00f6z\u00fc alan Ba\u011f\u0131ms\u0131zl\u0131k Yolu Genel Sekreteri Umut Ersoy, bir ay\u0131 a\u015fk\u0131n s\u00fcredir Meclis Ba\u015fkanl\u0131\u011f\u0131 se\u00e7imiyle ilgili siyasi kriz ya\u015fand\u0131\u011f\u0131n\u0131 s\u00f6yledi. Bu konuda siyasal analizler, eylemler ortaya koyduklar\u0131n\u0131, b\u00fct\u00fcn olarak g\u00f6rd\u00fckleri m\u00fccadele kapsam\u0131nda bug\u00fcn de hukuk yoluna\" \/>\n<meta property=\"og:url\" content=\"https:\/\/kibrisdakik.com\/?p=68987\" \/>\n<meta property=\"article:published_time\" content=\"2024-11-13T11:13:33+00:00\" \/>\n<meta property=\"og:image\" content=\"https:\/\/kibrisdakik.com\/wp-content\/uploads\/2024\/11\/qeqeaaa-740x352.jpeg\" \/>\n\t<meta property=\"og:image:width\" content=\"960\" \/>\n\t<meta property=\"og:image:height\" content=\"352\" \/>\n\t<meta property=\"og:image:type\" content=\"image\/jpeg\" \/>\n<meta name=\"author\" content=\"admin\" \/>\n<meta name=\"twitter:card\" content=\"summary_large_image\" \/>\n<meta name=\"twitter:label1\" content=\"Yazan:\" \/>\n\t<meta name=\"twitter:data1\" content=\"admin\" \/>\n\t<meta name=\"twitter:label2\" content=\"Tahmini okuma s\u00fcresi\" \/>\n\t<meta name=\"twitter:data2\" content=\"2 dakika\" \/>\n<script type=\"application\/ld+json\" class=\"yoast-schema-graph\">{\"@context\":\"https:\\\/\\\/schema.org\",\"@graph\":[{\"@type\":\"Article\",\"@id\":\"https:\\\/\\\/kibrisdakik.com\\\/?p=68987#article\",\"isPartOf\":{\"@id\":\"https:\\\/\\\/kibrisdakik.com\\\/?p=68987\"},\"author\":{\"name\":\"admin\",\"@id\":\"https:\\\/\\\/kibrisdakik.com\\\/#\\\/schema\\\/person\\\/9cd9d437bbb44f72b73ba127e06d8e79\"},\"headline\":\"Ba\u011f\u0131ms\u0131zl\u0131k Yolu, Meclis Ba\u015fkanl\u0131\u011f\u0131 se\u00e7imini yarg\u0131ya ta\u015f\u0131d\u0131\",\"datePublished\":\"2024-11-13T11:13:33+00:00\",\"mainEntityOfPage\":{\"@id\":\"https:\\\/\\\/kibrisdakik.com\\\/?p=68987\"},\"wordCount\":327,\"commentCount\":0,\"image\":{\"@id\":\"https:\\\/\\\/kibrisdakik.com\\\/?p=68987#primaryimage\"},\"thumbnailUrl\":\"https:\\\/\\\/kibrisdakik.com\\\/wp-content\\\/uploads\\\/2024\\\/11\\\/qeqeaaa-740x352.jpeg\",\"articleSection\":[\"K\u0131br\u0131s\"],\"inLanguage\":\"tr\",\"potentialAction\":[{\"@type\":\"CommentAction\",\"name\":\"Comment\",\"target\":[\"https:\\\/\\\/kibrisdakik.com\\\/?p=68987#respond\"]}]},{\"@type\":\"WebPage\",\"@id\":\"https:\\\/\\\/kibrisdakik.com\\\/?p=68987\",\"url\":\"https:\\\/\\\/kibrisdakik.com\\\/?p=68987\",\"name\":\"Ba\u011f\u0131ms\u0131zl\u0131k Yolu, Meclis Ba\u015fkanl\u0131\u011f\u0131 se\u00e7imini yarg\u0131ya ta\u015f\u0131d\u0131 -\",\"isPartOf\":{\"@id\":\"https:\\\/\\\/kibrisdakik.com\\\/#website\"},\"primaryImageOfPage\":{\"@id\":\"https:\\\/\\\/kibrisdakik.com\\\/?p=68987#primaryimage\"},\"image\":{\"@id\":\"https:\\\/\\\/kibrisdakik.com\\\/?p=68987#primaryimage\"},\"thumbnailUrl\":\"https:\\\/\\\/kibrisdakik.com\\\/wp-content\\\/uploads\\\/2024\\\/11\\\/qeqeaaa-740x352.jpeg\",\"datePublished\":\"2024-11-13T11:13:33+00:00\",\"author\":{\"@id\":\"https:\\\/\\\/kibrisdakik.com\\\/#\\\/schema\\\/person\\\/9cd9d437bbb44f72b73ba127e06d8e79\"},\"breadcrumb\":{\"@id\":\"https:\\\/\\\/kibrisdakik.com\\\/?p=68987#breadcrumb\"},\"inLanguage\":\"tr\",\"potentialAction\":[{\"@type\":\"ReadAction\",\"target\":[\"https:\\\/\\\/kibrisdakik.com\\\/?p=68987\"]}]},{\"@type\":\"ImageObject\",\"inLanguage\":\"tr\",\"@id\":\"https:\\\/\\\/kibrisdakik.com\\\/?p=68987#primaryimage\",\"url\":\"https:\\\/\\\/kibrisdakik.com\\\/wp-content\\\/uploads\\\/2024\\\/11\\\/qeqeaaa-740x352.jpeg\",\"contentUrl\":\"https:\\\/\\\/kibrisdakik.com\\\/wp-content\\\/uploads\\\/2024\\\/11\\\/qeqeaaa-740x352.jpeg\",\"width\":960,\"height\":352},{\"@type\":\"BreadcrumbList\",\"@id\":\"https:\\\/\\\/kibrisdakik.com\\\/?p=68987#breadcrumb\",\"itemListElement\":[{\"@type\":\"ListItem\",\"position\":1,\"name\":\"Home\",\"item\":\"https:\\\/\\\/kibrisdakik.com\\\/\"},{\"@type\":\"ListItem\",\"position\":2,\"name\":\"Ba\u011f\u0131ms\u0131zl\u0131k Yolu, Meclis Ba\u015fkanl\u0131\u011f\u0131 se\u00e7imini yarg\u0131ya ta\u015f\u0131d\u0131\"}]},{\"@type\":\"WebSite\",\"@id\":\"https:\\\/\\\/kibrisdakik.com\\\/#website\",\"url\":\"https:\\\/\\\/kibrisdakik.com\\\/\",\"name\":\"\",\"description\":\"Tam vaktinde haber\",\"potentialAction\":[{\"@type\":\"SearchAction\",\"target\":{\"@type\":\"EntryPoint\",\"urlTemplate\":\"https:\\\/\\\/kibrisdakik.com\\\/?s={search_term_string}\"},\"query-input\":{\"@type\":\"PropertyValueSpecification\",\"valueRequired\":true,\"valueName\":\"search_term_string\"}}],\"inLanguage\":\"tr\"},{\"@type\":\"Person\",\"@id\":\"https:\\\/\\\/kibrisdakik.com\\\/#\\\/schema\\\/person\\\/9cd9d437bbb44f72b73ba127e06d8e79\",\"name\":\"admin\",\"image\":{\"@type\":\"ImageObject\",\"inLanguage\":\"tr\",\"@id\":\"https:\\\/\\\/secure.gravatar.com\\\/avatar\\\/ccc17943b9d660506c869530f897617f7cb1c21a4bf30023f252596d83e1f007?s=96&d=mm&r=g\",\"url\":\"https:\\\/\\\/secure.gravatar.com\\\/avatar\\\/ccc17943b9d660506c869530f897617f7cb1c21a4bf30023f252596d83e1f007?s=96&d=mm&r=g\",\"contentUrl\":\"https:\\\/\\\/secure.gravatar.com\\\/avatar\\\/ccc17943b9d660506c869530f897617f7cb1c21a4bf30023f252596d83e1f007?s=96&d=mm&r=g\",\"caption\":\"admin\"},\"sameAs\":[\"https:\\\/\\\/kibrisdakik.com\"],\"url\":\"https:\\\/\\\/kibrisdakik.com\\\/?author=1\"}]}<\/script>\n<!-- \/ Yoast SEO plugin. -->","yoast_head_json":{"title":"Ba\u011f\u0131ms\u0131zl\u0131k Yolu, Meclis Ba\u015fkanl\u0131\u011f\u0131 se\u00e7imini yarg\u0131ya ta\u015f\u0131d\u0131 -","robots":{"index":"index","follow":"follow","max-snippet":"max-snippet:-1","max-image-preview":"max-image-preview:large","max-video-preview":"max-video-preview:-1"},"canonical":"https:\/\/kibrisdakik.com\/?p=68987","og_locale":"tr_TR","og_type":"article","og_title":"Ba\u011f\u0131ms\u0131zl\u0131k Yolu, Meclis Ba\u015fkanl\u0131\u011f\u0131 se\u00e7imini yarg\u0131ya ta\u015f\u0131d\u0131 -","og_description":"Ba\u011f\u0131ms\u0131zl\u0131k Yolu Genel Sekreteri Umut Ersoy ile Avukat Serkan Mesuto\u011flu, Meclis Ba\u015fkanl\u0131\u011f\u0131 se\u00e7imini yarg\u0131ya ta\u015f\u0131malar\u0131 konusunda ba\u015f\u0131na a\u00e7\u0131klamalarda bulundu.\u0130lk s\u00f6z\u00fc alan Ba\u011f\u0131ms\u0131zl\u0131k Yolu Genel Sekreteri Umut Ersoy, bir ay\u0131 a\u015fk\u0131n s\u00fcredir Meclis Ba\u015fkanl\u0131\u011f\u0131 se\u00e7imiyle ilgili siyasi kriz ya\u015fand\u0131\u011f\u0131n\u0131 s\u00f6yledi. Bu konuda siyasal analizler, eylemler ortaya koyduklar\u0131n\u0131, b\u00fct\u00fcn olarak g\u00f6rd\u00fckleri m\u00fccadele kapsam\u0131nda bug\u00fcn de hukuk yoluna","og_url":"https:\/\/kibrisdakik.com\/?p=68987","article_published_time":"2024-11-13T11:13:33+00:00","og_image":[{"width":960,"height":352,"url":"https:\/\/kibrisdakik.com\/wp-content\/uploads\/2024\/11\/qeqeaaa-740x352.jpeg","type":"image\/jpeg"}],"author":"admin","twitter_card":"summary_large_image","twitter_misc":{"Yazan:":"admin","Tahmini okuma s\u00fcresi":"2 dakika"},"schema":{"@context":"https:\/\/schema.org","@graph":[{"@type":"Article","@id":"https:\/\/kibrisdakik.com\/?p=68987#article","isPartOf":{"@id":"https:\/\/kibrisdakik.com\/?p=68987"},"author":{"name":"admin","@id":"https:\/\/kibrisdakik.com\/#\/schema\/person\/9cd9d437bbb44f72b73ba127e06d8e79"},"headline":"Ba\u011f\u0131ms\u0131zl\u0131k Yolu, Meclis Ba\u015fkanl\u0131\u011f\u0131 se\u00e7imini yarg\u0131ya ta\u015f\u0131d\u0131","datePublished":"2024-11-13T11:13:33+00:00","mainEntityOfPage":{"@id":"https:\/\/kibrisdakik.com\/?p=68987"},"wordCount":327,"commentCount":0,"image":{"@id":"https:\/\/kibrisdakik.com\/?p=68987#primaryimage"},"thumbnailUrl":"https:\/\/kibrisdakik.com\/wp-content\/uploads\/2024\/11\/qeqeaaa-740x352.jpeg","articleSection":["K\u0131br\u0131s"],"inLanguage":"tr","potentialAction":[{"@type":"CommentAction","name":"Comment","target":["https:\/\/kibrisdakik.com\/?p=68987#respond"]}]},{"@type":"WebPage","@id":"https:\/\/kibrisdakik.com\/?p=68987","url":"https:\/\/kibrisdakik.com\/?p=68987","name":"Ba\u011f\u0131ms\u0131zl\u0131k Yolu, Meclis Ba\u015fkanl\u0131\u011f\u0131 se\u00e7imini yarg\u0131ya ta\u015f\u0131d\u0131 -","isPartOf":{"@id":"https:\/\/kibrisdakik.com\/#website"},"primaryImageOfPage":{"@id":"https:\/\/kibrisdakik.com\/?p=68987#primaryimage"},"image":{"@id":"https:\/\/kibrisdakik.com\/?p=68987#primaryimage"},"thumbnailUrl":"https:\/\/kibrisdakik.com\/wp-content\/uploads\/2024\/11\/qeqeaaa-740x352.jpeg","datePublished":"2024-11-13T11:13:33+00:00","author":{"@id":"https:\/\/kibrisdakik.com\/#\/schema\/person\/9cd9d437bbb44f72b73ba127e06d8e79"},"breadcrumb":{"@id":"https:\/\/kibrisdakik.com\/?p=68987#breadcrumb"},"inLanguage":"tr","potentialAction":[{"@type":"ReadAction","target":["https:\/\/kibrisdakik.com\/?p=68987"]}]},{"@type":"ImageObject","inLanguage":"tr","@id":"https:\/\/kibrisdakik.com\/?p=68987#primaryimage","url":"https:\/\/kibrisdakik.com\/wp-content\/uploads\/2024\/11\/qeqeaaa-740x352.jpeg","contentUrl":"https:\/\/kibrisdakik.com\/wp-content\/uploads\/2024\/11\/qeqeaaa-740x352.jpeg","width":960,"height":352},{"@type":"BreadcrumbList","@id":"https:\/\/kibrisdakik.com\/?p=68987#breadcrumb","itemListElement":[{"@type":"ListItem","position":1,"name":"Home","item":"https:\/\/kibrisdakik.com\/"},{"@type":"ListItem","position":2,"name":"Ba\u011f\u0131ms\u0131zl\u0131k Yolu, Meclis Ba\u015fkanl\u0131\u011f\u0131 se\u00e7imini yarg\u0131ya ta\u015f\u0131d\u0131"}]},{"@type":"WebSite","@id":"https:\/\/kibrisdakik.com\/#website","url":"https:\/\/kibrisdakik.com\/","name":"","description":"Tam vaktinde haber","potentialAction":[{"@type":"SearchAction","target":{"@type":"EntryPoint","urlTemplate":"https:\/\/kibrisdakik.com\/?s={search_term_string}"},"query-input":{"@type":"PropertyValueSpecification","valueRequired":true,"valueName":"search_term_string"}}],"inLanguage":"tr"},{"@type":"Person","@id":"https:\/\/kibrisdakik.com\/#\/schema\/person\/9cd9d437bbb44f72b73ba127e06d8e79","name":"admin","image":{"@type":"ImageObject","inLanguage":"tr","@id":"https:\/\/secure.gravatar.com\/avatar\/ccc17943b9d660506c869530f897617f7cb1c21a4bf30023f252596d83e1f007?s=96&d=mm&r=g","url":"https:\/\/secure.gravatar.com\/avatar\/ccc17943b9d660506c869530f897617f7cb1c21a4bf30023f252596d83e1f007?s=96&d=mm&r=g","contentUrl":"https:\/\/secure.gravatar.com\/avatar\/ccc17943b9d660506c869530f897617f7cb1c21a4bf30023f252596d83e1f007?s=96&d=mm&r=g","caption":"admin"},"sameAs":["https:\/\/kibrisdakik.com"],"url":"https:\/\/kibrisdakik.com\/?author=1"}]}},"_links":{"self":[{"href":"https:\/\/kibrisdakik.com\/index.php?rest_route=\/wp\/v2\/posts\/68987","targetHints":{"allow":["GET"]}}],"collection":[{"href":"https:\/\/kibrisdakik.com\/index.php?rest_route=\/wp\/v2\/posts"}],"about":[{"href":"https:\/\/kibrisdakik.com\/index.php?rest_route=\/wp\/v2\/types\/post"}],"author":[{"embeddable":true,"href":"https:\/\/kibrisdakik.com\/index.php?rest_route=\/wp\/v2\/users\/1"}],"replies":[{"embeddable":true,"href":"https:\/\/kibrisdakik.com\/index.php?rest_route=%2Fwp%2Fv2%2Fcomments&post=68987"}],"version-history":[{"count":0,"href":"https:\/\/kibrisdakik.com\/index.php?rest_route=\/wp\/v2\/posts\/68987\/revisions"}],"wp:featuredmedia":[{"embeddable":true,"href":"https:\/\/kibrisdakik.com\/index.php?rest_route=\/wp\/v2\/media\/68988"}],"wp:attachment":[{"href":"https:\/\/kibrisdakik.com\/index.php?rest_route=%2Fwp%2Fv2%2Fmedia&parent=68987"}],"wp:term":[{"taxonomy":"category","embeddable":true,"href":"https:\/\/kibrisdakik.com\/index.php?rest_route=%2Fwp%2Fv2%2Fcategories&post=68987"},{"taxonomy":"post_tag","embeddable":true,"href":"https:\/\/kibrisdakik.com\/index.php?rest_route=%2Fwp%2Fv2%2Ftags&post=68987"}],"curies":[{"name":"wp","href":"https:\/\/api.w.org\/{rel}","templated":true}]}}