{"id":69040,"date":"2024-11-13T19:32:36","date_gmt":"2024-11-13T16:32:36","guid":{"rendered":"https:\/\/kibrisdakik.com\/index.php\/2024\/11\/13\/hp-ile-evrensel-hasta-haklari-dernegi-yetkilileri-bir-araya-geldi\/"},"modified":"2024-11-13T19:32:36","modified_gmt":"2024-11-13T16:32:36","slug":"hp-ile-evrensel-hasta-haklari-dernegi-yetkilileri-bir-araya-geldi","status":"publish","type":"post","link":"https:\/\/kibrisdakik.com\/?p=69040","title":{"rendered":"HP ile Evrensel Hasta Haklar\u0131 Derne\u011fi yetkilileri bir araya geldi"},"content":{"rendered":"<div>\n<div class=\"mariselle-image-container none\">\n                                            <\/div>\n<p>Halk\u0131n Partisi yetkilileri, Evrensel Hasta Haklar\u0131 Derne\u011fi ile Dr Burhan Nalbanto\u011flu Acil Durum Hastanesi Yenido\u011fan Yo\u011fun Bak\u0131m \u00dcnitesi\u2019nde meydana olaylara kar\u015f\u0131 ortak m\u00fccadele i\u00e7in bir araya geldi.<\/p>\n<p>Partiden yap\u0131lan a\u00e7\u0131klamaya g\u00f6re g\u00f6r\u00fc\u015fmede, olaya kar\u015f\u0131 hukuki ve siyasi yollarla nas\u0131l bir m\u00fccadele y\u00fcr\u00fct\u00fclebilece\u011fi konusunda fikir al\u0131\u015fveri\u015fi ger\u00e7ekle\u015ftirildi.<\/p>\n<p>HP Genel Ba\u015fkan\u0131 Kudret \u00d6zersay, konunun sadece hem\u015firelerle s\u0131n\u0131rl\u0131 olmad\u0131\u011f\u0131n\u0131 savunarak, \u201cBu olayda gerek Sa\u011fl\u0131k Bakan\u0131, gerek ba\u015fhekim ve ilgili sa\u011fl\u0131k biriminin ba\u015f\u0131ndaki m\u00fcd\u00fcr\u00fcn sorumlulu\u011funun polis taraf\u0131ndan ara\u015ft\u0131r\u0131lmas\u0131 gerekti\u011fini d\u00fc\u015f\u00fcn\u00fcyoruz. Sivil toplum, siyasi partiler ve medya olarak bu konunun pe\u015fini b\u0131rakmamal\u0131y\u0131z\u201d ifadelerini kulland\u0131.<\/p>\n<p>\u00a0<\/p>\n<\/p><\/div>\n<p><script async\n                    defer\n                    crossorigin=\"anonymous\"\n                    src=\"https:\/\/connect.facebook.net\/tr_TR\/sdk.js#xfbml=1&#038;version=v3.3\"\n            ><\/script><\/p>\n","protected":false},"excerpt":{"rendered":"<p>Halk\u0131n Partisi yetkilileri, Evrensel Hasta Haklar\u0131 Derne\u011fi ile Dr Burhan Nalbanto\u011flu Acil Durum Hastanesi Yenido\u011fan Yo\u011fun Bak\u0131m \u00dcnitesi\u2019nde meydana olaylara kar\u015f\u0131 ortak m\u00fccadele i\u00e7in bir araya geldi. Partiden yap\u0131lan a\u00e7\u0131klamaya g\u00f6re g\u00f6r\u00fc\u015fmede, olaya kar\u015f\u0131 hukuki ve siyasi yollarla nas\u0131l bir m\u00fccadele y\u00fcr\u00fct\u00fclebilece\u011fi konusunda fikir al\u0131\u015fveri\u015fi ger\u00e7ekle\u015ftirildi. HP Genel Ba\u015fkan\u0131 Kudret \u00d6zersay, konunun sadece hem\u015firelerle s\u0131n\u0131rl\u0131<\/p>\n","protected":false},"author":1,"featured_media":69041,"comment_status":"open","ping_status":"open","sticky":false,"template":"","format":"standard","meta":{"footnotes":""},"categories":[81],"tags":[],"class_list":["post-69040","post","type-post","status-publish","format-standard","has-post-thumbnail","hentry","category-kibris"],"yoast_head":"<!-- This site is optimized with the Yoast SEO plugin v27.5 - https:\/\/yoast.com\/product\/yoast-seo-wordpress\/ -->\n<title>HP ile Evrensel Hasta Haklar\u0131 Derne\u011fi yetkilileri bir araya geldi -<\/title>\n<meta name=\"robots\" content=\"index, follow, max-snippet:-1, max-image-preview:large, max-video-preview:-1\" \/>\n<link rel=\"canonical\" href=\"https:\/\/kibrisdakik.com\/?p=69040\" \/>\n<meta property=\"og:locale\" content=\"tr_TR\" \/>\n<meta property=\"og:type\" content=\"article\" \/>\n<meta property=\"og:title\" content=\"HP ile Evrensel Hasta Haklar\u0131 Derne\u011fi yetkilileri bir araya geldi -\" \/>\n<meta property=\"og:description\" content=\"Halk\u0131n Partisi yetkilileri, Evrensel Hasta Haklar\u0131 Derne\u011fi ile Dr Burhan Nalbanto\u011flu Acil Durum Hastanesi Yenido\u011fan Yo\u011fun Bak\u0131m \u00dcnitesi\u2019nde meydana olaylara kar\u015f\u0131 ortak m\u00fccadele i\u00e7in bir araya geldi. Partiden yap\u0131lan a\u00e7\u0131klamaya g\u00f6re g\u00f6r\u00fc\u015fmede, olaya kar\u015f\u0131 hukuki ve siyasi yollarla nas\u0131l bir m\u00fccadele y\u00fcr\u00fct\u00fclebilece\u011fi konusunda fikir al\u0131\u015fveri\u015fi ger\u00e7ekle\u015ftirildi. HP Genel Ba\u015fkan\u0131 Kudret \u00d6zersay, konunun sadece hem\u015firelerle s\u0131n\u0131rl\u0131\" \/>\n<meta property=\"og:url\" content=\"https:\/\/kibrisdakik.com\/?p=69040\" \/>\n<meta property=\"article:published_time\" content=\"2024-11-13T16:32:36+00:00\" \/>\n<meta property=\"og:image\" content=\"https:\/\/kibrisdakik.com\/wp-content\/uploads\/2024\/11\/hp-hasta-haklari-740x420.jpg\" \/>\n\t<meta property=\"og:image:width\" content=\"927\" \/>\n\t<meta property=\"og:image:height\" content=\"463\" \/>\n\t<meta property=\"og:image:type\" content=\"image\/jpeg\" \/>\n<meta name=\"author\" content=\"admin\" \/>\n<meta name=\"twitter:card\" content=\"summary_large_image\" \/>\n<meta name=\"twitter:label1\" content=\"Yazan:\" \/>\n\t<meta name=\"twitter:data1\" content=\"admin\" \/>\n\t<meta name=\"twitter:label2\" content=\"Tahmini okuma s\u00fcresi\" \/>\n\t<meta name=\"twitter:data2\" content=\"1 dakika\" \/>\n<script type=\"application\/ld+json\" class=\"yoast-schema-graph\">{\"@context\":\"https:\\\/\\\/schema.org\",\"@graph\":[{\"@type\":\"Article\",\"@id\":\"https:\\\/\\\/kibrisdakik.com\\\/?p=69040#article\",\"isPartOf\":{\"@id\":\"https:\\\/\\\/kibrisdakik.com\\\/?p=69040\"},\"author\":{\"name\":\"admin\",\"@id\":\"https:\\\/\\\/kibrisdakik.com\\\/#\\\/schema\\\/person\\\/9cd9d437bbb44f72b73ba127e06d8e79\"},\"headline\":\"HP ile Evrensel Hasta Haklar\u0131 Derne\u011fi yetkilileri bir araya geldi\",\"datePublished\":\"2024-11-13T16:32:36+00:00\",\"mainEntityOfPage\":{\"@id\":\"https:\\\/\\\/kibrisdakik.com\\\/?p=69040\"},\"wordCount\":150,\"commentCount\":0,\"image\":{\"@id\":\"https:\\\/\\\/kibrisdakik.com\\\/?p=69040#primaryimage\"},\"thumbnailUrl\":\"https:\\\/\\\/kibrisdakik.com\\\/wp-content\\\/uploads\\\/2024\\\/11\\\/hp-hasta-haklari-740x420.jpg\",\"articleSection\":[\"K\u0131br\u0131s\"],\"inLanguage\":\"tr\",\"potentialAction\":[{\"@type\":\"CommentAction\",\"name\":\"Comment\",\"target\":[\"https:\\\/\\\/kibrisdakik.com\\\/?p=69040#respond\"]}]},{\"@type\":\"WebPage\",\"@id\":\"https:\\\/\\\/kibrisdakik.com\\\/?p=69040\",\"url\":\"https:\\\/\\\/kibrisdakik.com\\\/?p=69040\",\"name\":\"HP ile Evrensel Hasta Haklar\u0131 Derne\u011fi yetkilileri bir araya geldi -\",\"isPartOf\":{\"@id\":\"https:\\\/\\\/kibrisdakik.com\\\/#website\"},\"primaryImageOfPage\":{\"@id\":\"https:\\\/\\\/kibrisdakik.com\\\/?p=69040#primaryimage\"},\"image\":{\"@id\":\"https:\\\/\\\/kibrisdakik.com\\\/?p=69040#primaryimage\"},\"thumbnailUrl\":\"https:\\\/\\\/kibrisdakik.com\\\/wp-content\\\/uploads\\\/2024\\\/11\\\/hp-hasta-haklari-740x420.jpg\",\"datePublished\":\"2024-11-13T16:32:36+00:00\",\"author\":{\"@id\":\"https:\\\/\\\/kibrisdakik.com\\\/#\\\/schema\\\/person\\\/9cd9d437bbb44f72b73ba127e06d8e79\"},\"breadcrumb\":{\"@id\":\"https:\\\/\\\/kibrisdakik.com\\\/?p=69040#breadcrumb\"},\"inLanguage\":\"tr\",\"potentialAction\":[{\"@type\":\"ReadAction\",\"target\":[\"https:\\\/\\\/kibrisdakik.com\\\/?p=69040\"]}]},{\"@type\":\"ImageObject\",\"inLanguage\":\"tr\",\"@id\":\"https:\\\/\\\/kibrisdakik.com\\\/?p=69040#primaryimage\",\"url\":\"https:\\\/\\\/kibrisdakik.com\\\/wp-content\\\/uploads\\\/2024\\\/11\\\/hp-hasta-haklari-740x420.jpg\",\"contentUrl\":\"https:\\\/\\\/kibrisdakik.com\\\/wp-content\\\/uploads\\\/2024\\\/11\\\/hp-hasta-haklari-740x420.jpg\",\"width\":927,\"height\":463},{\"@type\":\"BreadcrumbList\",\"@id\":\"https:\\\/\\\/kibrisdakik.com\\\/?p=69040#breadcrumb\",\"itemListElement\":[{\"@type\":\"ListItem\",\"position\":1,\"name\":\"Home\",\"item\":\"https:\\\/\\\/kibrisdakik.com\\\/\"},{\"@type\":\"ListItem\",\"position\":2,\"name\":\"HP ile Evrensel Hasta Haklar\u0131 Derne\u011fi yetkilileri bir araya geldi\"}]},{\"@type\":\"WebSite\",\"@id\":\"https:\\\/\\\/kibrisdakik.com\\\/#website\",\"url\":\"https:\\\/\\\/kibrisdakik.com\\\/\",\"name\":\"\",\"description\":\"Tam vaktinde haber\",\"potentialAction\":[{\"@type\":\"SearchAction\",\"target\":{\"@type\":\"EntryPoint\",\"urlTemplate\":\"https:\\\/\\\/kibrisdakik.com\\\/?s={search_term_string}\"},\"query-input\":{\"@type\":\"PropertyValueSpecification\",\"valueRequired\":true,\"valueName\":\"search_term_string\"}}],\"inLanguage\":\"tr\"},{\"@type\":\"Person\",\"@id\":\"https:\\\/\\\/kibrisdakik.com\\\/#\\\/schema\\\/person\\\/9cd9d437bbb44f72b73ba127e06d8e79\",\"name\":\"admin\",\"image\":{\"@type\":\"ImageObject\",\"inLanguage\":\"tr\",\"@id\":\"https:\\\/\\\/secure.gravatar.com\\\/avatar\\\/ccc17943b9d660506c869530f897617f7cb1c21a4bf30023f252596d83e1f007?s=96&d=mm&r=g\",\"url\":\"https:\\\/\\\/secure.gravatar.com\\\/avatar\\\/ccc17943b9d660506c869530f897617f7cb1c21a4bf30023f252596d83e1f007?s=96&d=mm&r=g\",\"contentUrl\":\"https:\\\/\\\/secure.gravatar.com\\\/avatar\\\/ccc17943b9d660506c869530f897617f7cb1c21a4bf30023f252596d83e1f007?s=96&d=mm&r=g\",\"caption\":\"admin\"},\"sameAs\":[\"https:\\\/\\\/kibrisdakik.com\"],\"url\":\"https:\\\/\\\/kibrisdakik.com\\\/?author=1\"}]}<\/script>\n<!-- \/ Yoast SEO plugin. -->","yoast_head_json":{"title":"HP ile Evrensel Hasta Haklar\u0131 Derne\u011fi yetkilileri bir araya geldi -","robots":{"index":"index","follow":"follow","max-snippet":"max-snippet:-1","max-image-preview":"max-image-preview:large","max-video-preview":"max-video-preview:-1"},"canonical":"https:\/\/kibrisdakik.com\/?p=69040","og_locale":"tr_TR","og_type":"article","og_title":"HP ile Evrensel Hasta Haklar\u0131 Derne\u011fi yetkilileri bir araya geldi -","og_description":"Halk\u0131n Partisi yetkilileri, Evrensel Hasta Haklar\u0131 Derne\u011fi ile Dr Burhan Nalbanto\u011flu Acil Durum Hastanesi Yenido\u011fan Yo\u011fun Bak\u0131m \u00dcnitesi\u2019nde meydana olaylara kar\u015f\u0131 ortak m\u00fccadele i\u00e7in bir araya geldi. Partiden yap\u0131lan a\u00e7\u0131klamaya g\u00f6re g\u00f6r\u00fc\u015fmede, olaya kar\u015f\u0131 hukuki ve siyasi yollarla nas\u0131l bir m\u00fccadele y\u00fcr\u00fct\u00fclebilece\u011fi konusunda fikir al\u0131\u015fveri\u015fi ger\u00e7ekle\u015ftirildi. HP Genel Ba\u015fkan\u0131 Kudret \u00d6zersay, konunun sadece hem\u015firelerle s\u0131n\u0131rl\u0131","og_url":"https:\/\/kibrisdakik.com\/?p=69040","article_published_time":"2024-11-13T16:32:36+00:00","og_image":[{"width":927,"height":463,"url":"https:\/\/kibrisdakik.com\/wp-content\/uploads\/2024\/11\/hp-hasta-haklari-740x420.jpg","type":"image\/jpeg"}],"author":"admin","twitter_card":"summary_large_image","twitter_misc":{"Yazan:":"admin","Tahmini okuma s\u00fcresi":"1 dakika"},"schema":{"@context":"https:\/\/schema.org","@graph":[{"@type":"Article","@id":"https:\/\/kibrisdakik.com\/?p=69040#article","isPartOf":{"@id":"https:\/\/kibrisdakik.com\/?p=69040"},"author":{"name":"admin","@id":"https:\/\/kibrisdakik.com\/#\/schema\/person\/9cd9d437bbb44f72b73ba127e06d8e79"},"headline":"HP ile Evrensel Hasta Haklar\u0131 Derne\u011fi yetkilileri bir araya geldi","datePublished":"2024-11-13T16:32:36+00:00","mainEntityOfPage":{"@id":"https:\/\/kibrisdakik.com\/?p=69040"},"wordCount":150,"commentCount":0,"image":{"@id":"https:\/\/kibrisdakik.com\/?p=69040#primaryimage"},"thumbnailUrl":"https:\/\/kibrisdakik.com\/wp-content\/uploads\/2024\/11\/hp-hasta-haklari-740x420.jpg","articleSection":["K\u0131br\u0131s"],"inLanguage":"tr","potentialAction":[{"@type":"CommentAction","name":"Comment","target":["https:\/\/kibrisdakik.com\/?p=69040#respond"]}]},{"@type":"WebPage","@id":"https:\/\/kibrisdakik.com\/?p=69040","url":"https:\/\/kibrisdakik.com\/?p=69040","name":"HP ile Evrensel Hasta Haklar\u0131 Derne\u011fi yetkilileri bir araya geldi -","isPartOf":{"@id":"https:\/\/kibrisdakik.com\/#website"},"primaryImageOfPage":{"@id":"https:\/\/kibrisdakik.com\/?p=69040#primaryimage"},"image":{"@id":"https:\/\/kibrisdakik.com\/?p=69040#primaryimage"},"thumbnailUrl":"https:\/\/kibrisdakik.com\/wp-content\/uploads\/2024\/11\/hp-hasta-haklari-740x420.jpg","datePublished":"2024-11-13T16:32:36+00:00","author":{"@id":"https:\/\/kibrisdakik.com\/#\/schema\/person\/9cd9d437bbb44f72b73ba127e06d8e79"},"breadcrumb":{"@id":"https:\/\/kibrisdakik.com\/?p=69040#breadcrumb"},"inLanguage":"tr","potentialAction":[{"@type":"ReadAction","target":["https:\/\/kibrisdakik.com\/?p=69040"]}]},{"@type":"ImageObject","inLanguage":"tr","@id":"https:\/\/kibrisdakik.com\/?p=69040#primaryimage","url":"https:\/\/kibrisdakik.com\/wp-content\/uploads\/2024\/11\/hp-hasta-haklari-740x420.jpg","contentUrl":"https:\/\/kibrisdakik.com\/wp-content\/uploads\/2024\/11\/hp-hasta-haklari-740x420.jpg","width":927,"height":463},{"@type":"BreadcrumbList","@id":"https:\/\/kibrisdakik.com\/?p=69040#breadcrumb","itemListElement":[{"@type":"ListItem","position":1,"name":"Home","item":"https:\/\/kibrisdakik.com\/"},{"@type":"ListItem","position":2,"name":"HP ile Evrensel Hasta Haklar\u0131 Derne\u011fi yetkilileri bir araya geldi"}]},{"@type":"WebSite","@id":"https:\/\/kibrisdakik.com\/#website","url":"https:\/\/kibrisdakik.com\/","name":"","description":"Tam vaktinde haber","potentialAction":[{"@type":"SearchAction","target":{"@type":"EntryPoint","urlTemplate":"https:\/\/kibrisdakik.com\/?s={search_term_string}"},"query-input":{"@type":"PropertyValueSpecification","valueRequired":true,"valueName":"search_term_string"}}],"inLanguage":"tr"},{"@type":"Person","@id":"https:\/\/kibrisdakik.com\/#\/schema\/person\/9cd9d437bbb44f72b73ba127e06d8e79","name":"admin","image":{"@type":"ImageObject","inLanguage":"tr","@id":"https:\/\/secure.gravatar.com\/avatar\/ccc17943b9d660506c869530f897617f7cb1c21a4bf30023f252596d83e1f007?s=96&d=mm&r=g","url":"https:\/\/secure.gravatar.com\/avatar\/ccc17943b9d660506c869530f897617f7cb1c21a4bf30023f252596d83e1f007?s=96&d=mm&r=g","contentUrl":"https:\/\/secure.gravatar.com\/avatar\/ccc17943b9d660506c869530f897617f7cb1c21a4bf30023f252596d83e1f007?s=96&d=mm&r=g","caption":"admin"},"sameAs":["https:\/\/kibrisdakik.com"],"url":"https:\/\/kibrisdakik.com\/?author=1"}]}},"_links":{"self":[{"href":"https:\/\/kibrisdakik.com\/index.php?rest_route=\/wp\/v2\/posts\/69040","targetHints":{"allow":["GET"]}}],"collection":[{"href":"https:\/\/kibrisdakik.com\/index.php?rest_route=\/wp\/v2\/posts"}],"about":[{"href":"https:\/\/kibrisdakik.com\/index.php?rest_route=\/wp\/v2\/types\/post"}],"author":[{"embeddable":true,"href":"https:\/\/kibrisdakik.com\/index.php?rest_route=\/wp\/v2\/users\/1"}],"replies":[{"embeddable":true,"href":"https:\/\/kibrisdakik.com\/index.php?rest_route=%2Fwp%2Fv2%2Fcomments&post=69040"}],"version-history":[{"count":0,"href":"https:\/\/kibrisdakik.com\/index.php?rest_route=\/wp\/v2\/posts\/69040\/revisions"}],"wp:featuredmedia":[{"embeddable":true,"href":"https:\/\/kibrisdakik.com\/index.php?rest_route=\/wp\/v2\/media\/69041"}],"wp:attachment":[{"href":"https:\/\/kibrisdakik.com\/index.php?rest_route=%2Fwp%2Fv2%2Fmedia&parent=69040"}],"wp:term":[{"taxonomy":"category","embeddable":true,"href":"https:\/\/kibrisdakik.com\/index.php?rest_route=%2Fwp%2Fv2%2Fcategories&post=69040"},{"taxonomy":"post_tag","embeddable":true,"href":"https:\/\/kibrisdakik.com\/index.php?rest_route=%2Fwp%2Fv2%2Ftags&post=69040"}],"curies":[{"name":"wp","href":"https:\/\/api.w.org\/{rel}","templated":true}]}}