{"id":69048,"date":"2024-11-13T20:25:45","date_gmt":"2024-11-13T17:25:45","guid":{"rendered":"https:\/\/kibrisdakik.com\/index.php\/2024\/11\/13\/ozturkler-azerbaycan-milli-meclisi-kktc-dostluk-grubu-baskani-cevansir-feyziyevi-kabul-etti\/"},"modified":"2024-11-13T20:25:45","modified_gmt":"2024-11-13T17:25:45","slug":"ozturkler-azerbaycan-milli-meclisi-kktc-dostluk-grubu-baskani-cevansir-feyziyevi-kabul-etti","status":"publish","type":"post","link":"https:\/\/kibrisdakik.com\/?p=69048","title":{"rendered":"\u00d6zt\u00fcrkler, Azerbaycan Milli Meclisi KKTC Dostluk Grubu Ba\u015fkan\u0131 Cevan\u015fir Feyziyev\u2019i kabul etti"},"content":{"rendered":"<div>\n<div class=\"mariselle-image-container center\">\n                                            <\/div>\n<p>Cumhuriyet Meclisi Ba\u015fkan\u0131 Ziya \u00d6zt\u00fcrkler, 15 Kas\u0131m Cumhuriyet Bayram\u0131 kutlamalar\u0131na kat\u0131lmak \u00fczere \u00fclkede bulunan Azerbaycan Milli Meclisi KKTC Dostluk Grubu Ba\u015fkan\u0131 Cevan\u015fir Feyziyev ile Tural Ganceliyev\u2019i kabul etti.<\/p>\n<p>Meclisten verilen bilgiye g\u00f6re, kabulde KKTC, Azerbaycan Milli Meclisi Dostluk Grubu \u00fcyeleri Resmiye Canaltay, Talip Atalay, Hasan Tosuno\u011flu, Cumhuriyet Meclisi Genel Sekreteri Seral F\u0131rat ile Meclis Bas\u0131n, D\u0131\u015f \u0130li\u015fkiler ve Protokol M\u00fcd\u00fcr\u00fc Milhan Lakadamyal\u0131 da haz\u0131r bulundu.<\/p>\n<p>Meclis \u015eeref Salonu\u2019nda ger\u00e7ekle\u015fen kabulde konu\u015fan Azerbaycan Milli Meclisi KKTC Dostluk Grubu Ba\u015fkan\u0131 Cevan\u015fir Feyziyev, Meclis Ba\u015fkanl\u0131\u011f\u0131 se\u00e7imlerini kazanmas\u0131ndan dolay\u0131 Ziya \u00d6zt\u00fcrkler\u2019i tebrik ederek, \u00e7ok g\u00fczel bir ama\u00e7 i\u00e7in KKTC\u2019ye geldiklerini s\u00f6yledi.<\/p>\n<p>Ba\u011f\u0131ms\u0131zl\u0131\u011f\u0131 kazanman\u0131n \u00e7ok g\u00fczel zor bir nimet oldu\u011funu vurgulayan Feyziyev, Kuzey K\u0131br\u0131s T\u00fcrk Cumhuriyeti\u2019nin geli\u015ftirilmesi ve sa\u011flamla\u015ft\u0131r\u0131lmas\u0131 noktas\u0131nda b\u00fct\u00fcn T\u00fcrk d\u00fcnyas\u0131n\u0131n bir borcu oldu\u011funu belirtti.<\/p>\n<p>Feyziyev, KKTC\u2019nin g\u00fc\u00e7lendirilmesi i\u00e7in ellerinden geleni yapacaklar\u0131n\u0131, son d\u00f6nemlerde iki \u00fclke aras\u0131nda ilerleyen ili\u015fkilerin temelinde yatan m\u00fcnasebetlerin de bundan kaynakland\u0131\u011f\u0131n\u0131 dile getirdi.<\/p>\n<p>Fevziyev, Azerbaycan\u2019\u0131n bug\u00fcne gelene kadar bir\u00e7ok zorluklarla kar\u015f\u0131la\u015ft\u0131\u011f\u0131n\u0131 ancak gelinen noktada t\u0131pk\u0131 kendi sorunlar\u0131n\u0131n \u00e7\u00f6z\u00fcld\u00fc\u011f\u00fc gibi KKTC\u2019nin de \u00f6n\u00fcndeki engellerin kalkaca\u011f\u0131n\u0131, kendilerinin de \u00fczerlerine d\u00fc\u015fen g\u00f6revleri yapacaklar\u0131n\u0131 s\u00f6yledi.<\/p>\n<p>Fevziyev, konu\u015fmas\u0131n\u0131n sonunda Azerbaycan Milli Meclisi Ba\u015fkan\u0131 Sahibe Gafarova\u2019n\u0131n da selamlar\u0131n\u0131 iletti.<\/p>\n<p>Cumhuriyet Meclisi Ba\u015fkan\u0131 Ziya \u00d6zt\u00fcrkler de Azerbaycan\u2019\u0131n kendileri a\u00e7\u0131s\u0131ndan \u00e7ok \u00f6nemli bir \u00fclke oldu\u011funu belirterek, bu anlaml\u0131 g\u00fcnde Azerbaycan Milli Meclisi KKTC Dostluk Grubu\u2019nun yanlar\u0131nda olmas\u0131ndan duydu\u011fu memnuniyet dile getirdi.<\/p>\n<p>Cumhuriyet\u2019in bulunduklar\u0131 binada ilan edildi\u011fini an\u0131msatan \u00d6zt\u00fcrkler, her zamankinden daha fazla KKTC\u2019ye sahip \u00e7\u0131kacaklar\u0131n\u0131 s\u00f6yledi.<\/p>\n<p>Her platformda \u00fc\u00e7 devlet bir millet \u015fiar\u0131n\u0131 dile getirdiklerinin alt\u0131n\u0131 \u00e7izen \u00d6zt\u00fcrkler, Azerbaycan Milli Meclisi Ba\u015fkan\u0131 Sahibe Gafarova ile Azerbaycan Cumhurba\u015fkan\u0131 \u0130lham Aliyev\u2019e de te\u015fekk\u00fcrlerini iletti.<\/p>\n<p>\u00d6zt\u00fcrkler, Anavatan T\u00fcrkiye\u2019nin Cumhurba\u015fkan\u0131 Recep Tayyip Erdo\u011fan ile Azerbaycan Cumhurba\u015fkan\u0131 \u0130lham Aliyev\u2019in hem T\u00fcrk Devletleri Te\u015fkilat\u0131\u2019nda hem de T\u00dcRKPA\u2019da verdi\u011fi deste\u011fe dikkat \u00e7ekerek, KKTC\u2019nin tan\u0131nmas\u0131 y\u00f6n\u00fcndeki \u00e7a\u011fr\u0131lar\u0131n \u00f6nemine de\u011findi.<\/p>\n<p>\u00d6zt\u00fcrkler, \u201cKurucu Cumhurba\u015fkan\u0131 Rauf Denkta\u015f ile liderimiz Dr. Faz\u0131l K\u00fc\u00e7\u00fck\u2019\u00fcn de hizmetlerini unutmayacak ve onlar\u0131n yolunda y\u00fcr\u00fcmeye devam edece\u011fiz.\u201d dedi.<\/p>\n<p>Cumhuriyet Meclisi Ba\u015fkan\u0131 Ziya \u00d6zt\u00fcrkler, \u00f6zg\u00fcrl\u00fck ve ba\u011f\u0131ms\u0131zl\u0131\u011f\u0131n ilan edildi\u011fi 15 Kas\u0131m\u2019da, Azerbaycan heyetinin manevi deste\u011fini Cumhuriyet\u2019in kalbinden hissetmekten mutlu olduklar\u0131n\u0131 ifade ederek s\u00f6zlerini noktalad\u0131.<\/p>\n<p>Konu\u015fmalar\u0131n ard\u0131ndan hediye teatisinde bulunuldu.<\/p>\n<\/p><\/div>\n<p><script async\n                    defer\n                    crossorigin=\"anonymous\"\n                    src=\"https:\/\/connect.facebook.net\/tr_TR\/sdk.js#xfbml=1&#038;version=v3.3\"\n            ><\/script><\/p>\n","protected":false},"excerpt":{"rendered":"<p>Cumhuriyet Meclisi Ba\u015fkan\u0131 Ziya \u00d6zt\u00fcrkler, 15 Kas\u0131m Cumhuriyet Bayram\u0131 kutlamalar\u0131na kat\u0131lmak \u00fczere \u00fclkede bulunan Azerbaycan Milli Meclisi KKTC Dostluk Grubu Ba\u015fkan\u0131 Cevan\u015fir Feyziyev ile Tural Ganceliyev\u2019i kabul etti. Meclisten verilen bilgiye g\u00f6re, kabulde KKTC, Azerbaycan Milli Meclisi Dostluk Grubu \u00fcyeleri Resmiye Canaltay, Talip Atalay, Hasan Tosuno\u011flu, Cumhuriyet Meclisi Genel Sekreteri Seral F\u0131rat ile Meclis Bas\u0131n,<\/p>\n","protected":false},"author":1,"featured_media":69049,"comment_status":"open","ping_status":"open","sticky":false,"template":"","format":"standard","meta":{"footnotes":""},"categories":[81],"tags":[],"class_list":["post-69048","post","type-post","status-publish","format-standard","has-post-thumbnail","hentry","category-kibris"],"yoast_head":"<!-- This site is optimized with the Yoast SEO plugin v27.5 - https:\/\/yoast.com\/product\/yoast-seo-wordpress\/ -->\n<title>\u00d6zt\u00fcrkler, Azerbaycan Milli Meclisi KKTC Dostluk Grubu Ba\u015fkan\u0131 Cevan\u015fir Feyziyev\u2019i kabul etti -<\/title>\n<meta name=\"robots\" content=\"index, follow, max-snippet:-1, max-image-preview:large, max-video-preview:-1\" \/>\n<link rel=\"canonical\" href=\"https:\/\/kibrisdakik.com\/?p=69048\" \/>\n<meta property=\"og:locale\" content=\"tr_TR\" \/>\n<meta property=\"og:type\" content=\"article\" \/>\n<meta property=\"og:title\" content=\"\u00d6zt\u00fcrkler, Azerbaycan Milli Meclisi KKTC Dostluk Grubu Ba\u015fkan\u0131 Cevan\u015fir Feyziyev\u2019i kabul etti -\" \/>\n<meta property=\"og:description\" content=\"Cumhuriyet Meclisi Ba\u015fkan\u0131 Ziya \u00d6zt\u00fcrkler, 15 Kas\u0131m Cumhuriyet Bayram\u0131 kutlamalar\u0131na kat\u0131lmak \u00fczere \u00fclkede bulunan Azerbaycan Milli Meclisi KKTC Dostluk Grubu Ba\u015fkan\u0131 Cevan\u015fir Feyziyev ile Tural Ganceliyev\u2019i kabul etti. Meclisten verilen bilgiye g\u00f6re, kabulde KKTC, Azerbaycan Milli Meclisi Dostluk Grubu \u00fcyeleri Resmiye Canaltay, Talip Atalay, Hasan Tosuno\u011flu, Cumhuriyet Meclisi Genel Sekreteri Seral F\u0131rat ile Meclis Bas\u0131n,\" \/>\n<meta property=\"og:url\" content=\"https:\/\/kibrisdakik.com\/?p=69048\" \/>\n<meta property=\"article:published_time\" content=\"2024-11-13T17:25:45+00:00\" \/>\n<meta property=\"og:image\" content=\"https:\/\/kibrisdakik.com\/wp-content\/uploads\/2024\/11\/79797-740x420.jpg\" \/>\n\t<meta property=\"og:image:width\" content=\"1800\" \/>\n\t<meta property=\"og:image:height\" content=\"1201\" \/>\n\t<meta property=\"og:image:type\" content=\"image\/jpeg\" \/>\n<meta name=\"author\" content=\"admin\" \/>\n<meta name=\"twitter:card\" content=\"summary_large_image\" \/>\n<meta name=\"twitter:label1\" content=\"Yazan:\" \/>\n\t<meta name=\"twitter:data1\" content=\"admin\" \/>\n\t<meta name=\"twitter:label2\" content=\"Tahmini okuma s\u00fcresi\" \/>\n\t<meta name=\"twitter:data2\" content=\"2 dakika\" \/>\n<script type=\"application\/ld+json\" class=\"yoast-schema-graph\">{\"@context\":\"https:\\\/\\\/schema.org\",\"@graph\":[{\"@type\":\"Article\",\"@id\":\"https:\\\/\\\/kibrisdakik.com\\\/?p=69048#article\",\"isPartOf\":{\"@id\":\"https:\\\/\\\/kibrisdakik.com\\\/?p=69048\"},\"author\":{\"name\":\"admin\",\"@id\":\"https:\\\/\\\/kibrisdakik.com\\\/#\\\/schema\\\/person\\\/9cd9d437bbb44f72b73ba127e06d8e79\"},\"headline\":\"\u00d6zt\u00fcrkler, Azerbaycan Milli Meclisi KKTC Dostluk Grubu Ba\u015fkan\u0131 Cevan\u015fir Feyziyev\u2019i kabul etti\",\"datePublished\":\"2024-11-13T17:25:45+00:00\",\"mainEntityOfPage\":{\"@id\":\"https:\\\/\\\/kibrisdakik.com\\\/?p=69048\"},\"wordCount\":507,\"commentCount\":0,\"image\":{\"@id\":\"https:\\\/\\\/kibrisdakik.com\\\/?p=69048#primaryimage\"},\"thumbnailUrl\":\"https:\\\/\\\/kibrisdakik.com\\\/wp-content\\\/uploads\\\/2024\\\/11\\\/79797-740x420.jpg\",\"articleSection\":[\"K\u0131br\u0131s\"],\"inLanguage\":\"tr\",\"potentialAction\":[{\"@type\":\"CommentAction\",\"name\":\"Comment\",\"target\":[\"https:\\\/\\\/kibrisdakik.com\\\/?p=69048#respond\"]}]},{\"@type\":\"WebPage\",\"@id\":\"https:\\\/\\\/kibrisdakik.com\\\/?p=69048\",\"url\":\"https:\\\/\\\/kibrisdakik.com\\\/?p=69048\",\"name\":\"\u00d6zt\u00fcrkler, Azerbaycan Milli Meclisi KKTC Dostluk Grubu Ba\u015fkan\u0131 Cevan\u015fir Feyziyev\u2019i kabul etti -\",\"isPartOf\":{\"@id\":\"https:\\\/\\\/kibrisdakik.com\\\/#website\"},\"primaryImageOfPage\":{\"@id\":\"https:\\\/\\\/kibrisdakik.com\\\/?p=69048#primaryimage\"},\"image\":{\"@id\":\"https:\\\/\\\/kibrisdakik.com\\\/?p=69048#primaryimage\"},\"thumbnailUrl\":\"https:\\\/\\\/kibrisdakik.com\\\/wp-content\\\/uploads\\\/2024\\\/11\\\/79797-740x420.jpg\",\"datePublished\":\"2024-11-13T17:25:45+00:00\",\"author\":{\"@id\":\"https:\\\/\\\/kibrisdakik.com\\\/#\\\/schema\\\/person\\\/9cd9d437bbb44f72b73ba127e06d8e79\"},\"breadcrumb\":{\"@id\":\"https:\\\/\\\/kibrisdakik.com\\\/?p=69048#breadcrumb\"},\"inLanguage\":\"tr\",\"potentialAction\":[{\"@type\":\"ReadAction\",\"target\":[\"https:\\\/\\\/kibrisdakik.com\\\/?p=69048\"]}]},{\"@type\":\"ImageObject\",\"inLanguage\":\"tr\",\"@id\":\"https:\\\/\\\/kibrisdakik.com\\\/?p=69048#primaryimage\",\"url\":\"https:\\\/\\\/kibrisdakik.com\\\/wp-content\\\/uploads\\\/2024\\\/11\\\/79797-740x420.jpg\",\"contentUrl\":\"https:\\\/\\\/kibrisdakik.com\\\/wp-content\\\/uploads\\\/2024\\\/11\\\/79797-740x420.jpg\",\"width\":1800,\"height\":1201},{\"@type\":\"BreadcrumbList\",\"@id\":\"https:\\\/\\\/kibrisdakik.com\\\/?p=69048#breadcrumb\",\"itemListElement\":[{\"@type\":\"ListItem\",\"position\":1,\"name\":\"Home\",\"item\":\"https:\\\/\\\/kibrisdakik.com\\\/\"},{\"@type\":\"ListItem\",\"position\":2,\"name\":\"\u00d6zt\u00fcrkler, Azerbaycan Milli Meclisi KKTC Dostluk Grubu Ba\u015fkan\u0131 Cevan\u015fir Feyziyev\u2019i kabul etti\"}]},{\"@type\":\"WebSite\",\"@id\":\"https:\\\/\\\/kibrisdakik.com\\\/#website\",\"url\":\"https:\\\/\\\/kibrisdakik.com\\\/\",\"name\":\"\",\"description\":\"Tam vaktinde haber\",\"potentialAction\":[{\"@type\":\"SearchAction\",\"target\":{\"@type\":\"EntryPoint\",\"urlTemplate\":\"https:\\\/\\\/kibrisdakik.com\\\/?s={search_term_string}\"},\"query-input\":{\"@type\":\"PropertyValueSpecification\",\"valueRequired\":true,\"valueName\":\"search_term_string\"}}],\"inLanguage\":\"tr\"},{\"@type\":\"Person\",\"@id\":\"https:\\\/\\\/kibrisdakik.com\\\/#\\\/schema\\\/person\\\/9cd9d437bbb44f72b73ba127e06d8e79\",\"name\":\"admin\",\"image\":{\"@type\":\"ImageObject\",\"inLanguage\":\"tr\",\"@id\":\"https:\\\/\\\/secure.gravatar.com\\\/avatar\\\/ccc17943b9d660506c869530f897617f7cb1c21a4bf30023f252596d83e1f007?s=96&d=mm&r=g\",\"url\":\"https:\\\/\\\/secure.gravatar.com\\\/avatar\\\/ccc17943b9d660506c869530f897617f7cb1c21a4bf30023f252596d83e1f007?s=96&d=mm&r=g\",\"contentUrl\":\"https:\\\/\\\/secure.gravatar.com\\\/avatar\\\/ccc17943b9d660506c869530f897617f7cb1c21a4bf30023f252596d83e1f007?s=96&d=mm&r=g\",\"caption\":\"admin\"},\"sameAs\":[\"https:\\\/\\\/kibrisdakik.com\"],\"url\":\"https:\\\/\\\/kibrisdakik.com\\\/?author=1\"}]}<\/script>\n<!-- \/ Yoast SEO plugin. -->","yoast_head_json":{"title":"\u00d6zt\u00fcrkler, Azerbaycan Milli Meclisi KKTC Dostluk Grubu Ba\u015fkan\u0131 Cevan\u015fir Feyziyev\u2019i kabul etti -","robots":{"index":"index","follow":"follow","max-snippet":"max-snippet:-1","max-image-preview":"max-image-preview:large","max-video-preview":"max-video-preview:-1"},"canonical":"https:\/\/kibrisdakik.com\/?p=69048","og_locale":"tr_TR","og_type":"article","og_title":"\u00d6zt\u00fcrkler, Azerbaycan Milli Meclisi KKTC Dostluk Grubu Ba\u015fkan\u0131 Cevan\u015fir Feyziyev\u2019i kabul etti -","og_description":"Cumhuriyet Meclisi Ba\u015fkan\u0131 Ziya \u00d6zt\u00fcrkler, 15 Kas\u0131m Cumhuriyet Bayram\u0131 kutlamalar\u0131na kat\u0131lmak \u00fczere \u00fclkede bulunan Azerbaycan Milli Meclisi KKTC Dostluk Grubu Ba\u015fkan\u0131 Cevan\u015fir Feyziyev ile Tural Ganceliyev\u2019i kabul etti. Meclisten verilen bilgiye g\u00f6re, kabulde KKTC, Azerbaycan Milli Meclisi Dostluk Grubu \u00fcyeleri Resmiye Canaltay, Talip Atalay, Hasan Tosuno\u011flu, Cumhuriyet Meclisi Genel Sekreteri Seral F\u0131rat ile Meclis Bas\u0131n,","og_url":"https:\/\/kibrisdakik.com\/?p=69048","article_published_time":"2024-11-13T17:25:45+00:00","og_image":[{"width":1800,"height":1201,"url":"https:\/\/kibrisdakik.com\/wp-content\/uploads\/2024\/11\/79797-740x420.jpg","type":"image\/jpeg"}],"author":"admin","twitter_card":"summary_large_image","twitter_misc":{"Yazan:":"admin","Tahmini okuma s\u00fcresi":"2 dakika"},"schema":{"@context":"https:\/\/schema.org","@graph":[{"@type":"Article","@id":"https:\/\/kibrisdakik.com\/?p=69048#article","isPartOf":{"@id":"https:\/\/kibrisdakik.com\/?p=69048"},"author":{"name":"admin","@id":"https:\/\/kibrisdakik.com\/#\/schema\/person\/9cd9d437bbb44f72b73ba127e06d8e79"},"headline":"\u00d6zt\u00fcrkler, Azerbaycan Milli Meclisi KKTC Dostluk Grubu Ba\u015fkan\u0131 Cevan\u015fir Feyziyev\u2019i kabul etti","datePublished":"2024-11-13T17:25:45+00:00","mainEntityOfPage":{"@id":"https:\/\/kibrisdakik.com\/?p=69048"},"wordCount":507,"commentCount":0,"image":{"@id":"https:\/\/kibrisdakik.com\/?p=69048#primaryimage"},"thumbnailUrl":"https:\/\/kibrisdakik.com\/wp-content\/uploads\/2024\/11\/79797-740x420.jpg","articleSection":["K\u0131br\u0131s"],"inLanguage":"tr","potentialAction":[{"@type":"CommentAction","name":"Comment","target":["https:\/\/kibrisdakik.com\/?p=69048#respond"]}]},{"@type":"WebPage","@id":"https:\/\/kibrisdakik.com\/?p=69048","url":"https:\/\/kibrisdakik.com\/?p=69048","name":"\u00d6zt\u00fcrkler, Azerbaycan Milli Meclisi KKTC Dostluk Grubu Ba\u015fkan\u0131 Cevan\u015fir Feyziyev\u2019i kabul etti -","isPartOf":{"@id":"https:\/\/kibrisdakik.com\/#website"},"primaryImageOfPage":{"@id":"https:\/\/kibrisdakik.com\/?p=69048#primaryimage"},"image":{"@id":"https:\/\/kibrisdakik.com\/?p=69048#primaryimage"},"thumbnailUrl":"https:\/\/kibrisdakik.com\/wp-content\/uploads\/2024\/11\/79797-740x420.jpg","datePublished":"2024-11-13T17:25:45+00:00","author":{"@id":"https:\/\/kibrisdakik.com\/#\/schema\/person\/9cd9d437bbb44f72b73ba127e06d8e79"},"breadcrumb":{"@id":"https:\/\/kibrisdakik.com\/?p=69048#breadcrumb"},"inLanguage":"tr","potentialAction":[{"@type":"ReadAction","target":["https:\/\/kibrisdakik.com\/?p=69048"]}]},{"@type":"ImageObject","inLanguage":"tr","@id":"https:\/\/kibrisdakik.com\/?p=69048#primaryimage","url":"https:\/\/kibrisdakik.com\/wp-content\/uploads\/2024\/11\/79797-740x420.jpg","contentUrl":"https:\/\/kibrisdakik.com\/wp-content\/uploads\/2024\/11\/79797-740x420.jpg","width":1800,"height":1201},{"@type":"BreadcrumbList","@id":"https:\/\/kibrisdakik.com\/?p=69048#breadcrumb","itemListElement":[{"@type":"ListItem","position":1,"name":"Home","item":"https:\/\/kibrisdakik.com\/"},{"@type":"ListItem","position":2,"name":"\u00d6zt\u00fcrkler, Azerbaycan Milli Meclisi KKTC Dostluk Grubu Ba\u015fkan\u0131 Cevan\u015fir Feyziyev\u2019i kabul etti"}]},{"@type":"WebSite","@id":"https:\/\/kibrisdakik.com\/#website","url":"https:\/\/kibrisdakik.com\/","name":"","description":"Tam vaktinde haber","potentialAction":[{"@type":"SearchAction","target":{"@type":"EntryPoint","urlTemplate":"https:\/\/kibrisdakik.com\/?s={search_term_string}"},"query-input":{"@type":"PropertyValueSpecification","valueRequired":true,"valueName":"search_term_string"}}],"inLanguage":"tr"},{"@type":"Person","@id":"https:\/\/kibrisdakik.com\/#\/schema\/person\/9cd9d437bbb44f72b73ba127e06d8e79","name":"admin","image":{"@type":"ImageObject","inLanguage":"tr","@id":"https:\/\/secure.gravatar.com\/avatar\/ccc17943b9d660506c869530f897617f7cb1c21a4bf30023f252596d83e1f007?s=96&d=mm&r=g","url":"https:\/\/secure.gravatar.com\/avatar\/ccc17943b9d660506c869530f897617f7cb1c21a4bf30023f252596d83e1f007?s=96&d=mm&r=g","contentUrl":"https:\/\/secure.gravatar.com\/avatar\/ccc17943b9d660506c869530f897617f7cb1c21a4bf30023f252596d83e1f007?s=96&d=mm&r=g","caption":"admin"},"sameAs":["https:\/\/kibrisdakik.com"],"url":"https:\/\/kibrisdakik.com\/?author=1"}]}},"_links":{"self":[{"href":"https:\/\/kibrisdakik.com\/index.php?rest_route=\/wp\/v2\/posts\/69048","targetHints":{"allow":["GET"]}}],"collection":[{"href":"https:\/\/kibrisdakik.com\/index.php?rest_route=\/wp\/v2\/posts"}],"about":[{"href":"https:\/\/kibrisdakik.com\/index.php?rest_route=\/wp\/v2\/types\/post"}],"author":[{"embeddable":true,"href":"https:\/\/kibrisdakik.com\/index.php?rest_route=\/wp\/v2\/users\/1"}],"replies":[{"embeddable":true,"href":"https:\/\/kibrisdakik.com\/index.php?rest_route=%2Fwp%2Fv2%2Fcomments&post=69048"}],"version-history":[{"count":0,"href":"https:\/\/kibrisdakik.com\/index.php?rest_route=\/wp\/v2\/posts\/69048\/revisions"}],"wp:featuredmedia":[{"embeddable":true,"href":"https:\/\/kibrisdakik.com\/index.php?rest_route=\/wp\/v2\/media\/69049"}],"wp:attachment":[{"href":"https:\/\/kibrisdakik.com\/index.php?rest_route=%2Fwp%2Fv2%2Fmedia&parent=69048"}],"wp:term":[{"taxonomy":"category","embeddable":true,"href":"https:\/\/kibrisdakik.com\/index.php?rest_route=%2Fwp%2Fv2%2Fcategories&post=69048"},{"taxonomy":"post_tag","embeddable":true,"href":"https:\/\/kibrisdakik.com\/index.php?rest_route=%2Fwp%2Fv2%2Ftags&post=69048"}],"curies":[{"name":"wp","href":"https:\/\/api.w.org\/{rel}","templated":true}]}}