{"id":69085,"date":"2024-11-14T12:10:32","date_gmt":"2024-11-14T09:10:32","guid":{"rendered":"https:\/\/kibrisdakik.com\/index.php\/2024\/11\/14\/kktc-41-yasinda-15-kasim-cumhuriyet-bayrami-torenlerle-kutlanacak\/"},"modified":"2024-11-14T12:10:32","modified_gmt":"2024-11-14T09:10:32","slug":"kktc-41-yasinda-15-kasim-cumhuriyet-bayrami-torenlerle-kutlanacak","status":"publish","type":"post","link":"https:\/\/kibrisdakik.com\/?p=69085","title":{"rendered":"KKTC 41 ya\u015f\u0131nda\u2026 15 Kas\u0131m Cumhuriyet Bayram\u0131 t\u00f6renlerle kutlanacak"},"content":{"rendered":"<div>\n<div class=\"mariselle-image-container center\">\n                                            <\/div>\n<p>Kuzey K\u0131br\u0131s T\u00fcrk Cumhuriyeti\u2019nin 41\u2019inci kurulu\u015f y\u0131l d\u00f6n\u00fcm\u00fc \u00fclke genelinde d\u00fczenlenecek t\u00f6ren ve etkinliklerle kutlanacak.<\/p>\n<p>Milli G\u00fcnleri Kutlama Merkez Komitesi Ba\u015fkanl\u0131\u011f\u0131ndan yap\u0131lan a\u00e7\u0131klamaya g\u00f6re, t\u00f6renler bug\u00fcn Cumhurba\u015fkan\u0131 Ersin Tatar\u2019\u0131n saat 12.00\u2019de Bayrak Radyo ve Televizyonu Kurumu\u2019ndan yapaca\u011f\u0131 konu\u015fma ve 21 pare top at\u0131\u015f\u0131yla ba\u015flayacak.<br \/>Ard\u0131ndan saat 12.30\u2019da Dr. Faz\u0131l K\u00fc\u00e7\u00fck An\u0131t Mezar\u0131\u2019nda ve 13.00\u2019te Rauf Raif Denkta\u015f An\u0131t Mezar\u0131\u2019nda t\u00f6ren d\u00fczenlenecek.<\/p>\n<p>Gazima\u011fusa Kaymakaml\u0131\u011f\u0131ndan verilen bilgiye g\u00f6re, bug\u00fcn saat 18.00\u2019de ayr\u0131ca Fener Alay\u0131 yap\u0131lacak. Fener Alay\u0131 Gazima\u011fusa DA\u00dc \u00c7emberi\u2019nde ba\u015flayacak, \u0130smet \u0130n\u00f6n\u00fc Bulvar\u0131\u2019nda (Macro AVM \u00f6n\u00fc) sona erecek.<\/p>\n<p>Cumhuriyet Meclisi Ba\u015fkan\u0131 Ziya \u00d6zt\u00fcrkler de konuk heyetler onuruna bu ak\u015fam saat 19.00\u2019da Meclis bah\u00e7esinde resepsiyon verecek.<\/p>\n<p><strong>-15 Kas\u0131m\u2019da t\u00f6renler tebrik kabul\u00fcyle ba\u015flayacak<\/strong><br \/>15 Kas\u0131m Cuma g\u00fcn\u00fc t\u00f6renler Cumhurba\u015fkan\u0131 Ersin Tatar\u2019\u0131n Cumhurba\u015fkanl\u0131\u011f\u0131\u2019nda saat 09.00\u2019daki tebrik kabul\u00fcyle ba\u015flayacak.<\/p>\n<p>Lefko\u015fa Atat\u00fcrk An\u0131t\u0131\u2019ndaki t\u00f6ren saat 09.30\u2019da protokol s\u0131ras\u0131na g\u00f6re \u00e7elenk sunulmas\u0131yla ba\u015flayacak. Sayg\u0131 duru\u015fu ve \u0130stiklal Mar\u015f\u0131 e\u015fli\u011finde bayraklar\u0131n g\u00f6ndere \u00e7ekilmesi ard\u0131ndan An\u0131t \u00d6zel Defteri\u2019nin imzalanmas\u0131yla t\u00f6ren sona erecek.<\/p>\n<p><strong>-Resmi Ge\u00e7it T\u00f6reni<\/strong><br \/>Dr. Faz\u0131l K\u00fc\u00e7\u00fck Bulvar\u0131\u2019ndaki Resmi Ge\u00e7it T\u00f6reni ise saat 10.00\u2019da \u0130stiklal Mar\u015f\u0131, t\u00f6ren birliklerinin denetlenmesi ve halk\u0131n bayramlar\u0131n\u0131n kutlanmas\u0131yla ba\u015flayacak.<\/p>\n<p>Mesaj teatisinin ard\u0131ndan Lefke ve Erenk\u00f6y\u2019den getirilen bayraklar Cumhurba\u015fkan\u0131 Ersin Tatar\u2019a takdim edilecek. Cumhurba\u015fkan\u0131 Ersin Tatar ve T\u00fcrkiye Cumhuriyeti Cumhurba\u015fkanl\u0131\u011f\u0131 temsilcisinin konu\u015fmas\u0131yla devam edecek t\u00f6ren, halk danslar\u0131 g\u00f6sterisi ile Milli Savunma Bakanl\u0131\u011f\u0131 Mehteran Birli\u011fi Konseri ard\u0131ndan resmi ge\u00e7itle sona erecek.<\/p>\n<p><strong>\u2013 Cumhuriyet \u015e\u00f6leni Korteji ve Solo T\u00fcrk g\u00f6sterisi<\/strong><\/p>\n<p>Yar\u0131n saat 15.30\u2019da Girne Atat\u00fcrk An\u0131t\u0131 \u00f6n\u00fcnde Solo T\u00fcrk g\u00f6steri yapacak.<\/p>\n<p>Ayn\u0131 zamanda 14.00-16.30 saatleri aras\u0131nda Girne\u2019de Ba\u015fbakan Yard\u0131mc\u0131l\u0131\u011f\u0131, Turizm, K\u00fclt\u00fcr, Gen\u00e7lik ve \u00c7evre Bakanl\u0131\u011f\u0131 Gen\u00e7lik Dairesi \u201cCumhuriyet \u015e\u00f6leni Korteji\u201d yap\u0131lacak. Kortej Eski Girne Belediye Binas\u0131, Girne Atat\u00fcrk An\u0131t\u0131 ve Girne Antik Liman g\u00fczergah\u0131n\u0131 izleyecek.<\/p>\n<p>-Cumhurba\u015fkanl\u0131\u011f\u0131nda resepsiyon<\/p>\n<p>KKTC\u2018nin 41. kurulu\u015f y\u0131ld\u00f6n\u00fcm\u00fc kutlamalar\u0131 \u00e7er\u00e7evesinde yar\u0131n ak\u015fam saat 18.30\u2019da Cumhurba\u015fkanl\u0131\u011f\u0131nda \u201cCumhuriyet Resepsiyonu\u201d d\u00fczenlenecek.<\/p>\n<p><strong>-\u0130l\u00e7elerdeki t\u00f6renler<\/strong><\/p>\n<p>Lefko\u015fa \u015eehitler An\u0131t\u0131\u2019ndaki yerel t\u00f6ren saat 08.00\u2019de protokol s\u0131ras\u0131na g\u00f6re \u00e7elenklerin an\u0131ta sunulmas\u0131yla ba\u015flayacak. Sayg\u0131 duru\u015fu ve \u0130stiklal Mar\u015f\u0131 ile bayraklar\u0131n g\u00f6ndere \u00e7ekilmesiyle devam edecek t\u00f6ren, An\u0131t \u00d6zel Defteri\u2019nin imzalanmas\u0131yla sona erecek.<\/p>\n<p>Gazima\u011fusa\u2019daki ilk t\u00f6ren saat 14.30\u2019da Zafer An\u0131t\u0131 \u00f6n\u00fcnde an\u0131ta \u00e7elenklerin konmas\u0131yla ba\u015flayacak. T\u00f6ren, sayg\u0131 duru\u015fu ve \u0130stiklal Mar\u015f\u0131 e\u015fli\u011finde bayraklar\u0131n g\u00f6ndere \u00e7ekilmesiyle sona erecek. \u0130kinci t\u00f6ren, \u0130smet \u0130n\u00f6n\u00fc Bulvar\u0131\u2019nda saat 15.00\u2019te yap\u0131lacak. Buradaki t\u00f6ren konu\u015fmalar, \u015fiir okumas\u0131, halk danslar\u0131 g\u00f6sterisi, m\u00fczik dinletisi, t\u00f6ren ge\u00e7i\u015fi ve Mehteran Birli\u011fi konseri ile devam edecek.<\/p>\n<p>Girne\u2019de 15 Kas\u0131m Cumhuriyet Bayram\u0131 dolay\u0131s\u0131yla d\u00fczenlenecek t\u00f6ren, Atat\u00fcrk An\u0131t\u0131\u2019nda saat 14.00\u2019te \u00e7elenklerin sunulmas\u0131yla ba\u015flayacak. Sayg\u0131 duru\u015fu ve \u0130stiklal Mar\u015f\u0131\u2019n\u0131n okunmas\u0131 ard\u0131ndan, konu\u015fmalar yap\u0131lacak ve resmi ge\u00e7it d\u00fczenlenecek.<\/p>\n<p>15 Kas\u0131m dolay\u0131s\u0131yla G\u00fczelyurt\u2019ta ilk t\u00f6ren saat 09.30\u2019da G\u00fczelyurt Atat\u00fcrk An\u0131t\u0131 \u00f6n\u00fcnde d\u00fczenlenecek. \u00c7elenklerin an\u0131ta sunulmas\u0131n\u0131n ard\u0131ndan sayg\u0131 duru\u015fu ve \u0130stiklal Mar\u015f\u0131 e\u015fli\u011finde bayraklar g\u00f6ndere \u00e7ekilecek. \u0130lk t\u00f6ren Y\u0131ld\u00f6n\u00fcm\u00fc \u00d6zel Defteri\u2019nin imzalanmas\u0131yla son bulacak.<\/p>\n<p>\u0130kinci t\u00f6ren saat 09.45\u2019te m\u00fcze \u00f6n\u00fcnde d\u00fczenlenecek. Burada \u015fiirler okunacak, g\u00fcn\u00fcn anlam ve \u00f6nemini belirten konu\u015fmalar ile resmi ge\u00e7it t\u00f6reni yap\u0131lacak.<\/p>\n<p>\u0130skele\u2019de saat 09.30\u2019da ba\u015flayacak t\u00f6ren Ecevit Meydan\u0131\u2019nda yer alacak. T\u00f6ren, \u00e7elenklerin an\u0131ta sunulmas\u0131yla ba\u015flayacak, sayg\u0131 duru\u015fu ve \u0130stiklal Mar\u015f\u0131 e\u015fli\u011finde bayraklar g\u00f6ndere \u00e7ekilecek.<\/p>\n<p>T\u00f6rende \u0130skele Kaymakam\u0131 ve G\u00fcvenlik Kuvvetleri Komutanl\u0131\u011f\u0131 temsilcisi birer konu\u015fma yapacak. \u015eiirlerin okunmas\u0131n\u0131n ard\u0131ndan t\u00f6ren ge\u00e7i\u015fiyle etkinlikler sona erecek.<\/p>\n<p>Lefke\u2019deki t\u00f6ren ise Lefke Atat\u00fcrk An\u0131t\u0131 \u00f6n\u00fcnde saat 14.00\u2019te ba\u015flayacak. \u00c7elenklerin an\u0131ta sunulmas\u0131n\u0131n ard\u0131ndan sayg\u0131 duru\u015fu ve \u0130stiklal Mar\u015f\u0131 e\u015fli\u011finde bayraklar g\u00f6ndere \u00e7ekilecek, \u00f6zel defter imzalanacak. \u015eiir okunmas\u0131, halk danslar\u0131 g\u00f6sterisi ve konu\u015fmalar\u0131n ard\u0131ndan ge\u00e7it t\u00f6reni yer alacak.<\/p>\n<p>\u0130l\u00e7elerin yan\u0131nda bucaklarda da 15 Kas\u0131m\u2019da \u00e7e\u015fitli t\u00f6ren ve kutlamalar yap\u0131lacak.<\/p>\n<p>Mehmet\u00e7ik\u2019teki t\u00f6ren Atat\u00fcrk An\u0131t\u0131 \u00f6n\u00fcnde 09.00\u2019da yap\u0131lacak. \u00c7elenklerin Atat\u00fcrk An\u0131t\u0131\u2019na sunulmas\u0131yla ba\u015flayacak t\u00f6ren, sayg\u0131 duru\u015fu ve \u0130stiklal Mar\u015f\u0131 e\u015fli\u011finde bayraklar\u0131n g\u00f6ndere \u00e7ekilmesiyle devam edecek. T\u00f6rende konu\u015fmalar yap\u0131lacak ve \u015fiirler okunacak; halk danslar\u0131 g\u00f6sterisiyle t\u00f6ren tamamlanacak.<\/p>\n<p>Akdo\u011fan\u2019da Atat\u00fcrk An\u0131t\u0131 \u00f6n\u00fcnde d\u00fczenlenecek t\u00f6ren saat 09.00\u2019da ba\u015flayacak. T\u00f6ren, \u00e7elenklerin an\u0131ta sunulmas\u0131, sayg\u0131 duru\u015fu, \u0130stiklal Mar\u015f\u0131 ve bayraklar\u0131n g\u00f6ndere \u00e7ekilmesinin ard\u0131ndan \u015fiir okunmas\u0131 ve konu\u015fmalar ile devam edecek, T\u00f6ren, Polatpa\u015fa Lisesi oratoryosu ve halk danslar\u0131 ekibinin g\u00f6sterisi ile tamamlanacak.<\/p>\n<p>Ge\u00e7itkale\u2019deki t\u00f6ren, Ge\u00e7itkale Kasaba Meydan\u0131\u2019nda saat 09.00\u2019da ba\u015flayacak. \u00c7elenklerin konmas\u0131n\u0131n ard\u0131ndan, sayg\u0131 duru\u015fu ve \u0130stiklal Mar\u015f\u0131 ile bayraklar g\u00f6ndere \u00e7ekilecek. Konu\u015fma ve \u015fiirlerin ard\u0131ndan t\u00f6ren sona erecek.<\/p>\n<p><strong>\u2013 Spor etkinlikleri<\/strong><br \/>KKTC\u2019nin y\u0131l d\u00f6n\u00fcm\u00fc kutlamalar\u0131 \u00e7er\u00e7evesinde spor federasyonlar\u0131 da etkinlik d\u00fczenleyecek.<\/p>\n<p>Atletizm Federasyonu bug\u00fcn Cumhuriyet Yol Ko\u015fusu d\u00fczenleyecek. Yol ko\u015fusu Lefko\u015fa Atat\u00fcrk Stadyumu\u2019nda saat 10.00\u2019da ba\u015flayacak.<\/p>\n<p>Yar\u0131n ise Taekwondo Federasyonu Cumhuriyet K\u0131r\u0131\u015f \u015eampiyonas\u0131 d\u00fczenleyecek. Avrasya Taekwondo Merkezi\u2019ndeki \u015eampiyona saat 17.00\u2019de yap\u0131lacak.<\/p>\n<p>Etkinlikler \u00e7er\u00e7evesinde, cumartesi g\u00fcn\u00fc saat 14.30\u2019da Lefko\u015fa\u2019da Gen\u00e7lik Dairesi, KKTC Bisiklet Federasyonu ve KKTC Bisiklet Severler Derne\u011fi i\u015f birli\u011finde \u201cCumhuriyet \u0130\u00e7in Pedall\u0131yoruz\u201d s\u00fcr\u00fc\u015f\u00fc ger\u00e7ekle\u015ftirilecek. Bisiklet s\u00fcr\u00fc\u015f\u00fc, K\u00f6\u015fkl\u00fc\u00e7iftlik (Dereboyu) Kumsal Park \u00f6n\u00fcnden ba\u015flayarak, Ortak\u00f6y, G\u00f6nyeli \u00c7emberi, Dr. Faz\u0131l K\u00fc\u00e7\u00fck Bulvar\u0131, \u015eehit Mustafa Ahmet Ruso Caddesi, Otob\u00fcs Terminali ve yeniden Dereboyu g\u00fczergahlar\u0131 izlenerek tamamlanacak.<\/p>\n<p>14\u2019\u00fcnc\u00fc Cumhuriyet Klasik Otomobil Rallisi Slalom Yar\u0131\u015f\u0131 da cumartesi g\u00fcn\u00fc yap\u0131lacak. Yar\u0131\u015f saat 14.00\u2019te Cemsa Karting\u2019de yer alacak.<\/p>\n<p>Pazar g\u00fcn\u00fc ise Klasik Otomobil Rallisi d\u00fczenlenecek. Ralli, saat 10.00\u2019da D\u0131\u015fi\u015fleri Bakanl\u0131\u011f\u0131 \u00f6n\u00fcnden ba\u015flayacak ve 13.30\u2019da Esentepe\u2019de Califorian Restoran\u2019da tamamlanacak.<\/p>\n<p><strong>-Di\u011fer etkinlikler<\/strong><\/p>\n<p>KKTC\u2019nin y\u0131l d\u00f6n\u00fcm\u00fc kutlamalar\u0131 \u00e7er\u00e7evesinde, di\u011fer kurum ve kurulu\u015flar\u0131n da etkinlikleri olacak.<br \/>\u201cUluslararas\u0131 G\u0130KAD-D\u0130MED Giri\u015fimci K\u0131br\u0131s T\u00fcrk Kad\u0131nlar\u0131 Bulu\u015fmas\u0131\u201d bug\u00fcn yap\u0131lacak. Etkinlik 15.00-18.00 saatleri aras\u0131nda Acapulco Otel\u2019de yer alacak.<\/p>\n<p>T.C. Milli Savunma Bakanl\u0131\u011f\u0131 Mehteran Birli\u011fi Konserleri ise bug\u00fcn Girne\u2019deki Atat\u00fcrk An\u0131t\u0131 \u00f6n\u00fcnde, yar\u0131n ise Gazima\u011fusa Macro AVM\u2019de d\u00fczenlenecek. Konserler her iki g\u00fcnde de saat 15.30\u2019ta ba\u015flayacak.<\/p>\n<p><strong>\u2013 T\u00fcrk Deniz Kuvvetleri gemileri yar\u0131n ziyaret edilebilecek<\/strong><\/p>\n<p>T\u00fcrk Deniz Kuvvetleri Komutanl\u0131\u011f\u0131 muharip unsurlar\u0131ndan TCG Atak (P-337), TCG G\u00fcr (S-357), TCG Bart\u0131n (F-504), TCG Bora (P-338), etkinlikler kapsam\u0131nda limanlar\u0131 ziyaret edecek. Yar\u0131n 10.00-12.00 ve 14.00-17.00 saatleri aras\u0131nda, TCG Atak H\u00fccumbotu (P-337) ve TCG G\u00fcr Denizalt\u0131s\u0131 (S-357) Girne Liman\u0131\u2019nda, TCG Bart\u0131n Karakol Gemisi (F-504) ve TCG Bora H\u00fccumbotu (P-338) ise Gazima\u011fusa Liman\u0131\u2019nda halk\u0131n ziyaretine a\u00e7\u0131k olacak.<\/p>\n<p>\u2013 \u201cBir Bilmecem Var \u00c7ocuklar\u201d tiyatro oyunu Lefko\u015fa ve Gazima\u011fusa\u2019da<\/p>\n<p>\u201cBir Bilmecem Var \u00c7ocuklar\u201d tiyatro oyunu ise cumartesi g\u00fcn\u00fc saat 14.00\u2019te YD\u00dc Atat\u00fcrk K\u00fclt\u00fcr ve Kongre Merkezi\u2019nde, 23 Kas\u0131m Cumartesi g\u00fcn\u00fc saat 12.00\u2019de Gazima\u011fusa Rauf R. Denkta\u015f K\u00fclt\u00fcr ve Kongre Saray\u0131\u2019nda yer alacak.<\/p>\n<p><strong>\u2013 Yar\u0131n resmi ge\u00e7it t\u00f6reni nedeniyle Dr. Faz\u0131l K\u00fc\u00e7\u00fck Bulvar\u0131 kapat\u0131lacak<\/strong><\/p>\n<p>Bu arada Lefko\u015fa Dr. Faz\u0131l K\u00fc\u00e7\u00fck Bulvar\u0131 resmi ge\u00e7it t\u00f6reni nedeniyle yar\u0131n ge\u00e7ici olarak trafik ak\u0131\u015f\u0131na kapat\u0131lacak.<\/p>\n<p>Saat 07.00\u2019den itibaren Lefko\u015fa Dr. Faz\u0131l K\u00fc\u00e7\u00fck Bulvar\u0131\u2019n\u0131n G\u00f6nyeli \u00c7emberi ile Honda Trafik I\u015f\u0131klar\u0131 Kav\u015fa\u011f\u0131 aras\u0131nda kalan yol g\u00fczergah\u0131 t\u00f6renin sona erece\u011fi saate kadar trafik ak\u0131\u015f\u0131na kapal\u0131 olacak.<\/p>\n<p>Polis Bas\u0131n Subayl\u0131\u011f\u0131ndan yap\u0131lan a\u00e7\u0131klamaya g\u00f6re, belirtilen tarih ve saatlerde s\u00fcr\u00fcc\u00fclerin kullanabilece\u011fi alternatif yol g\u00fczergahlar\u0131 \u015f\u00f6yle:<\/p>\n<p>\u201cOrganize Sanayi B\u00f6lgesine gitmek isteyen s\u00fcr\u00fcc\u00fcler i\u00e7in ula\u015f\u0131m, Alt\u0131nba\u015f Petrol Trafik I\u015f\u0131klar\u0131 Kav\u015fa\u011f\u0131ndan kontroll\u00fc olarak sa\u011flanacak.<\/p>\n<p>Gazima\u011fusa istikametinden gelip Yak\u0131n Do\u011fu \u00dcniversitesi Hastanesi\u2019ne gitmek isteyen s\u00fcr\u00fcc\u00fcler i\u00e7in ula\u015f\u0131m, Lefko\u015fa Kuzey \u00c7evre Yolu ile Yak\u0131n Do\u011fu Bulvar\u0131 \u00fczerinden sa\u011flanacak.<\/p>\n<p>Gazima\u011fusa istikametinden gelip Lefko\u015fa \u015fehir i\u00e7ine gitmek isteyen s\u00fcr\u00fcc\u00fcler i\u00e7in ula\u015f\u0131m, Hamitk\u00f6y \u00c7emberinden sola d\u00f6n\u00fcp, Mimar Mehmet Vahip Caddesi ile \u015eht. \u0130smail Beyo\u011flu Caddesi veya Honda Trafik I\u015f\u0131klar\u0131ndan sola d\u00f6nerek, \u015eht. Mustafa Ahmet Ruso Caddesi \u00fczerinden sa\u011flanacak.<\/p>\n<p>Gazima\u011fusa istikametinden gelip G\u00fczelyurt istikametine gitmek isteyen s\u00fcr\u00fcc\u00fcler i\u00e7in ula\u015f\u0131m, Lefko\u015fa Kuzey \u00c7evre Yolu \u00fczerinden G\u00f6nyeli \u00c7emberi g\u00fczergah\u0131 veya Lefko\u015fa Mehmet Akif Caddesi \u00fczerinde bulunan Citr\u00f6en Trafik I\u015f\u0131klar\u0131 kav\u015fa\u011f\u0131 ile Metehan-Alayk\u00f6y \u00c7evre yolu \u00fczerinden sa\u011flanacak.<\/p>\n<p>G\u00fczelyurt istikametinden gelip Lefko\u015fa istikametine gitmek isteyen s\u00fcr\u00fcc\u00fcler i\u00e7in ula\u015f\u0131m, Alayk\u00f6y-Metehan \u00c7evre yolu veya G\u00f6nyeli \u00c7emberi ile Dr. Burhan Nalbanto\u011flu Caddesi (Devlet Hastanesi) g\u00fczergah\u0131 \u00fczerinden sa\u011flanacak.<\/p>\n<p>Girne istikametinden gelip Lefko\u015fa istikametine gitmek isteyen s\u00fcr\u00fcc\u00fcler i\u00e7in ula\u015f\u0131m, Girne-Lefko\u015fa Anayolunu kullan\u0131p, G\u00f6nyeli \u00c7emberinden Dr. Burhan Nalbanto\u011flu Caddesi (Devlet Hastanesi) g\u00fczergah\u0131 \u00fczerinden sa\u011flanacak.\u201d<\/p>\n<\/p><\/div>\n<p><script async\n                    defer\n                    crossorigin=\"anonymous\"\n                    src=\"https:\/\/connect.facebook.net\/tr_TR\/sdk.js#xfbml=1&#038;version=v3.3\"\n            ><\/script><\/p>\n","protected":false},"excerpt":{"rendered":"<p>Kuzey K\u0131br\u0131s T\u00fcrk Cumhuriyeti\u2019nin 41\u2019inci kurulu\u015f y\u0131l d\u00f6n\u00fcm\u00fc \u00fclke genelinde d\u00fczenlenecek t\u00f6ren ve etkinliklerle kutlanacak. Milli G\u00fcnleri Kutlama Merkez Komitesi Ba\u015fkanl\u0131\u011f\u0131ndan yap\u0131lan a\u00e7\u0131klamaya g\u00f6re, t\u00f6renler bug\u00fcn Cumhurba\u015fkan\u0131 Ersin Tatar\u2019\u0131n saat 12.00\u2019de Bayrak Radyo ve Televizyonu Kurumu\u2019ndan yapaca\u011f\u0131 konu\u015fma ve 21 pare top at\u0131\u015f\u0131yla ba\u015flayacak.Ard\u0131ndan saat 12.30\u2019da Dr. Faz\u0131l K\u00fc\u00e7\u00fck An\u0131t Mezar\u0131\u2019nda ve 13.00\u2019te Rauf Raif<\/p>\n","protected":false},"author":1,"featured_media":69086,"comment_status":"open","ping_status":"open","sticky":false,"template":"","format":"standard","meta":{"footnotes":""},"categories":[81],"tags":[],"class_list":["post-69085","post","type-post","status-publish","format-standard","has-post-thumbnail","hentry","category-kibris"],"yoast_head":"<!-- This site is optimized with the Yoast SEO plugin v27.5 - https:\/\/yoast.com\/product\/yoast-seo-wordpress\/ -->\n<title>KKTC 41 ya\u015f\u0131nda\u2026 15 Kas\u0131m Cumhuriyet Bayram\u0131 t\u00f6renlerle kutlanacak -<\/title>\n<meta name=\"robots\" content=\"index, follow, max-snippet:-1, max-image-preview:large, max-video-preview:-1\" \/>\n<link rel=\"canonical\" href=\"https:\/\/kibrisdakik.com\/?p=69085\" \/>\n<meta property=\"og:locale\" content=\"tr_TR\" \/>\n<meta property=\"og:type\" content=\"article\" \/>\n<meta property=\"og:title\" content=\"KKTC 41 ya\u015f\u0131nda\u2026 15 Kas\u0131m Cumhuriyet Bayram\u0131 t\u00f6renlerle kutlanacak -\" \/>\n<meta property=\"og:description\" content=\"Kuzey K\u0131br\u0131s T\u00fcrk Cumhuriyeti\u2019nin 41\u2019inci kurulu\u015f y\u0131l d\u00f6n\u00fcm\u00fc \u00fclke genelinde d\u00fczenlenecek t\u00f6ren ve etkinliklerle kutlanacak. Milli G\u00fcnleri Kutlama Merkez Komitesi Ba\u015fkanl\u0131\u011f\u0131ndan yap\u0131lan a\u00e7\u0131klamaya g\u00f6re, t\u00f6renler bug\u00fcn Cumhurba\u015fkan\u0131 Ersin Tatar\u2019\u0131n saat 12.00\u2019de Bayrak Radyo ve Televizyonu Kurumu\u2019ndan yapaca\u011f\u0131 konu\u015fma ve 21 pare top at\u0131\u015f\u0131yla ba\u015flayacak.Ard\u0131ndan saat 12.30\u2019da Dr. Faz\u0131l K\u00fc\u00e7\u00fck An\u0131t Mezar\u0131\u2019nda ve 13.00\u2019te Rauf Raif\" \/>\n<meta property=\"og:url\" content=\"https:\/\/kibrisdakik.com\/?p=69085\" \/>\n<meta property=\"article:published_time\" content=\"2024-11-14T09:10:32+00:00\" \/>\n<meta property=\"og:image\" content=\"https:\/\/kibrisdakik.com\/wp-content\/uploads\/2024\/11\/kktc-bayrak-guncel-kibris-1024x5764-1-740x420.jpg\" \/>\n\t<meta property=\"og:image:width\" content=\"1024\" \/>\n\t<meta property=\"og:image:height\" content=\"576\" \/>\n\t<meta property=\"og:image:type\" content=\"image\/jpeg\" \/>\n<meta name=\"author\" content=\"admin\" \/>\n<meta name=\"twitter:card\" content=\"summary_large_image\" \/>\n<meta name=\"twitter:label1\" content=\"Yazan:\" \/>\n\t<meta name=\"twitter:data1\" content=\"admin\" \/>\n\t<meta name=\"twitter:label2\" content=\"Tahmini okuma s\u00fcresi\" \/>\n\t<meta name=\"twitter:data2\" content=\"9 dakika\" \/>\n<script type=\"application\/ld+json\" class=\"yoast-schema-graph\">{\"@context\":\"https:\\\/\\\/schema.org\",\"@graph\":[{\"@type\":\"Article\",\"@id\":\"https:\\\/\\\/kibrisdakik.com\\\/?p=69085#article\",\"isPartOf\":{\"@id\":\"https:\\\/\\\/kibrisdakik.com\\\/?p=69085\"},\"author\":{\"name\":\"admin\",\"@id\":\"https:\\\/\\\/kibrisdakik.com\\\/#\\\/schema\\\/person\\\/9cd9d437bbb44f72b73ba127e06d8e79\"},\"headline\":\"KKTC 41 ya\u015f\u0131nda\u2026 15 Kas\u0131m Cumhuriyet Bayram\u0131 t\u00f6renlerle kutlanacak\",\"datePublished\":\"2024-11-14T09:10:32+00:00\",\"mainEntityOfPage\":{\"@id\":\"https:\\\/\\\/kibrisdakik.com\\\/?p=69085\"},\"wordCount\":1758,\"commentCount\":0,\"image\":{\"@id\":\"https:\\\/\\\/kibrisdakik.com\\\/?p=69085#primaryimage\"},\"thumbnailUrl\":\"https:\\\/\\\/kibrisdakik.com\\\/wp-content\\\/uploads\\\/2024\\\/11\\\/kktc-bayrak-guncel-kibris-1024x5764-1-740x420.jpg\",\"articleSection\":[\"K\u0131br\u0131s\"],\"inLanguage\":\"tr\",\"potentialAction\":[{\"@type\":\"CommentAction\",\"name\":\"Comment\",\"target\":[\"https:\\\/\\\/kibrisdakik.com\\\/?p=69085#respond\"]}]},{\"@type\":\"WebPage\",\"@id\":\"https:\\\/\\\/kibrisdakik.com\\\/?p=69085\",\"url\":\"https:\\\/\\\/kibrisdakik.com\\\/?p=69085\",\"name\":\"KKTC 41 ya\u015f\u0131nda\u2026 15 Kas\u0131m Cumhuriyet Bayram\u0131 t\u00f6renlerle kutlanacak -\",\"isPartOf\":{\"@id\":\"https:\\\/\\\/kibrisdakik.com\\\/#website\"},\"primaryImageOfPage\":{\"@id\":\"https:\\\/\\\/kibrisdakik.com\\\/?p=69085#primaryimage\"},\"image\":{\"@id\":\"https:\\\/\\\/kibrisdakik.com\\\/?p=69085#primaryimage\"},\"thumbnailUrl\":\"https:\\\/\\\/kibrisdakik.com\\\/wp-content\\\/uploads\\\/2024\\\/11\\\/kktc-bayrak-guncel-kibris-1024x5764-1-740x420.jpg\",\"datePublished\":\"2024-11-14T09:10:32+00:00\",\"author\":{\"@id\":\"https:\\\/\\\/kibrisdakik.com\\\/#\\\/schema\\\/person\\\/9cd9d437bbb44f72b73ba127e06d8e79\"},\"breadcrumb\":{\"@id\":\"https:\\\/\\\/kibrisdakik.com\\\/?p=69085#breadcrumb\"},\"inLanguage\":\"tr\",\"potentialAction\":[{\"@type\":\"ReadAction\",\"target\":[\"https:\\\/\\\/kibrisdakik.com\\\/?p=69085\"]}]},{\"@type\":\"ImageObject\",\"inLanguage\":\"tr\",\"@id\":\"https:\\\/\\\/kibrisdakik.com\\\/?p=69085#primaryimage\",\"url\":\"https:\\\/\\\/kibrisdakik.com\\\/wp-content\\\/uploads\\\/2024\\\/11\\\/kktc-bayrak-guncel-kibris-1024x5764-1-740x420.jpg\",\"contentUrl\":\"https:\\\/\\\/kibrisdakik.com\\\/wp-content\\\/uploads\\\/2024\\\/11\\\/kktc-bayrak-guncel-kibris-1024x5764-1-740x420.jpg\",\"width\":1024,\"height\":576},{\"@type\":\"BreadcrumbList\",\"@id\":\"https:\\\/\\\/kibrisdakik.com\\\/?p=69085#breadcrumb\",\"itemListElement\":[{\"@type\":\"ListItem\",\"position\":1,\"name\":\"Home\",\"item\":\"https:\\\/\\\/kibrisdakik.com\\\/\"},{\"@type\":\"ListItem\",\"position\":2,\"name\":\"KKTC 41 ya\u015f\u0131nda\u2026 15 Kas\u0131m Cumhuriyet Bayram\u0131 t\u00f6renlerle kutlanacak\"}]},{\"@type\":\"WebSite\",\"@id\":\"https:\\\/\\\/kibrisdakik.com\\\/#website\",\"url\":\"https:\\\/\\\/kibrisdakik.com\\\/\",\"name\":\"\",\"description\":\"Tam vaktinde haber\",\"potentialAction\":[{\"@type\":\"SearchAction\",\"target\":{\"@type\":\"EntryPoint\",\"urlTemplate\":\"https:\\\/\\\/kibrisdakik.com\\\/?s={search_term_string}\"},\"query-input\":{\"@type\":\"PropertyValueSpecification\",\"valueRequired\":true,\"valueName\":\"search_term_string\"}}],\"inLanguage\":\"tr\"},{\"@type\":\"Person\",\"@id\":\"https:\\\/\\\/kibrisdakik.com\\\/#\\\/schema\\\/person\\\/9cd9d437bbb44f72b73ba127e06d8e79\",\"name\":\"admin\",\"image\":{\"@type\":\"ImageObject\",\"inLanguage\":\"tr\",\"@id\":\"https:\\\/\\\/secure.gravatar.com\\\/avatar\\\/ccc17943b9d660506c869530f897617f7cb1c21a4bf30023f252596d83e1f007?s=96&d=mm&r=g\",\"url\":\"https:\\\/\\\/secure.gravatar.com\\\/avatar\\\/ccc17943b9d660506c869530f897617f7cb1c21a4bf30023f252596d83e1f007?s=96&d=mm&r=g\",\"contentUrl\":\"https:\\\/\\\/secure.gravatar.com\\\/avatar\\\/ccc17943b9d660506c869530f897617f7cb1c21a4bf30023f252596d83e1f007?s=96&d=mm&r=g\",\"caption\":\"admin\"},\"sameAs\":[\"https:\\\/\\\/kibrisdakik.com\"],\"url\":\"https:\\\/\\\/kibrisdakik.com\\\/?author=1\"}]}<\/script>\n<!-- \/ Yoast SEO plugin. -->","yoast_head_json":{"title":"KKTC 41 ya\u015f\u0131nda\u2026 15 Kas\u0131m Cumhuriyet Bayram\u0131 t\u00f6renlerle kutlanacak -","robots":{"index":"index","follow":"follow","max-snippet":"max-snippet:-1","max-image-preview":"max-image-preview:large","max-video-preview":"max-video-preview:-1"},"canonical":"https:\/\/kibrisdakik.com\/?p=69085","og_locale":"tr_TR","og_type":"article","og_title":"KKTC 41 ya\u015f\u0131nda\u2026 15 Kas\u0131m Cumhuriyet Bayram\u0131 t\u00f6renlerle kutlanacak -","og_description":"Kuzey K\u0131br\u0131s T\u00fcrk Cumhuriyeti\u2019nin 41\u2019inci kurulu\u015f y\u0131l d\u00f6n\u00fcm\u00fc \u00fclke genelinde d\u00fczenlenecek t\u00f6ren ve etkinliklerle kutlanacak. Milli G\u00fcnleri Kutlama Merkez Komitesi Ba\u015fkanl\u0131\u011f\u0131ndan yap\u0131lan a\u00e7\u0131klamaya g\u00f6re, t\u00f6renler bug\u00fcn Cumhurba\u015fkan\u0131 Ersin Tatar\u2019\u0131n saat 12.00\u2019de Bayrak Radyo ve Televizyonu Kurumu\u2019ndan yapaca\u011f\u0131 konu\u015fma ve 21 pare top at\u0131\u015f\u0131yla ba\u015flayacak.Ard\u0131ndan saat 12.30\u2019da Dr. Faz\u0131l K\u00fc\u00e7\u00fck An\u0131t Mezar\u0131\u2019nda ve 13.00\u2019te Rauf Raif","og_url":"https:\/\/kibrisdakik.com\/?p=69085","article_published_time":"2024-11-14T09:10:32+00:00","og_image":[{"width":1024,"height":576,"url":"https:\/\/kibrisdakik.com\/wp-content\/uploads\/2024\/11\/kktc-bayrak-guncel-kibris-1024x5764-1-740x420.jpg","type":"image\/jpeg"}],"author":"admin","twitter_card":"summary_large_image","twitter_misc":{"Yazan:":"admin","Tahmini okuma s\u00fcresi":"9 dakika"},"schema":{"@context":"https:\/\/schema.org","@graph":[{"@type":"Article","@id":"https:\/\/kibrisdakik.com\/?p=69085#article","isPartOf":{"@id":"https:\/\/kibrisdakik.com\/?p=69085"},"author":{"name":"admin","@id":"https:\/\/kibrisdakik.com\/#\/schema\/person\/9cd9d437bbb44f72b73ba127e06d8e79"},"headline":"KKTC 41 ya\u015f\u0131nda\u2026 15 Kas\u0131m Cumhuriyet Bayram\u0131 t\u00f6renlerle kutlanacak","datePublished":"2024-11-14T09:10:32+00:00","mainEntityOfPage":{"@id":"https:\/\/kibrisdakik.com\/?p=69085"},"wordCount":1758,"commentCount":0,"image":{"@id":"https:\/\/kibrisdakik.com\/?p=69085#primaryimage"},"thumbnailUrl":"https:\/\/kibrisdakik.com\/wp-content\/uploads\/2024\/11\/kktc-bayrak-guncel-kibris-1024x5764-1-740x420.jpg","articleSection":["K\u0131br\u0131s"],"inLanguage":"tr","potentialAction":[{"@type":"CommentAction","name":"Comment","target":["https:\/\/kibrisdakik.com\/?p=69085#respond"]}]},{"@type":"WebPage","@id":"https:\/\/kibrisdakik.com\/?p=69085","url":"https:\/\/kibrisdakik.com\/?p=69085","name":"KKTC 41 ya\u015f\u0131nda\u2026 15 Kas\u0131m Cumhuriyet Bayram\u0131 t\u00f6renlerle kutlanacak -","isPartOf":{"@id":"https:\/\/kibrisdakik.com\/#website"},"primaryImageOfPage":{"@id":"https:\/\/kibrisdakik.com\/?p=69085#primaryimage"},"image":{"@id":"https:\/\/kibrisdakik.com\/?p=69085#primaryimage"},"thumbnailUrl":"https:\/\/kibrisdakik.com\/wp-content\/uploads\/2024\/11\/kktc-bayrak-guncel-kibris-1024x5764-1-740x420.jpg","datePublished":"2024-11-14T09:10:32+00:00","author":{"@id":"https:\/\/kibrisdakik.com\/#\/schema\/person\/9cd9d437bbb44f72b73ba127e06d8e79"},"breadcrumb":{"@id":"https:\/\/kibrisdakik.com\/?p=69085#breadcrumb"},"inLanguage":"tr","potentialAction":[{"@type":"ReadAction","target":["https:\/\/kibrisdakik.com\/?p=69085"]}]},{"@type":"ImageObject","inLanguage":"tr","@id":"https:\/\/kibrisdakik.com\/?p=69085#primaryimage","url":"https:\/\/kibrisdakik.com\/wp-content\/uploads\/2024\/11\/kktc-bayrak-guncel-kibris-1024x5764-1-740x420.jpg","contentUrl":"https:\/\/kibrisdakik.com\/wp-content\/uploads\/2024\/11\/kktc-bayrak-guncel-kibris-1024x5764-1-740x420.jpg","width":1024,"height":576},{"@type":"BreadcrumbList","@id":"https:\/\/kibrisdakik.com\/?p=69085#breadcrumb","itemListElement":[{"@type":"ListItem","position":1,"name":"Home","item":"https:\/\/kibrisdakik.com\/"},{"@type":"ListItem","position":2,"name":"KKTC 41 ya\u015f\u0131nda\u2026 15 Kas\u0131m Cumhuriyet Bayram\u0131 t\u00f6renlerle kutlanacak"}]},{"@type":"WebSite","@id":"https:\/\/kibrisdakik.com\/#website","url":"https:\/\/kibrisdakik.com\/","name":"","description":"Tam vaktinde haber","potentialAction":[{"@type":"SearchAction","target":{"@type":"EntryPoint","urlTemplate":"https:\/\/kibrisdakik.com\/?s={search_term_string}"},"query-input":{"@type":"PropertyValueSpecification","valueRequired":true,"valueName":"search_term_string"}}],"inLanguage":"tr"},{"@type":"Person","@id":"https:\/\/kibrisdakik.com\/#\/schema\/person\/9cd9d437bbb44f72b73ba127e06d8e79","name":"admin","image":{"@type":"ImageObject","inLanguage":"tr","@id":"https:\/\/secure.gravatar.com\/avatar\/ccc17943b9d660506c869530f897617f7cb1c21a4bf30023f252596d83e1f007?s=96&d=mm&r=g","url":"https:\/\/secure.gravatar.com\/avatar\/ccc17943b9d660506c869530f897617f7cb1c21a4bf30023f252596d83e1f007?s=96&d=mm&r=g","contentUrl":"https:\/\/secure.gravatar.com\/avatar\/ccc17943b9d660506c869530f897617f7cb1c21a4bf30023f252596d83e1f007?s=96&d=mm&r=g","caption":"admin"},"sameAs":["https:\/\/kibrisdakik.com"],"url":"https:\/\/kibrisdakik.com\/?author=1"}]}},"_links":{"self":[{"href":"https:\/\/kibrisdakik.com\/index.php?rest_route=\/wp\/v2\/posts\/69085","targetHints":{"allow":["GET"]}}],"collection":[{"href":"https:\/\/kibrisdakik.com\/index.php?rest_route=\/wp\/v2\/posts"}],"about":[{"href":"https:\/\/kibrisdakik.com\/index.php?rest_route=\/wp\/v2\/types\/post"}],"author":[{"embeddable":true,"href":"https:\/\/kibrisdakik.com\/index.php?rest_route=\/wp\/v2\/users\/1"}],"replies":[{"embeddable":true,"href":"https:\/\/kibrisdakik.com\/index.php?rest_route=%2Fwp%2Fv2%2Fcomments&post=69085"}],"version-history":[{"count":0,"href":"https:\/\/kibrisdakik.com\/index.php?rest_route=\/wp\/v2\/posts\/69085\/revisions"}],"wp:featuredmedia":[{"embeddable":true,"href":"https:\/\/kibrisdakik.com\/index.php?rest_route=\/wp\/v2\/media\/69086"}],"wp:attachment":[{"href":"https:\/\/kibrisdakik.com\/index.php?rest_route=%2Fwp%2Fv2%2Fmedia&parent=69085"}],"wp:term":[{"taxonomy":"category","embeddable":true,"href":"https:\/\/kibrisdakik.com\/index.php?rest_route=%2Fwp%2Fv2%2Fcategories&post=69085"},{"taxonomy":"post_tag","embeddable":true,"href":"https:\/\/kibrisdakik.com\/index.php?rest_route=%2Fwp%2Fv2%2Ftags&post=69085"}],"curies":[{"name":"wp","href":"https:\/\/api.w.org\/{rel}","templated":true}]}}