{"id":69087,"date":"2024-11-14T12:14:07","date_gmt":"2024-11-14T09:14:07","guid":{"rendered":"https:\/\/kibrisdakik.com\/index.php\/2024\/11\/14\/kktcnin-41inci-kurulus-yil-donumu-mesajlari\/"},"modified":"2024-11-14T12:14:07","modified_gmt":"2024-11-14T09:14:07","slug":"kktcnin-41inci-kurulus-yil-donumu-mesajlari","status":"publish","type":"post","link":"https:\/\/kibrisdakik.com\/?p=69087","title":{"rendered":"KKTC\u2019nin 41\u2019inci kurulu\u015f y\u0131l d\u00f6n\u00fcm\u00fc mesajlar\u0131\u2026"},"content":{"rendered":"<div>\n<div class=\"mariselle-image-container center\">\n                                            <\/div>\n<p>Kuzey K\u0131br\u0131s T\u00fcrk Cumhuriyeti\u2019nin (KKTC) 41. kurulu\u015f y\u0131l d\u00f6n\u00fcm\u00fc dolay\u0131s\u0131yla K\u0131br\u0131s T\u00fcrk Memur Sendikas\u0131 ve K\u0131br\u0131s T\u00fcrk \u00d6\u011fretmenler Derne\u011fi mesaj yay\u0131mlad\u0131.<\/p>\n<p>K\u0131br\u0131s T\u00fcrk Memur Sendikas\u0131 (Memur-Sen) Ba\u015fkan\u0131 Ak\u0131n Manga, K\u0131br\u0131s T\u00fcrk Halk\u0131 olarak, Kuzey K\u0131br\u0131s T\u00fcrk Cumhuriyeti\u2019nin 41. Kurulu\u015f y\u0131ld\u00f6n\u00fcm\u00fc kutlaman\u0131n, onur ve gururunu ya\u015fad\u0131klar\u0131n\u0131 belirtti.<\/p>\n<p>Manga, Kuzey K\u0131br\u0131s T\u00fcrk Cumhuriyeti\u2019nin 41. kurulu\u015f y\u0131l d\u00f6n\u00fcm\u00fc dolay\u0131s\u0131yla yay\u0131mlad\u0131\u011f\u0131 mesajda, K\u0131br\u0131s T\u00fcrk halk\u0131n\u0131n, Rum-Yunan taraf\u0131n\u0131n K\u0131br\u0131s\u2019\u0131 Yunanistan\u2019a ilhak hedefiyle y\u00fcr\u00fctt\u00fc\u011f\u00fc Akritas soyk\u0131r\u0131m plan\u0131na kar\u015f\u0131, y\u0131llarca kahramanca direnerek, k\u0131s\u0131tl\u0131 imkanlara ra\u011fmen, destans\u0131 bir varolu\u015f m\u00fccadelesi verildi\u011fini s\u00f6yledi.<\/p>\n<p>Manga, \u201c20 Temmuz 1974 Mutlu Bar\u0131\u015f Harekat\u0131 ve 14-16 A\u011fustos 1974 Bar\u0131\u015f Harekat\u0131n\u0131n ikinci a\u015famas\u0131 sonucunda, K\u0131br\u0131s\u2019\u0131n kuzeyinde 3242 km karelik bir co\u011frafyaya sahip olunmu\u015ftur. Cenevre n\u00fcfus m\u00fcbadelesi sonucunda, g\u00f6n\u00fcll\u00fc olarak g\u00fcneyde kalan T\u00fcrkler kuzeye, kuzeyde kalan Rumlarda g\u00fcneye ge\u00e7erek, iki kesimlilik olu\u015fmu\u015ftur.\u201d dedi.<\/p>\n<p>1967\u2019den beri y\u00fcr\u00fct\u00fclen Federal \u00e7\u00f6z\u00fcm aray\u0131\u015flar\u0131n\u0131n Rum taraf\u0131n\u0131n hakimiyet\u00e7i zihniyeti ve K\u0131br\u0131s T\u00fcrk\u00fcn\u00fc az\u0131nl\u0131k g\u00f6ren bak\u0131\u015f a\u00e7\u0131s\u0131 nedeniyle her zaman akamete u\u011frat\u0131ld\u0131\u011f\u0131n\u0131 belirten Manga, \u201cBu gerek\u00e7e ile 15 Kas\u0131m 1983\u2019te, K\u0131br\u0131s T\u00fcrk Federe Meclisi oy birli\u011fiyle KKTC devletinin ilan\u0131na karar verdi. 1985 Anayasas\u0131\u2019n\u0131n, K\u0131br\u0131s T\u00fcrk halk\u0131n\u0131n evrensel, Self-Determinasyon hakk\u0131n\u0131 kullanarak onay\u0131yla egemen varl\u0131\u011f\u0131n\u0131n tescilini per\u00e7inlemi\u015ftir.\u201d ifadelerini kulland\u0131.<\/p>\n<p>D\u00fcnya tan\u0131sa da, tan\u0131masa da KKTC Meclisi\u2019nin, K\u0131br\u0131s T\u00fcrk halk\u0131n\u0131n egemen varl\u0131\u011f\u0131n\u0131n simgesi oldu\u011funu vurgulayan Manga, son d\u00f6nemde k\u0131s\u0131r siyasi hesaplarla KKTC Meclis \u00e7al\u0131\u015fmalar\u0131n\u0131n aksat\u0131lmas\u0131n\u0131n kabul edilmesinin m\u00fcmk\u00fcn olmad\u0131\u011f\u0131n\u0131 kaydetti.<\/p>\n<p>\u201c\u0130ktidara ve muhalefete \u00e7a\u011fr\u0131m\u0131z, halk\u0131m\u0131z\u0131n vekaletinin gere\u011fini yerine getirerek, meclisi \u00e7al\u0131\u015ft\u0131rmalar\u0131d\u0131r.\u201d diyen Manga, Anavatan T\u00fcrkiye ile birlikte, KKTC\u2019nin egemen varl\u0131\u011f\u0131 ve uluslararas\u0131 e\u015fit siyasi stat\u00fcs\u00fc temelinde, siyasi bir \u00e7\u00f6z\u00fcme ve tan\u0131nma m\u00fccadelesine desteklerinin tam oldu\u011funu ifade etti.<\/p>\n<p>KKTC devletinin 41. kurulu\u015f y\u0131ld\u00f6n\u00fcm\u00fcn\u00fc kutlayan Manga, \u201cLiderimiz Dr. Faz\u0131l K\u00fc\u00e7\u00fck, kurucu Cumhurba\u015fkan\u0131m\u0131z Rauf Raif Denkta\u015f ile t\u00fcm \u015fehitlerimizi, minnet, \u015f\u00fckran ve rahmetle an\u0131yoruz.\u201d dedi.<\/p>\n<p>\u00d6te yandan, K\u0131br\u0131s T\u00fcrk \u00d6\u011fretmenler Derne\u011fi (KT\u00d6D) Ba\u015fkan\u0131 \u00dcmit Serdaro\u011flu da Kuzey K\u0131br\u0131s T\u00fcrk Cumhuriyeti\u2019nin 41. kurulu\u015f y\u0131l d\u00f6n\u00fcm\u00fc dolay\u0131s\u0131yla yay\u0131mlad\u0131\u011f\u0131 mesaj\u0131nda, \u201c15 Kas\u0131m Kuzey K\u0131br\u0131s T\u00fcrk Cumhuriyeti\u2019nin kurulu\u015f g\u00fcn\u00fcn\u00fc K\u0131br\u0131s T\u00fcrk halk\u0131 olarak b\u00fcy\u00fck bir co\u015fku i\u00e7inde kutluyoruz.\u201d ifadesini kulland\u0131.<\/p>\n<p>15 Kas\u0131m\u2019\u0131n K\u0131br\u0131s T\u00fcrk halk\u0131n\u0131n insan hak ve \u00f6zg\u00fcrl\u00fc\u011f\u00fcn\u00fcn do\u011fal sonucu olarak kendi kaderini tayin etme hakk\u0131n\u0131 t\u00fcm d\u00fcnyaya ilan etti\u011fi g\u00fcn oldu\u011funu belirten Serdaro\u011flu, K\u0131br\u0131s T\u00fcrk halk\u0131n\u0131n devlet olman\u0131n ko\u015fullar\u0131n\u0131 yerine getirerek kendi devletini 41 y\u0131l \u00f6nce t\u00fcm d\u00fcnyaya ilan etti\u011fini kaydetti.<\/p>\n<p>Serdaro\u011flu, \u201cK\u0131br\u0131s T\u00fcrk ve Rum devletleri aras\u0131nda var\u0131lacak olan bir anla\u015fmada, ortakl\u0131kta haklar\u0131m\u0131z\u0131 savunman\u0131n en etkili yolu, birlik ve beraberlik i\u00e7inde tek bir y\u00fcrek olarak hareket etmemizdir.\u201d dedi.<\/p>\n<\/p><\/div>\n<p><script async\n                    defer\n                    crossorigin=\"anonymous\"\n                    src=\"https:\/\/connect.facebook.net\/tr_TR\/sdk.js#xfbml=1&#038;version=v3.3\"\n            ><\/script><\/p>\n","protected":false},"excerpt":{"rendered":"<p>Kuzey K\u0131br\u0131s T\u00fcrk Cumhuriyeti\u2019nin (KKTC) 41. kurulu\u015f y\u0131l d\u00f6n\u00fcm\u00fc dolay\u0131s\u0131yla K\u0131br\u0131s T\u00fcrk Memur Sendikas\u0131 ve K\u0131br\u0131s T\u00fcrk \u00d6\u011fretmenler Derne\u011fi mesaj yay\u0131mlad\u0131. K\u0131br\u0131s T\u00fcrk Memur Sendikas\u0131 (Memur-Sen) Ba\u015fkan\u0131 Ak\u0131n Manga, K\u0131br\u0131s T\u00fcrk Halk\u0131 olarak, Kuzey K\u0131br\u0131s T\u00fcrk Cumhuriyeti\u2019nin 41. Kurulu\u015f y\u0131ld\u00f6n\u00fcm\u00fc kutlaman\u0131n, onur ve gururunu ya\u015fad\u0131klar\u0131n\u0131 belirtti. Manga, Kuzey K\u0131br\u0131s T\u00fcrk Cumhuriyeti\u2019nin 41. kurulu\u015f y\u0131l d\u00f6n\u00fcm\u00fc<\/p>\n","protected":false},"author":1,"featured_media":69088,"comment_status":"open","ping_status":"open","sticky":false,"template":"","format":"standard","meta":{"footnotes":""},"categories":[81],"tags":[],"class_list":["post-69087","post","type-post","status-publish","format-standard","has-post-thumbnail","hentry","category-kibris"],"yoast_head":"<!-- This site is optimized with the Yoast SEO plugin v27.4 - https:\/\/yoast.com\/product\/yoast-seo-wordpress\/ -->\n<title>KKTC\u2019nin 41\u2019inci kurulu\u015f y\u0131l d\u00f6n\u00fcm\u00fc mesajlar\u0131\u2026 -<\/title>\n<meta name=\"robots\" content=\"index, follow, max-snippet:-1, max-image-preview:large, max-video-preview:-1\" \/>\n<link rel=\"canonical\" href=\"https:\/\/kibrisdakik.com\/?p=69087\" \/>\n<meta property=\"og:locale\" content=\"tr_TR\" \/>\n<meta property=\"og:type\" content=\"article\" \/>\n<meta property=\"og:title\" content=\"KKTC\u2019nin 41\u2019inci kurulu\u015f y\u0131l d\u00f6n\u00fcm\u00fc mesajlar\u0131\u2026 -\" \/>\n<meta property=\"og:description\" content=\"Kuzey K\u0131br\u0131s T\u00fcrk Cumhuriyeti\u2019nin (KKTC) 41. kurulu\u015f y\u0131l d\u00f6n\u00fcm\u00fc dolay\u0131s\u0131yla K\u0131br\u0131s T\u00fcrk Memur Sendikas\u0131 ve K\u0131br\u0131s T\u00fcrk \u00d6\u011fretmenler Derne\u011fi mesaj yay\u0131mlad\u0131. K\u0131br\u0131s T\u00fcrk Memur Sendikas\u0131 (Memur-Sen) Ba\u015fkan\u0131 Ak\u0131n Manga, K\u0131br\u0131s T\u00fcrk Halk\u0131 olarak, Kuzey K\u0131br\u0131s T\u00fcrk Cumhuriyeti\u2019nin 41. Kurulu\u015f y\u0131ld\u00f6n\u00fcm\u00fc kutlaman\u0131n, onur ve gururunu ya\u015fad\u0131klar\u0131n\u0131 belirtti. Manga, Kuzey K\u0131br\u0131s T\u00fcrk Cumhuriyeti\u2019nin 41. kurulu\u015f y\u0131l d\u00f6n\u00fcm\u00fc\" \/>\n<meta property=\"og:url\" content=\"https:\/\/kibrisdakik.com\/?p=69087\" \/>\n<meta property=\"article:published_time\" content=\"2024-11-14T09:14:07+00:00\" \/>\n<meta property=\"og:image\" content=\"https:\/\/kibrisdakik.com\/wp-content\/uploads\/2024\/11\/41.svg.svg+xml\" \/>\n\t<meta property=\"og:image:width\" content=\"1\" \/>\n\t<meta property=\"og:image:height\" content=\"1\" \/>\n\t<meta property=\"og:image:type\" content=\"image\/jpeg\" \/>\n<meta name=\"author\" content=\"admin\" \/>\n<meta name=\"twitter:card\" content=\"summary_large_image\" \/>\n<meta name=\"twitter:label1\" content=\"Yazan:\" \/>\n\t<meta name=\"twitter:data1\" content=\"admin\" \/>\n\t<meta name=\"twitter:label2\" content=\"Tahmini okuma s\u00fcresi\" \/>\n\t<meta name=\"twitter:data2\" content=\"3 dakika\" \/>\n<script type=\"application\/ld+json\" class=\"yoast-schema-graph\">{\"@context\":\"https:\\\/\\\/schema.org\",\"@graph\":[{\"@type\":\"Article\",\"@id\":\"https:\\\/\\\/kibrisdakik.com\\\/?p=69087#article\",\"isPartOf\":{\"@id\":\"https:\\\/\\\/kibrisdakik.com\\\/?p=69087\"},\"author\":{\"name\":\"admin\",\"@id\":\"https:\\\/\\\/kibrisdakik.com\\\/#\\\/schema\\\/person\\\/9cd9d437bbb44f72b73ba127e06d8e79\"},\"headline\":\"KKTC\u2019nin 41\u2019inci kurulu\u015f y\u0131l d\u00f6n\u00fcm\u00fc mesajlar\u0131\u2026\",\"datePublished\":\"2024-11-14T09:14:07+00:00\",\"mainEntityOfPage\":{\"@id\":\"https:\\\/\\\/kibrisdakik.com\\\/?p=69087\"},\"wordCount\":642,\"commentCount\":0,\"image\":{\"@id\":\"https:\\\/\\\/kibrisdakik.com\\\/?p=69087#primaryimage\"},\"thumbnailUrl\":\"https:\\\/\\\/kibrisdakik.com\\\/wp-content\\\/uploads\\\/2024\\\/11\\\/41.svg.svg+xml\",\"articleSection\":[\"K\u0131br\u0131s\"],\"inLanguage\":\"tr\",\"potentialAction\":[{\"@type\":\"CommentAction\",\"name\":\"Comment\",\"target\":[\"https:\\\/\\\/kibrisdakik.com\\\/?p=69087#respond\"]}]},{\"@type\":\"WebPage\",\"@id\":\"https:\\\/\\\/kibrisdakik.com\\\/?p=69087\",\"url\":\"https:\\\/\\\/kibrisdakik.com\\\/?p=69087\",\"name\":\"KKTC\u2019nin 41\u2019inci kurulu\u015f y\u0131l d\u00f6n\u00fcm\u00fc mesajlar\u0131\u2026 -\",\"isPartOf\":{\"@id\":\"https:\\\/\\\/kibrisdakik.com\\\/#website\"},\"primaryImageOfPage\":{\"@id\":\"https:\\\/\\\/kibrisdakik.com\\\/?p=69087#primaryimage\"},\"image\":{\"@id\":\"https:\\\/\\\/kibrisdakik.com\\\/?p=69087#primaryimage\"},\"thumbnailUrl\":\"https:\\\/\\\/kibrisdakik.com\\\/wp-content\\\/uploads\\\/2024\\\/11\\\/41.svg.svg+xml\",\"datePublished\":\"2024-11-14T09:14:07+00:00\",\"author\":{\"@id\":\"https:\\\/\\\/kibrisdakik.com\\\/#\\\/schema\\\/person\\\/9cd9d437bbb44f72b73ba127e06d8e79\"},\"breadcrumb\":{\"@id\":\"https:\\\/\\\/kibrisdakik.com\\\/?p=69087#breadcrumb\"},\"inLanguage\":\"tr\",\"potentialAction\":[{\"@type\":\"ReadAction\",\"target\":[\"https:\\\/\\\/kibrisdakik.com\\\/?p=69087\"]}]},{\"@type\":\"ImageObject\",\"inLanguage\":\"tr\",\"@id\":\"https:\\\/\\\/kibrisdakik.com\\\/?p=69087#primaryimage\",\"url\":\"https:\\\/\\\/kibrisdakik.com\\\/wp-content\\\/uploads\\\/2024\\\/11\\\/41.svg.svg+xml\",\"contentUrl\":\"https:\\\/\\\/kibrisdakik.com\\\/wp-content\\\/uploads\\\/2024\\\/11\\\/41.svg.svg+xml\"},{\"@type\":\"BreadcrumbList\",\"@id\":\"https:\\\/\\\/kibrisdakik.com\\\/?p=69087#breadcrumb\",\"itemListElement\":[{\"@type\":\"ListItem\",\"position\":1,\"name\":\"Home\",\"item\":\"https:\\\/\\\/kibrisdakik.com\\\/\"},{\"@type\":\"ListItem\",\"position\":2,\"name\":\"KKTC\u2019nin 41\u2019inci kurulu\u015f y\u0131l d\u00f6n\u00fcm\u00fc mesajlar\u0131\u2026\"}]},{\"@type\":\"WebSite\",\"@id\":\"https:\\\/\\\/kibrisdakik.com\\\/#website\",\"url\":\"https:\\\/\\\/kibrisdakik.com\\\/\",\"name\":\"\",\"description\":\"Tam vaktinde haber\",\"potentialAction\":[{\"@type\":\"SearchAction\",\"target\":{\"@type\":\"EntryPoint\",\"urlTemplate\":\"https:\\\/\\\/kibrisdakik.com\\\/?s={search_term_string}\"},\"query-input\":{\"@type\":\"PropertyValueSpecification\",\"valueRequired\":true,\"valueName\":\"search_term_string\"}}],\"inLanguage\":\"tr\"},{\"@type\":\"Person\",\"@id\":\"https:\\\/\\\/kibrisdakik.com\\\/#\\\/schema\\\/person\\\/9cd9d437bbb44f72b73ba127e06d8e79\",\"name\":\"admin\",\"image\":{\"@type\":\"ImageObject\",\"inLanguage\":\"tr\",\"@id\":\"https:\\\/\\\/secure.gravatar.com\\\/avatar\\\/ccc17943b9d660506c869530f897617f7cb1c21a4bf30023f252596d83e1f007?s=96&d=mm&r=g\",\"url\":\"https:\\\/\\\/secure.gravatar.com\\\/avatar\\\/ccc17943b9d660506c869530f897617f7cb1c21a4bf30023f252596d83e1f007?s=96&d=mm&r=g\",\"contentUrl\":\"https:\\\/\\\/secure.gravatar.com\\\/avatar\\\/ccc17943b9d660506c869530f897617f7cb1c21a4bf30023f252596d83e1f007?s=96&d=mm&r=g\",\"caption\":\"admin\"},\"sameAs\":[\"https:\\\/\\\/kibrisdakik.com\"],\"url\":\"https:\\\/\\\/kibrisdakik.com\\\/?author=1\"}]}<\/script>\n<!-- \/ Yoast SEO plugin. -->","yoast_head_json":{"title":"KKTC\u2019nin 41\u2019inci kurulu\u015f y\u0131l d\u00f6n\u00fcm\u00fc mesajlar\u0131\u2026 -","robots":{"index":"index","follow":"follow","max-snippet":"max-snippet:-1","max-image-preview":"max-image-preview:large","max-video-preview":"max-video-preview:-1"},"canonical":"https:\/\/kibrisdakik.com\/?p=69087","og_locale":"tr_TR","og_type":"article","og_title":"KKTC\u2019nin 41\u2019inci kurulu\u015f y\u0131l d\u00f6n\u00fcm\u00fc mesajlar\u0131\u2026 -","og_description":"Kuzey K\u0131br\u0131s T\u00fcrk Cumhuriyeti\u2019nin (KKTC) 41. kurulu\u015f y\u0131l d\u00f6n\u00fcm\u00fc dolay\u0131s\u0131yla K\u0131br\u0131s T\u00fcrk Memur Sendikas\u0131 ve K\u0131br\u0131s T\u00fcrk \u00d6\u011fretmenler Derne\u011fi mesaj yay\u0131mlad\u0131. K\u0131br\u0131s T\u00fcrk Memur Sendikas\u0131 (Memur-Sen) Ba\u015fkan\u0131 Ak\u0131n Manga, K\u0131br\u0131s T\u00fcrk Halk\u0131 olarak, Kuzey K\u0131br\u0131s T\u00fcrk Cumhuriyeti\u2019nin 41. Kurulu\u015f y\u0131ld\u00f6n\u00fcm\u00fc kutlaman\u0131n, onur ve gururunu ya\u015fad\u0131klar\u0131n\u0131 belirtti. Manga, Kuzey K\u0131br\u0131s T\u00fcrk Cumhuriyeti\u2019nin 41. kurulu\u015f y\u0131l d\u00f6n\u00fcm\u00fc","og_url":"https:\/\/kibrisdakik.com\/?p=69087","article_published_time":"2024-11-14T09:14:07+00:00","og_image":[{"url":"https:\/\/kibrisdakik.com\/wp-content\/uploads\/2024\/11\/41.svg.svg+xml","width":1,"height":1,"type":"image\/jpeg"}],"author":"admin","twitter_card":"summary_large_image","twitter_misc":{"Yazan:":"admin","Tahmini okuma s\u00fcresi":"3 dakika"},"schema":{"@context":"https:\/\/schema.org","@graph":[{"@type":"Article","@id":"https:\/\/kibrisdakik.com\/?p=69087#article","isPartOf":{"@id":"https:\/\/kibrisdakik.com\/?p=69087"},"author":{"name":"admin","@id":"https:\/\/kibrisdakik.com\/#\/schema\/person\/9cd9d437bbb44f72b73ba127e06d8e79"},"headline":"KKTC\u2019nin 41\u2019inci kurulu\u015f y\u0131l d\u00f6n\u00fcm\u00fc mesajlar\u0131\u2026","datePublished":"2024-11-14T09:14:07+00:00","mainEntityOfPage":{"@id":"https:\/\/kibrisdakik.com\/?p=69087"},"wordCount":642,"commentCount":0,"image":{"@id":"https:\/\/kibrisdakik.com\/?p=69087#primaryimage"},"thumbnailUrl":"https:\/\/kibrisdakik.com\/wp-content\/uploads\/2024\/11\/41.svg.svg+xml","articleSection":["K\u0131br\u0131s"],"inLanguage":"tr","potentialAction":[{"@type":"CommentAction","name":"Comment","target":["https:\/\/kibrisdakik.com\/?p=69087#respond"]}]},{"@type":"WebPage","@id":"https:\/\/kibrisdakik.com\/?p=69087","url":"https:\/\/kibrisdakik.com\/?p=69087","name":"KKTC\u2019nin 41\u2019inci kurulu\u015f y\u0131l d\u00f6n\u00fcm\u00fc mesajlar\u0131\u2026 -","isPartOf":{"@id":"https:\/\/kibrisdakik.com\/#website"},"primaryImageOfPage":{"@id":"https:\/\/kibrisdakik.com\/?p=69087#primaryimage"},"image":{"@id":"https:\/\/kibrisdakik.com\/?p=69087#primaryimage"},"thumbnailUrl":"https:\/\/kibrisdakik.com\/wp-content\/uploads\/2024\/11\/41.svg.svg+xml","datePublished":"2024-11-14T09:14:07+00:00","author":{"@id":"https:\/\/kibrisdakik.com\/#\/schema\/person\/9cd9d437bbb44f72b73ba127e06d8e79"},"breadcrumb":{"@id":"https:\/\/kibrisdakik.com\/?p=69087#breadcrumb"},"inLanguage":"tr","potentialAction":[{"@type":"ReadAction","target":["https:\/\/kibrisdakik.com\/?p=69087"]}]},{"@type":"ImageObject","inLanguage":"tr","@id":"https:\/\/kibrisdakik.com\/?p=69087#primaryimage","url":"https:\/\/kibrisdakik.com\/wp-content\/uploads\/2024\/11\/41.svg.svg+xml","contentUrl":"https:\/\/kibrisdakik.com\/wp-content\/uploads\/2024\/11\/41.svg.svg+xml"},{"@type":"BreadcrumbList","@id":"https:\/\/kibrisdakik.com\/?p=69087#breadcrumb","itemListElement":[{"@type":"ListItem","position":1,"name":"Home","item":"https:\/\/kibrisdakik.com\/"},{"@type":"ListItem","position":2,"name":"KKTC\u2019nin 41\u2019inci kurulu\u015f y\u0131l d\u00f6n\u00fcm\u00fc mesajlar\u0131\u2026"}]},{"@type":"WebSite","@id":"https:\/\/kibrisdakik.com\/#website","url":"https:\/\/kibrisdakik.com\/","name":"","description":"Tam vaktinde haber","potentialAction":[{"@type":"SearchAction","target":{"@type":"EntryPoint","urlTemplate":"https:\/\/kibrisdakik.com\/?s={search_term_string}"},"query-input":{"@type":"PropertyValueSpecification","valueRequired":true,"valueName":"search_term_string"}}],"inLanguage":"tr"},{"@type":"Person","@id":"https:\/\/kibrisdakik.com\/#\/schema\/person\/9cd9d437bbb44f72b73ba127e06d8e79","name":"admin","image":{"@type":"ImageObject","inLanguage":"tr","@id":"https:\/\/secure.gravatar.com\/avatar\/ccc17943b9d660506c869530f897617f7cb1c21a4bf30023f252596d83e1f007?s=96&d=mm&r=g","url":"https:\/\/secure.gravatar.com\/avatar\/ccc17943b9d660506c869530f897617f7cb1c21a4bf30023f252596d83e1f007?s=96&d=mm&r=g","contentUrl":"https:\/\/secure.gravatar.com\/avatar\/ccc17943b9d660506c869530f897617f7cb1c21a4bf30023f252596d83e1f007?s=96&d=mm&r=g","caption":"admin"},"sameAs":["https:\/\/kibrisdakik.com"],"url":"https:\/\/kibrisdakik.com\/?author=1"}]}},"_links":{"self":[{"href":"https:\/\/kibrisdakik.com\/index.php?rest_route=\/wp\/v2\/posts\/69087","targetHints":{"allow":["GET"]}}],"collection":[{"href":"https:\/\/kibrisdakik.com\/index.php?rest_route=\/wp\/v2\/posts"}],"about":[{"href":"https:\/\/kibrisdakik.com\/index.php?rest_route=\/wp\/v2\/types\/post"}],"author":[{"embeddable":true,"href":"https:\/\/kibrisdakik.com\/index.php?rest_route=\/wp\/v2\/users\/1"}],"replies":[{"embeddable":true,"href":"https:\/\/kibrisdakik.com\/index.php?rest_route=%2Fwp%2Fv2%2Fcomments&post=69087"}],"version-history":[{"count":0,"href":"https:\/\/kibrisdakik.com\/index.php?rest_route=\/wp\/v2\/posts\/69087\/revisions"}],"wp:featuredmedia":[{"embeddable":true,"href":"https:\/\/kibrisdakik.com\/index.php?rest_route=\/wp\/v2\/media\/69088"}],"wp:attachment":[{"href":"https:\/\/kibrisdakik.com\/index.php?rest_route=%2Fwp%2Fv2%2Fmedia&parent=69087"}],"wp:term":[{"taxonomy":"category","embeddable":true,"href":"https:\/\/kibrisdakik.com\/index.php?rest_route=%2Fwp%2Fv2%2Fcategories&post=69087"},{"taxonomy":"post_tag","embeddable":true,"href":"https:\/\/kibrisdakik.com\/index.php?rest_route=%2Fwp%2Fv2%2Ftags&post=69087"}],"curies":[{"name":"wp","href":"https:\/\/api.w.org\/{rel}","templated":true}]}}