{"id":6911,"date":"2023-05-14T20:00:26","date_gmt":"2023-05-14T20:00:26","guid":{"rendered":"https:\/\/kibrisdakik.com\/index.php\/2023\/05\/14\/meclis-futbol-takimi-genclerle-mac-yapti\/"},"modified":"2023-05-14T20:00:26","modified_gmt":"2023-05-14T20:00:26","slug":"meclis-futbol-takimi-genclerle-mac-yapti","status":"publish","type":"post","link":"https:\/\/kibrisdakik.com\/?p=6911","title":{"rendered":"Meclis futbol tak\u0131m\u0131 gen\u00e7lerle ma\u00e7 yapt\u0131"},"content":{"rendered":"<p><\/p>\n<div>\n<div class=\"mariselle-image-container center\">\n                <img width=\"1024\" height=\"638\" class=\"lazy-image\" alt=\"\" decoding=\"async\" loading=\"lazy\" sizes=\"auto, (max-width: 1024px) 100vw, 1024px\" src=\"https:\/\/brtk.net\/wp-content\/uploads\/2023\/05\/14\/e-meclis-futbol-3-1024x638.jpg?ver=ad8b79bdb0d92f190f748b7b2c8033fa\" srcset=\"https:\/\/brtk.net\/wp-content\/uploads\/2023\/05\/14\/e-meclis-futbol-3-1024x638.jpg?ver=ad8b79bdb0d92f190f748b7b2c8033fa 1024w, https:\/\/brtk.net\/wp-content\/uploads\/2023\/05\/14\/e-meclis-futbol-3-300x187.jpg?ver=ad8b79bdb0d92f190f748b7b2c8033fa 300w, https:\/\/brtk.net\/wp-content\/uploads\/2023\/05\/14\/e-meclis-futbol-3-768x479.jpg?ver=828c5740ff647046f476eeaafc31ffce 768w, https:\/\/brtk.net\/wp-content\/uploads\/2023\/05\/14\/e-meclis-futbol-3-1536x957.jpg?ver=828c5740ff647046f476eeaafc31ffce 1536w, https:\/\/brtk.net\/wp-content\/uploads\/2023\/05\/14\/e-meclis-futbol-3-2048x1276.jpg?ver=52f2b7a8b0cf86f57f69e4fc38605859 2048w\"\/>                            <\/div>\n<p>Cumhuriyet Meclisi Futbol Tak\u0131m\u0131, 19 May\u0131s Atat\u00fcrk\u2019\u00fc Anma, Gen\u00e7lik ve Spor Bayram\u0131 nedeniyle gen\u00e7lerden kurulan tak\u0131mla ma\u00e7 yapt\u0131.<\/p>\n<p>Cumhuriyet Meclisinden verilen bilgiye g\u00f6re, G\u00f6nyeli Stadyumundaki ma\u00e7\u0131 Cumhuriyet Meclisi Ba\u015fkan\u0131 Zorlu T\u00f6re de takip etti.<\/p>\n<p>Meclis tak\u0131m\u0131nda, Bay\u0131nd\u0131rl\u0131k ve Ula\u015ft\u0131rma Bakan\u0131 Erhan Ar\u0131kl\u0131, Maliye Bakan\u0131 Dursun O\u011fuz, <a href=\"https:\/\/brtk.net\/\">UBP<\/a> Milletvekili Ahmet Sava\u015fan, <a href=\"https:\/\/brtk.net\/\">CTP<\/a> Milletvekili Teberr\u00fcken Ulu\u00e7ay ile eski Milletvekillerinden Kadri Fellaho\u011flu da yer ald\u0131.<\/p>\n<p>\u00d6d\u00fcl t\u00f6reninde yapt\u0131\u011f\u0131 konu\u015fmada organizasyonun \u00e7ok anlaml\u0131 oldu\u011funu vurgulayarak, gen\u00e7lere olan g\u00fcveninin tam oldu\u011funu kaydeden Cumhuriyet Meclisi Ba\u015fkan\u0131 Zorlu T\u00f6re, ba\u011f\u0131ms\u0131zl\u0131\u011f\u0131n \u00f6nemine i\u015faret ederek devlete her zaman sahip \u00e7\u0131k\u0131lmas\u0131 gerekti\u011fini belirtti.<\/p>\n<p>Meclis Tak\u0131m\u0131 kaptan\u0131 ve Meclis \u0130dari, Mali, Teknik, Parlamenter Hizmetler M\u00fcd\u00fcr\u00fc Hasan B\u00fcy\u00fcko\u011flu, her y\u0131l 19 May\u0131s\u2019ta gen\u00e7lerle bulu\u015ftuklar\u0131n\u0131, bu anlaml\u0131 g\u00fcn\u00fcn an\u0131s\u0131n\u0131 her zaman ya\u015fatmak istediklerini s\u00f6yledi.<\/p>\n<p>Gen\u00e7ler ad\u0131na konu\u015fan Fatma M\u00fcsbah ise b\u00f6yle ma\u00e7ta yer almaktan dolay\u0131 \u00e7ok heyecanl\u0131 olduklar\u0131n\u0131<\/p>\n<p>\u00fclkenin gelece\u011fini \u015fekillendirirken sorumluluklar\u0131n da fark\u0131nda olduklar\u0131n\u0131 ifade etti ve organizasyondan dolay\u0131 te\u015fekk\u00fcr etti.<\/p>\n<p>Gen\u00e7lerden olu\u015fan tak\u0131m , Cumhuriyet Meclisi Futbol tak\u0131m\u0131n\u0131 7-2 ma\u011flup etti.<\/p>\n<\/p><\/div>\n<p><script async\n                    defer\n                    crossorigin=\"anonymous\"\n                    src=\"https:\/\/connect.facebook.net\/tr_TR\/sdk.js#xfbml=1&#038;version=v3.3\"\n            ><\/script><\/p>\n","protected":false},"excerpt":{"rendered":"<p>Cumhuriyet Meclisi Futbol Tak\u0131m\u0131, 19 May\u0131s Atat\u00fcrk\u2019\u00fc Anma, Gen\u00e7lik ve Spor Bayram\u0131 nedeniyle gen\u00e7lerden kurulan tak\u0131mla ma\u00e7 yapt\u0131. Cumhuriyet Meclisinden verilen bilgiye g\u00f6re, G\u00f6nyeli Stadyumundaki ma\u00e7\u0131 Cumhuriyet Meclisi Ba\u015fkan\u0131 Zorlu T\u00f6re de takip etti. Meclis tak\u0131m\u0131nda, Bay\u0131nd\u0131rl\u0131k ve Ula\u015ft\u0131rma Bakan\u0131 Erhan Ar\u0131kl\u0131, Maliye Bakan\u0131 Dursun O\u011fuz, UBP Milletvekili Ahmet Sava\u015fan, CTP Milletvekili Teberr\u00fcken Ulu\u00e7ay ile<\/p>\n","protected":false},"author":1,"featured_media":6912,"comment_status":"open","ping_status":"open","sticky":false,"template":"","format":"standard","meta":{"footnotes":""},"categories":[1],"tags":[],"class_list":["post-6911","post","type-post","status-publish","format-standard","has-post-thumbnail","hentry","category-gundem"],"yoast_head":"<!-- This site is optimized with the Yoast SEO plugin v27.4 - https:\/\/yoast.com\/product\/yoast-seo-wordpress\/ -->\n<title>Meclis futbol tak\u0131m\u0131 gen\u00e7lerle ma\u00e7 yapt\u0131 -<\/title>\n<meta name=\"robots\" content=\"index, follow, max-snippet:-1, max-image-preview:large, max-video-preview:-1\" \/>\n<link rel=\"canonical\" href=\"https:\/\/kibrisdakik.com\/?p=6911\" \/>\n<meta property=\"og:locale\" content=\"tr_TR\" \/>\n<meta property=\"og:type\" content=\"article\" \/>\n<meta property=\"og:title\" content=\"Meclis futbol tak\u0131m\u0131 gen\u00e7lerle ma\u00e7 yapt\u0131 -\" \/>\n<meta property=\"og:description\" content=\"Cumhuriyet Meclisi Futbol Tak\u0131m\u0131, 19 May\u0131s Atat\u00fcrk\u2019\u00fc Anma, Gen\u00e7lik ve Spor Bayram\u0131 nedeniyle gen\u00e7lerden kurulan tak\u0131mla ma\u00e7 yapt\u0131. Cumhuriyet Meclisinden verilen bilgiye g\u00f6re, G\u00f6nyeli Stadyumundaki ma\u00e7\u0131 Cumhuriyet Meclisi Ba\u015fkan\u0131 Zorlu T\u00f6re de takip etti. Meclis tak\u0131m\u0131nda, Bay\u0131nd\u0131rl\u0131k ve Ula\u015ft\u0131rma Bakan\u0131 Erhan Ar\u0131kl\u0131, Maliye Bakan\u0131 Dursun O\u011fuz, UBP Milletvekili Ahmet Sava\u015fan, CTP Milletvekili Teberr\u00fcken Ulu\u00e7ay ile\" \/>\n<meta property=\"og:url\" content=\"https:\/\/kibrisdakik.com\/?p=6911\" \/>\n<meta property=\"article:published_time\" content=\"2023-05-14T20:00:26+00:00\" \/>\n<meta property=\"og:image\" content=\"https:\/\/kibrisdakik.com\/wp-content\/uploads\/2023\/05\/e-meclis-futbol-3-740x420.jpg\" \/>\n\t<meta property=\"og:image:width\" content=\"2500\" \/>\n\t<meta property=\"og:image:height\" content=\"1558\" \/>\n\t<meta property=\"og:image:type\" content=\"image\/jpeg\" \/>\n<meta name=\"author\" content=\"admin\" \/>\n<meta name=\"twitter:card\" content=\"summary_large_image\" \/>\n<meta name=\"twitter:label1\" content=\"Yazan:\" \/>\n\t<meta name=\"twitter:data1\" content=\"admin\" \/>\n\t<meta name=\"twitter:label2\" content=\"Tahmini okuma s\u00fcresi\" \/>\n\t<meta name=\"twitter:data2\" content=\"1 dakika\" \/>\n<script type=\"application\/ld+json\" class=\"yoast-schema-graph\">{\"@context\":\"https:\\\/\\\/schema.org\",\"@graph\":[{\"@type\":\"Article\",\"@id\":\"https:\\\/\\\/kibrisdakik.com\\\/?p=6911#article\",\"isPartOf\":{\"@id\":\"https:\\\/\\\/kibrisdakik.com\\\/?p=6911\"},\"author\":{\"name\":\"admin\",\"@id\":\"https:\\\/\\\/kibrisdakik.com\\\/#\\\/schema\\\/person\\\/9cd9d437bbb44f72b73ba127e06d8e79\"},\"headline\":\"Meclis futbol tak\u0131m\u0131 gen\u00e7lerle ma\u00e7 yapt\u0131\",\"datePublished\":\"2023-05-14T20:00:26+00:00\",\"mainEntityOfPage\":{\"@id\":\"https:\\\/\\\/kibrisdakik.com\\\/?p=6911\"},\"wordCount\":240,\"commentCount\":0,\"image\":{\"@id\":\"https:\\\/\\\/kibrisdakik.com\\\/?p=6911#primaryimage\"},\"thumbnailUrl\":\"https:\\\/\\\/kibrisdakik.com\\\/wp-content\\\/uploads\\\/2023\\\/05\\\/e-meclis-futbol-3-740x420.jpg\",\"articleSection\":[\"G\u00fcndem\"],\"inLanguage\":\"tr\",\"potentialAction\":[{\"@type\":\"CommentAction\",\"name\":\"Comment\",\"target\":[\"https:\\\/\\\/kibrisdakik.com\\\/?p=6911#respond\"]}]},{\"@type\":\"WebPage\",\"@id\":\"https:\\\/\\\/kibrisdakik.com\\\/?p=6911\",\"url\":\"https:\\\/\\\/kibrisdakik.com\\\/?p=6911\",\"name\":\"Meclis futbol tak\u0131m\u0131 gen\u00e7lerle ma\u00e7 yapt\u0131 -\",\"isPartOf\":{\"@id\":\"https:\\\/\\\/kibrisdakik.com\\\/#website\"},\"primaryImageOfPage\":{\"@id\":\"https:\\\/\\\/kibrisdakik.com\\\/?p=6911#primaryimage\"},\"image\":{\"@id\":\"https:\\\/\\\/kibrisdakik.com\\\/?p=6911#primaryimage\"},\"thumbnailUrl\":\"https:\\\/\\\/kibrisdakik.com\\\/wp-content\\\/uploads\\\/2023\\\/05\\\/e-meclis-futbol-3-740x420.jpg\",\"datePublished\":\"2023-05-14T20:00:26+00:00\",\"author\":{\"@id\":\"https:\\\/\\\/kibrisdakik.com\\\/#\\\/schema\\\/person\\\/9cd9d437bbb44f72b73ba127e06d8e79\"},\"breadcrumb\":{\"@id\":\"https:\\\/\\\/kibrisdakik.com\\\/?p=6911#breadcrumb\"},\"inLanguage\":\"tr\",\"potentialAction\":[{\"@type\":\"ReadAction\",\"target\":[\"https:\\\/\\\/kibrisdakik.com\\\/?p=6911\"]}]},{\"@type\":\"ImageObject\",\"inLanguage\":\"tr\",\"@id\":\"https:\\\/\\\/kibrisdakik.com\\\/?p=6911#primaryimage\",\"url\":\"https:\\\/\\\/kibrisdakik.com\\\/wp-content\\\/uploads\\\/2023\\\/05\\\/e-meclis-futbol-3-740x420.jpg\",\"contentUrl\":\"https:\\\/\\\/kibrisdakik.com\\\/wp-content\\\/uploads\\\/2023\\\/05\\\/e-meclis-futbol-3-740x420.jpg\",\"width\":2500,\"height\":1558},{\"@type\":\"BreadcrumbList\",\"@id\":\"https:\\\/\\\/kibrisdakik.com\\\/?p=6911#breadcrumb\",\"itemListElement\":[{\"@type\":\"ListItem\",\"position\":1,\"name\":\"Home\",\"item\":\"https:\\\/\\\/kibrisdakik.com\\\/\"},{\"@type\":\"ListItem\",\"position\":2,\"name\":\"Meclis futbol tak\u0131m\u0131 gen\u00e7lerle ma\u00e7 yapt\u0131\"}]},{\"@type\":\"WebSite\",\"@id\":\"https:\\\/\\\/kibrisdakik.com\\\/#website\",\"url\":\"https:\\\/\\\/kibrisdakik.com\\\/\",\"name\":\"\",\"description\":\"Tam vaktinde haber\",\"potentialAction\":[{\"@type\":\"SearchAction\",\"target\":{\"@type\":\"EntryPoint\",\"urlTemplate\":\"https:\\\/\\\/kibrisdakik.com\\\/?s={search_term_string}\"},\"query-input\":{\"@type\":\"PropertyValueSpecification\",\"valueRequired\":true,\"valueName\":\"search_term_string\"}}],\"inLanguage\":\"tr\"},{\"@type\":\"Person\",\"@id\":\"https:\\\/\\\/kibrisdakik.com\\\/#\\\/schema\\\/person\\\/9cd9d437bbb44f72b73ba127e06d8e79\",\"name\":\"admin\",\"image\":{\"@type\":\"ImageObject\",\"inLanguage\":\"tr\",\"@id\":\"https:\\\/\\\/secure.gravatar.com\\\/avatar\\\/ccc17943b9d660506c869530f897617f7cb1c21a4bf30023f252596d83e1f007?s=96&d=mm&r=g\",\"url\":\"https:\\\/\\\/secure.gravatar.com\\\/avatar\\\/ccc17943b9d660506c869530f897617f7cb1c21a4bf30023f252596d83e1f007?s=96&d=mm&r=g\",\"contentUrl\":\"https:\\\/\\\/secure.gravatar.com\\\/avatar\\\/ccc17943b9d660506c869530f897617f7cb1c21a4bf30023f252596d83e1f007?s=96&d=mm&r=g\",\"caption\":\"admin\"},\"sameAs\":[\"https:\\\/\\\/kibrisdakik.com\"],\"url\":\"https:\\\/\\\/kibrisdakik.com\\\/?author=1\"}]}<\/script>\n<!-- \/ Yoast SEO plugin. -->","yoast_head_json":{"title":"Meclis futbol tak\u0131m\u0131 gen\u00e7lerle ma\u00e7 yapt\u0131 -","robots":{"index":"index","follow":"follow","max-snippet":"max-snippet:-1","max-image-preview":"max-image-preview:large","max-video-preview":"max-video-preview:-1"},"canonical":"https:\/\/kibrisdakik.com\/?p=6911","og_locale":"tr_TR","og_type":"article","og_title":"Meclis futbol tak\u0131m\u0131 gen\u00e7lerle ma\u00e7 yapt\u0131 -","og_description":"Cumhuriyet Meclisi Futbol Tak\u0131m\u0131, 19 May\u0131s Atat\u00fcrk\u2019\u00fc Anma, Gen\u00e7lik ve Spor Bayram\u0131 nedeniyle gen\u00e7lerden kurulan tak\u0131mla ma\u00e7 yapt\u0131. Cumhuriyet Meclisinden verilen bilgiye g\u00f6re, G\u00f6nyeli Stadyumundaki ma\u00e7\u0131 Cumhuriyet Meclisi Ba\u015fkan\u0131 Zorlu T\u00f6re de takip etti. Meclis tak\u0131m\u0131nda, Bay\u0131nd\u0131rl\u0131k ve Ula\u015ft\u0131rma Bakan\u0131 Erhan Ar\u0131kl\u0131, Maliye Bakan\u0131 Dursun O\u011fuz, UBP Milletvekili Ahmet Sava\u015fan, CTP Milletvekili Teberr\u00fcken Ulu\u00e7ay ile","og_url":"https:\/\/kibrisdakik.com\/?p=6911","article_published_time":"2023-05-14T20:00:26+00:00","og_image":[{"width":2500,"height":1558,"url":"https:\/\/kibrisdakik.com\/wp-content\/uploads\/2023\/05\/e-meclis-futbol-3-740x420.jpg","type":"image\/jpeg"}],"author":"admin","twitter_card":"summary_large_image","twitter_misc":{"Yazan:":"admin","Tahmini okuma s\u00fcresi":"1 dakika"},"schema":{"@context":"https:\/\/schema.org","@graph":[{"@type":"Article","@id":"https:\/\/kibrisdakik.com\/?p=6911#article","isPartOf":{"@id":"https:\/\/kibrisdakik.com\/?p=6911"},"author":{"name":"admin","@id":"https:\/\/kibrisdakik.com\/#\/schema\/person\/9cd9d437bbb44f72b73ba127e06d8e79"},"headline":"Meclis futbol tak\u0131m\u0131 gen\u00e7lerle ma\u00e7 yapt\u0131","datePublished":"2023-05-14T20:00:26+00:00","mainEntityOfPage":{"@id":"https:\/\/kibrisdakik.com\/?p=6911"},"wordCount":240,"commentCount":0,"image":{"@id":"https:\/\/kibrisdakik.com\/?p=6911#primaryimage"},"thumbnailUrl":"https:\/\/kibrisdakik.com\/wp-content\/uploads\/2023\/05\/e-meclis-futbol-3-740x420.jpg","articleSection":["G\u00fcndem"],"inLanguage":"tr","potentialAction":[{"@type":"CommentAction","name":"Comment","target":["https:\/\/kibrisdakik.com\/?p=6911#respond"]}]},{"@type":"WebPage","@id":"https:\/\/kibrisdakik.com\/?p=6911","url":"https:\/\/kibrisdakik.com\/?p=6911","name":"Meclis futbol tak\u0131m\u0131 gen\u00e7lerle ma\u00e7 yapt\u0131 -","isPartOf":{"@id":"https:\/\/kibrisdakik.com\/#website"},"primaryImageOfPage":{"@id":"https:\/\/kibrisdakik.com\/?p=6911#primaryimage"},"image":{"@id":"https:\/\/kibrisdakik.com\/?p=6911#primaryimage"},"thumbnailUrl":"https:\/\/kibrisdakik.com\/wp-content\/uploads\/2023\/05\/e-meclis-futbol-3-740x420.jpg","datePublished":"2023-05-14T20:00:26+00:00","author":{"@id":"https:\/\/kibrisdakik.com\/#\/schema\/person\/9cd9d437bbb44f72b73ba127e06d8e79"},"breadcrumb":{"@id":"https:\/\/kibrisdakik.com\/?p=6911#breadcrumb"},"inLanguage":"tr","potentialAction":[{"@type":"ReadAction","target":["https:\/\/kibrisdakik.com\/?p=6911"]}]},{"@type":"ImageObject","inLanguage":"tr","@id":"https:\/\/kibrisdakik.com\/?p=6911#primaryimage","url":"https:\/\/kibrisdakik.com\/wp-content\/uploads\/2023\/05\/e-meclis-futbol-3-740x420.jpg","contentUrl":"https:\/\/kibrisdakik.com\/wp-content\/uploads\/2023\/05\/e-meclis-futbol-3-740x420.jpg","width":2500,"height":1558},{"@type":"BreadcrumbList","@id":"https:\/\/kibrisdakik.com\/?p=6911#breadcrumb","itemListElement":[{"@type":"ListItem","position":1,"name":"Home","item":"https:\/\/kibrisdakik.com\/"},{"@type":"ListItem","position":2,"name":"Meclis futbol tak\u0131m\u0131 gen\u00e7lerle ma\u00e7 yapt\u0131"}]},{"@type":"WebSite","@id":"https:\/\/kibrisdakik.com\/#website","url":"https:\/\/kibrisdakik.com\/","name":"","description":"Tam vaktinde haber","potentialAction":[{"@type":"SearchAction","target":{"@type":"EntryPoint","urlTemplate":"https:\/\/kibrisdakik.com\/?s={search_term_string}"},"query-input":{"@type":"PropertyValueSpecification","valueRequired":true,"valueName":"search_term_string"}}],"inLanguage":"tr"},{"@type":"Person","@id":"https:\/\/kibrisdakik.com\/#\/schema\/person\/9cd9d437bbb44f72b73ba127e06d8e79","name":"admin","image":{"@type":"ImageObject","inLanguage":"tr","@id":"https:\/\/secure.gravatar.com\/avatar\/ccc17943b9d660506c869530f897617f7cb1c21a4bf30023f252596d83e1f007?s=96&d=mm&r=g","url":"https:\/\/secure.gravatar.com\/avatar\/ccc17943b9d660506c869530f897617f7cb1c21a4bf30023f252596d83e1f007?s=96&d=mm&r=g","contentUrl":"https:\/\/secure.gravatar.com\/avatar\/ccc17943b9d660506c869530f897617f7cb1c21a4bf30023f252596d83e1f007?s=96&d=mm&r=g","caption":"admin"},"sameAs":["https:\/\/kibrisdakik.com"],"url":"https:\/\/kibrisdakik.com\/?author=1"}]}},"_links":{"self":[{"href":"https:\/\/kibrisdakik.com\/index.php?rest_route=\/wp\/v2\/posts\/6911","targetHints":{"allow":["GET"]}}],"collection":[{"href":"https:\/\/kibrisdakik.com\/index.php?rest_route=\/wp\/v2\/posts"}],"about":[{"href":"https:\/\/kibrisdakik.com\/index.php?rest_route=\/wp\/v2\/types\/post"}],"author":[{"embeddable":true,"href":"https:\/\/kibrisdakik.com\/index.php?rest_route=\/wp\/v2\/users\/1"}],"replies":[{"embeddable":true,"href":"https:\/\/kibrisdakik.com\/index.php?rest_route=%2Fwp%2Fv2%2Fcomments&post=6911"}],"version-history":[{"count":0,"href":"https:\/\/kibrisdakik.com\/index.php?rest_route=\/wp\/v2\/posts\/6911\/revisions"}],"wp:featuredmedia":[{"embeddable":true,"href":"https:\/\/kibrisdakik.com\/index.php?rest_route=\/wp\/v2\/media\/6912"}],"wp:attachment":[{"href":"https:\/\/kibrisdakik.com\/index.php?rest_route=%2Fwp%2Fv2%2Fmedia&parent=6911"}],"wp:term":[{"taxonomy":"category","embeddable":true,"href":"https:\/\/kibrisdakik.com\/index.php?rest_route=%2Fwp%2Fv2%2Fcategories&post=6911"},{"taxonomy":"post_tag","embeddable":true,"href":"https:\/\/kibrisdakik.com\/index.php?rest_route=%2Fwp%2Fv2%2Ftags&post=6911"}],"curies":[{"name":"wp","href":"https:\/\/api.w.org\/{rel}","templated":true}]}}