{"id":69116,"date":"2024-11-14T14:16:43","date_gmt":"2024-11-14T11:16:43","guid":{"rendered":"https:\/\/kibrisdakik.com\/index.php\/2024\/11\/14\/kktc-41-yasinda-tarim-bakani-cavus-kuzey-kibris-turk-cumhuriyeti-bagimsizlik-ve-ozgurlugun-teminatidir\/"},"modified":"2024-11-14T14:16:43","modified_gmt":"2024-11-14T11:16:43","slug":"kktc-41-yasinda-tarim-bakani-cavus-kuzey-kibris-turk-cumhuriyeti-bagimsizlik-ve-ozgurlugun-teminatidir","status":"publish","type":"post","link":"https:\/\/kibrisdakik.com\/?p=69116","title":{"rendered":"KKTC 41 ya\u015f\u0131nda\u2026 Tar\u0131m Bakan\u0131 \u00c7avu\u015f: \u201cKuzey K\u0131br\u0131s T\u00fcrk Cumhuriyeti, ba\u011f\u0131ms\u0131zl\u0131k ve \u00f6zg\u00fcrl\u00fc\u011f\u00fcn teminat\u0131d\u0131r\u201d"},"content":{"rendered":"<div>\n<div class=\"mariselle-image-container center\">\n                                            <\/div>\n<p>Tar\u0131m ve Do\u011fal Kaynaklar Bakan\u0131 H\u00fcseyin \u00c7avu\u015f, ba\u011f\u0131ms\u0131zl\u0131k ve \u00f6zg\u00fcrl\u00fc\u011f\u00fcn teminat\u0131 olan Kuzey K\u0131br\u0131s T\u00fcrk Cumhuriyeti\u2019nin ya\u015famas\u0131 ve y\u00fccelmesi i\u00e7in her ko\u015fulda devlete \u00e7\u0131k\u0131ld\u0131\u011f\u0131n\u0131 vurgulad\u0131.<\/p>\n<p>Tar\u0131m Bakanl\u0131\u011f\u0131\u2019ndan yap\u0131lan a\u00e7\u0131klamaya g\u00f6re, \u00c7avu\u015f, Kuzey K\u0131br\u0131s T\u00fcrk Cumhuriyeti\u2019nin 41\u2019inci kurulu\u015f y\u0131l d\u00f6n\u00fcm\u00fcn\u00fcn co\u015fkuyla kutland\u0131\u011f\u0131n\u0131 belirtti.<\/p>\n<p>\u201cVarolu\u015f m\u00fccadelesi vererek bu topraklarda \u00f6zg\u00fcr bir devlet kuran aziz halk\u0131m\u0131z\u0131n emek ve fedak\u00e2rl\u0131klar\u0131yla gurur duyuyoruz\u201d diyen Tar\u0131m Bakan\u0131 \u00c7avu\u015f, bu m\u00fccadeleye \u00f6nc\u00fcl\u00fck eden Dr. Faz\u0131l K\u00fc\u00e7\u00fck\u2019\u00fc ve Kurucu Cumhurba\u015fkan\u0131 Rauf Raif Denkta\u015f\u2019\u0131 ve \u015fehitleri rahmetle, gazileri minnetle and\u0131klar\u0131n\u0131 belirtti.<\/p>\n<p>\u00c7avu\u015f, K\u0131br\u0131s T\u00fcrk halk\u0131n\u0131n y\u0131llard\u0131r s\u00fcren zorluklara ra\u011fmen \u00f6zg\u00fcrl\u00fck ve ba\u011f\u0131ms\u0131zl\u0131k idealleri do\u011frultusunda var g\u00fcc\u00fcyle \u00e7al\u0131\u015ft\u0131\u011f\u0131n\u0131, 15 Kas\u0131m 1983\u2019te cumhuriyetin ilan edilmesiyle bu hedefin ta\u00e7land\u0131\u011f\u0131n\u0131 ifade etti.<\/p>\n<p>K\u0131br\u0131s T\u00fcrk halk\u0131n\u0131n bar\u0131\u015f, \u00f6zg\u00fcrl\u00fck ve ba\u011f\u0131ms\u0131zl\u0131k ruhuyla kurdu\u011fu bu de\u011ferli mirasa sahip \u00e7\u0131kma sorumlulu\u011funda oldu\u011funu da ifade eden \u00c7avu\u015f,  \u201c\u0130leriye her zaman umutla bakan, birli\u011fini koruyan ve gelece\u011fe emin ad\u0131mlarla y\u00fcr\u00fcyen K\u0131br\u0131s T\u00fcrk halk\u0131n\u0131n Cumhuriyet Bayram\u0131\u2019n\u0131 en i\u00e7ten dileklerimle kutluyorum\u201d dedi.<\/p>\n<p>-\u201cTar\u0131m ve su projeleriyle \u00fclkemizi daha ileriye ta\u015f\u0131may\u0131 hedefliyoruz\u201d<\/p>\n<p>Mesaj\u0131nda tar\u0131mla ilgili de\u011ferlendirmede de bulunan Tar\u0131m Bakan\u0131 \u00c7avu\u015f, tar\u0131m sekt\u00f6r\u00fcn\u00fc g\u00fc\u00e7lendirmek, g\u0131da g\u00fcvenli\u011fini sa\u011flamak ve k\u0131rsal kalk\u0131nmay\u0131 desteklemek amac\u0131yla \u00e7al\u0131\u015ft\u0131klar\u0131n\u0131 da belirtti.<\/p>\n<p>H\u00fcseyin \u00c7avu\u015f, \u015funlar\u0131 da belirtti:<\/p>\n<p>\u201cHalk\u0131m\u0131z\u0131n refah\u0131n\u0131 art\u0131rmak ve \u00fcreticilerimizin emeklerinin kar\u015f\u0131l\u0131\u011f\u0131n\u0131 alabilmeleri i\u00e7in att\u0131\u011f\u0131m\u0131z ad\u0131mlara Anavatan T\u00fcrkiye\u2019nin deste\u011fiyle devam ediyor; hayata ge\u00e7irdi\u011fimiz tar\u0131m ve su projeleriyle \u00fclkemizi daha ileriye ta\u015f\u0131may\u0131 hedefliyoruz.\u201d<\/p>\n<\/p><\/div>\n<p><script async\n                    defer\n                    crossorigin=\"anonymous\"\n                    src=\"https:\/\/connect.facebook.net\/tr_TR\/sdk.js#xfbml=1&#038;version=v3.3\"\n            ><\/script><\/p>\n","protected":false},"excerpt":{"rendered":"<p>Tar\u0131m ve Do\u011fal Kaynaklar Bakan\u0131 H\u00fcseyin \u00c7avu\u015f, ba\u011f\u0131ms\u0131zl\u0131k ve \u00f6zg\u00fcrl\u00fc\u011f\u00fcn teminat\u0131 olan Kuzey K\u0131br\u0131s T\u00fcrk Cumhuriyeti\u2019nin ya\u015famas\u0131 ve y\u00fccelmesi i\u00e7in her ko\u015fulda devlete \u00e7\u0131k\u0131ld\u0131\u011f\u0131n\u0131 vurgulad\u0131. Tar\u0131m Bakanl\u0131\u011f\u0131\u2019ndan yap\u0131lan a\u00e7\u0131klamaya g\u00f6re, \u00c7avu\u015f, Kuzey K\u0131br\u0131s T\u00fcrk Cumhuriyeti\u2019nin 41\u2019inci kurulu\u015f y\u0131l d\u00f6n\u00fcm\u00fcn\u00fcn co\u015fkuyla kutland\u0131\u011f\u0131n\u0131 belirtti. \u201cVarolu\u015f m\u00fccadelesi vererek bu topraklarda \u00f6zg\u00fcr bir devlet kuran aziz halk\u0131m\u0131z\u0131n emek ve<\/p>\n","protected":false},"author":1,"featured_media":69117,"comment_status":"open","ping_status":"open","sticky":false,"template":"","format":"standard","meta":{"footnotes":""},"categories":[81],"tags":[],"class_list":["post-69116","post","type-post","status-publish","format-standard","has-post-thumbnail","hentry","category-kibris"],"yoast_head":"<!-- This site is optimized with the Yoast SEO plugin v27.4 - https:\/\/yoast.com\/product\/yoast-seo-wordpress\/ -->\n<title>KKTC 41 ya\u015f\u0131nda\u2026 Tar\u0131m Bakan\u0131 \u00c7avu\u015f: \u201cKuzey K\u0131br\u0131s T\u00fcrk Cumhuriyeti, ba\u011f\u0131ms\u0131zl\u0131k ve \u00f6zg\u00fcrl\u00fc\u011f\u00fcn teminat\u0131d\u0131r\u201d -<\/title>\n<meta name=\"robots\" content=\"index, follow, max-snippet:-1, max-image-preview:large, max-video-preview:-1\" \/>\n<link rel=\"canonical\" href=\"https:\/\/kibrisdakik.com\/?p=69116\" \/>\n<meta property=\"og:locale\" content=\"tr_TR\" \/>\n<meta property=\"og:type\" content=\"article\" \/>\n<meta property=\"og:title\" content=\"KKTC 41 ya\u015f\u0131nda\u2026 Tar\u0131m Bakan\u0131 \u00c7avu\u015f: \u201cKuzey K\u0131br\u0131s T\u00fcrk Cumhuriyeti, ba\u011f\u0131ms\u0131zl\u0131k ve \u00f6zg\u00fcrl\u00fc\u011f\u00fcn teminat\u0131d\u0131r\u201d -\" \/>\n<meta property=\"og:description\" content=\"Tar\u0131m ve Do\u011fal Kaynaklar Bakan\u0131 H\u00fcseyin \u00c7avu\u015f, ba\u011f\u0131ms\u0131zl\u0131k ve \u00f6zg\u00fcrl\u00fc\u011f\u00fcn teminat\u0131 olan Kuzey K\u0131br\u0131s T\u00fcrk Cumhuriyeti\u2019nin ya\u015famas\u0131 ve y\u00fccelmesi i\u00e7in her ko\u015fulda devlete \u00e7\u0131k\u0131ld\u0131\u011f\u0131n\u0131 vurgulad\u0131. Tar\u0131m Bakanl\u0131\u011f\u0131\u2019ndan yap\u0131lan a\u00e7\u0131klamaya g\u00f6re, \u00c7avu\u015f, Kuzey K\u0131br\u0131s T\u00fcrk Cumhuriyeti\u2019nin 41\u2019inci kurulu\u015f y\u0131l d\u00f6n\u00fcm\u00fcn\u00fcn co\u015fkuyla kutland\u0131\u011f\u0131n\u0131 belirtti. \u201cVarolu\u015f m\u00fccadelesi vererek bu topraklarda \u00f6zg\u00fcr bir devlet kuran aziz halk\u0131m\u0131z\u0131n emek ve\" \/>\n<meta property=\"og:url\" content=\"https:\/\/kibrisdakik.com\/?p=69116\" \/>\n<meta property=\"article:published_time\" content=\"2024-11-14T11:16:43+00:00\" \/>\n<meta property=\"og:image\" content=\"https:\/\/kibrisdakik.com\/wp-content\/uploads\/2024\/11\/tarim-bakani-cavus-1-scaled-740x420.jpg\" \/>\n\t<meta property=\"og:image:width\" content=\"2560\" \/>\n\t<meta property=\"og:image:height\" content=\"1709\" \/>\n\t<meta property=\"og:image:type\" content=\"image\/jpeg\" \/>\n<meta name=\"author\" content=\"admin\" \/>\n<meta name=\"twitter:card\" content=\"summary_large_image\" \/>\n<meta name=\"twitter:label1\" content=\"Yazan:\" \/>\n\t<meta name=\"twitter:data1\" content=\"admin\" \/>\n\t<meta name=\"twitter:label2\" content=\"Tahmini okuma s\u00fcresi\" \/>\n\t<meta name=\"twitter:data2\" content=\"2 dakika\" \/>\n<script type=\"application\/ld+json\" class=\"yoast-schema-graph\">{\"@context\":\"https:\\\/\\\/schema.org\",\"@graph\":[{\"@type\":\"Article\",\"@id\":\"https:\\\/\\\/kibrisdakik.com\\\/?p=69116#article\",\"isPartOf\":{\"@id\":\"https:\\\/\\\/kibrisdakik.com\\\/?p=69116\"},\"author\":{\"name\":\"admin\",\"@id\":\"https:\\\/\\\/kibrisdakik.com\\\/#\\\/schema\\\/person\\\/9cd9d437bbb44f72b73ba127e06d8e79\"},\"headline\":\"KKTC 41 ya\u015f\u0131nda\u2026 Tar\u0131m Bakan\u0131 \u00c7avu\u015f: \u201cKuzey K\u0131br\u0131s T\u00fcrk Cumhuriyeti, ba\u011f\u0131ms\u0131zl\u0131k ve \u00f6zg\u00fcrl\u00fc\u011f\u00fcn teminat\u0131d\u0131r\u201d\",\"datePublished\":\"2024-11-14T11:16:43+00:00\",\"mainEntityOfPage\":{\"@id\":\"https:\\\/\\\/kibrisdakik.com\\\/?p=69116\"},\"wordCount\":378,\"commentCount\":0,\"image\":{\"@id\":\"https:\\\/\\\/kibrisdakik.com\\\/?p=69116#primaryimage\"},\"thumbnailUrl\":\"https:\\\/\\\/kibrisdakik.com\\\/wp-content\\\/uploads\\\/2024\\\/11\\\/tarim-bakani-cavus-1-scaled-740x420.jpg\",\"articleSection\":[\"K\u0131br\u0131s\"],\"inLanguage\":\"tr\",\"potentialAction\":[{\"@type\":\"CommentAction\",\"name\":\"Comment\",\"target\":[\"https:\\\/\\\/kibrisdakik.com\\\/?p=69116#respond\"]}]},{\"@type\":\"WebPage\",\"@id\":\"https:\\\/\\\/kibrisdakik.com\\\/?p=69116\",\"url\":\"https:\\\/\\\/kibrisdakik.com\\\/?p=69116\",\"name\":\"KKTC 41 ya\u015f\u0131nda\u2026 Tar\u0131m Bakan\u0131 \u00c7avu\u015f: \u201cKuzey K\u0131br\u0131s T\u00fcrk Cumhuriyeti, ba\u011f\u0131ms\u0131zl\u0131k ve \u00f6zg\u00fcrl\u00fc\u011f\u00fcn teminat\u0131d\u0131r\u201d -\",\"isPartOf\":{\"@id\":\"https:\\\/\\\/kibrisdakik.com\\\/#website\"},\"primaryImageOfPage\":{\"@id\":\"https:\\\/\\\/kibrisdakik.com\\\/?p=69116#primaryimage\"},\"image\":{\"@id\":\"https:\\\/\\\/kibrisdakik.com\\\/?p=69116#primaryimage\"},\"thumbnailUrl\":\"https:\\\/\\\/kibrisdakik.com\\\/wp-content\\\/uploads\\\/2024\\\/11\\\/tarim-bakani-cavus-1-scaled-740x420.jpg\",\"datePublished\":\"2024-11-14T11:16:43+00:00\",\"author\":{\"@id\":\"https:\\\/\\\/kibrisdakik.com\\\/#\\\/schema\\\/person\\\/9cd9d437bbb44f72b73ba127e06d8e79\"},\"breadcrumb\":{\"@id\":\"https:\\\/\\\/kibrisdakik.com\\\/?p=69116#breadcrumb\"},\"inLanguage\":\"tr\",\"potentialAction\":[{\"@type\":\"ReadAction\",\"target\":[\"https:\\\/\\\/kibrisdakik.com\\\/?p=69116\"]}]},{\"@type\":\"ImageObject\",\"inLanguage\":\"tr\",\"@id\":\"https:\\\/\\\/kibrisdakik.com\\\/?p=69116#primaryimage\",\"url\":\"https:\\\/\\\/kibrisdakik.com\\\/wp-content\\\/uploads\\\/2024\\\/11\\\/tarim-bakani-cavus-1-scaled-740x420.jpg\",\"contentUrl\":\"https:\\\/\\\/kibrisdakik.com\\\/wp-content\\\/uploads\\\/2024\\\/11\\\/tarim-bakani-cavus-1-scaled-740x420.jpg\",\"width\":2560,\"height\":1709},{\"@type\":\"BreadcrumbList\",\"@id\":\"https:\\\/\\\/kibrisdakik.com\\\/?p=69116#breadcrumb\",\"itemListElement\":[{\"@type\":\"ListItem\",\"position\":1,\"name\":\"Home\",\"item\":\"https:\\\/\\\/kibrisdakik.com\\\/\"},{\"@type\":\"ListItem\",\"position\":2,\"name\":\"KKTC 41 ya\u015f\u0131nda\u2026 Tar\u0131m Bakan\u0131 \u00c7avu\u015f: \u201cKuzey K\u0131br\u0131s T\u00fcrk Cumhuriyeti, ba\u011f\u0131ms\u0131zl\u0131k ve \u00f6zg\u00fcrl\u00fc\u011f\u00fcn teminat\u0131d\u0131r\u201d\"}]},{\"@type\":\"WebSite\",\"@id\":\"https:\\\/\\\/kibrisdakik.com\\\/#website\",\"url\":\"https:\\\/\\\/kibrisdakik.com\\\/\",\"name\":\"\",\"description\":\"Tam vaktinde haber\",\"potentialAction\":[{\"@type\":\"SearchAction\",\"target\":{\"@type\":\"EntryPoint\",\"urlTemplate\":\"https:\\\/\\\/kibrisdakik.com\\\/?s={search_term_string}\"},\"query-input\":{\"@type\":\"PropertyValueSpecification\",\"valueRequired\":true,\"valueName\":\"search_term_string\"}}],\"inLanguage\":\"tr\"},{\"@type\":\"Person\",\"@id\":\"https:\\\/\\\/kibrisdakik.com\\\/#\\\/schema\\\/person\\\/9cd9d437bbb44f72b73ba127e06d8e79\",\"name\":\"admin\",\"image\":{\"@type\":\"ImageObject\",\"inLanguage\":\"tr\",\"@id\":\"https:\\\/\\\/secure.gravatar.com\\\/avatar\\\/ccc17943b9d660506c869530f897617f7cb1c21a4bf30023f252596d83e1f007?s=96&d=mm&r=g\",\"url\":\"https:\\\/\\\/secure.gravatar.com\\\/avatar\\\/ccc17943b9d660506c869530f897617f7cb1c21a4bf30023f252596d83e1f007?s=96&d=mm&r=g\",\"contentUrl\":\"https:\\\/\\\/secure.gravatar.com\\\/avatar\\\/ccc17943b9d660506c869530f897617f7cb1c21a4bf30023f252596d83e1f007?s=96&d=mm&r=g\",\"caption\":\"admin\"},\"sameAs\":[\"https:\\\/\\\/kibrisdakik.com\"],\"url\":\"https:\\\/\\\/kibrisdakik.com\\\/?author=1\"}]}<\/script>\n<!-- \/ Yoast SEO plugin. -->","yoast_head_json":{"title":"KKTC 41 ya\u015f\u0131nda\u2026 Tar\u0131m Bakan\u0131 \u00c7avu\u015f: \u201cKuzey K\u0131br\u0131s T\u00fcrk Cumhuriyeti, ba\u011f\u0131ms\u0131zl\u0131k ve \u00f6zg\u00fcrl\u00fc\u011f\u00fcn teminat\u0131d\u0131r\u201d -","robots":{"index":"index","follow":"follow","max-snippet":"max-snippet:-1","max-image-preview":"max-image-preview:large","max-video-preview":"max-video-preview:-1"},"canonical":"https:\/\/kibrisdakik.com\/?p=69116","og_locale":"tr_TR","og_type":"article","og_title":"KKTC 41 ya\u015f\u0131nda\u2026 Tar\u0131m Bakan\u0131 \u00c7avu\u015f: \u201cKuzey K\u0131br\u0131s T\u00fcrk Cumhuriyeti, ba\u011f\u0131ms\u0131zl\u0131k ve \u00f6zg\u00fcrl\u00fc\u011f\u00fcn teminat\u0131d\u0131r\u201d -","og_description":"Tar\u0131m ve Do\u011fal Kaynaklar Bakan\u0131 H\u00fcseyin \u00c7avu\u015f, ba\u011f\u0131ms\u0131zl\u0131k ve \u00f6zg\u00fcrl\u00fc\u011f\u00fcn teminat\u0131 olan Kuzey K\u0131br\u0131s T\u00fcrk Cumhuriyeti\u2019nin ya\u015famas\u0131 ve y\u00fccelmesi i\u00e7in her ko\u015fulda devlete \u00e7\u0131k\u0131ld\u0131\u011f\u0131n\u0131 vurgulad\u0131. Tar\u0131m Bakanl\u0131\u011f\u0131\u2019ndan yap\u0131lan a\u00e7\u0131klamaya g\u00f6re, \u00c7avu\u015f, Kuzey K\u0131br\u0131s T\u00fcrk Cumhuriyeti\u2019nin 41\u2019inci kurulu\u015f y\u0131l d\u00f6n\u00fcm\u00fcn\u00fcn co\u015fkuyla kutland\u0131\u011f\u0131n\u0131 belirtti. \u201cVarolu\u015f m\u00fccadelesi vererek bu topraklarda \u00f6zg\u00fcr bir devlet kuran aziz halk\u0131m\u0131z\u0131n emek ve","og_url":"https:\/\/kibrisdakik.com\/?p=69116","article_published_time":"2024-11-14T11:16:43+00:00","og_image":[{"width":2560,"height":1709,"url":"https:\/\/kibrisdakik.com\/wp-content\/uploads\/2024\/11\/tarim-bakani-cavus-1-scaled-740x420.jpg","type":"image\/jpeg"}],"author":"admin","twitter_card":"summary_large_image","twitter_misc":{"Yazan:":"admin","Tahmini okuma s\u00fcresi":"2 dakika"},"schema":{"@context":"https:\/\/schema.org","@graph":[{"@type":"Article","@id":"https:\/\/kibrisdakik.com\/?p=69116#article","isPartOf":{"@id":"https:\/\/kibrisdakik.com\/?p=69116"},"author":{"name":"admin","@id":"https:\/\/kibrisdakik.com\/#\/schema\/person\/9cd9d437bbb44f72b73ba127e06d8e79"},"headline":"KKTC 41 ya\u015f\u0131nda\u2026 Tar\u0131m Bakan\u0131 \u00c7avu\u015f: \u201cKuzey K\u0131br\u0131s T\u00fcrk Cumhuriyeti, ba\u011f\u0131ms\u0131zl\u0131k ve \u00f6zg\u00fcrl\u00fc\u011f\u00fcn teminat\u0131d\u0131r\u201d","datePublished":"2024-11-14T11:16:43+00:00","mainEntityOfPage":{"@id":"https:\/\/kibrisdakik.com\/?p=69116"},"wordCount":378,"commentCount":0,"image":{"@id":"https:\/\/kibrisdakik.com\/?p=69116#primaryimage"},"thumbnailUrl":"https:\/\/kibrisdakik.com\/wp-content\/uploads\/2024\/11\/tarim-bakani-cavus-1-scaled-740x420.jpg","articleSection":["K\u0131br\u0131s"],"inLanguage":"tr","potentialAction":[{"@type":"CommentAction","name":"Comment","target":["https:\/\/kibrisdakik.com\/?p=69116#respond"]}]},{"@type":"WebPage","@id":"https:\/\/kibrisdakik.com\/?p=69116","url":"https:\/\/kibrisdakik.com\/?p=69116","name":"KKTC 41 ya\u015f\u0131nda\u2026 Tar\u0131m Bakan\u0131 \u00c7avu\u015f: \u201cKuzey K\u0131br\u0131s T\u00fcrk Cumhuriyeti, ba\u011f\u0131ms\u0131zl\u0131k ve \u00f6zg\u00fcrl\u00fc\u011f\u00fcn teminat\u0131d\u0131r\u201d -","isPartOf":{"@id":"https:\/\/kibrisdakik.com\/#website"},"primaryImageOfPage":{"@id":"https:\/\/kibrisdakik.com\/?p=69116#primaryimage"},"image":{"@id":"https:\/\/kibrisdakik.com\/?p=69116#primaryimage"},"thumbnailUrl":"https:\/\/kibrisdakik.com\/wp-content\/uploads\/2024\/11\/tarim-bakani-cavus-1-scaled-740x420.jpg","datePublished":"2024-11-14T11:16:43+00:00","author":{"@id":"https:\/\/kibrisdakik.com\/#\/schema\/person\/9cd9d437bbb44f72b73ba127e06d8e79"},"breadcrumb":{"@id":"https:\/\/kibrisdakik.com\/?p=69116#breadcrumb"},"inLanguage":"tr","potentialAction":[{"@type":"ReadAction","target":["https:\/\/kibrisdakik.com\/?p=69116"]}]},{"@type":"ImageObject","inLanguage":"tr","@id":"https:\/\/kibrisdakik.com\/?p=69116#primaryimage","url":"https:\/\/kibrisdakik.com\/wp-content\/uploads\/2024\/11\/tarim-bakani-cavus-1-scaled-740x420.jpg","contentUrl":"https:\/\/kibrisdakik.com\/wp-content\/uploads\/2024\/11\/tarim-bakani-cavus-1-scaled-740x420.jpg","width":2560,"height":1709},{"@type":"BreadcrumbList","@id":"https:\/\/kibrisdakik.com\/?p=69116#breadcrumb","itemListElement":[{"@type":"ListItem","position":1,"name":"Home","item":"https:\/\/kibrisdakik.com\/"},{"@type":"ListItem","position":2,"name":"KKTC 41 ya\u015f\u0131nda\u2026 Tar\u0131m Bakan\u0131 \u00c7avu\u015f: \u201cKuzey K\u0131br\u0131s T\u00fcrk Cumhuriyeti, ba\u011f\u0131ms\u0131zl\u0131k ve \u00f6zg\u00fcrl\u00fc\u011f\u00fcn teminat\u0131d\u0131r\u201d"}]},{"@type":"WebSite","@id":"https:\/\/kibrisdakik.com\/#website","url":"https:\/\/kibrisdakik.com\/","name":"","description":"Tam vaktinde haber","potentialAction":[{"@type":"SearchAction","target":{"@type":"EntryPoint","urlTemplate":"https:\/\/kibrisdakik.com\/?s={search_term_string}"},"query-input":{"@type":"PropertyValueSpecification","valueRequired":true,"valueName":"search_term_string"}}],"inLanguage":"tr"},{"@type":"Person","@id":"https:\/\/kibrisdakik.com\/#\/schema\/person\/9cd9d437bbb44f72b73ba127e06d8e79","name":"admin","image":{"@type":"ImageObject","inLanguage":"tr","@id":"https:\/\/secure.gravatar.com\/avatar\/ccc17943b9d660506c869530f897617f7cb1c21a4bf30023f252596d83e1f007?s=96&d=mm&r=g","url":"https:\/\/secure.gravatar.com\/avatar\/ccc17943b9d660506c869530f897617f7cb1c21a4bf30023f252596d83e1f007?s=96&d=mm&r=g","contentUrl":"https:\/\/secure.gravatar.com\/avatar\/ccc17943b9d660506c869530f897617f7cb1c21a4bf30023f252596d83e1f007?s=96&d=mm&r=g","caption":"admin"},"sameAs":["https:\/\/kibrisdakik.com"],"url":"https:\/\/kibrisdakik.com\/?author=1"}]}},"_links":{"self":[{"href":"https:\/\/kibrisdakik.com\/index.php?rest_route=\/wp\/v2\/posts\/69116","targetHints":{"allow":["GET"]}}],"collection":[{"href":"https:\/\/kibrisdakik.com\/index.php?rest_route=\/wp\/v2\/posts"}],"about":[{"href":"https:\/\/kibrisdakik.com\/index.php?rest_route=\/wp\/v2\/types\/post"}],"author":[{"embeddable":true,"href":"https:\/\/kibrisdakik.com\/index.php?rest_route=\/wp\/v2\/users\/1"}],"replies":[{"embeddable":true,"href":"https:\/\/kibrisdakik.com\/index.php?rest_route=%2Fwp%2Fv2%2Fcomments&post=69116"}],"version-history":[{"count":0,"href":"https:\/\/kibrisdakik.com\/index.php?rest_route=\/wp\/v2\/posts\/69116\/revisions"}],"wp:featuredmedia":[{"embeddable":true,"href":"https:\/\/kibrisdakik.com\/index.php?rest_route=\/wp\/v2\/media\/69117"}],"wp:attachment":[{"href":"https:\/\/kibrisdakik.com\/index.php?rest_route=%2Fwp%2Fv2%2Fmedia&parent=69116"}],"wp:term":[{"taxonomy":"category","embeddable":true,"href":"https:\/\/kibrisdakik.com\/index.php?rest_route=%2Fwp%2Fv2%2Fcategories&post=69116"},{"taxonomy":"post_tag","embeddable":true,"href":"https:\/\/kibrisdakik.com\/index.php?rest_route=%2Fwp%2Fv2%2Ftags&post=69116"}],"curies":[{"name":"wp","href":"https:\/\/api.w.org\/{rel}","templated":true}]}}